{"id":37485,"date":"2026-03-18T20:27:22","date_gmt":"2026-03-18T19:27:22","guid":{"rendered":"https:\/\/itftkd.sport\/es\/?p=37485"},"modified":"2026-03-18T20:27:24","modified_gmt":"2026-03-18T19:27:24","slug":"es-preparations-for-world-cup-2026","status":"publish","type":"post","link":"https:\/\/itftkd.sport\/es\/es-preparations-for-world-cup-2026\/","title":{"rendered":"Semana productiva en la preparaci\u00f3n de la Copa del Mundo ITF 2026 en Benidorm"},"content":{"rendered":"\n<p>Los preparativos para la Copa del Mundo ITF 2026 en Benidorm contin\u00faan avanzando de manera constante, con una serie de actividades importantes llevadas a cabo esta semana con la participaci\u00f3n de los organizadores, oficiales y representantes de la ITF.<\/p>\n\n\n\n<p>El lunes 16 de marzo, los organizadores del evento realizaron una reuni\u00f3n informativa en l\u00ednea dirigida principalmente a los jefes de equipo. Durante la sesi\u00f3n se ofreci\u00f3 orientaci\u00f3n detallada sobre aspectos clave de la participaci\u00f3n, incluyendo los procedimientos de inscripci\u00f3n, opciones de alojamiento, organizaci\u00f3n de viajes y requisitos de visado. La reuni\u00f3n fue bien recibida y proporcion\u00f3 una valiosa claridad para apoyar a los equipos en su planificaci\u00f3n y preparaci\u00f3n.<\/p>\n\n\n\n<p>El martes 17 de marzo marc\u00f3 un hito administrativo importante, al ser la fecha l\u00edmite para que los \u00e1rbitros presentaran sus solicitudes a trav\u00e9s de la plataforma Sportdata. Este paso es esencial en el proceso de selecci\u00f3n para garantizar un equipo arbitral altamente cualificado y bien preparado para la Copa del Mundo.<\/p>\n\n\n\n<p>Continuando con las actividades de la semana, el mi\u00e9rcoles 18 de marzo se celebr\u00f3 una reuni\u00f3n de coordinaci\u00f3n entre los organizadores del evento y la ITF. La ITF estuvo representada por miembros de varios comit\u00e9s, as\u00ed como por integrantes del Comit\u00e9 Ejecutivo. La reuni\u00f3n se centr\u00f3 en revisar el estado actual de los preparativos y en coordinar los pr\u00f3ximos pasos para los meses venideros.<\/p>\n\n\n\n<p>Con poco m\u00e1s de seis meses restantes hasta la Copa del Mundo ITF 2026, estos esfuerzos coordinados reflejan la s\u00f3lida colaboraci\u00f3n entre todas las partes involucradas y subrayan el compromiso de ofrecer un evento bien organizado y exitoso en Benidorm.<\/p>\n\n\n\n<p>La ITF agradece a los organizadores, oficiales y miembros por su continua dedicaci\u00f3n y cooperaci\u00f3n en el camino hacia la competici\u00f3n.<\/p>\n","protected":false},"excerpt":{"rendered":"<p>Los preparativos para la Copa del Mundo ITF 2026 en Benidorm contin\u00faan avanzando de manera constante, con una serie de actividades importantes llevadas a cabo esta semana con la participaci\u00f3n &hellip;<\/p>\n","protected":false},"author":14,"featured_media":37487,"comment_status":"open","ping_status":"closed","sticky":false,"template":"","format":"standard","meta":{"_tec_requires_first_save":true,"_uag_custom_page_level_css":"","_genesis_hide_title":false,"_genesis_hide_breadcrumbs":false,"_genesis_hide_singular_image":false,"_genesis_hide_footer_widgets":false,"_genesis_custom_body_class":"","_genesis_custom_post_class":"","_genesis_layout":"","_EventAllDay":false,"_EventTimezone":"","_EventStartDate":"","_EventEndDate":"","_EventStartDateUTC":"","_EventEndDateUTC":"","_EventShowMap":false,"_EventShowMapLink":false,"_EventURL":"","_EventCost":"","_EventCostDescription":"","_EventCurrencySymbol":"","_EventCurrencyCode":"","_EventCurrencyPosition":"","_EventDateTimeSeparator":"","_EventTimeRangeSeparator":"","_EventOrganizerID":[],"_EventVenueID":[],"_OrganizerEmail":"","_OrganizerPhone":"","_OrganizerWebsite":"","_VenueAddress":"","_VenueCity":"","_VenueCountry":"","_VenueProvince":"","_VenueState":"","_VenueZip":"","_VenuePhone":"","_VenueURL":"","_VenueStateProvince":"","_VenueLat":"","_VenueLng":"","_VenueShowMap":false,"_VenueShowMapLink":false,"_tribe_blocks_recurrence_rules":"","_tribe_blocks_recurrence_description":"","_tribe_blocks_recurrence_exclusions":"","editor_notices":[],"footnotes":""},"categories":[132,131,130],"tags":[],"class_list":["post-37485","post","type-post","status-publish","format-standard","has-post-thumbnail","category-destacadas","category-noticias-institucionales","category-ultimas-noticias","entry"],"featured_image_src":"https:\/\/itftkd.sport\/es\/wp-content\/uploads\/sites\/7\/2026\/03\/20260318_WC2026_report_feature-600x400.jpg","featured_image_src_square":"https:\/\/itftkd.sport\/es\/wp-content\/uploads\/sites\/7\/2026\/03\/20260318_WC2026_report_feature-600x600.jpg","author_info":{"display_name":"Daniel Schmidt","author_link":"https:\/\/itftkd.sport\/es\/author\/daniel\/"},"uagb_featured_image_src":{"full":["https:\/\/itftkd.sport\/es\/wp-content\/uploads\/sites\/7\/2026\/03\/20260318_WC2026_report_feature.jpg",2226,1670,false],"thumbnail":["https:\/\/itftkd.sport\/es\/wp-content\/uploads\/sites\/7\/2026\/03\/20260318_WC2026_report_feature-150x150.jpg",150,150,true],"medium":["https:\/\/itftkd.sport\/es\/wp-content\/uploads\/sites\/7\/2026\/03\/20260318_WC2026_report_feature-300x225.jpg",300,225,true],"medium_large":["https:\/\/itftkd.sport\/es\/wp-content\/uploads\/sites\/7\/2026\/03\/20260318_WC2026_report_feature-768x576.jpg",768,576,true],"large":["https:\/\/itftkd.sport\/es\/wp-content\/uploads\/sites\/7\/2026\/03\/20260318_WC2026_report_feature-1024x768.jpg",1024,768,true],"1536x1536":["https:\/\/itftkd.sport\/es\/wp-content\/uploads\/sites\/7\/2026\/03\/20260318_WC2026_report_feature-1536x1152.jpg",1536,1152,true],"2048x2048":["https:\/\/itftkd.sport\/es\/wp-content\/uploads\/sites\/7\/2026\/03\/20260318_WC2026_report_feature-2048x1536.jpg",2048,1536,true],"banner":["https:\/\/itftkd.sport\/es\/wp-content\/uploads\/sites\/7\/2026\/03\/20260318_WC2026_report_feature-1600x533.jpg",1600,533,true],"section":["https:\/\/itftkd.sport\/es\/wp-content\/uploads\/sites\/7\/2026\/03\/20260318_WC2026_report_feature-1600x900.jpg",1600,900,true],"full-width":["https:\/\/itftkd.sport\/es\/wp-content\/uploads\/sites\/7\/2026\/03\/20260318_WC2026_report_feature-1248x832.jpg",1248,832,true],"featured":["https:\/\/itftkd.sport\/es\/wp-content\/uploads\/sites\/7\/2026\/03\/20260318_WC2026_report_feature-800x600.jpg",800,600,true],"one-half":["https:\/\/itftkd.sport\/es\/wp-content\/uploads\/sites\/7\/2026\/03\/20260318_WC2026_report_feature-550x413.jpg",550,413,true],"one-third":["https:\/\/itftkd.sport\/es\/wp-content\/uploads\/sites\/7\/2026\/03\/20260318_WC2026_report_feature-350x263.jpg",350,263,true],"one-fourth":["https:\/\/itftkd.sport\/es\/wp-content\/uploads\/sites\/7\/2026\/03\/20260318_WC2026_report_feature-260x195.jpg",260,195,true],"tiny":["https:\/\/itftkd.sport\/es\/wp-content\/uploads\/sites\/7\/2026\/03\/20260318_WC2026_report_feature-80x80.jpg",80,80,true],"ab-block-post-grid-landscape":["https:\/\/itftkd.sport\/es\/wp-content\/uploads\/sites\/7\/2026\/03\/20260318_WC2026_report_feature-600x400.jpg",600,400,true],"ab-block-post-grid-square":["https:\/\/itftkd.sport\/es\/wp-content\/uploads\/sites\/7\/2026\/03\/20260318_WC2026_report_feature-600x600.jpg",600,600,true],"gform-image-choice-sm":["https:\/\/itftkd.sport\/es\/wp-content\/uploads\/sites\/7\/2026\/03\/20260318_WC2026_report_feature.jpg",300,225,false],"gform-image-choice-md":["https:\/\/itftkd.sport\/es\/wp-content\/uploads\/sites\/7\/2026\/03\/20260318_WC2026_report_feature.jpg",400,300,false],"gform-image-choice-lg":["https:\/\/itftkd.sport\/es\/wp-content\/uploads\/sites\/7\/2026\/03\/20260318_WC2026_report_feature.jpg",600,450,false]},"uagb_author_info":{"display_name":"Daniel Schmidt","author_link":"https:\/\/itftkd.sport\/es\/author\/daniel\/"},"uagb_comment_info":0,"uagb_excerpt":"Los preparativos para la Copa del Mundo ITF 2026 en Benidorm contin\u00faan avanzando de manera constante, con una serie de actividades importantes llevadas a cabo esta semana con la participaci\u00f3n &hellip;","_links":{"self":[{"href":"https:\/\/itftkd.sport\/es\/wp-json\/wp\/v2\/posts\/37485","targetHints":{"allow":["GET"]}}],"collection":[{"href":"https:\/\/itftkd.sport\/es\/wp-json\/wp\/v2\/posts"}],"about":[{"href":"https:\/\/itftkd.sport\/es\/wp-json\/wp\/v2\/types\/post"}],"author":[{"embeddable":true,"href":"https:\/\/itftkd.sport\/es\/wp-json\/wp\/v2\/users\/14"}],"replies":[{"embeddable":true,"href":"https:\/\/itftkd.sport\/es\/wp-json\/wp\/v2\/comments?post=37485"}],"version-history":[{"count":2,"href":"https:\/\/itftkd.sport\/es\/wp-json\/wp\/v2\/posts\/37485\/revisions"}],"predecessor-version":[{"id":37488,"href":"https:\/\/itftkd.sport\/es\/wp-json\/wp\/v2\/posts\/37485\/revisions\/37488"}],"wp:featuredmedia":[{"embeddable":true,"href":"https:\/\/itftkd.sport\/es\/wp-json\/wp\/v2\/media\/37487"}],"wp:attachment":[{"href":"https:\/\/itftkd.sport\/es\/wp-json\/wp\/v2\/media?parent=37485"}],"wp:term":[{"taxonomy":"category","embeddable":true,"href":"https:\/\/itftkd.sport\/es\/wp-json\/wp\/v2\/categories?post=37485"},{"taxonomy":"post_tag","embeddable":true,"href":"https:\/\/itftkd.sport\/es\/wp-json\/wp\/v2\/tags?post=37485"}],"curies":[{"name":"wp","href":"https:\/\/api.w.org\/{rel}","templated":true}]}}