{"id":37469,"date":"2026-03-13T15:13:19","date_gmt":"2026-03-13T14:13:19","guid":{"rendered":"https:\/\/itftkd.sport\/es\/?p=37469"},"modified":"2026-03-13T15:13:21","modified_gmt":"2026-03-13T14:13:21","slug":"iwd2026-celebrating-women-in-taekwon-do","status":"publish","type":"post","link":"https:\/\/itftkd.sport\/es\/iwd2026-celebrating-women-in-taekwon-do\/","title":{"rendered":"IWD2026: Celebrando a las Mujeres en el Taekwon-Do"},"content":{"rendered":"\n<p>Las artes marciales han sido percibidas durante mucho tiempo como disciplinas dominadas por hombres. Sin embargo, en toda la comunidad global de la International Taekwon-Do Federation (ITF), en los \u00faltimos a\u00f1os se ha observado un crecimiento constante en la participaci\u00f3n femenina, no solo en la competici\u00f3n, sino tambi\u00e9n en el entrenamiento, la organizaci\u00f3n y el liderazgo. Cada vez m\u00e1s, las mujeres demuestran c\u00f3mo el Taekwon-Do puede servir como una poderosa plataforma para la confianza, la salud y el empoderamiento personal.<\/p>\n\n\n\n<p>Con motivo del International Women\u2019s Day 2026 (IWD2026), miembros de todo el mundo destacaron este progreso a trav\u00e9s de diversas iniciativas que celebraron a las mujeres en el Taekwon-Do, tanto en l\u00ednea como mediante eventos presenciales. Un ejemplo particularmente inspirador y destacado tuvo lugar en Addis Abeba, Etiop\u00eda, donde el festival de Taekwon-Do y salud \u201cEmpower Her 2026\u201d reuni\u00f3 a m\u00e1s de 310 practicantes femeninas de 16 clubes en el Arat Kilo Sports Center.<\/p>\n\n\n\n<figure class=\"wp-block-gallery has-nested-images columns-default is-cropped wp-block-gallery-1 is-layout-flex wp-block-gallery-is-layout-flex\">\n<figure class=\"wp-block-image size-large\"><img loading=\"lazy\" decoding=\"async\" width=\"800\" height=\"600\" data-id=\"37471\" src=\"https:\/\/itftkd.sport\/es\/wp-content\/uploads\/sites\/7\/2026\/03\/20260308_InternationalWomensDay_02.jpeg\" alt=\"\" class=\"wp-image-37471\" srcset=\"https:\/\/itftkd.sport\/es\/wp-content\/uploads\/sites\/7\/2026\/03\/20260308_InternationalWomensDay_02.jpeg 800w, https:\/\/itftkd.sport\/es\/wp-content\/uploads\/sites\/7\/2026\/03\/20260308_InternationalWomensDay_02-300x225.jpeg 300w, https:\/\/itftkd.sport\/es\/wp-content\/uploads\/sites\/7\/2026\/03\/20260308_InternationalWomensDay_02-768x576.jpeg 768w, https:\/\/itftkd.sport\/es\/wp-content\/uploads\/sites\/7\/2026\/03\/20260308_InternationalWomensDay_02-550x413.jpeg 550w, https:\/\/itftkd.sport\/es\/wp-content\/uploads\/sites\/7\/2026\/03\/20260308_InternationalWomensDay_02-350x263.jpeg 350w, https:\/\/itftkd.sport\/es\/wp-content\/uploads\/sites\/7\/2026\/03\/20260308_InternationalWomensDay_02-260x195.jpeg 260w\" sizes=\"auto, (max-width: 800px) 100vw, 800px\" \/><\/figure>\n\n\n\n<figure class=\"wp-block-image size-large\"><img loading=\"lazy\" decoding=\"async\" width=\"800\" height=\"599\" data-id=\"37472\" src=\"https:\/\/itftkd.sport\/es\/wp-content\/uploads\/sites\/7\/2026\/03\/20260308_InternationalWomensDay_03.jpeg\" alt=\"\" class=\"wp-image-37472\" srcset=\"https:\/\/itftkd.sport\/es\/wp-content\/uploads\/sites\/7\/2026\/03\/20260308_InternationalWomensDay_03.jpeg 800w, https:\/\/itftkd.sport\/es\/wp-content\/uploads\/sites\/7\/2026\/03\/20260308_InternationalWomensDay_03-300x225.jpeg 300w, https:\/\/itftkd.sport\/es\/wp-content\/uploads\/sites\/7\/2026\/03\/20260308_InternationalWomensDay_03-768x575.jpeg 768w, https:\/\/itftkd.sport\/es\/wp-content\/uploads\/sites\/7\/2026\/03\/20260308_InternationalWomensDay_03-550x413.jpeg 550w, https:\/\/itftkd.sport\/es\/wp-content\/uploads\/sites\/7\/2026\/03\/20260308_InternationalWomensDay_03-350x263.jpeg 350w, https:\/\/itftkd.sport\/es\/wp-content\/uploads\/sites\/7\/2026\/03\/20260308_InternationalWomensDay_03-260x195.jpeg 260w\" sizes=\"auto, (max-width: 800px) 100vw, 800px\" \/><\/figure>\n<\/figure>\n\n\n\n<p>Organizado por Sbn Dagmawit (Dagam) Kiros, cintur\u00f3n negro 4\u00ba Dan y miembro del ITF Africa Development Team, el festival se desarroll\u00f3 bajo el lema \u201cMujer fuerte \u2013 Naci\u00f3n fuerte\u201d. A pesar de las dificultades para conseguir patrocinadores, el evento se hizo realidad tras meses de preparaci\u00f3n y gracias a la dedicaci\u00f3n de su organizadora, quien apoy\u00f3 personalmente la iniciativa junto con los ingresos obtenidos por la venta de entradas. Para fomentar la colaboraci\u00f3n entre mujeres de distintos clubes, las participantes fueron organizadas en equipos simb\u00f3licos \u2014como <em>The Gems<\/em>, <em>The Stars<\/em> y <em>The Visionaries<\/em>\u2014 con el objetivo de enfatizar la unidad y la hermandad.<\/p>\n\n\n\n<p>El evento se inaugur\u00f3 con ceremonias de bienvenida y discursos de l\u00edderes del Taekwon-Do et\u00edope (EITF), entre ellos el Master Wogayehu Behailu, el presidente de la EITF Tamrat Feyessa y el vicepresidente senior de la EITF Sbn Getachew Shiferaw. En sus palabras, Sbn Dagmawit destac\u00f3 que las artes marciales ofrecen mucho m\u00e1s que entrenamiento f\u00edsico: <em>\u201cCuando una mujer fortalece su salud y su confianza, ese poder se extiende a su familia y, en \u00faltima instancia, a la naci\u00f3n.\u201d<\/em><\/p>\n\n\n\n<p>Uno de los momentos m\u00e1s destacados del festival fue una demostraci\u00f3n masiva sincronizada de las 310 participantes, seguida de exhibiciones t\u00e9cnicas que incluyeron rompimiento de tablas, defensa personal y combate. Las competiciones en formas por equipos e individuales, y combate tradicional fueron evaluadas por un panel oficial de \u00e1rbitros. Las ganadoras recibieron medallas, mientras que los trofeos id\u00e9nticos simbolizaron la idea de que cada participante representaba a una campeona del evento.<\/p>\n\n\n\n<p>La iniciativa concluy\u00f3 con un reconocimiento al liderazgo de la organizadora, incluido el otorgamiento de la Medalla Honoraria de la Africa Taekwon-Do Federation. M\u00e1s all\u00e1 de su \u00e9xito inmediato, \u201cEmpower Her 2026\u201d demostr\u00f3 la creciente fuerza de las mujeres en el Taekwon-Do y el impacto positivo que este tipo de iniciativas puede tener en las comunidades.<\/p>\n\n\n\n<p>Mientras la familia global del Taekwon-Do contin\u00faa celebrando los logros de las mujeres en las artes marciales, eventos como este en Etiop\u00eda muestran c\u00f3mo el empoderamiento a trav\u00e9s del deporte puede inspirar a la pr\u00f3xima generaci\u00f3n de practicantes y l\u00edderes.<\/p>\n\n\n\n<figure class=\"wp-block-gallery has-nested-images columns-2 is-cropped wp-block-gallery-2 is-layout-flex wp-block-gallery-is-layout-flex\">\n<figure class=\"wp-block-image size-large\"><img loading=\"lazy\" decoding=\"async\" width=\"512\" height=\"800\" data-id=\"37475\" src=\"https:\/\/itftkd.sport\/es\/wp-content\/uploads\/sites\/7\/2026\/03\/20260308_InternationalWomensDay_01.jpeg\" alt=\"\" class=\"wp-image-37475\" srcset=\"https:\/\/itftkd.sport\/es\/wp-content\/uploads\/sites\/7\/2026\/03\/20260308_InternationalWomensDay_01.jpeg 512w, https:\/\/itftkd.sport\/es\/wp-content\/uploads\/sites\/7\/2026\/03\/20260308_InternationalWomensDay_01-192x300.jpeg 192w\" sizes=\"auto, (max-width: 512px) 100vw, 512px\" \/><\/figure>\n\n\n\n<figure class=\"wp-block-image size-large\"><img loading=\"lazy\" decoding=\"async\" width=\"600\" height=\"799\" data-id=\"37474\" src=\"https:\/\/itftkd.sport\/es\/wp-content\/uploads\/sites\/7\/2026\/03\/20260308_InternationalWomensDay_05.jpeg\" alt=\"\" class=\"wp-image-37474\" srcset=\"https:\/\/itftkd.sport\/es\/wp-content\/uploads\/sites\/7\/2026\/03\/20260308_InternationalWomensDay_05.jpeg 600w, https:\/\/itftkd.sport\/es\/wp-content\/uploads\/sites\/7\/2026\/03\/20260308_InternationalWomensDay_05-225x300.jpeg 225w\" sizes=\"auto, (max-width: 600px) 100vw, 600px\" \/><\/figure>\n\n\n\n<figure class=\"wp-block-image size-large\"><img loading=\"lazy\" decoding=\"async\" width=\"800\" height=\"600\" data-id=\"37473\" src=\"https:\/\/itftkd.sport\/es\/wp-content\/uploads\/sites\/7\/2026\/03\/20260308_InternationalWomensDay_04.jpeg\" alt=\"\" class=\"wp-image-37473\" srcset=\"https:\/\/itftkd.sport\/es\/wp-content\/uploads\/sites\/7\/2026\/03\/20260308_InternationalWomensDay_04.jpeg 800w, https:\/\/itftkd.sport\/es\/wp-content\/uploads\/sites\/7\/2026\/03\/20260308_InternationalWomensDay_04-300x225.jpeg 300w, https:\/\/itftkd.sport\/es\/wp-content\/uploads\/sites\/7\/2026\/03\/20260308_InternationalWomensDay_04-768x576.jpeg 768w, https:\/\/itftkd.sport\/es\/wp-content\/uploads\/sites\/7\/2026\/03\/20260308_InternationalWomensDay_04-550x413.jpeg 550w, https:\/\/itftkd.sport\/es\/wp-content\/uploads\/sites\/7\/2026\/03\/20260308_InternationalWomensDay_04-350x263.jpeg 350w, https:\/\/itftkd.sport\/es\/wp-content\/uploads\/sites\/7\/2026\/03\/20260308_InternationalWomensDay_04-260x195.jpeg 260w\" sizes=\"auto, (max-width: 800px) 100vw, 800px\" \/><\/figure>\n<\/figure>\n","protected":false},"excerpt":{"rendered":"<p>Las artes marciales han sido percibidas durante mucho tiempo como disciplinas dominadas por hombres. Sin embargo, en toda la comunidad global de la International Taekwon-Do Federation (ITF), en los \u00faltimos &hellip;<\/p>\n","protected":false},"author":14,"featured_media":37470,"comment_status":"open","ping_status":"closed","sticky":false,"template":"","format":"standard","meta":{"_tec_requires_first_save":true,"_uag_custom_page_level_css":"","_genesis_hide_title":false,"_genesis_hide_breadcrumbs":false,"_genesis_hide_singular_image":false,"_genesis_hide_footer_widgets":false,"_genesis_custom_body_class":"","_genesis_custom_post_class":"","_genesis_layout":"","_EventAllDay":false,"_EventTimezone":"","_EventStartDate":"","_EventEndDate":"","_EventStartDateUTC":"","_EventEndDateUTC":"","_EventShowMap":false,"_EventShowMapLink":false,"_EventURL":"","_EventCost":"","_EventCostDescription":"","_EventCurrencySymbol":"","_EventCurrencyCode":"","_EventCurrencyPosition":"","_EventDateTimeSeparator":"","_EventTimeRangeSeparator":"","_EventOrganizerID":[],"_EventVenueID":[],"_OrganizerEmail":"","_OrganizerPhone":"","_OrganizerWebsite":"","_VenueAddress":"","_VenueCity":"","_VenueCountry":"","_VenueProvince":"","_VenueState":"","_VenueZip":"","_VenuePhone":"","_VenueURL":"","_VenueStateProvince":"","_VenueLat":"","_VenueLng":"","_VenueShowMap":false,"_VenueShowMapLink":false,"_tribe_blocks_recurrence_rules":"","_tribe_blocks_recurrence_description":"","_tribe_blocks_recurrence_exclusions":"","editor_notices":[],"footnotes":""},"categories":[132,6,130],"tags":[],"class_list":["post-37469","post","type-post","status-publish","format-standard","has-post-thumbnail","category-destacadas","category-noticias-regionales","category-ultimas-noticias","entry"],"featured_image_src":"https:\/\/itftkd.sport\/es\/wp-content\/uploads\/sites\/7\/2026\/03\/20260308_InternationalWomensDay-600x400.jpg","featured_image_src_square":"https:\/\/itftkd.sport\/es\/wp-content\/uploads\/sites\/7\/2026\/03\/20260308_InternationalWomensDay-600x600.jpg","author_info":{"display_name":"Daniel Schmidt","author_link":"https:\/\/itftkd.sport\/es\/author\/daniel\/"},"uagb_featured_image_src":{"full":["https:\/\/itftkd.sport\/es\/wp-content\/uploads\/sites\/7\/2026\/03\/20260308_InternationalWomensDay.jpg",800,600,false],"thumbnail":["https:\/\/itftkd.sport\/es\/wp-content\/uploads\/sites\/7\/2026\/03\/20260308_InternationalWomensDay-150x150.jpg",150,150,true],"medium":["https:\/\/itftkd.sport\/es\/wp-content\/uploads\/sites\/7\/2026\/03\/20260308_InternationalWomensDay-300x225.jpg",300,225,true],"medium_large":["https:\/\/itftkd.sport\/es\/wp-content\/uploads\/sites\/7\/2026\/03\/20260308_InternationalWomensDay-768x576.jpg",768,576,true],"large":["https:\/\/itftkd.sport\/es\/wp-content\/uploads\/sites\/7\/2026\/03\/20260308_InternationalWomensDay.jpg",800,600,false],"1536x1536":["https:\/\/itftkd.sport\/es\/wp-content\/uploads\/sites\/7\/2026\/03\/20260308_InternationalWomensDay.jpg",800,600,false],"2048x2048":["https:\/\/itftkd.sport\/es\/wp-content\/uploads\/sites\/7\/2026\/03\/20260308_InternationalWomensDay.jpg",800,600,false],"banner":["https:\/\/itftkd.sport\/es\/wp-content\/uploads\/sites\/7\/2026\/03\/20260308_InternationalWomensDay-800x533.jpg",800,533,true],"section":["https:\/\/itftkd.sport\/es\/wp-content\/uploads\/sites\/7\/2026\/03\/20260308_InternationalWomensDay.jpg",800,600,false],"full-width":["https:\/\/itftkd.sport\/es\/wp-content\/uploads\/sites\/7\/2026\/03\/20260308_InternationalWomensDay.jpg",800,600,false],"featured":["https:\/\/itftkd.sport\/es\/wp-content\/uploads\/sites\/7\/2026\/03\/20260308_InternationalWomensDay.jpg",800,600,false],"one-half":["https:\/\/itftkd.sport\/es\/wp-content\/uploads\/sites\/7\/2026\/03\/20260308_InternationalWomensDay-550x413.jpg",550,413,true],"one-third":["https:\/\/itftkd.sport\/es\/wp-content\/uploads\/sites\/7\/2026\/03\/20260308_InternationalWomensDay-350x263.jpg",350,263,true],"one-fourth":["https:\/\/itftkd.sport\/es\/wp-content\/uploads\/sites\/7\/2026\/03\/20260308_InternationalWomensDay-260x195.jpg",260,195,true],"tiny":["https:\/\/itftkd.sport\/es\/wp-content\/uploads\/sites\/7\/2026\/03\/20260308_InternationalWomensDay-80x80.jpg",80,80,true],"ab-block-post-grid-landscape":["https:\/\/itftkd.sport\/es\/wp-content\/uploads\/sites\/7\/2026\/03\/20260308_InternationalWomensDay-600x400.jpg",600,400,true],"ab-block-post-grid-square":["https:\/\/itftkd.sport\/es\/wp-content\/uploads\/sites\/7\/2026\/03\/20260308_InternationalWomensDay-600x600.jpg",600,600,true],"gform-image-choice-sm":["https:\/\/itftkd.sport\/es\/wp-content\/uploads\/sites\/7\/2026\/03\/20260308_InternationalWomensDay.jpg",300,225,false],"gform-image-choice-md":["https:\/\/itftkd.sport\/es\/wp-content\/uploads\/sites\/7\/2026\/03\/20260308_InternationalWomensDay.jpg",400,300,false],"gform-image-choice-lg":["https:\/\/itftkd.sport\/es\/wp-content\/uploads\/sites\/7\/2026\/03\/20260308_InternationalWomensDay.jpg",600,450,false]},"uagb_author_info":{"display_name":"Daniel Schmidt","author_link":"https:\/\/itftkd.sport\/es\/author\/daniel\/"},"uagb_comment_info":0,"uagb_excerpt":"Las artes marciales han sido percibidas durante mucho tiempo como disciplinas dominadas por hombres. Sin embargo, en toda la comunidad global de la International Taekwon-Do Federation (ITF), en los \u00faltimos &hellip;","_links":{"self":[{"href":"https:\/\/itftkd.sport\/es\/wp-json\/wp\/v2\/posts\/37469","targetHints":{"allow":["GET"]}}],"collection":[{"href":"https:\/\/itftkd.sport\/es\/wp-json\/wp\/v2\/posts"}],"about":[{"href":"https:\/\/itftkd.sport\/es\/wp-json\/wp\/v2\/types\/post"}],"author":[{"embeddable":true,"href":"https:\/\/itftkd.sport\/es\/wp-json\/wp\/v2\/users\/14"}],"replies":[{"embeddable":true,"href":"https:\/\/itftkd.sport\/es\/wp-json\/wp\/v2\/comments?post=37469"}],"version-history":[{"count":1,"href":"https:\/\/itftkd.sport\/es\/wp-json\/wp\/v2\/posts\/37469\/revisions"}],"predecessor-version":[{"id":37476,"href":"https:\/\/itftkd.sport\/es\/wp-json\/wp\/v2\/posts\/37469\/revisions\/37476"}],"wp:featuredmedia":[{"embeddable":true,"href":"https:\/\/itftkd.sport\/es\/wp-json\/wp\/v2\/media\/37470"}],"wp:attachment":[{"href":"https:\/\/itftkd.sport\/es\/wp-json\/wp\/v2\/media?parent=37469"}],"wp:term":[{"taxonomy":"category","embeddable":true,"href":"https:\/\/itftkd.sport\/es\/wp-json\/wp\/v2\/categories?post=37469"},{"taxonomy":"post_tag","embeddable":true,"href":"https:\/\/itftkd.sport\/es\/wp-json\/wp\/v2\/tags?post=37469"}],"curies":[{"name":"wp","href":"https:\/\/api.w.org\/{rel}","templated":true}]}}