{"id":37464,"date":"2026-03-11T21:33:47","date_gmt":"2026-03-11T20:33:47","guid":{"rendered":"https:\/\/itftkd.sport\/es\/?p=37464"},"modified":"2026-03-11T21:33:48","modified_gmt":"2026-03-11T20:33:48","slug":"world-cup-2026-umpire-registration-deadline-extended","status":"publish","type":"post","link":"https:\/\/itftkd.sport\/es\/world-cup-2026-umpire-registration-deadline-extended\/","title":{"rendered":"World Cup 2026: inscripci\u00f3n de \u00e1rbitros"},"content":{"rendered":"\n<p id=\"tw-target-text\">La fecha l\u00edmite para la inscripci\u00f3n de \u00e1rbitros (incluidos los \u00e1rbitros IT) era el 10 de marzo de 2026.<\/p>\n\n\n\n<p>Sin embargo, parece que hubo un malentendido al respecto. Por lo tanto, ampliamos la fecha l\u00edmite de inscripci\u00f3n hasta el 17 de marzo de 2026 a las 22:59 UTC.<\/p>\n\n\n\n<p>Todos quienes deseen postularse como \u00e1rbitros o \u00e1rbitros de IT deben inscribirse en el evento \u00ab10\u00aa Copa Mundial de Taekwon-Do ITF 2026\u00bb en la categor\u00eda \u00ab\u00c1rbitro en Solicitud\u00bb antes del 17 de marzo de 2026 a las 22:59 UTC.<\/p>\n\n\n\n<p>El registro debe completarse en l\u00ednea en Sportdata a trav\u00e9s de la plataforma ITF online. (https:\/\/data.itftkd.sport).<\/p>\n\n\n\n<p>GM Abelardo Benzaquen (Presidente del Umpire Committee)<br>GM Coos van den Heuvel Presidente del Tournament Committee)<br>GM Harry Vones (Presidente del IT-Committee)<\/p>\n","protected":false},"excerpt":{"rendered":"<p>La fecha l\u00edmite para la inscripci\u00f3n de \u00e1rbitros (incluidos los \u00e1rbitros IT) era el 10 de marzo de 2026. Sin embargo, parece que hubo un malentendido al respecto. Por lo &hellip;<\/p>\n","protected":false},"author":14,"featured_media":36725,"comment_status":"open","ping_status":"closed","sticky":false,"template":"","format":"standard","meta":{"_tec_requires_first_save":true,"_uag_custom_page_level_css":"","_genesis_hide_title":false,"_genesis_hide_breadcrumbs":false,"_genesis_hide_singular_image":false,"_genesis_hide_footer_widgets":false,"_genesis_custom_body_class":"","_genesis_custom_post_class":"","_genesis_layout":"","_EventAllDay":false,"_EventTimezone":"","_EventStartDate":"","_EventEndDate":"","_EventStartDateUTC":"","_EventEndDateUTC":"","_EventShowMap":false,"_EventShowMapLink":false,"_EventURL":"","_EventCost":"","_EventCostDescription":"","_EventCurrencySymbol":"","_EventCurrencyCode":"","_EventCurrencyPosition":"","_EventDateTimeSeparator":"","_EventTimeRangeSeparator":"","_EventOrganizerID":[],"_EventVenueID":[],"_OrganizerEmail":"","_OrganizerPhone":"","_OrganizerWebsite":"","_VenueAddress":"","_VenueCity":"","_VenueCountry":"","_VenueProvince":"","_VenueState":"","_VenueZip":"","_VenuePhone":"","_VenueURL":"","_VenueStateProvince":"","_VenueLat":"","_VenueLng":"","_VenueShowMap":false,"_VenueShowMapLink":false,"_tribe_blocks_recurrence_rules":"","_tribe_blocks_recurrence_description":"","_tribe_blocks_recurrence_exclusions":"","editor_notices":[],"footnotes":""},"categories":[132,131],"tags":[],"class_list":["post-37464","post","type-post","status-publish","format-standard","has-post-thumbnail","category-destacadas","category-noticias-institucionales","entry"],"featured_image_src":"https:\/\/itftkd.sport\/es\/wp-content\/uploads\/sites\/7\/2025\/12\/WorldCup2026_feature-600x400.jpg","featured_image_src_square":"https:\/\/itftkd.sport\/es\/wp-content\/uploads\/sites\/7\/2025\/12\/WorldCup2026_feature-600x600.jpg","author_info":{"display_name":"Daniel Schmidt","author_link":"https:\/\/itftkd.sport\/es\/author\/daniel\/"},"uagb_featured_image_src":{"full":["https:\/\/itftkd.sport\/es\/wp-content\/uploads\/sites\/7\/2025\/12\/WorldCup2026_feature.jpg",800,600,false],"thumbnail":["https:\/\/itftkd.sport\/es\/wp-content\/uploads\/sites\/7\/2025\/12\/WorldCup2026_feature-150x150.jpg",150,150,true],"medium":["https:\/\/itftkd.sport\/es\/wp-content\/uploads\/sites\/7\/2025\/12\/WorldCup2026_feature-300x225.jpg",300,225,true],"medium_large":["https:\/\/itftkd.sport\/es\/wp-content\/uploads\/sites\/7\/2025\/12\/WorldCup2026_feature-768x576.jpg",768,576,true],"large":["https:\/\/itftkd.sport\/es\/wp-content\/uploads\/sites\/7\/2025\/12\/WorldCup2026_feature.jpg",800,600,false],"1536x1536":["https:\/\/itftkd.sport\/es\/wp-content\/uploads\/sites\/7\/2025\/12\/WorldCup2026_feature.jpg",800,600,false],"2048x2048":["https:\/\/itftkd.sport\/es\/wp-content\/uploads\/sites\/7\/2025\/12\/WorldCup2026_feature.jpg",800,600,false],"banner":["https:\/\/itftkd.sport\/es\/wp-content\/uploads\/sites\/7\/2025\/12\/WorldCup2026_feature-800x533.jpg",800,533,true],"section":["https:\/\/itftkd.sport\/es\/wp-content\/uploads\/sites\/7\/2025\/12\/WorldCup2026_feature.jpg",800,600,false],"full-width":["https:\/\/itftkd.sport\/es\/wp-content\/uploads\/sites\/7\/2025\/12\/WorldCup2026_feature.jpg",800,600,false],"featured":["https:\/\/itftkd.sport\/es\/wp-content\/uploads\/sites\/7\/2025\/12\/WorldCup2026_feature.jpg",800,600,false],"one-half":["https:\/\/itftkd.sport\/es\/wp-content\/uploads\/sites\/7\/2025\/12\/WorldCup2026_feature-550x413.jpg",550,413,true],"one-third":["https:\/\/itftkd.sport\/es\/wp-content\/uploads\/sites\/7\/2025\/12\/WorldCup2026_feature-350x263.jpg",350,263,true],"one-fourth":["https:\/\/itftkd.sport\/es\/wp-content\/uploads\/sites\/7\/2025\/12\/WorldCup2026_feature-260x195.jpg",260,195,true],"tiny":["https:\/\/itftkd.sport\/es\/wp-content\/uploads\/sites\/7\/2025\/12\/WorldCup2026_feature-80x80.jpg",80,80,true],"ab-block-post-grid-landscape":["https:\/\/itftkd.sport\/es\/wp-content\/uploads\/sites\/7\/2025\/12\/WorldCup2026_feature-600x400.jpg",600,400,true],"ab-block-post-grid-square":["https:\/\/itftkd.sport\/es\/wp-content\/uploads\/sites\/7\/2025\/12\/WorldCup2026_feature-600x600.jpg",600,600,true],"gform-image-choice-sm":["https:\/\/itftkd.sport\/es\/wp-content\/uploads\/sites\/7\/2025\/12\/WorldCup2026_feature.jpg",300,225,false],"gform-image-choice-md":["https:\/\/itftkd.sport\/es\/wp-content\/uploads\/sites\/7\/2025\/12\/WorldCup2026_feature.jpg",400,300,false],"gform-image-choice-lg":["https:\/\/itftkd.sport\/es\/wp-content\/uploads\/sites\/7\/2025\/12\/WorldCup2026_feature.jpg",600,450,false]},"uagb_author_info":{"display_name":"Daniel Schmidt","author_link":"https:\/\/itftkd.sport\/es\/author\/daniel\/"},"uagb_comment_info":5,"uagb_excerpt":"La fecha l\u00edmite para la inscripci\u00f3n de \u00e1rbitros (incluidos los \u00e1rbitros IT) era el 10 de marzo de 2026. Sin embargo, parece que hubo un malentendido al respecto. Por lo &hellip;","_links":{"self":[{"href":"https:\/\/itftkd.sport\/es\/wp-json\/wp\/v2\/posts\/37464","targetHints":{"allow":["GET"]}}],"collection":[{"href":"https:\/\/itftkd.sport\/es\/wp-json\/wp\/v2\/posts"}],"about":[{"href":"https:\/\/itftkd.sport\/es\/wp-json\/wp\/v2\/types\/post"}],"author":[{"embeddable":true,"href":"https:\/\/itftkd.sport\/es\/wp-json\/wp\/v2\/users\/14"}],"replies":[{"embeddable":true,"href":"https:\/\/itftkd.sport\/es\/wp-json\/wp\/v2\/comments?post=37464"}],"version-history":[{"count":1,"href":"https:\/\/itftkd.sport\/es\/wp-json\/wp\/v2\/posts\/37464\/revisions"}],"predecessor-version":[{"id":37465,"href":"https:\/\/itftkd.sport\/es\/wp-json\/wp\/v2\/posts\/37464\/revisions\/37465"}],"wp:featuredmedia":[{"embeddable":true,"href":"https:\/\/itftkd.sport\/es\/wp-json\/wp\/v2\/media\/36725"}],"wp:attachment":[{"href":"https:\/\/itftkd.sport\/es\/wp-json\/wp\/v2\/media?parent=37464"}],"wp:term":[{"taxonomy":"category","embeddable":true,"href":"https:\/\/itftkd.sport\/es\/wp-json\/wp\/v2\/categories?post=37464"},{"taxonomy":"post_tag","embeddable":true,"href":"https:\/\/itftkd.sport\/es\/wp-json\/wp\/v2\/tags?post=37464"}],"curies":[{"name":"wp","href":"https:\/\/api.w.org\/{rel}","templated":true}]}}