{"id":37416,"date":"2026-02-01T11:44:00","date_gmt":"2026-02-01T10:44:00","guid":{"rendered":"https:\/\/itftkd.sport\/es\/?p=37416"},"modified":"2026-03-06T17:54:15","modified_gmt":"2026-03-06T16:54:15","slug":"49-anos-de-la-itf-en-sri-lanka","status":"publish","type":"post","link":"https:\/\/itftkd.sport\/es\/49-anos-de-la-itf-en-sri-lanka\/","title":{"rendered":"49 a\u00f1os de la ITF en Sri Lanka"},"content":{"rendered":"\n<p>El 19 de diciembre de 1976, el Maestro Deshamanya Dr. Cyril Antony introdujo el Taekwon-Do tras aprenderlo directamente del fundador del Taekwon-Do, el General Choi Hong Hi, en Canad\u00e1, y el 19 de febrero de 1977 se fund\u00f3 la Asociaci\u00f3n de Taekwon-Do de Sri Lanka. Por lo tanto, este a\u00f1o se cumplen 49 a\u00f1os desde la introducci\u00f3n del Taekwon-Do en Sri Lanka.<\/p>\n\n\n\n<p>La celebraci\u00f3n conmemorativa del 49.\u00ba aniversario de la introducci\u00f3n del Taekwon-Do en Sri Lanka tuvo lugar el 7 de diciembre de 2025 en el Wattala Pradeshiya Sabha Hall, Kerawalapitiya Junction, Hendala, a partir de las 15:00 horas. Al mismo tiempo, se celebr\u00f3 el 22.\u00ba Campeonato Nacional de Taekwon-Do de la ITF, en el que participaron muchos estudiantes de Taekwon-Do que mostraron su esfuerzo, talento y habilidades a partir de las 9:00 a. m.<\/p>\n\n\n\n<figure class=\"wp-block-gallery has-nested-images columns-default is-cropped wp-block-gallery-1 is-layout-flex wp-block-gallery-is-layout-flex\">\n<figure class=\"wp-block-image size-large\"><img loading=\"lazy\" decoding=\"async\" width=\"800\" height=\"500\" data-id=\"37410\" src=\"https:\/\/itftkd.sport\/wp-content\/uploads\/sites\/7\/2026\/03\/20251207_SriLanka_02.jpg\" alt=\"\" class=\"wp-image-37410\" srcset=\"https:\/\/itftkd.sport\/es\/wp-content\/uploads\/sites\/7\/2026\/03\/20251207_SriLanka_02.jpg 800w, https:\/\/itftkd.sport\/es\/wp-content\/uploads\/sites\/7\/2026\/03\/20251207_SriLanka_02-300x188.jpg 300w, https:\/\/itftkd.sport\/es\/wp-content\/uploads\/sites\/7\/2026\/03\/20251207_SriLanka_02-768x480.jpg 768w\" sizes=\"auto, (max-width: 800px) 100vw, 800px\" \/><\/figure>\n\n\n\n<figure class=\"wp-block-image size-large\"><img loading=\"lazy\" decoding=\"async\" width=\"800\" height=\"500\" data-id=\"37411\" src=\"https:\/\/itftkd.sport\/wp-content\/uploads\/sites\/7\/2026\/03\/20251207_SriLanka_03.jpg\" alt=\"\" class=\"wp-image-37411\" srcset=\"https:\/\/itftkd.sport\/es\/wp-content\/uploads\/sites\/7\/2026\/03\/20251207_SriLanka_03.jpg 800w, https:\/\/itftkd.sport\/es\/wp-content\/uploads\/sites\/7\/2026\/03\/20251207_SriLanka_03-300x188.jpg 300w, https:\/\/itftkd.sport\/es\/wp-content\/uploads\/sites\/7\/2026\/03\/20251207_SriLanka_03-768x480.jpg 768w\" sizes=\"auto, (max-width: 800px) 100vw, 800px\" \/><\/figure>\n<\/figure>\n\n\n\n<p>Durante el evento, dedicamos un momento a encender velas para recordar y celebrar las incre\u00edbles contribuciones del General Choi Hong Hi, fundador del Taekwon-Do, y de la Federaci\u00f3n Internacional de Taekwon-Do. Nos enorgullece honrar su legado, y su influencia guiar\u00e1 para siempre al Taekwon-Do. Tambi\u00e9n dedicamos un momento a recordar las vidas perdidas durante la reciente tormenta que devast\u00f3 a familias de toda la isla.<\/p>\n\n\n\n<p>Nuestros atletas demostraron una fuerza, habilidad y dedicaci\u00f3n incre\u00edbles al competir en las pruebas de formas, combate y rotura de tablas. Compitieron en las categor\u00edas de cintur\u00f3n de color y cintur\u00f3n negro de junior femenino, junior masculino, senior femenino, senior masculino y senior masculino (mayores de 40 a\u00f1os). El sistema de puntuaci\u00f3n electr\u00f3nico utilizado en el torneo fue desarrollado por nuestro propio instructor de cintur\u00f3n negro, el Sr. Chanupa Bandarage, y el evento fue coordinado por Sabum Dr. Uditha Cyril Antony y la Sra. Gayathree Nayanajeehwi.<\/p>\n\n\n\n<figure class=\"wp-block-gallery has-nested-images columns-default is-cropped wp-block-gallery-2 is-layout-flex wp-block-gallery-is-layout-flex\">\n<figure class=\"wp-block-image size-large\"><img loading=\"lazy\" decoding=\"async\" width=\"800\" height=\"500\" data-id=\"37412\" src=\"https:\/\/itftkd.sport\/wp-content\/uploads\/sites\/7\/2026\/03\/20251207_SriLanka_04.jpg\" alt=\"\" class=\"wp-image-37412\" srcset=\"https:\/\/itftkd.sport\/es\/wp-content\/uploads\/sites\/7\/2026\/03\/20251207_SriLanka_04.jpg 800w, https:\/\/itftkd.sport\/es\/wp-content\/uploads\/sites\/7\/2026\/03\/20251207_SriLanka_04-300x188.jpg 300w, https:\/\/itftkd.sport\/es\/wp-content\/uploads\/sites\/7\/2026\/03\/20251207_SriLanka_04-768x480.jpg 768w\" sizes=\"auto, (max-width: 800px) 100vw, 800px\" \/><\/figure>\n\n\n\n<figure class=\"wp-block-image size-large\"><img loading=\"lazy\" decoding=\"async\" width=\"800\" height=\"500\" data-id=\"37413\" src=\"https:\/\/itftkd.sport\/wp-content\/uploads\/sites\/7\/2026\/03\/20251207_SriLanka_06.jpg\" alt=\"\" class=\"wp-image-37413\" srcset=\"https:\/\/itftkd.sport\/es\/wp-content\/uploads\/sites\/7\/2026\/03\/20251207_SriLanka_06.jpg 800w, https:\/\/itftkd.sport\/es\/wp-content\/uploads\/sites\/7\/2026\/03\/20251207_SriLanka_06-300x188.jpg 300w, https:\/\/itftkd.sport\/es\/wp-content\/uploads\/sites\/7\/2026\/03\/20251207_SriLanka_06-768x480.jpg 768w\" sizes=\"auto, (max-width: 800px) 100vw, 800px\" \/><\/figure>\n<\/figure>\n\n\n\n<p>El evento cont\u00f3 con la presencia de la Reverenda Hermana Sunita Samarakoon, Directora de Good Shepherd Balika Maha Vidyalaya Nayakakanda; el Dr. Dilushi Munasinghe, abogado s\u00e9nior y profesor; el Sr. Kamal Jayathilaka, oficial retirado de la Fuerza A\u00e9rea; el Sr. David Ribakov , director de la All Nations International School; el Sr. Ajith Hesiri, subdirector general jubilado; el Sr. Saman Alankara, director y productor de cine; el Dr. Chandrakantha; y la Sra. Clera Hilda, directora de la escuela infantil Good Shepherd Pre-School Nayakakanda.<\/p>\n\n\n\n<p>Felicitamos a todos los ganadores y expresamos nuestro m\u00e1s sincero agradecimiento a todos los participantes, \u00e1rbitros, padres, seguidores e invitados que hicieron posible el \u00e9xito de este evento.<\/p>\n\n\n\n<figure class=\"wp-block-gallery has-nested-images columns-default is-cropped wp-block-gallery-3 is-layout-flex wp-block-gallery-is-layout-flex\">\n<figure class=\"wp-block-image size-large\"><img loading=\"lazy\" decoding=\"async\" width=\"500\" height=\"800\" data-id=\"37414\" src=\"https:\/\/itftkd.sport\/wp-content\/uploads\/sites\/7\/2026\/03\/20251207_SriLanka_01.jpg\" alt=\"\" class=\"wp-image-37414\" srcset=\"https:\/\/itftkd.sport\/es\/wp-content\/uploads\/sites\/7\/2026\/03\/20251207_SriLanka_01.jpg 500w, https:\/\/itftkd.sport\/es\/wp-content\/uploads\/sites\/7\/2026\/03\/20251207_SriLanka_01-188x300.jpg 188w\" sizes=\"auto, (max-width: 500px) 100vw, 500px\" \/><\/figure>\n\n\n\n<figure class=\"wp-block-image size-large\"><img loading=\"lazy\" decoding=\"async\" width=\"500\" height=\"800\" data-id=\"37415\" src=\"https:\/\/itftkd.sport\/wp-content\/uploads\/sites\/7\/2026\/03\/20251207_SriLanka_07.jpg\" alt=\"\" class=\"wp-image-37415\" srcset=\"https:\/\/itftkd.sport\/es\/wp-content\/uploads\/sites\/7\/2026\/03\/20251207_SriLanka_07.jpg 500w, https:\/\/itftkd.sport\/es\/wp-content\/uploads\/sites\/7\/2026\/03\/20251207_SriLanka_07-188x300.jpg 188w\" sizes=\"auto, (max-width: 500px) 100vw, 500px\" \/><\/figure>\n<\/figure>\n\n\n\n<p><em>Informe y fotos: Asociaci\u00f3n de Taekwon-Do de Sri Lanka<\/em><\/p>\n","protected":false},"excerpt":{"rendered":"<p>El 19 de diciembre de 1976, el Maestro Deshamanya Dr. Cyril Antony introdujo el Taekwon-Do tras aprenderlo directamente del fundador del Taekwon-Do, el General Choi Hong Hi, en Canad\u00e1, y &hellip;<\/p>\n","protected":false},"author":10,"featured_media":37412,"comment_status":"open","ping_status":"closed","sticky":false,"template":"","format":"standard","meta":{"_tec_requires_first_save":true,"_uag_custom_page_level_css":"","_genesis_hide_title":false,"_genesis_hide_breadcrumbs":false,"_genesis_hide_singular_image":false,"_genesis_hide_footer_widgets":false,"_genesis_custom_body_class":"","_genesis_custom_post_class":"","_genesis_layout":"","_EventAllDay":false,"_EventTimezone":"","_EventStartDate":"","_EventEndDate":"","_EventStartDateUTC":"","_EventEndDateUTC":"","_EventShowMap":false,"_EventShowMapLink":false,"_EventURL":"","_EventCost":"","_EventCostDescription":"","_EventCurrencySymbol":"","_EventCurrencyCode":"","_EventCurrencyPosition":"","_EventDateTimeSeparator":"","_EventTimeRangeSeparator":"","_EventOrganizerID":[],"_EventVenueID":[],"_OrganizerEmail":"","_OrganizerPhone":"","_OrganizerWebsite":"","_VenueAddress":"","_VenueCity":"","_VenueCountry":"","_VenueProvince":"","_VenueState":"","_VenueZip":"","_VenuePhone":"","_VenueURL":"","_VenueStateProvince":"","_VenueLat":"","_VenueLng":"","_VenueShowMap":false,"_VenueShowMapLink":false,"_tribe_blocks_recurrence_rules":"","_tribe_blocks_recurrence_description":"","_tribe_blocks_recurrence_exclusions":"","editor_notices":[],"footnotes":""},"categories":[6,130],"tags":[],"class_list":["post-37416","post","type-post","status-publish","format-standard","has-post-thumbnail","category-noticias-regionales","category-ultimas-noticias","entry"],"featured_image_src":"https:\/\/itftkd.sport\/es\/wp-content\/uploads\/sites\/7\/2026\/03\/20251207_SriLanka_04-600x400.jpg","featured_image_src_square":"https:\/\/itftkd.sport\/es\/wp-content\/uploads\/sites\/7\/2026\/03\/20251207_SriLanka_04-600x500.jpg","author_info":{"display_name":"ivan","author_link":"https:\/\/itftkd.sport\/es\/author\/ivan\/"},"uagb_featured_image_src":{"full":["https:\/\/itftkd.sport\/es\/wp-content\/uploads\/sites\/7\/2026\/03\/20251207_SriLanka_04.jpg",800,500,false],"thumbnail":["https:\/\/itftkd.sport\/es\/wp-content\/uploads\/sites\/7\/2026\/03\/20251207_SriLanka_04-150x150.jpg",150,150,true],"medium":["https:\/\/itftkd.sport\/es\/wp-content\/uploads\/sites\/7\/2026\/03\/20251207_SriLanka_04-300x188.jpg",300,188,true],"medium_large":["https:\/\/itftkd.sport\/es\/wp-content\/uploads\/sites\/7\/2026\/03\/20251207_SriLanka_04-768x480.jpg",768,480,true],"large":["https:\/\/itftkd.sport\/es\/wp-content\/uploads\/sites\/7\/2026\/03\/20251207_SriLanka_04.jpg",800,500,false],"1536x1536":["https:\/\/itftkd.sport\/es\/wp-content\/uploads\/sites\/7\/2026\/03\/20251207_SriLanka_04.jpg",800,500,false],"2048x2048":["https:\/\/itftkd.sport\/es\/wp-content\/uploads\/sites\/7\/2026\/03\/20251207_SriLanka_04.jpg",800,500,false],"banner":["https:\/\/itftkd.sport\/es\/wp-content\/uploads\/sites\/7\/2026\/03\/20251207_SriLanka_04.jpg",800,500,false],"section":["https:\/\/itftkd.sport\/es\/wp-content\/uploads\/sites\/7\/2026\/03\/20251207_SriLanka_04.jpg",800,500,false],"full-width":["https:\/\/itftkd.sport\/es\/wp-content\/uploads\/sites\/7\/2026\/03\/20251207_SriLanka_04.jpg",800,500,false],"featured":["https:\/\/itftkd.sport\/es\/wp-content\/uploads\/sites\/7\/2026\/03\/20251207_SriLanka_04.jpg",800,500,false],"one-half":["https:\/\/itftkd.sport\/es\/wp-content\/uploads\/sites\/7\/2026\/03\/20251207_SriLanka_04-550x413.jpg",550,413,true],"one-third":["https:\/\/itftkd.sport\/es\/wp-content\/uploads\/sites\/7\/2026\/03\/20251207_SriLanka_04-350x263.jpg",350,263,true],"one-fourth":["https:\/\/itftkd.sport\/es\/wp-content\/uploads\/sites\/7\/2026\/03\/20251207_SriLanka_04-260x195.jpg",260,195,true],"tiny":["https:\/\/itftkd.sport\/es\/wp-content\/uploads\/sites\/7\/2026\/03\/20251207_SriLanka_04-80x80.jpg",80,80,true],"ab-block-post-grid-landscape":["https:\/\/itftkd.sport\/es\/wp-content\/uploads\/sites\/7\/2026\/03\/20251207_SriLanka_04-600x400.jpg",600,400,true],"ab-block-post-grid-square":["https:\/\/itftkd.sport\/es\/wp-content\/uploads\/sites\/7\/2026\/03\/20251207_SriLanka_04-600x500.jpg",600,500,true],"gform-image-choice-sm":["https:\/\/itftkd.sport\/es\/wp-content\/uploads\/sites\/7\/2026\/03\/20251207_SriLanka_04.jpg",300,188,false],"gform-image-choice-md":["https:\/\/itftkd.sport\/es\/wp-content\/uploads\/sites\/7\/2026\/03\/20251207_SriLanka_04.jpg",400,250,false],"gform-image-choice-lg":["https:\/\/itftkd.sport\/es\/wp-content\/uploads\/sites\/7\/2026\/03\/20251207_SriLanka_04.jpg",600,375,false]},"uagb_author_info":{"display_name":"ivan","author_link":"https:\/\/itftkd.sport\/es\/author\/ivan\/"},"uagb_comment_info":0,"uagb_excerpt":"El 19 de diciembre de 1976, el Maestro Deshamanya Dr. Cyril Antony introdujo el Taekwon-Do tras aprenderlo directamente del fundador del Taekwon-Do, el General Choi Hong Hi, en Canad\u00e1, y &hellip;","_links":{"self":[{"href":"https:\/\/itftkd.sport\/es\/wp-json\/wp\/v2\/posts\/37416","targetHints":{"allow":["GET"]}}],"collection":[{"href":"https:\/\/itftkd.sport\/es\/wp-json\/wp\/v2\/posts"}],"about":[{"href":"https:\/\/itftkd.sport\/es\/wp-json\/wp\/v2\/types\/post"}],"author":[{"embeddable":true,"href":"https:\/\/itftkd.sport\/es\/wp-json\/wp\/v2\/users\/10"}],"replies":[{"embeddable":true,"href":"https:\/\/itftkd.sport\/es\/wp-json\/wp\/v2\/comments?post=37416"}],"version-history":[{"count":1,"href":"https:\/\/itftkd.sport\/es\/wp-json\/wp\/v2\/posts\/37416\/revisions"}],"predecessor-version":[{"id":37418,"href":"https:\/\/itftkd.sport\/es\/wp-json\/wp\/v2\/posts\/37416\/revisions\/37418"}],"wp:featuredmedia":[{"embeddable":true,"href":"https:\/\/itftkd.sport\/es\/wp-json\/wp\/v2\/media\/37412"}],"wp:attachment":[{"href":"https:\/\/itftkd.sport\/es\/wp-json\/wp\/v2\/media?parent=37416"}],"wp:term":[{"taxonomy":"category","embeddable":true,"href":"https:\/\/itftkd.sport\/es\/wp-json\/wp\/v2\/categories?post=37416"},{"taxonomy":"post_tag","embeddable":true,"href":"https:\/\/itftkd.sport\/es\/wp-json\/wp\/v2\/tags?post=37416"}],"curies":[{"name":"wp","href":"https:\/\/api.w.org\/{rel}","templated":true}]}}