{"id":37399,"date":"2026-02-08T09:49:00","date_gmt":"2026-02-08T08:49:00","guid":{"rendered":"https:\/\/itftkd.sport\/es\/?p=37399"},"modified":"2026-03-06T17:34:32","modified_gmt":"2026-03-06T16:34:32","slug":"la-federacion-rumana-celebra-elecciones","status":"publish","type":"post","link":"https:\/\/itftkd.sport\/es\/la-federacion-rumana-celebra-elecciones\/","title":{"rendered":"La Federaci\u00f3n Rumana celebra elecciones"},"content":{"rendered":"\n<p>El 30 de enero de 2026, la Federaci\u00f3n Rumana de Taekwon-do ITF celebr\u00f3 su Asamblea General Electoral en T\u00e2rgu Mure\u0219, Ruman\u00eda, que reuni\u00f3 a representantes de clubes miembros afiliados de todo el pa\u00eds. La Asamblea se constituy\u00f3 legalmente, con la presencia de 40 miembros con derecho a voto de los 43 clubes afiliados, lo que refleja la fuerte participaci\u00f3n y compromiso dentro de la Federaci\u00f3n.<\/p>\n\n\n\n<h2 class=\"wp-block-heading\"><strong>Reelecci\u00f3n un\u00e1nime del presidente<\/strong><\/h2>\n\n\n\n<p>Un resultado clave de la Asamblea General fue la reelecci\u00f3n un\u00e1nime de Sbn Cosmin Oprescu como presidente de la Federaci\u00f3n Rumana de Taekwon-Do ITF, quien tambi\u00e9n es miembro de la Junta Directiva de la ITF. Los 40 votos emitidos fueron a favor, lo que reafirma la plena confianza de los clubes miembros en su liderazgo, visi\u00f3n y compromiso con el desarrollo del Taekwon-Do ITF en Ruman\u00eda.<\/p>\n\n\n\n<p>Este resultado supone un claro reconocimiento de los logros del mandato anterior y proporciona un s\u00f3lido mandato para la continuaci\u00f3n y ampliaci\u00f3n de proyectos estrat\u00e9gicos de cara al futuro.<\/p>\n\n\n\n<h2 class=\"wp-block-heading\"><strong>Elecci\u00f3n de la Junta Directiva<\/strong><\/h2>\n\n\n\n<p>Tras la votaci\u00f3n presidencial, se celebraron elecciones para los puestos de liderazgo restantes, lo que dio como resultado la siguiente composici\u00f3n de la Junta Directiva:<\/p>\n\n\n\n<ol start=\"1\" class=\"wp-block-list\">\n<li><strong>Presidente:<\/strong> Cosmin Oprescu<\/li>\n\n\n\n<li><strong>Vice Presidente:<\/strong> Marius Ionicescu<\/li>\n\n\n\n<li><strong>Vice Presidente:<\/strong> \u00ab <em>Vacant position at the moment \u00bb<\/em><\/li>\n\n\n\n<li><strong>Secretario General:<\/strong> Master Goron Dan Sorin Constantin<\/li>\n\n\n\n<li><strong>Director T\u00e9cnico:<\/strong> Master Mure\u0219an Alexandru<\/li>\n\n\n\n<li><strong>Secretario Federal:<\/strong> Nicolae-Cristian Popa<\/li>\n<\/ol>\n\n\n\n<p>Adem\u00e1s, los siguientes miembros fueron elegidos para completar la Junta Directiva:<\/p>\n\n\n\n<ol start=\"1\" class=\"wp-block-list\">\n<li>Lazurca Alin Romulus<\/li>\n\n\n\n<li>Matei Alecsandra Cristina<\/li>\n\n\n\n<li>Master Hondru Mihai<\/li>\n\n\n\n<li>Petre Romeo<\/li>\n\n\n\n<li>Toma \u0218tefan Liviu<\/li>\n<\/ol>\n\n\n\n<figure class=\"wp-block-image size-large\"><img loading=\"lazy\" decoding=\"async\" width=\"1024\" height=\"637\" src=\"https:\/\/itftkd.sport\/wp-content\/uploads\/sites\/7\/2026\/03\/20260130_RomaniaElections_02-1024x637.jpeg\" alt=\"\" class=\"wp-image-37397\" srcset=\"https:\/\/itftkd.sport\/es\/wp-content\/uploads\/sites\/7\/2026\/03\/20260130_RomaniaElections_02-1024x637.jpeg 1024w, https:\/\/itftkd.sport\/es\/wp-content\/uploads\/sites\/7\/2026\/03\/20260130_RomaniaElections_02-300x187.jpeg 300w, https:\/\/itftkd.sport\/es\/wp-content\/uploads\/sites\/7\/2026\/03\/20260130_RomaniaElections_02-768x478.jpeg 768w\" sizes=\"auto, (max-width: 1024px) 100vw, 1024px\" \/><\/figure>\n\n\n\n<h2 class=\"wp-block-heading\"><strong>Gratitud, confianza y responsabilidad para el futuro<\/strong><\/h2>\n\n\n\n<p>El equipo directivo reci\u00e9n elegido expres\u00f3 su profundo agradecimiento por el apoyo y la confianza demostrados por los clubes miembros. Este fuerte voto de confianza no solo confirma los logros pasados de la federaci\u00f3n, sino que tambi\u00e9n refuerza la responsabilidad asumida por la Oficina Federal de llevar a cabo proyectos ambiciosos y sostenibles destinados a fortalecer el deporte de competici\u00f3n, la educaci\u00f3n y el desarrollo organizativo en los pr\u00f3ximos a\u00f1os.<\/p>\n\n\n\n<p>La Federaci\u00f3n Rumana de Taekwon-Do ITF espera continuar con su misi\u00f3n de promover el Taekwon-Do ITF a nivel nacional e internacional, guiada por la unidad, la profesionalidad y el respeto por los valores de la disciplina.<\/p>\n\n\n\n<figure class=\"wp-block-image size-large\"><img loading=\"lazy\" decoding=\"async\" width=\"1024\" height=\"438\" src=\"https:\/\/itftkd.sport\/wp-content\/uploads\/sites\/7\/2026\/03\/20260130_RomaniaElections_03-1024x438.jpeg\" alt=\"\" class=\"wp-image-37398\" srcset=\"https:\/\/itftkd.sport\/es\/wp-content\/uploads\/sites\/7\/2026\/03\/20260130_RomaniaElections_03-1024x438.jpeg 1024w, https:\/\/itftkd.sport\/es\/wp-content\/uploads\/sites\/7\/2026\/03\/20260130_RomaniaElections_03-300x128.jpeg 300w, https:\/\/itftkd.sport\/es\/wp-content\/uploads\/sites\/7\/2026\/03\/20260130_RomaniaElections_03-768x328.jpeg 768w\" sizes=\"auto, (max-width: 1024px) 100vw, 1024px\" \/><\/figure>\n\n\n\n\n","protected":false},"excerpt":{"rendered":"<p>El 30 de enero de 2026, la Federaci\u00f3n Rumana de Taekwon-do ITF celebr\u00f3 su Asamblea General Electoral en T\u00e2rgu Mure\u0219, Ruman\u00eda, que reuni\u00f3 a representantes de clubes miembros afiliados de &hellip;<\/p>\n","protected":false},"author":10,"featured_media":37400,"comment_status":"open","ping_status":"closed","sticky":false,"template":"","format":"standard","meta":{"_tec_requires_first_save":true,"_uag_custom_page_level_css":"","_genesis_hide_title":false,"_genesis_hide_breadcrumbs":false,"_genesis_hide_singular_image":false,"_genesis_hide_footer_widgets":false,"_genesis_custom_body_class":"","_genesis_custom_post_class":"","_genesis_layout":"","_EventAllDay":false,"_EventTimezone":"","_EventStartDate":"","_EventEndDate":"","_EventStartDateUTC":"","_EventEndDateUTC":"","_EventShowMap":false,"_EventShowMapLink":false,"_EventURL":"","_EventCost":"","_EventCostDescription":"","_EventCurrencySymbol":"","_EventCurrencyCode":"","_EventCurrencyPosition":"","_EventDateTimeSeparator":"","_EventTimeRangeSeparator":"","_EventOrganizerID":[],"_EventVenueID":[],"_OrganizerEmail":"","_OrganizerPhone":"","_OrganizerWebsite":"","_VenueAddress":"","_VenueCity":"","_VenueCountry":"","_VenueProvince":"","_VenueState":"","_VenueZip":"","_VenuePhone":"","_VenueURL":"","_VenueStateProvince":"","_VenueLat":"","_VenueLng":"","_VenueShowMap":false,"_VenueShowMapLink":false,"_tribe_blocks_recurrence_rules":"","_tribe_blocks_recurrence_description":"","_tribe_blocks_recurrence_exclusions":"","editor_notices":[],"footnotes":""},"categories":[132,6],"tags":[],"class_list":["post-37399","post","type-post","status-publish","format-standard","has-post-thumbnail","category-destacadas","category-noticias-regionales","entry"],"featured_image_src":"https:\/\/itftkd.sport\/es\/wp-content\/uploads\/sites\/7\/2026\/03\/20260130_RomaniaElections_01-600x400.jpg","featured_image_src_square":"https:\/\/itftkd.sport\/es\/wp-content\/uploads\/sites\/7\/2026\/03\/20260130_RomaniaElections_01-600x600.jpg","author_info":{"display_name":"ivan","author_link":"https:\/\/itftkd.sport\/es\/author\/ivan\/"},"uagb_featured_image_src":{"full":["https:\/\/itftkd.sport\/es\/wp-content\/uploads\/sites\/7\/2026\/03\/20260130_RomaniaElections_01.jpg",800,601,false],"thumbnail":["https:\/\/itftkd.sport\/es\/wp-content\/uploads\/sites\/7\/2026\/03\/20260130_RomaniaElections_01-150x150.jpg",150,150,true],"medium":["https:\/\/itftkd.sport\/es\/wp-content\/uploads\/sites\/7\/2026\/03\/20260130_RomaniaElections_01-300x225.jpg",300,225,true],"medium_large":["https:\/\/itftkd.sport\/es\/wp-content\/uploads\/sites\/7\/2026\/03\/20260130_RomaniaElections_01-768x577.jpg",768,577,true],"large":["https:\/\/itftkd.sport\/es\/wp-content\/uploads\/sites\/7\/2026\/03\/20260130_RomaniaElections_01.jpg",800,601,false],"1536x1536":["https:\/\/itftkd.sport\/es\/wp-content\/uploads\/sites\/7\/2026\/03\/20260130_RomaniaElections_01.jpg",800,601,false],"2048x2048":["https:\/\/itftkd.sport\/es\/wp-content\/uploads\/sites\/7\/2026\/03\/20260130_RomaniaElections_01.jpg",800,601,false],"banner":["https:\/\/itftkd.sport\/es\/wp-content\/uploads\/sites\/7\/2026\/03\/20260130_RomaniaElections_01-800x533.jpg",800,533,true],"section":["https:\/\/itftkd.sport\/es\/wp-content\/uploads\/sites\/7\/2026\/03\/20260130_RomaniaElections_01.jpg",800,601,false],"full-width":["https:\/\/itftkd.sport\/es\/wp-content\/uploads\/sites\/7\/2026\/03\/20260130_RomaniaElections_01.jpg",800,601,false],"featured":["https:\/\/itftkd.sport\/es\/wp-content\/uploads\/sites\/7\/2026\/03\/20260130_RomaniaElections_01.jpg",799,600,false],"one-half":["https:\/\/itftkd.sport\/es\/wp-content\/uploads\/sites\/7\/2026\/03\/20260130_RomaniaElections_01-550x413.jpg",550,413,true],"one-third":["https:\/\/itftkd.sport\/es\/wp-content\/uploads\/sites\/7\/2026\/03\/20260130_RomaniaElections_01-350x263.jpg",350,263,true],"one-fourth":["https:\/\/itftkd.sport\/es\/wp-content\/uploads\/sites\/7\/2026\/03\/20260130_RomaniaElections_01-260x195.jpg",260,195,true],"tiny":["https:\/\/itftkd.sport\/es\/wp-content\/uploads\/sites\/7\/2026\/03\/20260130_RomaniaElections_01-80x80.jpg",80,80,true],"ab-block-post-grid-landscape":["https:\/\/itftkd.sport\/es\/wp-content\/uploads\/sites\/7\/2026\/03\/20260130_RomaniaElections_01-600x400.jpg",600,400,true],"ab-block-post-grid-square":["https:\/\/itftkd.sport\/es\/wp-content\/uploads\/sites\/7\/2026\/03\/20260130_RomaniaElections_01-600x600.jpg",600,600,true],"gform-image-choice-sm":["https:\/\/itftkd.sport\/es\/wp-content\/uploads\/sites\/7\/2026\/03\/20260130_RomaniaElections_01.jpg",300,225,false],"gform-image-choice-md":["https:\/\/itftkd.sport\/es\/wp-content\/uploads\/sites\/7\/2026\/03\/20260130_RomaniaElections_01.jpg",400,301,false],"gform-image-choice-lg":["https:\/\/itftkd.sport\/es\/wp-content\/uploads\/sites\/7\/2026\/03\/20260130_RomaniaElections_01.jpg",600,451,false]},"uagb_author_info":{"display_name":"ivan","author_link":"https:\/\/itftkd.sport\/es\/author\/ivan\/"},"uagb_comment_info":0,"uagb_excerpt":"El 30 de enero de 2026, la Federaci\u00f3n Rumana de Taekwon-do ITF celebr\u00f3 su Asamblea General Electoral en T\u00e2rgu Mure\u0219, Ruman\u00eda, que reuni\u00f3 a representantes de clubes miembros afiliados de &hellip;","_links":{"self":[{"href":"https:\/\/itftkd.sport\/es\/wp-json\/wp\/v2\/posts\/37399","targetHints":{"allow":["GET"]}}],"collection":[{"href":"https:\/\/itftkd.sport\/es\/wp-json\/wp\/v2\/posts"}],"about":[{"href":"https:\/\/itftkd.sport\/es\/wp-json\/wp\/v2\/types\/post"}],"author":[{"embeddable":true,"href":"https:\/\/itftkd.sport\/es\/wp-json\/wp\/v2\/users\/10"}],"replies":[{"embeddable":true,"href":"https:\/\/itftkd.sport\/es\/wp-json\/wp\/v2\/comments?post=37399"}],"version-history":[{"count":1,"href":"https:\/\/itftkd.sport\/es\/wp-json\/wp\/v2\/posts\/37399\/revisions"}],"predecessor-version":[{"id":37402,"href":"https:\/\/itftkd.sport\/es\/wp-json\/wp\/v2\/posts\/37399\/revisions\/37402"}],"wp:featuredmedia":[{"embeddable":true,"href":"https:\/\/itftkd.sport\/es\/wp-json\/wp\/v2\/media\/37400"}],"wp:attachment":[{"href":"https:\/\/itftkd.sport\/es\/wp-json\/wp\/v2\/media?parent=37399"}],"wp:term":[{"taxonomy":"category","embeddable":true,"href":"https:\/\/itftkd.sport\/es\/wp-json\/wp\/v2\/categories?post=37399"},{"taxonomy":"post_tag","embeddable":true,"href":"https:\/\/itftkd.sport\/es\/wp-json\/wp\/v2\/tags?post=37399"}],"curies":[{"name":"wp","href":"https:\/\/api.w.org\/{rel}","templated":true}]}}