{"id":37320,"date":"2026-02-09T00:42:00","date_gmt":"2026-02-08T23:42:00","guid":{"rendered":"https:\/\/itftkd.sport\/es\/?p=37320"},"modified":"2026-02-09T00:45:39","modified_gmt":"2026-02-08T23:45:39","slug":"iic-191-camaguey-cuba","status":"publish","type":"post","link":"https:\/\/itftkd.sport\/es\/iic-191-camaguey-cuba\/","title":{"rendered":"IIC 191 Camag\u00fcey, Cuba"},"content":{"rendered":"\n<p>Los d\u00edas 6, 7 y 8 de febrero, en la ciudad de Camag\u00fcey, Cuba, fue impartido el Curso Internacional de Instructores IIC 191, a cargo del Gran Maestro H\u00e9ctor Marano, Jefe del Comit\u00e9 T\u00e9cnico de la Federaci\u00f3n Internacional de TaeKwon-Do ITF.<\/p>\n\n\n<div class=\"wp-block-image\">\n<figure class=\"aligncenter size-large\"><a href=\"https:\/\/itftkd.sport\/es\/wp-content\/uploads\/sites\/7\/2026\/02\/IIC-Cuba-2026-foto-grupal.jpeg\" target=\"_blank\" rel=\" noreferrer noopener\"><img loading=\"lazy\" decoding=\"async\" width=\"1024\" height=\"562\" src=\"https:\/\/itftkd.sport\/es\/wp-content\/uploads\/sites\/7\/2026\/02\/IIC-Cuba-2026-foto-grupal-1024x562.jpeg\" alt=\"IIC Cuba 2026 foto grupal\" class=\"wp-image-37325\" srcset=\"https:\/\/itftkd.sport\/es\/wp-content\/uploads\/sites\/7\/2026\/02\/IIC-Cuba-2026-foto-grupal-1024x562.jpeg 1024w, https:\/\/itftkd.sport\/es\/wp-content\/uploads\/sites\/7\/2026\/02\/IIC-Cuba-2026-foto-grupal-300x165.jpeg 300w, https:\/\/itftkd.sport\/es\/wp-content\/uploads\/sites\/7\/2026\/02\/IIC-Cuba-2026-foto-grupal-768x421.jpeg 768w\" sizes=\"auto, (max-width: 1024px) 100vw, 1024px\" \/><\/a><\/figure>\n<\/div>\n\n\n<p>Para este importante evento se dieron cita 35 participantes, provenientes de Santiago de Cuba, La Habana, Camag\u00fcey, Puerto Rico, Rep\u00fablica Dominicana y Hait\u00ed, consolidando un espacio de alto nivel t\u00e9cnico y de integraci\u00f3n regional.<\/p>\n\n\n\n<p>Este curso cont\u00f3 con el apoyo local del Instituto Nacional de Deporte, Educaci\u00f3n F\u00edsica y Recreaci\u00f3n (INDER) y de la Asociaci\u00f3n Cubana de Artes Marciales (ACAM), as\u00ed como con el respaldo internacional de la Federaci\u00f3n Internacional de TaeKwon-Do (ITF).<\/p>\n\n\n\n<p>El d\u00eda viernes se realiz\u00f3 un c\u00e1lido recibimiento por parte de las autoridades gubernamentales locales, junto a los representantes provinciales del INDER y de la ACAM.<\/p>\n\n\n\n<p>Durante todo el fin de semana se trabajaron de manera intensiva los contenidos t\u00e9cnicos correspondientes a:<br>\u2022 Formas<br>\u2022 Combates a tres, dos y un paso<br>\u2022 Combate libre<br>\u2022 Defensas personales<br>\u2022 Aspectos hist\u00f3ricos y filos\u00f3ficos del TaeKwon-Do<\/p>\n\n\n\n<p><strong>Viernes<\/strong><\/p>\n\n\n\n<p>Se dio inicio a la primera parte del curso, abordando las formas desde Chon-Ji hasta Choom-Moo, adem\u00e1s de los ejercicios de combate a tres, dos y un paso.<\/p>\n\n\n\n<p><strong>S\u00e1bado<\/strong><\/p>\n\n\n\n<p>Se trabajaron las formas correspondientes desde primer dan hasta tercer dan, as\u00ed como t\u00e9cnicas de combate deportivo, impartidas por el Sabum Jos\u00e9 Bol\u00edvar Garc\u00eda, adem\u00e1s de un repaso general dirigido a los cinturones rojos y primeros dan.<\/p>\n\n\n\n<p><strong>Domingo<\/strong><\/p>\n\n\n\n<p>Se inici\u00f3 la jornada con una valiosa sesi\u00f3n de preguntas y respuestas, dirigida por el Gran Maestro H\u00e9ctor Marano, enfocada en la historia y la filosof\u00eda del TaeKwon-Do.<\/p>\n\n\n\n<p>Posteriormente se desarrollaron las formas correspondientes de cuarto a sexto dan, culminando el programa con una sesi\u00f3n de defensa personal, impartida por el Maestro Gato Gato.<\/p>\n\n\n\n<p>El Curso Internacional de Instructores IIC 191 constituy\u00f3 un gran \u00e9xito para Cuba y para toda la regi\u00f3n del Caribe. Deseamos expresar nuestro m\u00e1s sincero agradecimiento al Gran Maestro H\u00e9ctor Marano por compartir sus conocimientos con tanta entrega y pasi\u00f3n, as\u00ed como por transmitirnos los distintos enfoques t\u00e9cnicos, hist\u00f3ricos y filos\u00f3ficos de nuestro amado arte marcial.<\/p>\n\n\n\n<p>Agradecemos igualmente el respaldo brindado por la ITF y reiteramos nuestro compromiso con el desarrollo y fortalecimiento del TaeKwon-Do ITF en nuestra isla.<\/p>\n\n\n\n<p>Muchas gracias.<\/p>\n\n\n\n<p><em>Sabum Pedro Rodr\u00edguez<br>Presidente Organizaci\u00f3n TaeKwon-Do ITF<\/em><\/p>\n\n\n\n<figure class=\"wp-block-gallery has-nested-images columns-2 is-cropped wp-block-gallery-1 is-layout-flex wp-block-gallery-is-layout-flex\">\n<figure class=\"wp-block-image size-large\"><a href=\"https:\/\/itftkd.sport\/es\/wp-content\/uploads\/sites\/7\/2026\/02\/IIC-Cuba-2026-GM-Marano.jpeg\" target=\"_blank\"><img loading=\"lazy\" decoding=\"async\" width=\"870\" height=\"1024\" data-id=\"37329\" src=\"https:\/\/itftkd.sport\/es\/wp-content\/uploads\/sites\/7\/2026\/02\/IIC-Cuba-2026-GM-Marano-870x1024.jpeg\" alt=\"\" class=\"wp-image-37329\" srcset=\"https:\/\/itftkd.sport\/es\/wp-content\/uploads\/sites\/7\/2026\/02\/IIC-Cuba-2026-GM-Marano-870x1024.jpeg 870w, https:\/\/itftkd.sport\/es\/wp-content\/uploads\/sites\/7\/2026\/02\/IIC-Cuba-2026-GM-Marano-255x300.jpeg 255w, https:\/\/itftkd.sport\/es\/wp-content\/uploads\/sites\/7\/2026\/02\/IIC-Cuba-2026-GM-Marano-768x904.jpeg 768w\" sizes=\"auto, (max-width: 870px) 100vw, 870px\" \/><\/a><\/figure>\n\n\n\n<figure class=\"wp-block-image size-large\"><a href=\"https:\/\/itftkd.sport\/es\/wp-content\/uploads\/sites\/7\/2026\/02\/IIC-Cuba-2026-M-Gato-1.jpeg\" target=\"_blank\"><img loading=\"lazy\" decoding=\"async\" width=\"888\" height=\"1024\" data-id=\"37330\" src=\"https:\/\/itftkd.sport\/es\/wp-content\/uploads\/sites\/7\/2026\/02\/IIC-Cuba-2026-M-Gato-1-888x1024.jpeg\" alt=\"\" class=\"wp-image-37330\" srcset=\"https:\/\/itftkd.sport\/es\/wp-content\/uploads\/sites\/7\/2026\/02\/IIC-Cuba-2026-M-Gato-1-888x1024.jpeg 888w, https:\/\/itftkd.sport\/es\/wp-content\/uploads\/sites\/7\/2026\/02\/IIC-Cuba-2026-M-Gato-1-260x300.jpeg 260w, https:\/\/itftkd.sport\/es\/wp-content\/uploads\/sites\/7\/2026\/02\/IIC-Cuba-2026-M-Gato-1-768x885.jpeg 768w\" sizes=\"auto, (max-width: 888px) 100vw, 888px\" \/><\/a><\/figure>\n\n\n\n<figure class=\"wp-block-image size-large\"><a href=\"https:\/\/itftkd.sport\/es\/wp-content\/uploads\/sites\/7\/2026\/02\/IIC-Cuba-2026-GM-Marano-3.jpeg\" target=\"_blank\"><img loading=\"lazy\" decoding=\"async\" width=\"1024\" height=\"405\" data-id=\"37328\" src=\"https:\/\/itftkd.sport\/es\/wp-content\/uploads\/sites\/7\/2026\/02\/IIC-Cuba-2026-GM-Marano-3-1024x405.jpeg\" alt=\"\" class=\"wp-image-37328\" srcset=\"https:\/\/itftkd.sport\/es\/wp-content\/uploads\/sites\/7\/2026\/02\/IIC-Cuba-2026-GM-Marano-3-1024x405.jpeg 1024w, https:\/\/itftkd.sport\/es\/wp-content\/uploads\/sites\/7\/2026\/02\/IIC-Cuba-2026-GM-Marano-3-300x119.jpeg 300w, https:\/\/itftkd.sport\/es\/wp-content\/uploads\/sites\/7\/2026\/02\/IIC-Cuba-2026-GM-Marano-3-768x304.jpeg 768w\" sizes=\"auto, (max-width: 1024px) 100vw, 1024px\" \/><\/a><\/figure>\n\n\n\n<figure class=\"wp-block-image size-large\"><a href=\"https:\/\/itftkd.sport\/es\/wp-content\/uploads\/sites\/7\/2026\/02\/IIC-Cuba-2026-GM-Marano-2.jpeg\" target=\"_blank\"><img loading=\"lazy\" decoding=\"async\" width=\"1024\" height=\"931\" data-id=\"37327\" src=\"https:\/\/itftkd.sport\/es\/wp-content\/uploads\/sites\/7\/2026\/02\/IIC-Cuba-2026-GM-Marano-2-1024x931.jpeg\" alt=\"\" class=\"wp-image-37327\" srcset=\"https:\/\/itftkd.sport\/es\/wp-content\/uploads\/sites\/7\/2026\/02\/IIC-Cuba-2026-GM-Marano-2-1024x931.jpeg 1024w, https:\/\/itftkd.sport\/es\/wp-content\/uploads\/sites\/7\/2026\/02\/IIC-Cuba-2026-GM-Marano-2-300x273.jpeg 300w, https:\/\/itftkd.sport\/es\/wp-content\/uploads\/sites\/7\/2026\/02\/IIC-Cuba-2026-GM-Marano-2-768x698.jpeg 768w\" sizes=\"auto, (max-width: 1024px) 100vw, 1024px\" \/><\/a><\/figure>\n\n\n\n<figure class=\"wp-block-image size-large\"><a href=\"https:\/\/itftkd.sport\/es\/wp-content\/uploads\/sites\/7\/2026\/02\/IIC-Cuba-2026-GM-Marano-1.jpeg\" target=\"_blank\"><img loading=\"lazy\" decoding=\"async\" width=\"1024\" height=\"918\" data-id=\"37326\" src=\"https:\/\/itftkd.sport\/es\/wp-content\/uploads\/sites\/7\/2026\/02\/IIC-Cuba-2026-GM-Marano-1-1024x918.jpeg\" alt=\"\" class=\"wp-image-37326\" srcset=\"https:\/\/itftkd.sport\/es\/wp-content\/uploads\/sites\/7\/2026\/02\/IIC-Cuba-2026-GM-Marano-1-1024x918.jpeg 1024w, https:\/\/itftkd.sport\/es\/wp-content\/uploads\/sites\/7\/2026\/02\/IIC-Cuba-2026-GM-Marano-1-300x269.jpeg 300w, https:\/\/itftkd.sport\/es\/wp-content\/uploads\/sites\/7\/2026\/02\/IIC-Cuba-2026-GM-Marano-1-768x689.jpeg 768w\" sizes=\"auto, (max-width: 1024px) 100vw, 1024px\" \/><\/a><\/figure>\n\n\n\n<figure class=\"wp-block-image size-large\"><a href=\"https:\/\/itftkd.sport\/es\/wp-content\/uploads\/sites\/7\/2026\/02\/IIC-Cuba-2026-Charla-final.jpeg\" target=\"_blank\"><img loading=\"lazy\" decoding=\"async\" width=\"1024\" height=\"534\" data-id=\"37324\" src=\"https:\/\/itftkd.sport\/es\/wp-content\/uploads\/sites\/7\/2026\/02\/IIC-Cuba-2026-Charla-final-1024x534.jpeg\" alt=\"\" class=\"wp-image-37324\" srcset=\"https:\/\/itftkd.sport\/es\/wp-content\/uploads\/sites\/7\/2026\/02\/IIC-Cuba-2026-Charla-final-1024x534.jpeg 1024w, https:\/\/itftkd.sport\/es\/wp-content\/uploads\/sites\/7\/2026\/02\/IIC-Cuba-2026-Charla-final-300x157.jpeg 300w, https:\/\/itftkd.sport\/es\/wp-content\/uploads\/sites\/7\/2026\/02\/IIC-Cuba-2026-Charla-final-768x401.jpeg 768w\" sizes=\"auto, (max-width: 1024px) 100vw, 1024px\" \/><\/a><\/figure>\n\n\n\n<figure class=\"wp-block-image size-large\"><a href=\"https:\/\/itftkd.sport\/es\/wp-content\/uploads\/sites\/7\/2026\/02\/IIC-Cuba-2026-Chagi.jpeg\" target=\"_blank\"><img loading=\"lazy\" decoding=\"async\" width=\"1024\" height=\"774\" data-id=\"37323\" src=\"https:\/\/itftkd.sport\/es\/wp-content\/uploads\/sites\/7\/2026\/02\/IIC-Cuba-2026-Chagi-1024x774.jpeg\" alt=\"\" class=\"wp-image-37323\" srcset=\"https:\/\/itftkd.sport\/es\/wp-content\/uploads\/sites\/7\/2026\/02\/IIC-Cuba-2026-Chagi-1024x774.jpeg 1024w, https:\/\/itftkd.sport\/es\/wp-content\/uploads\/sites\/7\/2026\/02\/IIC-Cuba-2026-Chagi-300x227.jpeg 300w, https:\/\/itftkd.sport\/es\/wp-content\/uploads\/sites\/7\/2026\/02\/IIC-Cuba-2026-Chagi-768x581.jpeg 768w\" sizes=\"auto, (max-width: 1024px) 100vw, 1024px\" \/><\/a><\/figure>\n\n\n\n<figure class=\"wp-block-image size-large\"><a href=\"https:\/\/itftkd.sport\/es\/wp-content\/uploads\/sites\/7\/2026\/02\/IIC-Cuba-2026-Bolivar-Garcia.jpeg\" target=\"_blank\"><img loading=\"lazy\" decoding=\"async\" width=\"1024\" height=\"916\" data-id=\"37322\" src=\"https:\/\/itftkd.sport\/es\/wp-content\/uploads\/sites\/7\/2026\/02\/IIC-Cuba-2026-Bolivar-Garcia-1024x916.jpeg\" alt=\"\" class=\"wp-image-37322\" srcset=\"https:\/\/itftkd.sport\/es\/wp-content\/uploads\/sites\/7\/2026\/02\/IIC-Cuba-2026-Bolivar-Garcia-1024x916.jpeg 1024w, https:\/\/itftkd.sport\/es\/wp-content\/uploads\/sites\/7\/2026\/02\/IIC-Cuba-2026-Bolivar-Garcia-300x269.jpeg 300w, https:\/\/itftkd.sport\/es\/wp-content\/uploads\/sites\/7\/2026\/02\/IIC-Cuba-2026-Bolivar-Garcia-768x687.jpeg 768w\" sizes=\"auto, (max-width: 1024px) 100vw, 1024px\" \/><\/a><\/figure>\n\n\n\n<figure class=\"wp-block-image size-large\"><a href=\"https:\/\/itftkd.sport\/es\/wp-content\/uploads\/sites\/7\/2026\/02\/IIC-Cuba-2026-autoridades.jpeg\" target=\"_blank\"><img loading=\"lazy\" decoding=\"async\" width=\"1024\" height=\"755\" data-id=\"37321\" src=\"https:\/\/itftkd.sport\/es\/wp-content\/uploads\/sites\/7\/2026\/02\/IIC-Cuba-2026-autoridades-1024x755.jpeg\" alt=\"\" class=\"wp-image-37321\" srcset=\"https:\/\/itftkd.sport\/es\/wp-content\/uploads\/sites\/7\/2026\/02\/IIC-Cuba-2026-autoridades-1024x755.jpeg 1024w, https:\/\/itftkd.sport\/es\/wp-content\/uploads\/sites\/7\/2026\/02\/IIC-Cuba-2026-autoridades-300x221.jpeg 300w, https:\/\/itftkd.sport\/es\/wp-content\/uploads\/sites\/7\/2026\/02\/IIC-Cuba-2026-autoridades-768x566.jpeg 768w\" sizes=\"auto, (max-width: 1024px) 100vw, 1024px\" \/><\/a><\/figure>\n<\/figure>\n","protected":false},"excerpt":{"rendered":"<p>Los d\u00edas 6, 7 y 8 de febrero, en la ciudad de Camag\u00fcey, Cuba, fue impartido el Curso Internacional de Instructores IIC 191, a cargo del Gran Maestro H\u00e9ctor Marano, &hellip;<\/p>\n","protected":false},"author":4,"featured_media":32435,"comment_status":"open","ping_status":"open","sticky":false,"template":"","format":"standard","meta":{"_tec_requires_first_save":true,"_uag_custom_page_level_css":"","_genesis_hide_title":false,"_genesis_hide_breadcrumbs":false,"_genesis_hide_singular_image":false,"_genesis_hide_footer_widgets":false,"_genesis_custom_body_class":"","_genesis_custom_post_class":"","_genesis_layout":"","_EventAllDay":false,"_EventTimezone":"","_EventStartDate":"","_EventEndDate":"","_EventStartDateUTC":"","_EventEndDateUTC":"","_EventShowMap":false,"_EventShowMapLink":false,"_EventURL":"","_EventCost":"","_EventCostDescription":"","_EventCurrencySymbol":"","_EventCurrencyCode":"","_EventCurrencyPosition":"","_EventDateTimeSeparator":"","_EventTimeRangeSeparator":"","_EventOrganizerID":[],"_EventVenueID":[],"_OrganizerEmail":"","_OrganizerPhone":"","_OrganizerWebsite":"","_VenueAddress":"","_VenueCity":"","_VenueCountry":"","_VenueProvince":"","_VenueState":"","_VenueZip":"","_VenuePhone":"","_VenueURL":"","_VenueStateProvince":"","_VenueLat":"","_VenueLng":"","_VenueShowMap":false,"_VenueShowMapLink":false,"_tribe_blocks_recurrence_rules":"","_tribe_blocks_recurrence_description":"","_tribe_blocks_recurrence_exclusions":"","editor_notices":[],"footnotes":""},"categories":[132,131,130],"tags":[],"class_list":["post-37320","post","type-post","status-publish","format-standard","has-post-thumbnail","category-destacadas","category-noticias-institucionales","category-ultimas-noticias","entry"],"featured_image_src":"https:\/\/itftkd.sport\/es\/wp-content\/uploads\/sites\/7\/2025\/06\/Featured-IIC-Higlight-Reporte-800x600-1-600x400.jpg","featured_image_src_square":"https:\/\/itftkd.sport\/es\/wp-content\/uploads\/sites\/7\/2025\/06\/Featured-IIC-Higlight-Reporte-800x600-1-600x600.jpg","author_info":{"display_name":"FABIAN ITF","author_link":"https:\/\/itftkd.sport\/es\/author\/fabian-itf\/"},"uagb_featured_image_src":{"full":["https:\/\/itftkd.sport\/es\/wp-content\/uploads\/sites\/7\/2025\/06\/Featured-IIC-Higlight-Reporte-800x600-1.jpg",800,600,false],"thumbnail":["https:\/\/itftkd.sport\/es\/wp-content\/uploads\/sites\/7\/2025\/06\/Featured-IIC-Higlight-Reporte-800x600-1-150x150.jpg",150,150,true],"medium":["https:\/\/itftkd.sport\/es\/wp-content\/uploads\/sites\/7\/2025\/06\/Featured-IIC-Higlight-Reporte-800x600-1-300x225.jpg",300,225,true],"medium_large":["https:\/\/itftkd.sport\/es\/wp-content\/uploads\/sites\/7\/2025\/06\/Featured-IIC-Higlight-Reporte-800x600-1-768x576.jpg",768,576,true],"large":["https:\/\/itftkd.sport\/es\/wp-content\/uploads\/sites\/7\/2025\/06\/Featured-IIC-Higlight-Reporte-800x600-1.jpg",800,600,false],"1536x1536":["https:\/\/itftkd.sport\/es\/wp-content\/uploads\/sites\/7\/2025\/06\/Featured-IIC-Higlight-Reporte-800x600-1.jpg",800,600,false],"2048x2048":["https:\/\/itftkd.sport\/es\/wp-content\/uploads\/sites\/7\/2025\/06\/Featured-IIC-Higlight-Reporte-800x600-1.jpg",800,600,false],"banner":["https:\/\/itftkd.sport\/es\/wp-content\/uploads\/sites\/7\/2025\/06\/Featured-IIC-Higlight-Reporte-800x600-1-800x533.jpg",800,533,true],"section":["https:\/\/itftkd.sport\/es\/wp-content\/uploads\/sites\/7\/2025\/06\/Featured-IIC-Higlight-Reporte-800x600-1.jpg",800,600,false],"full-width":["https:\/\/itftkd.sport\/es\/wp-content\/uploads\/sites\/7\/2025\/06\/Featured-IIC-Higlight-Reporte-800x600-1.jpg",800,600,false],"featured":["https:\/\/itftkd.sport\/es\/wp-content\/uploads\/sites\/7\/2025\/06\/Featured-IIC-Higlight-Reporte-800x600-1.jpg",800,600,false],"one-half":["https:\/\/itftkd.sport\/es\/wp-content\/uploads\/sites\/7\/2025\/06\/Featured-IIC-Higlight-Reporte-800x600-1-550x413.jpg",550,413,true],"one-third":["https:\/\/itftkd.sport\/es\/wp-content\/uploads\/sites\/7\/2025\/06\/Featured-IIC-Higlight-Reporte-800x600-1-350x263.jpg",350,263,true],"one-fourth":["https:\/\/itftkd.sport\/es\/wp-content\/uploads\/sites\/7\/2025\/06\/Featured-IIC-Higlight-Reporte-800x600-1-260x195.jpg",260,195,true],"tiny":["https:\/\/itftkd.sport\/es\/wp-content\/uploads\/sites\/7\/2025\/06\/Featured-IIC-Higlight-Reporte-800x600-1-80x80.jpg",80,80,true],"ab-block-post-grid-landscape":["https:\/\/itftkd.sport\/es\/wp-content\/uploads\/sites\/7\/2025\/06\/Featured-IIC-Higlight-Reporte-800x600-1-600x400.jpg",600,400,true],"ab-block-post-grid-square":["https:\/\/itftkd.sport\/es\/wp-content\/uploads\/sites\/7\/2025\/06\/Featured-IIC-Higlight-Reporte-800x600-1-600x600.jpg",600,600,true],"gform-image-choice-sm":["https:\/\/itftkd.sport\/es\/wp-content\/uploads\/sites\/7\/2025\/06\/Featured-IIC-Higlight-Reporte-800x600-1.jpg",300,225,false],"gform-image-choice-md":["https:\/\/itftkd.sport\/es\/wp-content\/uploads\/sites\/7\/2025\/06\/Featured-IIC-Higlight-Reporte-800x600-1.jpg",400,300,false],"gform-image-choice-lg":["https:\/\/itftkd.sport\/es\/wp-content\/uploads\/sites\/7\/2025\/06\/Featured-IIC-Higlight-Reporte-800x600-1.jpg",600,450,false]},"uagb_author_info":{"display_name":"FABIAN ITF","author_link":"https:\/\/itftkd.sport\/es\/author\/fabian-itf\/"},"uagb_comment_info":0,"uagb_excerpt":"Los d\u00edas 6, 7 y 8 de febrero, en la ciudad de Camag\u00fcey, Cuba, fue impartido el Curso Internacional de Instructores IIC 191, a cargo del Gran Maestro H\u00e9ctor Marano, &hellip;","_links":{"self":[{"href":"https:\/\/itftkd.sport\/es\/wp-json\/wp\/v2\/posts\/37320","targetHints":{"allow":["GET"]}}],"collection":[{"href":"https:\/\/itftkd.sport\/es\/wp-json\/wp\/v2\/posts"}],"about":[{"href":"https:\/\/itftkd.sport\/es\/wp-json\/wp\/v2\/types\/post"}],"author":[{"embeddable":true,"href":"https:\/\/itftkd.sport\/es\/wp-json\/wp\/v2\/users\/4"}],"replies":[{"embeddable":true,"href":"https:\/\/itftkd.sport\/es\/wp-json\/wp\/v2\/comments?post=37320"}],"version-history":[{"count":2,"href":"https:\/\/itftkd.sport\/es\/wp-json\/wp\/v2\/posts\/37320\/revisions"}],"predecessor-version":[{"id":37332,"href":"https:\/\/itftkd.sport\/es\/wp-json\/wp\/v2\/posts\/37320\/revisions\/37332"}],"wp:featuredmedia":[{"embeddable":true,"href":"https:\/\/itftkd.sport\/es\/wp-json\/wp\/v2\/media\/32435"}],"wp:attachment":[{"href":"https:\/\/itftkd.sport\/es\/wp-json\/wp\/v2\/media?parent=37320"}],"wp:term":[{"taxonomy":"category","embeddable":true,"href":"https:\/\/itftkd.sport\/es\/wp-json\/wp\/v2\/categories?post=37320"},{"taxonomy":"post_tag","embeddable":true,"href":"https:\/\/itftkd.sport\/es\/wp-json\/wp\/v2\/tags?post=37320"}],"curies":[{"name":"wp","href":"https:\/\/api.w.org\/{rel}","templated":true}]}}