{"id":37275,"date":"2026-01-30T12:43:44","date_gmt":"2026-01-30T11:43:44","guid":{"rendered":"https:\/\/itftkd.sport\/es\/?p=37275"},"modified":"2026-01-30T12:43:46","modified_gmt":"2026-01-30T11:43:46","slug":"special-online-international-instructor-course-for-ukraine","status":"publish","type":"post","link":"https:\/\/itftkd.sport\/es\/special-online-international-instructor-course-for-ukraine\/","title":{"rendered":"IIC Especial en L\u00ednea para Ucrania"},"content":{"rendered":"\n<p>La ITF ha concluido con \u00e9xito un <strong>Curso Internacional de Instructores (IIC) especial para Ucrania<\/strong>, realizado en l\u00ednea a trav\u00e9s de Zoom bajo circunstancias extraordinarias. Originalmente previsto para celebrarse en Ivano-Frankivsk, Ucrania, el curso fue trasladado al formato en l\u00ednea debido a la guerra en curso, convirti\u00e9ndose en el segundo IIC en l\u00ednea en la historia de la ITF, despu\u00e9s de la edici\u00f3n excepcional realizada durante la pandemia de COVID-19. Dado que el IIC debe mantener su naturaleza pedag\u00f3gica efectiva a trav\u00e9s de cursos presenciales, este IIC estuvo abierto exclusivamente a miembros de la comunidad ITF de Ucrania.<\/p>\n\n\n\n<p>El curso fue inaugurado oficialmente por el Presidente de la ITF, GM Paul Weiler, quien dio la bienvenida a todos los participantes y expres\u00f3 el pleno apoyo de la Federaci\u00f3n a la comunidad ITF de Ucrania. Junto a \u00e9l, el GM Hector Marano, Presidente del Comit\u00e9 T\u00e9cnico y de Instrucci\u00f3n de la ITF, dirigi\u00f3 unas palabras de aliento a los instructores, subrayando la importancia de la formaci\u00f3n continua, la unidad y el mantenimiento de los est\u00e1ndares t\u00e9cnicos incluso en los momentos m\u00e1s dif\u00edciles.<\/p>\n\n\n\n<figure class=\"wp-block-gallery has-nested-images columns-default wp-block-gallery-1 is-layout-flex wp-block-gallery-is-layout-flex\">\n<figure class=\"wp-block-image size-large\"><img loading=\"lazy\" decoding=\"async\" width=\"800\" height=\"600\" data-id=\"37276\" src=\"https:\/\/itftkd.sport\/es\/wp-content\/uploads\/sites\/7\/2026\/01\/20260117_IIC_Ukraine_01.jpg\" alt=\"\" class=\"wp-image-37276\" srcset=\"https:\/\/itftkd.sport\/es\/wp-content\/uploads\/sites\/7\/2026\/01\/20260117_IIC_Ukraine_01.jpg 800w, https:\/\/itftkd.sport\/es\/wp-content\/uploads\/sites\/7\/2026\/01\/20260117_IIC_Ukraine_01-300x225.jpg 300w, https:\/\/itftkd.sport\/es\/wp-content\/uploads\/sites\/7\/2026\/01\/20260117_IIC_Ukraine_01-768x576.jpg 768w, https:\/\/itftkd.sport\/es\/wp-content\/uploads\/sites\/7\/2026\/01\/20260117_IIC_Ukraine_01-550x413.jpg 550w, https:\/\/itftkd.sport\/es\/wp-content\/uploads\/sites\/7\/2026\/01\/20260117_IIC_Ukraine_01-350x263.jpg 350w, https:\/\/itftkd.sport\/es\/wp-content\/uploads\/sites\/7\/2026\/01\/20260117_IIC_Ukraine_01-260x195.jpg 260w\" sizes=\"auto, (max-width: 800px) 100vw, 800px\" \/><\/figure>\n\n\n\n<figure class=\"wp-block-image size-large\"><img loading=\"lazy\" decoding=\"async\" width=\"800\" height=\"600\" data-id=\"37277\" src=\"https:\/\/itftkd.sport\/es\/wp-content\/uploads\/sites\/7\/2026\/01\/20260117_IIC_Ukraine_02.jpg\" alt=\"\" class=\"wp-image-37277\" srcset=\"https:\/\/itftkd.sport\/es\/wp-content\/uploads\/sites\/7\/2026\/01\/20260117_IIC_Ukraine_02.jpg 800w, https:\/\/itftkd.sport\/es\/wp-content\/uploads\/sites\/7\/2026\/01\/20260117_IIC_Ukraine_02-300x225.jpg 300w, https:\/\/itftkd.sport\/es\/wp-content\/uploads\/sites\/7\/2026\/01\/20260117_IIC_Ukraine_02-768x576.jpg 768w, https:\/\/itftkd.sport\/es\/wp-content\/uploads\/sites\/7\/2026\/01\/20260117_IIC_Ukraine_02-550x413.jpg 550w, https:\/\/itftkd.sport\/es\/wp-content\/uploads\/sites\/7\/2026\/01\/20260117_IIC_Ukraine_02-350x263.jpg 350w, https:\/\/itftkd.sport\/es\/wp-content\/uploads\/sites\/7\/2026\/01\/20260117_IIC_Ukraine_02-260x195.jpg 260w\" sizes=\"auto, (max-width: 800px) 100vw, 800px\" \/><\/figure>\n<\/figure>\n\n\n\n<h3 class=\"wp-block-heading\">Participaci\u00f3n Marcada por la Resiliencia y el Compromiso<\/h3>\n\n\n\n<p>Un total de 120 instructores ucranianos participaron en el seminario. Desde la primera sesi\u00f3n, fue evidente un alto nivel de compromiso, disciplina y profesionalismo.<\/p>\n\n\n\n<p>La importancia de este logro se vio reforzada por el hecho de que, en el primer d\u00eda del curso, la regi\u00f3n y la ciudad de J\u00e1rkov, en Ucrania, fueron objeto de una nueva ola de ataques masivos con misiles, acompa\u00f1ados de cortes de energ\u00eda generalizados. A pesar de estas duras realidades, los participantes se mantuvieron firmes en su determinaci\u00f3n de asistir a las sesiones, continuar su formaci\u00f3n y mejorar sus cualificaciones. El segundo d\u00eda, las dificultades estuvieron relacionadas principalmente con los cortes de electricidad que afectaron la calefacci\u00f3n: en muchas regiones de Ucrania, las temperaturas durante la noche descendieron por debajo de los \u201320 \u00b0C y, en algunos lugares, durante el d\u00eda apenas superaron los \u201310 \u00b0C. Como consecuencia, varios grupos solicitaron especialmente elementos activos dentro de este IIC en l\u00ednea para ayudar a calentar a los participantes, as\u00ed como gimnasios y hogares.<\/p>\n\n\n\n<p>La presencia de los instructores en l\u00ednea bajo tales condiciones fue una poderosa demostraci\u00f3n de resiliencia, responsabilidad y dedicaci\u00f3n inquebrantable al Taekwon-Do.<\/p>\n\n\n\n<figure class=\"wp-block-gallery has-nested-images columns-1 wp-block-gallery-2 is-layout-flex wp-block-gallery-is-layout-flex\">\n<figure class=\"wp-block-image size-large\"><img loading=\"lazy\" decoding=\"async\" width=\"1024\" height=\"289\" data-id=\"37278\" src=\"https:\/\/itftkd.sport\/es\/wp-content\/uploads\/sites\/7\/2026\/01\/20260117_IIC_Ukraine_03-1024x289.jpg\" alt=\"\" class=\"wp-image-37278\" srcset=\"https:\/\/itftkd.sport\/es\/wp-content\/uploads\/sites\/7\/2026\/01\/20260117_IIC_Ukraine_03-1024x289.jpg 1024w, https:\/\/itftkd.sport\/es\/wp-content\/uploads\/sites\/7\/2026\/01\/20260117_IIC_Ukraine_03-300x85.jpg 300w, https:\/\/itftkd.sport\/es\/wp-content\/uploads\/sites\/7\/2026\/01\/20260117_IIC_Ukraine_03-768x217.jpg 768w\" sizes=\"auto, (max-width: 1024px) 100vw, 1024px\" \/><\/figure>\n\n\n\n<figure class=\"wp-block-image size-large\"><img loading=\"lazy\" decoding=\"async\" width=\"1024\" height=\"293\" data-id=\"37279\" src=\"https:\/\/itftkd.sport\/es\/wp-content\/uploads\/sites\/7\/2026\/01\/20260117_IIC_Ukraine_04-1024x293.jpg\" alt=\"\" class=\"wp-image-37279\" srcset=\"https:\/\/itftkd.sport\/es\/wp-content\/uploads\/sites\/7\/2026\/01\/20260117_IIC_Ukraine_04-1024x293.jpg 1024w, https:\/\/itftkd.sport\/es\/wp-content\/uploads\/sites\/7\/2026\/01\/20260117_IIC_Ukraine_04-300x86.jpg 300w, https:\/\/itftkd.sport\/es\/wp-content\/uploads\/sites\/7\/2026\/01\/20260117_IIC_Ukraine_04-768x220.jpg 768w\" sizes=\"auto, (max-width: 1024px) 100vw, 1024px\" \/><\/figure>\n<\/figure>\n\n\n\n<h2 class=\"wp-block-heading\">Instrucci\u00f3n de Alto Nivel y Programa Estructurado<\/h2>\n\n\n\n<p>El curso de dos d\u00edas ofreci\u00f3 un programa completo y bien estructurado, adaptado a instructores de diferentes grados. La instrucci\u00f3n estuvo a cargo del GM Jerzy Jedut y del GM Pierre Laquerre, cuya experiencia y claridad garantizaron tanto profundidad t\u00e9cnica como accesibilidad para todos los participantes.<\/p>\n\n\n\n<p>A lo largo del fin de semana, el programa incluy\u00f3 patrones fundamentales y avanzados, combate y combate preestablecido, defensa personal y requisitos t\u00e9cnicos espec\u00edficos por grado. Las sesiones permitieron a los instructores profundizar su comprensi\u00f3n, intercambiar conocimientos y mantenerse conectados con los est\u00e1ndares internacionales de la ITF, a pesar de la distancia f\u00edsica.<\/p>\n\n\n\n<figure class=\"wp-block-image size-large\"><img loading=\"lazy\" decoding=\"async\" width=\"1024\" height=\"516\" src=\"https:\/\/itftkd.sport\/es\/wp-content\/uploads\/sites\/7\/2026\/01\/20260117_IIC_Ukraine_05-1024x516.jpg\" alt=\"\" class=\"wp-image-37280\" srcset=\"https:\/\/itftkd.sport\/es\/wp-content\/uploads\/sites\/7\/2026\/01\/20260117_IIC_Ukraine_05-1024x516.jpg 1024w, https:\/\/itftkd.sport\/es\/wp-content\/uploads\/sites\/7\/2026\/01\/20260117_IIC_Ukraine_05-300x151.jpg 300w, https:\/\/itftkd.sport\/es\/wp-content\/uploads\/sites\/7\/2026\/01\/20260117_IIC_Ukraine_05-768x387.jpg 768w\" sizes=\"auto, (max-width: 1024px) 100vw, 1024px\" \/><\/figure>\n\n\n\n<h2 class=\"wp-block-heading\">Un Poderoso Mensaje de Unidad<\/h2>\n\n\n\n<p>Este IIC especial es un claro ejemplo del compromiso de la ITF con sus federaciones miembros y con la continuidad de la educaci\u00f3n en Taekwon-Do a nivel mundial. M\u00e1s a\u00fan, puso de relieve la fortaleza de los instructores ucranianos, que contin\u00faan entrenando, ense\u00f1ando y desarrollando el Taekwon-Do frente a enormes desaf\u00edos.<\/p>\n\n\n\n<p>La ITF expresa su m\u00e1s sincero agradecimiento al Comit\u00e9 T\u00e9cnico y de Instrucci\u00f3n, a los instructores del curso y a todos los participantes por su determinaci\u00f3n y profesionalismo. Este curso no fue solo un evento educativo, sino tambi\u00e9n un fuerte s\u00edmbolo de solidaridad, unidad y del esp\u00edritu perdurable del Taekwon-Do.<\/p>\n","protected":false},"excerpt":{"rendered":"<p>La ITF ha concluido con \u00e9xito un Curso Internacional de Instructores (IIC) especial para Ucrania, realizado en l\u00ednea a trav\u00e9s de Zoom bajo circunstancias extraordinarias. Originalmente previsto para celebrarse en &hellip;<\/p>\n","protected":false},"author":14,"featured_media":32435,"comment_status":"open","ping_status":"closed","sticky":false,"template":"","format":"standard","meta":{"_tec_requires_first_save":true,"_uag_custom_page_level_css":"","_genesis_hide_title":false,"_genesis_hide_breadcrumbs":false,"_genesis_hide_singular_image":false,"_genesis_hide_footer_widgets":false,"_genesis_custom_body_class":"","_genesis_custom_post_class":"","_genesis_layout":"","_EventAllDay":false,"_EventTimezone":"","_EventStartDate":"","_EventEndDate":"","_EventStartDateUTC":"","_EventEndDateUTC":"","_EventShowMap":false,"_EventShowMapLink":false,"_EventURL":"","_EventCost":"","_EventCostDescription":"","_EventCurrencySymbol":"","_EventCurrencyCode":"","_EventCurrencyPosition":"","_EventDateTimeSeparator":"","_EventTimeRangeSeparator":"","_EventOrganizerID":[],"_EventVenueID":[],"_OrganizerEmail":"","_OrganizerPhone":"","_OrganizerWebsite":"","_VenueAddress":"","_VenueCity":"","_VenueCountry":"","_VenueProvince":"","_VenueState":"","_VenueZip":"","_VenuePhone":"","_VenueURL":"","_VenueStateProvince":"","_VenueLat":"","_VenueLng":"","_VenueShowMap":false,"_VenueShowMapLink":false,"_tribe_blocks_recurrence_rules":"","_tribe_blocks_recurrence_description":"","_tribe_blocks_recurrence_exclusions":"","editor_notices":[],"footnotes":""},"categories":[132,131,130],"tags":[],"class_list":["post-37275","post","type-post","status-publish","format-standard","has-post-thumbnail","category-destacadas","category-noticias-institucionales","category-ultimas-noticias","entry"],"featured_image_src":"https:\/\/itftkd.sport\/es\/wp-content\/uploads\/sites\/7\/2025\/06\/Featured-IIC-Higlight-Reporte-800x600-1-600x400.jpg","featured_image_src_square":"https:\/\/itftkd.sport\/es\/wp-content\/uploads\/sites\/7\/2025\/06\/Featured-IIC-Higlight-Reporte-800x600-1-600x600.jpg","author_info":{"display_name":"Daniel Schmidt","author_link":"https:\/\/itftkd.sport\/es\/author\/daniel\/"},"uagb_featured_image_src":{"full":["https:\/\/itftkd.sport\/es\/wp-content\/uploads\/sites\/7\/2025\/06\/Featured-IIC-Higlight-Reporte-800x600-1.jpg",800,600,false],"thumbnail":["https:\/\/itftkd.sport\/es\/wp-content\/uploads\/sites\/7\/2025\/06\/Featured-IIC-Higlight-Reporte-800x600-1-150x150.jpg",150,150,true],"medium":["https:\/\/itftkd.sport\/es\/wp-content\/uploads\/sites\/7\/2025\/06\/Featured-IIC-Higlight-Reporte-800x600-1-300x225.jpg",300,225,true],"medium_large":["https:\/\/itftkd.sport\/es\/wp-content\/uploads\/sites\/7\/2025\/06\/Featured-IIC-Higlight-Reporte-800x600-1-768x576.jpg",768,576,true],"large":["https:\/\/itftkd.sport\/es\/wp-content\/uploads\/sites\/7\/2025\/06\/Featured-IIC-Higlight-Reporte-800x600-1.jpg",800,600,false],"1536x1536":["https:\/\/itftkd.sport\/es\/wp-content\/uploads\/sites\/7\/2025\/06\/Featured-IIC-Higlight-Reporte-800x600-1.jpg",800,600,false],"2048x2048":["https:\/\/itftkd.sport\/es\/wp-content\/uploads\/sites\/7\/2025\/06\/Featured-IIC-Higlight-Reporte-800x600-1.jpg",800,600,false],"banner":["https:\/\/itftkd.sport\/es\/wp-content\/uploads\/sites\/7\/2025\/06\/Featured-IIC-Higlight-Reporte-800x600-1-800x533.jpg",800,533,true],"section":["https:\/\/itftkd.sport\/es\/wp-content\/uploads\/sites\/7\/2025\/06\/Featured-IIC-Higlight-Reporte-800x600-1.jpg",800,600,false],"full-width":["https:\/\/itftkd.sport\/es\/wp-content\/uploads\/sites\/7\/2025\/06\/Featured-IIC-Higlight-Reporte-800x600-1.jpg",800,600,false],"featured":["https:\/\/itftkd.sport\/es\/wp-content\/uploads\/sites\/7\/2025\/06\/Featured-IIC-Higlight-Reporte-800x600-1.jpg",800,600,false],"one-half":["https:\/\/itftkd.sport\/es\/wp-content\/uploads\/sites\/7\/2025\/06\/Featured-IIC-Higlight-Reporte-800x600-1-550x413.jpg",550,413,true],"one-third":["https:\/\/itftkd.sport\/es\/wp-content\/uploads\/sites\/7\/2025\/06\/Featured-IIC-Higlight-Reporte-800x600-1-350x263.jpg",350,263,true],"one-fourth":["https:\/\/itftkd.sport\/es\/wp-content\/uploads\/sites\/7\/2025\/06\/Featured-IIC-Higlight-Reporte-800x600-1-260x195.jpg",260,195,true],"tiny":["https:\/\/itftkd.sport\/es\/wp-content\/uploads\/sites\/7\/2025\/06\/Featured-IIC-Higlight-Reporte-800x600-1-80x80.jpg",80,80,true],"ab-block-post-grid-landscape":["https:\/\/itftkd.sport\/es\/wp-content\/uploads\/sites\/7\/2025\/06\/Featured-IIC-Higlight-Reporte-800x600-1-600x400.jpg",600,400,true],"ab-block-post-grid-square":["https:\/\/itftkd.sport\/es\/wp-content\/uploads\/sites\/7\/2025\/06\/Featured-IIC-Higlight-Reporte-800x600-1-600x600.jpg",600,600,true],"gform-image-choice-sm":["https:\/\/itftkd.sport\/es\/wp-content\/uploads\/sites\/7\/2025\/06\/Featured-IIC-Higlight-Reporte-800x600-1.jpg",300,225,false],"gform-image-choice-md":["https:\/\/itftkd.sport\/es\/wp-content\/uploads\/sites\/7\/2025\/06\/Featured-IIC-Higlight-Reporte-800x600-1.jpg",400,300,false],"gform-image-choice-lg":["https:\/\/itftkd.sport\/es\/wp-content\/uploads\/sites\/7\/2025\/06\/Featured-IIC-Higlight-Reporte-800x600-1.jpg",600,450,false]},"uagb_author_info":{"display_name":"Daniel Schmidt","author_link":"https:\/\/itftkd.sport\/es\/author\/daniel\/"},"uagb_comment_info":0,"uagb_excerpt":"La ITF ha concluido con \u00e9xito un Curso Internacional de Instructores (IIC) especial para Ucrania, realizado en l\u00ednea a trav\u00e9s de Zoom bajo circunstancias extraordinarias. Originalmente previsto para celebrarse en &hellip;","_links":{"self":[{"href":"https:\/\/itftkd.sport\/es\/wp-json\/wp\/v2\/posts\/37275","targetHints":{"allow":["GET"]}}],"collection":[{"href":"https:\/\/itftkd.sport\/es\/wp-json\/wp\/v2\/posts"}],"about":[{"href":"https:\/\/itftkd.sport\/es\/wp-json\/wp\/v2\/types\/post"}],"author":[{"embeddable":true,"href":"https:\/\/itftkd.sport\/es\/wp-json\/wp\/v2\/users\/14"}],"replies":[{"embeddable":true,"href":"https:\/\/itftkd.sport\/es\/wp-json\/wp\/v2\/comments?post=37275"}],"version-history":[{"count":1,"href":"https:\/\/itftkd.sport\/es\/wp-json\/wp\/v2\/posts\/37275\/revisions"}],"predecessor-version":[{"id":37281,"href":"https:\/\/itftkd.sport\/es\/wp-json\/wp\/v2\/posts\/37275\/revisions\/37281"}],"wp:featuredmedia":[{"embeddable":true,"href":"https:\/\/itftkd.sport\/es\/wp-json\/wp\/v2\/media\/32435"}],"wp:attachment":[{"href":"https:\/\/itftkd.sport\/es\/wp-json\/wp\/v2\/media?parent=37275"}],"wp:term":[{"taxonomy":"category","embeddable":true,"href":"https:\/\/itftkd.sport\/es\/wp-json\/wp\/v2\/categories?post=37275"},{"taxonomy":"post_tag","embeddable":true,"href":"https:\/\/itftkd.sport\/es\/wp-json\/wp\/v2\/tags?post=37275"}],"curies":[{"name":"wp","href":"https:\/\/api.w.org\/{rel}","templated":true}]}}