{"id":32878,"date":"2025-10-09T11:32:40","date_gmt":"2025-10-09T09:32:40","guid":{"rendered":"https:\/\/itftkd.sport\/es\/?p=32878"},"modified":"2025-10-09T11:32:42","modified_gmt":"2025-10-09T09:32:42","slug":"un-comienzo-espectacular-para-el-campeonato-mundial-2025","status":"publish","type":"post","link":"https:\/\/itftkd.sport\/es\/un-comienzo-espectacular-para-el-campeonato-mundial-2025\/","title":{"rendered":"Un comienzo espectacular para el Campeonato Mundial 2025"},"content":{"rendered":"\n<p>El Campeonato Mundial 2025 comenz\u00f3 oficialmente en Pore\u010d, Croacia, con una memorable Ceremonia de Apertura que combin\u00f3 formalidad, emoci\u00f3n y celebraci\u00f3n, marcando el tono perfecto para cuatro d\u00edas de competencia de clase mundial.<\/p>\n\n\n\n<p>Celebrada en el impresionante pabell\u00f3n deportivo \u017datika, la ceremonia dio la bienvenida a atletas, oficiales e invitados de 57 pa\u00edses. El p\u00fablico disfrut\u00f3 de inspiradores discursos de l\u00edderes clave, entre ellos el alcalde de Pore\u010d, el presidente de la regi\u00f3n de Istria, el maestro Slavko Jereb (presidente del Comit\u00e9 Organizador), el maestro Anto Nobila (presidente de la Federaci\u00f3n Croata de Taekwon-Do) y el GM Paul Weiler (presidente de la ITF). Cada uno destac\u00f3 la importancia del evento y el poder unificador del Taekwon-Do entre culturas.<\/p>\n\n\n\n<figure class=\"wp-block-gallery has-nested-images columns-2 is-cropped wp-block-gallery-1 is-layout-flex wp-block-gallery-is-layout-flex\">\n<figure class=\"wp-block-image size-large\"><a href=\"https:\/\/itftkd.sport\/es\/wp-content\/uploads\/sites\/7\/2025\/10\/WC2025-by-marko-juric-day-1-80.jpg\" target=\"_blank\" rel=\" noreferrer noopener\"><img loading=\"lazy\" decoding=\"async\" width=\"1024\" height=\"681\" data-id=\"32858\" src=\"https:\/\/itftkd.sport\/wp-content\/uploads\/sites\/7\/2025\/10\/WC2025-by-marko-juric-day-1-80-1024x681.jpg\" alt=\"\" class=\"wp-image-32858\" srcset=\"https:\/\/itftkd.sport\/es\/wp-content\/uploads\/sites\/7\/2025\/10\/WC2025-by-marko-juric-day-1-80-1024x681.jpg 1024w, https:\/\/itftkd.sport\/es\/wp-content\/uploads\/sites\/7\/2025\/10\/WC2025-by-marko-juric-day-1-80-300x200.jpg 300w, https:\/\/itftkd.sport\/es\/wp-content\/uploads\/sites\/7\/2025\/10\/WC2025-by-marko-juric-day-1-80-768x511.jpg 768w, https:\/\/itftkd.sport\/es\/wp-content\/uploads\/sites\/7\/2025\/10\/WC2025-by-marko-juric-day-1-80-600x400.jpg 600w\" sizes=\"auto, (max-width: 1024px) 100vw, 1024px\" \/><\/a><figcaption class=\"wp-element-caption\">By Marko Juri\u0107<\/figcaption><\/figure>\n\n\n\n<figure class=\"wp-block-image size-large\"><a href=\"https:\/\/itftkd.sport\/wp-content\/uploads\/sites\/7\/2025\/10\/WC2025-by-marko-juric-day-1-14-1024x681.jpg\" target=\"_blank\" rel=\" noreferrer noopener\"><img loading=\"lazy\" decoding=\"async\" width=\"1024\" height=\"681\" data-id=\"32859\" src=\"https:\/\/itftkd.sport\/wp-content\/uploads\/sites\/7\/2025\/10\/WC2025-by-marko-juric-day-1-14-1024x681.jpg\" alt=\"\" class=\"wp-image-32859\" srcset=\"https:\/\/itftkd.sport\/es\/wp-content\/uploads\/sites\/7\/2025\/10\/WC2025-by-marko-juric-day-1-14-1024x681.jpg 1024w, https:\/\/itftkd.sport\/es\/wp-content\/uploads\/sites\/7\/2025\/10\/WC2025-by-marko-juric-day-1-14-300x200.jpg 300w, https:\/\/itftkd.sport\/es\/wp-content\/uploads\/sites\/7\/2025\/10\/WC2025-by-marko-juric-day-1-14-768x511.jpg 768w, https:\/\/itftkd.sport\/es\/wp-content\/uploads\/sites\/7\/2025\/10\/WC2025-by-marko-juric-day-1-14-600x400.jpg 600w\" sizes=\"auto, (max-width: 1024px) 100vw, 1024px\" \/><\/a><figcaption class=\"wp-element-caption\">By Marko Juri\u0107<\/figcaption><\/figure>\n\n\n\n<figure class=\"wp-block-image size-large\"><a href=\"https:\/\/itftkd.sport\/wp-content\/uploads\/sites\/7\/2025\/10\/WC2025-by-marko-juric-day-1-19-681x1024.jpg\" target=\"_blank\" rel=\" noreferrer noopener\"><img loading=\"lazy\" decoding=\"async\" width=\"681\" height=\"1024\" data-id=\"32860\" src=\"https:\/\/itftkd.sport\/wp-content\/uploads\/sites\/7\/2025\/10\/WC2025-by-marko-juric-day-1-19-681x1024.jpg\" alt=\"\" class=\"wp-image-32860\" srcset=\"https:\/\/itftkd.sport\/es\/wp-content\/uploads\/sites\/7\/2025\/10\/WC2025-by-marko-juric-day-1-19-681x1024.jpg 681w, https:\/\/itftkd.sport\/es\/wp-content\/uploads\/sites\/7\/2025\/10\/WC2025-by-marko-juric-day-1-19-200x300.jpg 200w\" sizes=\"auto, (max-width: 681px) 100vw, 681px\" \/><\/a><figcaption class=\"wp-element-caption\">By Marko Juri\u0107<\/figcaption><\/figure>\n\n\n\n<figure class=\"wp-block-image size-large\"><img loading=\"lazy\" decoding=\"async\" width=\"681\" height=\"1024\" data-id=\"32861\" src=\"https:\/\/itftkd.sport\/wp-content\/uploads\/sites\/7\/2025\/10\/WC2025-by-marko-juric-day-1-21-681x1024.jpg\" alt=\"\" class=\"wp-image-32861\" srcset=\"https:\/\/itftkd.sport\/es\/wp-content\/uploads\/sites\/7\/2025\/10\/WC2025-by-marko-juric-day-1-21-681x1024.jpg 681w, https:\/\/itftkd.sport\/es\/wp-content\/uploads\/sites\/7\/2025\/10\/WC2025-by-marko-juric-day-1-21-200x300.jpg 200w\" sizes=\"auto, (max-width: 681px) 100vw, 681px\" \/><figcaption class=\"wp-element-caption\">By Marko Juri\u0107<\/figcaption><\/figure>\n\n\n\n<figure class=\"wp-block-image size-large\"><a href=\"https:\/\/itftkd.sport\/wp-content\/uploads\/sites\/7\/2025\/10\/WC2025-by-marko-juric-day-1-17-1024x681.jpg\" target=\"_blank\" rel=\" noreferrer noopener\"><img loading=\"lazy\" decoding=\"async\" width=\"1024\" height=\"681\" data-id=\"32862\" src=\"https:\/\/itftkd.sport\/wp-content\/uploads\/sites\/7\/2025\/10\/WC2025-by-marko-juric-day-1-17-1024x681.jpg\" alt=\"\" class=\"wp-image-32862\" srcset=\"https:\/\/itftkd.sport\/es\/wp-content\/uploads\/sites\/7\/2025\/10\/WC2025-by-marko-juric-day-1-17-1024x681.jpg 1024w, https:\/\/itftkd.sport\/es\/wp-content\/uploads\/sites\/7\/2025\/10\/WC2025-by-marko-juric-day-1-17-300x200.jpg 300w, https:\/\/itftkd.sport\/es\/wp-content\/uploads\/sites\/7\/2025\/10\/WC2025-by-marko-juric-day-1-17-768x511.jpg 768w, https:\/\/itftkd.sport\/es\/wp-content\/uploads\/sites\/7\/2025\/10\/WC2025-by-marko-juric-day-1-17-600x400.jpg 600w\" sizes=\"auto, (max-width: 1024px) 100vw, 1024px\" \/><\/a><figcaption class=\"wp-element-caption\">By Marko Juri\u0107<\/figcaption><\/figure>\n\n\n\n<figure class=\"wp-block-image size-large\"><a href=\"https:\/\/itftkd.sport\/wp-content\/uploads\/sites\/7\/2025\/10\/WC2025-by-marko-juric-day-1-28-1024x681.jpg\" target=\"_blank\" rel=\" noreferrer noopener\"><img loading=\"lazy\" decoding=\"async\" width=\"1024\" height=\"681\" data-id=\"32863\" src=\"https:\/\/itftkd.sport\/wp-content\/uploads\/sites\/7\/2025\/10\/WC2025-by-marko-juric-day-1-28-1024x681.jpg\" alt=\"\" class=\"wp-image-32863\" srcset=\"https:\/\/itftkd.sport\/es\/wp-content\/uploads\/sites\/7\/2025\/10\/WC2025-by-marko-juric-day-1-28-1024x681.jpg 1024w, https:\/\/itftkd.sport\/es\/wp-content\/uploads\/sites\/7\/2025\/10\/WC2025-by-marko-juric-day-1-28-300x200.jpg 300w, https:\/\/itftkd.sport\/es\/wp-content\/uploads\/sites\/7\/2025\/10\/WC2025-by-marko-juric-day-1-28-768x511.jpg 768w, https:\/\/itftkd.sport\/es\/wp-content\/uploads\/sites\/7\/2025\/10\/WC2025-by-marko-juric-day-1-28-600x400.jpg 600w\" sizes=\"auto, (max-width: 1024px) 100vw, 1024px\" \/><\/a><figcaption class=\"wp-element-caption\">By Marko Juri\u0107<\/figcaption><\/figure>\n<\/figure>\n\n\n\n<h2 class=\"wp-block-heading\">Momentos de emoci\u00f3n y orgullo<\/h2>\n\n\n\n<p>Una de las escenas m\u00e1s emotivas de la velada se produjo cuando los 57 equipos nacionales, con casi 1.500 competidores, entraron en la arena entre aplausos entusiastas: una v\u00edvida muestra de amistad y unidad internacional.<\/p>\n\n\n\n<p>Los juramentos ceremoniales fueron otro momento emotivo:<\/p>\n\n\n\n<ul class=\"wp-block-list\">\n<li>Juramento de los Atletas \u2013 Ema Slavica (Croacia)<\/li>\n\n\n\n<li>Juramento de los Entrenadores \u2013 Maestra Brandi Merritt (Canad\u00e1)<\/li>\n\n\n\n<li>Juramento de los \u00e1rbitros \u2013 Jayasilen Sivapragasam (Malasia)<\/li>\n<\/ul>\n\n\n\n<p>Sus palabras reafirmaron la integridad, la justicia y el fundamento moral que definen al Taekwon-Do.<\/p>\n\n\n\n<figure class=\"wp-block-gallery has-nested-images columns-2 is-cropped wp-block-gallery-2 is-layout-flex wp-block-gallery-is-layout-flex\">\n<figure class=\"wp-block-image size-large\"><a href=\"https:\/\/itftkd.sport\/wp-content\/uploads\/sites\/7\/2025\/10\/WC2025-by-marko-juric-day-1-46-681x1024.jpg\" target=\"_blank\" rel=\" noreferrer noopener\"><img loading=\"lazy\" decoding=\"async\" width=\"681\" height=\"1024\" data-id=\"32864\" src=\"https:\/\/itftkd.sport\/wp-content\/uploads\/sites\/7\/2025\/10\/WC2025-by-marko-juric-day-1-46-681x1024.jpg\" alt=\"\" class=\"wp-image-32864\" srcset=\"https:\/\/itftkd.sport\/es\/wp-content\/uploads\/sites\/7\/2025\/10\/WC2025-by-marko-juric-day-1-46-681x1024.jpg 681w, https:\/\/itftkd.sport\/es\/wp-content\/uploads\/sites\/7\/2025\/10\/WC2025-by-marko-juric-day-1-46-200x300.jpg 200w\" sizes=\"auto, (max-width: 681px) 100vw, 681px\" \/><\/a><figcaption class=\"wp-element-caption\">By Marko Juri\u0107<\/figcaption><\/figure>\n\n\n\n<figure class=\"wp-block-image size-large\"><a href=\"https:\/\/itftkd.sport\/wp-content\/uploads\/sites\/7\/2025\/10\/WC2025-by-marko-juric-day-1-70-681x1024.jpg\" target=\"_blank\" rel=\" noreferrer noopener\"><img loading=\"lazy\" decoding=\"async\" width=\"681\" height=\"1024\" data-id=\"32865\" src=\"https:\/\/itftkd.sport\/wp-content\/uploads\/sites\/7\/2025\/10\/WC2025-by-marko-juric-day-1-70-681x1024.jpg\" alt=\"\" class=\"wp-image-32865\" srcset=\"https:\/\/itftkd.sport\/es\/wp-content\/uploads\/sites\/7\/2025\/10\/WC2025-by-marko-juric-day-1-70-681x1024.jpg 681w, https:\/\/itftkd.sport\/es\/wp-content\/uploads\/sites\/7\/2025\/10\/WC2025-by-marko-juric-day-1-70-200x300.jpg 200w\" sizes=\"auto, (max-width: 681px) 100vw, 681px\" \/><\/a><figcaption class=\"wp-element-caption\">By Marko Juri\u0107<\/figcaption><\/figure>\n\n\n\n<figure class=\"wp-block-image size-large\"><a href=\"https:\/\/itftkd.sport\/wp-content\/uploads\/sites\/7\/2025\/10\/WC2025-by-marko-juric-day-1-43-1024x681.jpg\" target=\"_blank\" rel=\" noreferrer noopener\"><img loading=\"lazy\" decoding=\"async\" width=\"1024\" height=\"681\" data-id=\"32866\" src=\"https:\/\/itftkd.sport\/wp-content\/uploads\/sites\/7\/2025\/10\/WC2025-by-marko-juric-day-1-43-1024x681.jpg\" alt=\"\" class=\"wp-image-32866\" srcset=\"https:\/\/itftkd.sport\/es\/wp-content\/uploads\/sites\/7\/2025\/10\/WC2025-by-marko-juric-day-1-43-1024x681.jpg 1024w, https:\/\/itftkd.sport\/es\/wp-content\/uploads\/sites\/7\/2025\/10\/WC2025-by-marko-juric-day-1-43-300x200.jpg 300w, https:\/\/itftkd.sport\/es\/wp-content\/uploads\/sites\/7\/2025\/10\/WC2025-by-marko-juric-day-1-43-768x511.jpg 768w, https:\/\/itftkd.sport\/es\/wp-content\/uploads\/sites\/7\/2025\/10\/WC2025-by-marko-juric-day-1-43-600x400.jpg 600w\" sizes=\"auto, (max-width: 1024px) 100vw, 1024px\" \/><\/a><figcaption class=\"wp-element-caption\">By Marko Juri\u0107<\/figcaption><\/figure>\n\n\n\n<figure class=\"wp-block-image size-large\"><a href=\"https:\/\/itftkd.sport\/es\/wp-content\/uploads\/sites\/7\/2025\/10\/WC2025-by-marko-juric-day-1-89.jpg\" target=\"_blank\" rel=\" noreferrer noopener\"><img loading=\"lazy\" decoding=\"async\" width=\"1024\" height=\"681\" data-id=\"32867\" src=\"https:\/\/itftkd.sport\/wp-content\/uploads\/sites\/7\/2025\/10\/WC2025-by-marko-juric-day-1-89-1024x681.jpg\" alt=\"\" class=\"wp-image-32867\" srcset=\"https:\/\/itftkd.sport\/es\/wp-content\/uploads\/sites\/7\/2025\/10\/WC2025-by-marko-juric-day-1-89-1024x681.jpg 1024w, https:\/\/itftkd.sport\/es\/wp-content\/uploads\/sites\/7\/2025\/10\/WC2025-by-marko-juric-day-1-89-300x200.jpg 300w, https:\/\/itftkd.sport\/es\/wp-content\/uploads\/sites\/7\/2025\/10\/WC2025-by-marko-juric-day-1-89-768x511.jpg 768w, https:\/\/itftkd.sport\/es\/wp-content\/uploads\/sites\/7\/2025\/10\/WC2025-by-marko-juric-day-1-89-600x400.jpg 600w\" sizes=\"auto, (max-width: 1024px) 100vw, 1024px\" \/><\/a><figcaption class=\"wp-element-caption\">By Marko Juri\u0107<\/figcaption><\/figure>\n<\/figure>\n\n\n\n<h2 class=\"wp-block-heading\">Inducciones al Sal\u00f3n de la Fama<\/h2>\n\n\n\n<p>Un momento destacado de la velada fue la Ceremonia del Sal\u00f3n de la Fama de la ITF, en la que se rindi\u00f3 homenaje a siete figuras distinguidas cuya dedicaci\u00f3n de toda la vida ha hecho avanzar el Taekwon-Do en todo el mundo:<\/p>\n\n\n\n<ul class=\"wp-block-list\">\n<li><strong>Bsbn Lyndsey Conway (Irlanda)<\/strong> \u2013 Competidora destacada<\/li>\n\n\n\n<li><strong>Sbn Ryan O\u2019Neil (Canad\u00e1)<\/strong> \u2013 Competidor destacado<\/li>\n\n\n\n<li><strong>Maestro Vegard Iversen (Noruega)<\/strong> \u2013 Entrenador destacado<\/li>\n\n\n\n<li><strong>GM Alexander Dunbar (Escocia)<\/strong> \u2013 \u00c1rbitro destacado<\/li>\n\n\n\n<li><strong>GM Gerard Martin (Irlanda)<\/strong> &#8211; Maestro Destacado<\/li>\n\n\n\n<li><strong>Rumania<\/strong>, representada por <strong>Sbn Cosmin Oprescu<\/strong> \u2013 Pa\u00eds destacado<\/li>\n\n\n\n<li><strong>GM Paul Weiler (Alemania)<\/strong> \u2013 Oficial, reconocido por su compromiso con el desarrollo del Taekwon-Do en <strong>Etiop\u00eda y \u00c1frica<\/strong><\/li>\n<\/ul>\n\n\n\n<p>Si bien cada inducci\u00f3n fue acompa\u00f1ada con la entrega del trofeo y el certificado, fue recibida con un sentido aplauso, que simboliza el aprecio por la excelencia, el liderazgo y el servicio al arte.<\/p>\n\n\n\n<figure class=\"wp-block-gallery has-nested-images columns-2 is-cropped wp-block-gallery-3 is-layout-flex wp-block-gallery-is-layout-flex\">\n<figure class=\"wp-block-image size-large\"><a href=\"https:\/\/itftkd.sport\/es\/wp-content\/uploads\/sites\/7\/2025\/10\/Lyndsey-Conway-Outstanding-Competitor-2025.jpg\" target=\"_blank\"><img loading=\"lazy\" decoding=\"async\" width=\"601\" height=\"480\" data-id=\"32868\" src=\"https:\/\/itftkd.sport\/wp-content\/uploads\/sites\/7\/2025\/10\/Lyndsey-Conway-Outstanding-Competitor-2025.jpg\" alt=\"\" class=\"wp-image-32868\" srcset=\"https:\/\/itftkd.sport\/es\/wp-content\/uploads\/sites\/7\/2025\/10\/Lyndsey-Conway-Outstanding-Competitor-2025.jpg 601w, https:\/\/itftkd.sport\/es\/wp-content\/uploads\/sites\/7\/2025\/10\/Lyndsey-Conway-Outstanding-Competitor-2025-300x240.jpg 300w\" sizes=\"auto, (max-width: 601px) 100vw, 601px\" \/><\/a><\/figure>\n\n\n\n<figure class=\"wp-block-image size-large\"><a href=\"https:\/\/itftkd.sport\/es\/wp-content\/uploads\/sites\/7\/2025\/10\/Ryan-ONeil-Outstanding-Competitor-2025.jpg\" target=\"_blank\"><img loading=\"lazy\" decoding=\"async\" width=\"601\" height=\"480\" data-id=\"32869\" src=\"https:\/\/itftkd.sport\/wp-content\/uploads\/sites\/7\/2025\/10\/Ryan-ONeil-Outstanding-Competitor-2025.jpg\" alt=\"\" class=\"wp-image-32869\" srcset=\"https:\/\/itftkd.sport\/es\/wp-content\/uploads\/sites\/7\/2025\/10\/Ryan-ONeil-Outstanding-Competitor-2025.jpg 601w, https:\/\/itftkd.sport\/es\/wp-content\/uploads\/sites\/7\/2025\/10\/Ryan-ONeil-Outstanding-Competitor-2025-300x240.jpg 300w\" sizes=\"auto, (max-width: 601px) 100vw, 601px\" \/><\/a><\/figure>\n\n\n\n<figure class=\"wp-block-image size-large\"><a href=\"https:\/\/itftkd.sport\/es\/wp-content\/uploads\/sites\/7\/2025\/10\/Master-Vegard-Iversen-Outstanding-Instructor-Coach-2025.jpg\" target=\"_blank\"><img loading=\"lazy\" decoding=\"async\" width=\"601\" height=\"480\" data-id=\"32870\" src=\"https:\/\/itftkd.sport\/wp-content\/uploads\/sites\/7\/2025\/10\/Master-Vegard-Iversen-Outstanding-Instructor-Coach-2025.jpg\" alt=\"\" class=\"wp-image-32870\" srcset=\"https:\/\/itftkd.sport\/es\/wp-content\/uploads\/sites\/7\/2025\/10\/Master-Vegard-Iversen-Outstanding-Instructor-Coach-2025.jpg 601w, https:\/\/itftkd.sport\/es\/wp-content\/uploads\/sites\/7\/2025\/10\/Master-Vegard-Iversen-Outstanding-Instructor-Coach-2025-300x240.jpg 300w\" sizes=\"auto, (max-width: 601px) 100vw, 601px\" \/><\/a><\/figure>\n\n\n\n<figure class=\"wp-block-image size-large\"><a href=\"https:\/\/itftkd.sport\/es\/wp-content\/uploads\/sites\/7\/2025\/10\/Gm-Alexander-Dunbar-Outstanding-Umpire-2025.jpg\" target=\"_blank\"><img loading=\"lazy\" decoding=\"async\" width=\"601\" height=\"480\" data-id=\"32871\" src=\"https:\/\/itftkd.sport\/wp-content\/uploads\/sites\/7\/2025\/10\/Gm-Alexander-Dunbar-Outstanding-Umpire-2025.jpg\" alt=\"\" class=\"wp-image-32871\" srcset=\"https:\/\/itftkd.sport\/es\/wp-content\/uploads\/sites\/7\/2025\/10\/Gm-Alexander-Dunbar-Outstanding-Umpire-2025.jpg 601w, https:\/\/itftkd.sport\/es\/wp-content\/uploads\/sites\/7\/2025\/10\/Gm-Alexander-Dunbar-Outstanding-Umpire-2025-300x240.jpg 300w\" sizes=\"auto, (max-width: 601px) 100vw, 601px\" \/><\/a><\/figure>\n\n\n\n<figure class=\"wp-block-image size-large\"><a href=\"https:\/\/itftkd.sport\/es\/wp-content\/uploads\/sites\/7\/2025\/10\/Gm-Gerard-Martin-Outstanding-Pioneer-Master-2025.jpg\" target=\"_blank\"><img loading=\"lazy\" decoding=\"async\" width=\"601\" height=\"480\" data-id=\"32872\" src=\"https:\/\/itftkd.sport\/wp-content\/uploads\/sites\/7\/2025\/10\/Gm-Gerard-Martin-Outstanding-Pioneer-Master-2025.jpg\" alt=\"\" class=\"wp-image-32872\" srcset=\"https:\/\/itftkd.sport\/es\/wp-content\/uploads\/sites\/7\/2025\/10\/Gm-Gerard-Martin-Outstanding-Pioneer-Master-2025.jpg 601w, https:\/\/itftkd.sport\/es\/wp-content\/uploads\/sites\/7\/2025\/10\/Gm-Gerard-Martin-Outstanding-Pioneer-Master-2025-300x240.jpg 300w\" sizes=\"auto, (max-width: 601px) 100vw, 601px\" \/><\/a><\/figure>\n\n\n\n<figure class=\"wp-block-image size-large\"><a href=\"https:\/\/itftkd.sport\/es\/wp-content\/uploads\/sites\/7\/2025\/10\/Sbn.-Cosmin-Oprescu-Outstanding-Country-2025.jpg\" target=\"_blank\"><img loading=\"lazy\" decoding=\"async\" width=\"601\" height=\"480\" data-id=\"32873\" src=\"https:\/\/itftkd.sport\/wp-content\/uploads\/sites\/7\/2025\/10\/Sbn.-Cosmin-Oprescu-Outstanding-Country-2025.jpg\" alt=\"\" class=\"wp-image-32873\" srcset=\"https:\/\/itftkd.sport\/es\/wp-content\/uploads\/sites\/7\/2025\/10\/Sbn.-Cosmin-Oprescu-Outstanding-Country-2025.jpg 601w, https:\/\/itftkd.sport\/es\/wp-content\/uploads\/sites\/7\/2025\/10\/Sbn.-Cosmin-Oprescu-Outstanding-Country-2025-300x240.jpg 300w\" sizes=\"auto, (max-width: 601px) 100vw, 601px\" \/><\/a><\/figure>\n\n\n\n<figure class=\"wp-block-image size-large\"><a href=\"https:\/\/itftkd.sport\/es\/wp-content\/uploads\/sites\/7\/2025\/10\/Gm-Paul-Weiler-Outstanding-Official-2025.jpg\" target=\"_blank\"><img loading=\"lazy\" decoding=\"async\" width=\"601\" height=\"480\" data-id=\"32874\" src=\"https:\/\/itftkd.sport\/wp-content\/uploads\/sites\/7\/2025\/10\/Gm-Paul-Weiler-Outstanding-Official-2025.jpg\" alt=\"\" class=\"wp-image-32874\" srcset=\"https:\/\/itftkd.sport\/es\/wp-content\/uploads\/sites\/7\/2025\/10\/Gm-Paul-Weiler-Outstanding-Official-2025.jpg 601w, https:\/\/itftkd.sport\/es\/wp-content\/uploads\/sites\/7\/2025\/10\/Gm-Paul-Weiler-Outstanding-Official-2025-300x240.jpg 300w\" sizes=\"auto, (max-width: 601px) 100vw, 601px\" \/><\/a><\/figure>\n\n\n\n<figure class=\"wp-block-image size-large\"><a href=\"https:\/\/itftkd.sport\/es\/wp-content\/uploads\/sites\/7\/2025\/10\/WhiteBackground_feature.jpg\" target=\"_blank\"><img loading=\"lazy\" decoding=\"async\" width=\"800\" height=\"600\" data-id=\"32875\" src=\"https:\/\/itftkd.sport\/wp-content\/uploads\/sites\/7\/2025\/10\/WhiteBackground_feature.jpg\" alt=\"\" class=\"wp-image-32875\" srcset=\"https:\/\/itftkd.sport\/es\/wp-content\/uploads\/sites\/7\/2025\/10\/WhiteBackground_feature.jpg 800w, https:\/\/itftkd.sport\/es\/wp-content\/uploads\/sites\/7\/2025\/10\/WhiteBackground_feature-300x225.jpg 300w, https:\/\/itftkd.sport\/es\/wp-content\/uploads\/sites\/7\/2025\/10\/WhiteBackground_feature-768x576.jpg 768w, https:\/\/itftkd.sport\/es\/wp-content\/uploads\/sites\/7\/2025\/10\/WhiteBackground_feature-550x413.jpg 550w, https:\/\/itftkd.sport\/es\/wp-content\/uploads\/sites\/7\/2025\/10\/WhiteBackground_feature-350x263.jpg 350w, https:\/\/itftkd.sport\/es\/wp-content\/uploads\/sites\/7\/2025\/10\/WhiteBackground_feature-260x195.jpg 260w\" sizes=\"auto, (max-width: 800px) 100vw, 800px\" \/><\/a><\/figure>\n<\/figure>\n\n\n\n<h2 class=\"wp-block-heading\">Comenzaron las competencias<\/h2>\n\n\n\n<p>Con la llama de la competici\u00f3n ahora encendida, Pore\u010d est\u00e1 listo para cuatro d\u00edas inolvidables de Taekwon-Do en su m\u00e1xima expresi\u00f3n.<\/p>\n\n\n\n<p>Sigue todos los resultados, momentos destacados y noticias en nuestra <a href=\"https:\/\/itftkd.sport\/es\/world-championship-2025\/\" target=\"_blank\" rel=\"noreferrer noopener\">Secci\u00f3n del Campeonato<\/a><\/p>\n\n\n\n<figure class=\"wp-block-gallery has-nested-images columns-default is-cropped wp-block-gallery-4 is-layout-flex wp-block-gallery-is-layout-flex\">\n<figure class=\"wp-block-image size-large\"><a href=\"https:\/\/itftkd.sport\/es\/wp-content\/uploads\/sites\/7\/2025\/10\/WC2025-by-marko-juric-day-1-116.jpg\" target=\"_blank\" rel=\" noreferrer noopener\"><img loading=\"lazy\" decoding=\"async\" width=\"1024\" height=\"681\" data-id=\"32876\" src=\"https:\/\/itftkd.sport\/wp-content\/uploads\/sites\/7\/2025\/10\/WC2025-by-marko-juric-day-1-116-1024x681.jpg\" alt=\"\" class=\"wp-image-32876\" srcset=\"https:\/\/itftkd.sport\/es\/wp-content\/uploads\/sites\/7\/2025\/10\/WC2025-by-marko-juric-day-1-116-1024x681.jpg 1024w, https:\/\/itftkd.sport\/es\/wp-content\/uploads\/sites\/7\/2025\/10\/WC2025-by-marko-juric-day-1-116-300x200.jpg 300w, https:\/\/itftkd.sport\/es\/wp-content\/uploads\/sites\/7\/2025\/10\/WC2025-by-marko-juric-day-1-116-768x511.jpg 768w, https:\/\/itftkd.sport\/es\/wp-content\/uploads\/sites\/7\/2025\/10\/WC2025-by-marko-juric-day-1-116-600x400.jpg 600w\" sizes=\"auto, (max-width: 1024px) 100vw, 1024px\" \/><\/a><figcaption class=\"wp-element-caption\">By Marko Juri\u0107<\/figcaption><\/figure>\n\n\n\n<figure class=\"wp-block-image size-large\"><a href=\"https:\/\/itftkd.sport\/es\/wp-content\/uploads\/sites\/7\/2025\/10\/WC2025_DanielSchmidt_day1-1.jpg\" target=\"_blank\" rel=\" noreferrer noopener\"><img loading=\"lazy\" decoding=\"async\" width=\"1024\" height=\"683\" data-id=\"32877\" src=\"https:\/\/itftkd.sport\/wp-content\/uploads\/sites\/7\/2025\/10\/WC2025_DanielSchmidt_day1-1-1024x683.jpg\" alt=\"\" class=\"wp-image-32877\" srcset=\"https:\/\/itftkd.sport\/es\/wp-content\/uploads\/sites\/7\/2025\/10\/WC2025_DanielSchmidt_day1-1-1024x683.jpg 1024w, https:\/\/itftkd.sport\/es\/wp-content\/uploads\/sites\/7\/2025\/10\/WC2025_DanielSchmidt_day1-1-300x200.jpg 300w, https:\/\/itftkd.sport\/es\/wp-content\/uploads\/sites\/7\/2025\/10\/WC2025_DanielSchmidt_day1-1-768x512.jpg 768w, https:\/\/itftkd.sport\/es\/wp-content\/uploads\/sites\/7\/2025\/10\/WC2025_DanielSchmidt_day1-1-600x400.jpg 600w\" sizes=\"auto, (max-width: 1024px) 100vw, 1024px\" \/><\/a><figcaption class=\"wp-element-caption\">By Daniel Schmidt<\/figcaption><\/figure>\n<\/figure>\n\n\n\n\n","protected":false},"excerpt":{"rendered":"<p>El Campeonato Mundial 2025 comenz\u00f3 oficialmente en Pore\u010d, Croacia, con una memorable Ceremonia de Apertura que combin\u00f3 formalidad, emoci\u00f3n y celebraci\u00f3n, marcando el tono perfecto para cuatro d\u00edas de competencia &hellip;<\/p>\n","protected":false},"author":14,"featured_media":32877,"comment_status":"open","ping_status":"closed","sticky":false,"template":"","format":"standard","meta":{"_tec_requires_first_save":true,"_uag_custom_page_level_css":"","_genesis_hide_title":false,"_genesis_hide_breadcrumbs":false,"_genesis_hide_singular_image":false,"_genesis_hide_footer_widgets":false,"_genesis_custom_body_class":"","_genesis_custom_post_class":"","_genesis_layout":"","_EventAllDay":false,"_EventTimezone":"","_EventStartDate":"","_EventEndDate":"","_EventStartDateUTC":"","_EventEndDateUTC":"","_EventShowMap":false,"_EventShowMapLink":false,"_EventURL":"","_EventCost":"","_EventCostDescription":"","_EventCurrencySymbol":"","_EventCurrencyCode":"","_EventCurrencyPosition":"","_EventDateTimeSeparator":"","_EventTimeRangeSeparator":"","_EventOrganizerID":[],"_EventVenueID":[],"_OrganizerEmail":"","_OrganizerPhone":"","_OrganizerWebsite":"","_VenueAddress":"","_VenueCity":"","_VenueCountry":"","_VenueProvince":"","_VenueState":"","_VenueZip":"","_VenuePhone":"","_VenueURL":"","_VenueStateProvince":"","_VenueLat":"","_VenueLng":"","_VenueShowMap":false,"_VenueShowMapLink":false,"_tribe_blocks_recurrence_rules":"","_tribe_blocks_recurrence_description":"","_tribe_blocks_recurrence_exclusions":"","editor_notices":[],"footnotes":""},"categories":[132,130,580],"tags":[],"class_list":["post-32878","post","type-post","status-publish","format-standard","has-post-thumbnail","category-destacadas","category-ultimas-noticias","category-world-campionship-2025","entry"],"featured_image_src":"https:\/\/itftkd.sport\/es\/wp-content\/uploads\/sites\/7\/2025\/10\/WC2025_DanielSchmidt_day1-1-600x400.jpg","featured_image_src_square":"https:\/\/itftkd.sport\/es\/wp-content\/uploads\/sites\/7\/2025\/10\/WC2025_DanielSchmidt_day1-1-600x600.jpg","author_info":{"display_name":"Daniel Schmidt","author_link":"https:\/\/itftkd.sport\/es\/author\/daniel\/"},"uagb_featured_image_src":{"full":["https:\/\/itftkd.sport\/es\/wp-content\/uploads\/sites\/7\/2025\/10\/WC2025_DanielSchmidt_day1-1.jpg",1200,800,false],"thumbnail":["https:\/\/itftkd.sport\/es\/wp-content\/uploads\/sites\/7\/2025\/10\/WC2025_DanielSchmidt_day1-1-150x150.jpg",150,150,true],"medium":["https:\/\/itftkd.sport\/es\/wp-content\/uploads\/sites\/7\/2025\/10\/WC2025_DanielSchmidt_day1-1-300x200.jpg",300,200,true],"medium_large":["https:\/\/itftkd.sport\/es\/wp-content\/uploads\/sites\/7\/2025\/10\/WC2025_DanielSchmidt_day1-1-768x512.jpg",768,512,true],"large":["https:\/\/itftkd.sport\/es\/wp-content\/uploads\/sites\/7\/2025\/10\/WC2025_DanielSchmidt_day1-1-1024x683.jpg",1024,683,true],"1536x1536":["https:\/\/itftkd.sport\/es\/wp-content\/uploads\/sites\/7\/2025\/10\/WC2025_DanielSchmidt_day1-1.jpg",1200,800,false],"2048x2048":["https:\/\/itftkd.sport\/es\/wp-content\/uploads\/sites\/7\/2025\/10\/WC2025_DanielSchmidt_day1-1.jpg",1200,800,false],"banner":["https:\/\/itftkd.sport\/es\/wp-content\/uploads\/sites\/7\/2025\/10\/WC2025_DanielSchmidt_day1-1-1200x533.jpg",1200,533,true],"section":["https:\/\/itftkd.sport\/es\/wp-content\/uploads\/sites\/7\/2025\/10\/WC2025_DanielSchmidt_day1-1.jpg",1200,800,false],"full-width":["https:\/\/itftkd.sport\/es\/wp-content\/uploads\/sites\/7\/2025\/10\/WC2025_DanielSchmidt_day1-1.jpg",1200,800,false],"featured":["https:\/\/itftkd.sport\/es\/wp-content\/uploads\/sites\/7\/2025\/10\/WC2025_DanielSchmidt_day1-1-800x600.jpg",800,600,true],"one-half":["https:\/\/itftkd.sport\/es\/wp-content\/uploads\/sites\/7\/2025\/10\/WC2025_DanielSchmidt_day1-1-550x413.jpg",550,413,true],"one-third":["https:\/\/itftkd.sport\/es\/wp-content\/uploads\/sites\/7\/2025\/10\/WC2025_DanielSchmidt_day1-1-350x263.jpg",350,263,true],"one-fourth":["https:\/\/itftkd.sport\/es\/wp-content\/uploads\/sites\/7\/2025\/10\/WC2025_DanielSchmidt_day1-1-260x195.jpg",260,195,true],"tiny":["https:\/\/itftkd.sport\/es\/wp-content\/uploads\/sites\/7\/2025\/10\/WC2025_DanielSchmidt_day1-1-80x80.jpg",80,80,true],"ab-block-post-grid-landscape":["https:\/\/itftkd.sport\/es\/wp-content\/uploads\/sites\/7\/2025\/10\/WC2025_DanielSchmidt_day1-1-600x400.jpg",600,400,true],"ab-block-post-grid-square":["https:\/\/itftkd.sport\/es\/wp-content\/uploads\/sites\/7\/2025\/10\/WC2025_DanielSchmidt_day1-1-600x600.jpg",600,600,true],"gform-image-choice-sm":["https:\/\/itftkd.sport\/es\/wp-content\/uploads\/sites\/7\/2025\/10\/WC2025_DanielSchmidt_day1-1.jpg",300,200,false],"gform-image-choice-md":["https:\/\/itftkd.sport\/es\/wp-content\/uploads\/sites\/7\/2025\/10\/WC2025_DanielSchmidt_day1-1.jpg",400,267,false],"gform-image-choice-lg":["https:\/\/itftkd.sport\/es\/wp-content\/uploads\/sites\/7\/2025\/10\/WC2025_DanielSchmidt_day1-1.jpg",600,400,false]},"uagb_author_info":{"display_name":"Daniel Schmidt","author_link":"https:\/\/itftkd.sport\/es\/author\/daniel\/"},"uagb_comment_info":0,"uagb_excerpt":"El Campeonato Mundial 2025 comenz\u00f3 oficialmente en Pore\u010d, Croacia, con una memorable Ceremonia de Apertura que combin\u00f3 formalidad, emoci\u00f3n y celebraci\u00f3n, marcando el tono perfecto para cuatro d\u00edas de competencia &hellip;","_links":{"self":[{"href":"https:\/\/itftkd.sport\/es\/wp-json\/wp\/v2\/posts\/32878","targetHints":{"allow":["GET"]}}],"collection":[{"href":"https:\/\/itftkd.sport\/es\/wp-json\/wp\/v2\/posts"}],"about":[{"href":"https:\/\/itftkd.sport\/es\/wp-json\/wp\/v2\/types\/post"}],"author":[{"embeddable":true,"href":"https:\/\/itftkd.sport\/es\/wp-json\/wp\/v2\/users\/14"}],"replies":[{"embeddable":true,"href":"https:\/\/itftkd.sport\/es\/wp-json\/wp\/v2\/comments?post=32878"}],"version-history":[{"count":1,"href":"https:\/\/itftkd.sport\/es\/wp-json\/wp\/v2\/posts\/32878\/revisions"}],"predecessor-version":[{"id":32880,"href":"https:\/\/itftkd.sport\/es\/wp-json\/wp\/v2\/posts\/32878\/revisions\/32880"}],"wp:featuredmedia":[{"embeddable":true,"href":"https:\/\/itftkd.sport\/es\/wp-json\/wp\/v2\/media\/32877"}],"wp:attachment":[{"href":"https:\/\/itftkd.sport\/es\/wp-json\/wp\/v2\/media?parent=32878"}],"wp:term":[{"taxonomy":"category","embeddable":true,"href":"https:\/\/itftkd.sport\/es\/wp-json\/wp\/v2\/categories?post=32878"},{"taxonomy":"post_tag","embeddable":true,"href":"https:\/\/itftkd.sport\/es\/wp-json\/wp\/v2\/tags?post=32878"}],"curies":[{"name":"wp","href":"https:\/\/api.w.org\/{rel}","templated":true}]}}