{"id":32805,"date":"2025-09-26T21:15:00","date_gmt":"2025-09-26T19:15:00","guid":{"rendered":"https:\/\/itftkd.sport\/es\/?p=32805"},"modified":"2025-10-06T21:21:26","modified_gmt":"2025-10-06T19:21:26","slug":"asamblea-general-2025","status":"publish","type":"post","link":"https:\/\/itftkd.sport\/es\/asamblea-general-2025\/","title":{"rendered":"Asamblea General 2025"},"content":{"rendered":"\n<p>La ITF celebrar\u00e1 su 7.\u00aa Asamblea General en Porec, Croacia, en v\u00edsperas del Campeonato Mundial de 2025. Reunir\u00e1 a las Asociaciones Miembros y Asociadas para revisar asuntos y decisiones clave para el futuro de la federaci\u00f3n.<\/p>\n\n\n\n<p>Participaci\u00f3n<\/p>\n\n\n\n<ul class=\"wp-block-list\">\n<li>Asociaciones miembros: Hasta dos (2) delegados, uno de ellos (1) con derecho a voto.<\/li>\n\n\n\n<li>Miembros Asociados: Hasta dos (2) delegados, sin derecho a voto.<\/li>\n<\/ul>\n\n\n\n<p>Por favor, complete y devuelva el formulario de solicitud antes del lunes 22 de septiembre de 2025, indicando el delegado con derecho a voto.<\/p>\n\n\n\n<p>Para preguntas o asistencia, contacte con la Secretar\u00eda del ITF.<\/p>\n\n\n\n<p>La invitaci\u00f3n oficial se encuentra a continuaci\u00f3n.<\/p>\n\n\n\n<div class=\"wp-block-file\"><a id=\"wp-block-file--media-9d72778b-c7f1-4f27-ad64-0c3d53a7dedf\" href=\"https:\/\/itftkd.sport\/es\/wp-content\/uploads\/sites\/7\/2025\/10\/2025.141.-Invitacion-a-la-7o-Asamblea-General-Croacia-Agenda.pdf\" target=\"_blank\" rel=\"noreferrer noopener\">2025.141. Invitaci\u00f3n a la 7\u00ba Asamblea General Croacia Agenda<\/a><a href=\"https:\/\/itftkd.sport\/es\/wp-content\/uploads\/sites\/7\/2025\/10\/2025.141.-Invitacion-a-la-7o-Asamblea-General-Croacia-Agenda.pdf\" class=\"wp-block-file__button wp-element-button\" download aria-describedby=\"wp-block-file--media-9d72778b-c7f1-4f27-ad64-0c3d53a7dedf\">Download<\/a><\/div>\n","protected":false},"excerpt":{"rendered":"<p>La ITF celebrar\u00e1 su 7.\u00aa Asamblea General en Porec, Croacia, en v\u00edsperas del Campeonato Mundial de 2025. Reunir\u00e1 a las Asociaciones Miembros y Asociadas para revisar asuntos y decisiones clave &hellip;<\/p>\n","protected":false},"author":14,"featured_media":32806,"comment_status":"open","ping_status":"closed","sticky":false,"template":"","format":"standard","meta":{"_tec_requires_first_save":true,"_uag_custom_page_level_css":"","_genesis_hide_title":false,"_genesis_hide_breadcrumbs":false,"_genesis_hide_singular_image":false,"_genesis_hide_footer_widgets":false,"_genesis_custom_body_class":"","_genesis_custom_post_class":"","_genesis_layout":"","_EventAllDay":false,"_EventTimezone":"","_EventStartDate":"","_EventEndDate":"","_EventStartDateUTC":"","_EventEndDateUTC":"","_EventShowMap":false,"_EventShowMapLink":false,"_EventURL":"","_EventCost":"","_EventCostDescription":"","_EventCurrencySymbol":"","_EventCurrencyCode":"","_EventCurrencyPosition":"","_EventDateTimeSeparator":"","_EventTimeRangeSeparator":"","_EventOrganizerID":[],"_EventVenueID":[],"_OrganizerEmail":"","_OrganizerPhone":"","_OrganizerWebsite":"","_VenueAddress":"","_VenueCity":"","_VenueCountry":"","_VenueProvince":"","_VenueState":"","_VenueZip":"","_VenuePhone":"","_VenueURL":"","_VenueStateProvince":"","_VenueLat":"","_VenueLng":"","_VenueShowMap":false,"_VenueShowMapLink":false,"_tribe_blocks_recurrence_rules":"","_tribe_blocks_recurrence_description":"","_tribe_blocks_recurrence_exclusions":"","editor_notices":[],"footnotes":""},"categories":[580],"tags":[],"class_list":["post-32805","post","type-post","status-publish","format-standard","has-post-thumbnail","category-world-campionship-2025","entry"],"featured_image_src":"https:\/\/itftkd.sport\/es\/wp-content\/uploads\/sites\/7\/2025\/10\/20251007_GeneralAssembly2025_feature-600x400.jpg","featured_image_src_square":"https:\/\/itftkd.sport\/es\/wp-content\/uploads\/sites\/7\/2025\/10\/20251007_GeneralAssembly2025_feature-600x600.jpg","author_info":{"display_name":"Daniel Schmidt","author_link":"https:\/\/itftkd.sport\/es\/author\/daniel\/"},"uagb_featured_image_src":{"full":["https:\/\/itftkd.sport\/es\/wp-content\/uploads\/sites\/7\/2025\/10\/20251007_GeneralAssembly2025_feature.jpg",800,600,false],"thumbnail":["https:\/\/itftkd.sport\/es\/wp-content\/uploads\/sites\/7\/2025\/10\/20251007_GeneralAssembly2025_feature-150x150.jpg",150,150,true],"medium":["https:\/\/itftkd.sport\/es\/wp-content\/uploads\/sites\/7\/2025\/10\/20251007_GeneralAssembly2025_feature-300x225.jpg",300,225,true],"medium_large":["https:\/\/itftkd.sport\/es\/wp-content\/uploads\/sites\/7\/2025\/10\/20251007_GeneralAssembly2025_feature-768x576.jpg",768,576,true],"large":["https:\/\/itftkd.sport\/es\/wp-content\/uploads\/sites\/7\/2025\/10\/20251007_GeneralAssembly2025_feature.jpg",800,600,false],"1536x1536":["https:\/\/itftkd.sport\/es\/wp-content\/uploads\/sites\/7\/2025\/10\/20251007_GeneralAssembly2025_feature.jpg",800,600,false],"2048x2048":["https:\/\/itftkd.sport\/es\/wp-content\/uploads\/sites\/7\/2025\/10\/20251007_GeneralAssembly2025_feature.jpg",800,600,false],"banner":["https:\/\/itftkd.sport\/es\/wp-content\/uploads\/sites\/7\/2025\/10\/20251007_GeneralAssembly2025_feature-800x533.jpg",800,533,true],"section":["https:\/\/itftkd.sport\/es\/wp-content\/uploads\/sites\/7\/2025\/10\/20251007_GeneralAssembly2025_feature.jpg",800,600,false],"full-width":["https:\/\/itftkd.sport\/es\/wp-content\/uploads\/sites\/7\/2025\/10\/20251007_GeneralAssembly2025_feature.jpg",800,600,false],"featured":["https:\/\/itftkd.sport\/es\/wp-content\/uploads\/sites\/7\/2025\/10\/20251007_GeneralAssembly2025_feature.jpg",800,600,false],"one-half":["https:\/\/itftkd.sport\/es\/wp-content\/uploads\/sites\/7\/2025\/10\/20251007_GeneralAssembly2025_feature-550x413.jpg",550,413,true],"one-third":["https:\/\/itftkd.sport\/es\/wp-content\/uploads\/sites\/7\/2025\/10\/20251007_GeneralAssembly2025_feature-350x263.jpg",350,263,true],"one-fourth":["https:\/\/itftkd.sport\/es\/wp-content\/uploads\/sites\/7\/2025\/10\/20251007_GeneralAssembly2025_feature-260x195.jpg",260,195,true],"tiny":["https:\/\/itftkd.sport\/es\/wp-content\/uploads\/sites\/7\/2025\/10\/20251007_GeneralAssembly2025_feature-80x80.jpg",80,80,true],"ab-block-post-grid-landscape":["https:\/\/itftkd.sport\/es\/wp-content\/uploads\/sites\/7\/2025\/10\/20251007_GeneralAssembly2025_feature-600x400.jpg",600,400,true],"ab-block-post-grid-square":["https:\/\/itftkd.sport\/es\/wp-content\/uploads\/sites\/7\/2025\/10\/20251007_GeneralAssembly2025_feature-600x600.jpg",600,600,true],"gform-image-choice-sm":["https:\/\/itftkd.sport\/es\/wp-content\/uploads\/sites\/7\/2025\/10\/20251007_GeneralAssembly2025_feature.jpg",300,225,false],"gform-image-choice-md":["https:\/\/itftkd.sport\/es\/wp-content\/uploads\/sites\/7\/2025\/10\/20251007_GeneralAssembly2025_feature.jpg",400,300,false],"gform-image-choice-lg":["https:\/\/itftkd.sport\/es\/wp-content\/uploads\/sites\/7\/2025\/10\/20251007_GeneralAssembly2025_feature.jpg",600,450,false]},"uagb_author_info":{"display_name":"Daniel Schmidt","author_link":"https:\/\/itftkd.sport\/es\/author\/daniel\/"},"uagb_comment_info":0,"uagb_excerpt":"La ITF celebrar\u00e1 su 7.\u00aa Asamblea General en Porec, Croacia, en v\u00edsperas del Campeonato Mundial de 2025. Reunir\u00e1 a las Asociaciones Miembros y Asociadas para revisar asuntos y decisiones clave &hellip;","_links":{"self":[{"href":"https:\/\/itftkd.sport\/es\/wp-json\/wp\/v2\/posts\/32805","targetHints":{"allow":["GET"]}}],"collection":[{"href":"https:\/\/itftkd.sport\/es\/wp-json\/wp\/v2\/posts"}],"about":[{"href":"https:\/\/itftkd.sport\/es\/wp-json\/wp\/v2\/types\/post"}],"author":[{"embeddable":true,"href":"https:\/\/itftkd.sport\/es\/wp-json\/wp\/v2\/users\/14"}],"replies":[{"embeddable":true,"href":"https:\/\/itftkd.sport\/es\/wp-json\/wp\/v2\/comments?post=32805"}],"version-history":[{"count":1,"href":"https:\/\/itftkd.sport\/es\/wp-json\/wp\/v2\/posts\/32805\/revisions"}],"predecessor-version":[{"id":32809,"href":"https:\/\/itftkd.sport\/es\/wp-json\/wp\/v2\/posts\/32805\/revisions\/32809"}],"wp:featuredmedia":[{"embeddable":true,"href":"https:\/\/itftkd.sport\/es\/wp-json\/wp\/v2\/media\/32806"}],"wp:attachment":[{"href":"https:\/\/itftkd.sport\/es\/wp-json\/wp\/v2\/media?parent=32805"}],"wp:term":[{"taxonomy":"category","embeddable":true,"href":"https:\/\/itftkd.sport\/es\/wp-json\/wp\/v2\/categories?post=32805"},{"taxonomy":"post_tag","embeddable":true,"href":"https:\/\/itftkd.sport\/es\/wp-json\/wp\/v2\/tags?post=32805"}],"curies":[{"name":"wp","href":"https:\/\/api.w.org\/{rel}","templated":true}]}}