{"id":32573,"date":"2025-07-24T00:00:36","date_gmt":"2025-07-23T22:00:36","guid":{"rendered":"https:\/\/itftkd.sport\/es\/?p=32573"},"modified":"2025-07-24T00:00:38","modified_gmt":"2025-07-23T22:00:38","slug":"reunion-en-linea-de-direccion-antes-del-campeonato-mundial-de-2025","status":"publish","type":"post","link":"https:\/\/itftkd.sport\/es\/reunion-en-linea-de-direccion-antes-del-campeonato-mundial-de-2025\/","title":{"rendered":"Reuni\u00f3n en l\u00ednea de direcci\u00f3n antes del Campeonato Mundial de 2025"},"content":{"rendered":"\n<p>The International Taekwon-Do Federation (ITF) and the Local Organizing Committee (LOC) of the ITF World Championships 2025 held a high-level online steering meeting this month to evaluate the latest progress in preparations for the upcoming event, scheduled for October 7\u201311, 2025 in Pore\u010d, Croatia.<\/p>\n\n\n\n<p>The meeting was attended by GM Tadeusz \u0141oboda (ITF Secretary General), Master Leo Oros Duek (ITF treasurer) and representatives of several ITF bodies, including the Tournament Committee, Umpire Committee, IT Committee, Communications Committee, and the Audit, Risk and Compliance Committee. From the host country, Master Slavko Jereb, Chairman of the LOC, led the briefing on operational readiness and local arrangements. He was supported by Tamara Ibric.<\/p>\n\n\n\n<h3 class=\"wp-block-heading\">Key Topics Covered:<\/h3>\n\n\n\n<h4 class=\"wp-block-heading\">\ud83c\udfdf\ufe0f Competition Readiness &amp; Venue<\/h4>\n\n\n\n<p>Organizers confirmed that the <strong>Sports Hall \u017datika<\/strong>, a modern and spacious facility in Pore\u010d, will host all events. The 2025 edition will include the <strong>23rd Adult World Championships<\/strong>, the <strong>17th Junior World Championships<\/strong>, and the <strong>2nd Pre-Junior World Championships<\/strong> \u2014 <strong>as well as the 2nd ITF Adapted Taekwon-Do World Cup<\/strong>, which will take place in the same venue and timeframe. This reflects ITF\u2019s continued commitment to inclusion and accessibility in martial arts.<\/p>\n\n\n\n<h4 class=\"wp-block-heading\">\ud83d\udcbb Registration &amp; IT Systems<\/h4>\n\n\n\n<p>The IT Committee reported that Sportdata, the platform managing registration, scheduling, and live results, is fully operational. Registration remains open until <strong>septiembre 5, 2025<\/strong>. For the Adapted Taekwon-Do World Cup, the registration will be open one week longer. Shortly after the registrations, the IT Committee will prepare the entire event competition schedule which will be published well before the event.<\/p>\n\n\n\n<h4 class=\"wp-block-heading\">\ud83c\udfe8 Accommodation &amp; Transportation<\/h4>\n\n\n\n<p>LOC representatives detailed accommodation packages ranging from 2-star to VIP 4+ options, all located within a short distance from the venue. Teams staying more than 2 km from the hall will benefit from free transportation to and from the competition site. A training hall will be available free of charge for national teams from October 5\u20137.<\/p>\n\n\n\n<h4 class=\"wp-block-heading\">\ud83d\udce3 Media, Live Coverage &amp; Communication<\/h4>\n\n\n\n<p>The Communications Committee shared its strategy for event promotion, including global livestreaming, official press access, and digital engagement via social media and the official event website. Accredited press and photographers will be limited to ensure a professional and controlled environment.<\/p>\n\n\n\n<h4 class=\"wp-block-heading\">\ud83e\udd4b Umpires &amp; Coaches<\/h4>\n\n\n\n<p>The Umpire Committee confirmed the attendence of 100 umpires. Umpire meetings are scheduled for October 6 at Hotel Albatros. An online coaches meeting will take place on October 4, followed by the in-person meeting on October 7 at Hotel Plavi.<\/p>\n\n\n\n<p>With just under three months to go, the <strong>ITF World Championships 2025<\/strong> \u2014 <strong>alongside the 2nd ITF Adapted Taekwon-Do World Cup<\/strong> \u2014 are shaping up to be a landmark moment for the ITF community, celebrating excellence, inclusivity, and international unity in the martial art of Taekwon-Do.<\/p>\n\n\n\n<p><strong>Stay up to date at <a href=\"http:\/\/www.itfwtc2025.eu\">www.itfwtc2025.eu<\/a> and <a href=\"http:\/\/www.itftkd.sport\/world-championship-2025\/\">www.itftkd.sport\/world-championship-2025\/<\/a>.<\/strong><\/p>\n","protected":false},"excerpt":{"rendered":"<p>The International Taekwon-Do Federation (ITF) and the Local Organizing Committee (LOC) of the ITF World Championships 2025 held a high-level online steering meeting this month to evaluate the latest progress &hellip;<\/p>\n","protected":false},"author":14,"featured_media":32574,"comment_status":"open","ping_status":"closed","sticky":false,"template":"","format":"standard","meta":{"_tec_requires_first_save":true,"_uag_custom_page_level_css":"","_genesis_hide_title":false,"_genesis_hide_breadcrumbs":false,"_genesis_hide_singular_image":false,"_genesis_hide_footer_widgets":false,"_genesis_custom_body_class":"","_genesis_custom_post_class":"","_genesis_layout":"","_EventAllDay":false,"_EventTimezone":"","_EventStartDate":"","_EventEndDate":"","_EventStartDateUTC":"","_EventEndDateUTC":"","_EventShowMap":false,"_EventShowMapLink":false,"_EventURL":"","_EventCost":"","_EventCostDescription":"","_EventCurrencySymbol":"","_EventCurrencyCode":"","_EventCurrencyPosition":"","_EventDateTimeSeparator":"","_EventTimeRangeSeparator":"","_EventOrganizerID":[],"_EventVenueID":[],"_OrganizerEmail":"","_OrganizerPhone":"","_OrganizerWebsite":"","_VenueAddress":"","_VenueCity":"","_VenueCountry":"","_VenueProvince":"","_VenueState":"","_VenueZip":"","_VenuePhone":"","_VenueURL":"","_VenueStateProvince":"","_VenueLat":"","_VenueLng":"","_VenueShowMap":false,"_VenueShowMapLink":false,"_tribe_blocks_recurrence_rules":"","_tribe_blocks_recurrence_description":"","_tribe_blocks_recurrence_exclusions":"","editor_notices":[],"footnotes":""},"categories":[132,130,580],"tags":[],"class_list":["post-32573","post","type-post","status-publish","format-standard","has-post-thumbnail","category-destacadas","category-ultimas-noticias","category-world-campionship-2025","entry"],"featured_image_src":"https:\/\/itftkd.sport\/es\/wp-content\/uploads\/sites\/7\/2025\/07\/20250723_PreparationMeeting_feature-600x400.jpg","featured_image_src_square":"https:\/\/itftkd.sport\/es\/wp-content\/uploads\/sites\/7\/2025\/07\/20250723_PreparationMeeting_feature-600x600.jpg","author_info":{"display_name":"Daniel Schmidt","author_link":"https:\/\/itftkd.sport\/es\/author\/daniel\/"},"uagb_featured_image_src":{"full":["https:\/\/itftkd.sport\/es\/wp-content\/uploads\/sites\/7\/2025\/07\/20250723_PreparationMeeting_feature.jpg",800,600,false],"thumbnail":["https:\/\/itftkd.sport\/es\/wp-content\/uploads\/sites\/7\/2025\/07\/20250723_PreparationMeeting_feature-150x150.jpg",150,150,true],"medium":["https:\/\/itftkd.sport\/es\/wp-content\/uploads\/sites\/7\/2025\/07\/20250723_PreparationMeeting_feature-300x225.jpg",300,225,true],"medium_large":["https:\/\/itftkd.sport\/es\/wp-content\/uploads\/sites\/7\/2025\/07\/20250723_PreparationMeeting_feature-768x576.jpg",768,576,true],"large":["https:\/\/itftkd.sport\/es\/wp-content\/uploads\/sites\/7\/2025\/07\/20250723_PreparationMeeting_feature.jpg",800,600,false],"1536x1536":["https:\/\/itftkd.sport\/es\/wp-content\/uploads\/sites\/7\/2025\/07\/20250723_PreparationMeeting_feature.jpg",800,600,false],"2048x2048":["https:\/\/itftkd.sport\/es\/wp-content\/uploads\/sites\/7\/2025\/07\/20250723_PreparationMeeting_feature.jpg",800,600,false],"banner":["https:\/\/itftkd.sport\/es\/wp-content\/uploads\/sites\/7\/2025\/07\/20250723_PreparationMeeting_feature-800x533.jpg",800,533,true],"section":["https:\/\/itftkd.sport\/es\/wp-content\/uploads\/sites\/7\/2025\/07\/20250723_PreparationMeeting_feature.jpg",800,600,false],"full-width":["https:\/\/itftkd.sport\/es\/wp-content\/uploads\/sites\/7\/2025\/07\/20250723_PreparationMeeting_feature.jpg",800,600,false],"featured":["https:\/\/itftkd.sport\/es\/wp-content\/uploads\/sites\/7\/2025\/07\/20250723_PreparationMeeting_feature.jpg",800,600,false],"one-half":["https:\/\/itftkd.sport\/es\/wp-content\/uploads\/sites\/7\/2025\/07\/20250723_PreparationMeeting_feature-550x413.jpg",550,413,true],"one-third":["https:\/\/itftkd.sport\/es\/wp-content\/uploads\/sites\/7\/2025\/07\/20250723_PreparationMeeting_feature-350x263.jpg",350,263,true],"one-fourth":["https:\/\/itftkd.sport\/es\/wp-content\/uploads\/sites\/7\/2025\/07\/20250723_PreparationMeeting_feature-260x195.jpg",260,195,true],"tiny":["https:\/\/itftkd.sport\/es\/wp-content\/uploads\/sites\/7\/2025\/07\/20250723_PreparationMeeting_feature-80x80.jpg",80,80,true],"ab-block-post-grid-landscape":["https:\/\/itftkd.sport\/es\/wp-content\/uploads\/sites\/7\/2025\/07\/20250723_PreparationMeeting_feature-600x400.jpg",600,400,true],"ab-block-post-grid-square":["https:\/\/itftkd.sport\/es\/wp-content\/uploads\/sites\/7\/2025\/07\/20250723_PreparationMeeting_feature-600x600.jpg",600,600,true],"gform-image-choice-sm":["https:\/\/itftkd.sport\/es\/wp-content\/uploads\/sites\/7\/2025\/07\/20250723_PreparationMeeting_feature.jpg",300,225,false],"gform-image-choice-md":["https:\/\/itftkd.sport\/es\/wp-content\/uploads\/sites\/7\/2025\/07\/20250723_PreparationMeeting_feature.jpg",400,300,false],"gform-image-choice-lg":["https:\/\/itftkd.sport\/es\/wp-content\/uploads\/sites\/7\/2025\/07\/20250723_PreparationMeeting_feature.jpg",600,450,false]},"uagb_author_info":{"display_name":"Daniel Schmidt","author_link":"https:\/\/itftkd.sport\/es\/author\/daniel\/"},"uagb_comment_info":0,"uagb_excerpt":"The International Taekwon-Do Federation (ITF) and the Local Organizing Committee (LOC) of the ITF World Championships 2025 held a high-level online steering meeting this month to evaluate the latest progress &hellip;","_links":{"self":[{"href":"https:\/\/itftkd.sport\/es\/wp-json\/wp\/v2\/posts\/32573","targetHints":{"allow":["GET"]}}],"collection":[{"href":"https:\/\/itftkd.sport\/es\/wp-json\/wp\/v2\/posts"}],"about":[{"href":"https:\/\/itftkd.sport\/es\/wp-json\/wp\/v2\/types\/post"}],"author":[{"embeddable":true,"href":"https:\/\/itftkd.sport\/es\/wp-json\/wp\/v2\/users\/14"}],"replies":[{"embeddable":true,"href":"https:\/\/itftkd.sport\/es\/wp-json\/wp\/v2\/comments?post=32573"}],"version-history":[{"count":1,"href":"https:\/\/itftkd.sport\/es\/wp-json\/wp\/v2\/posts\/32573\/revisions"}],"predecessor-version":[{"id":32575,"href":"https:\/\/itftkd.sport\/es\/wp-json\/wp\/v2\/posts\/32573\/revisions\/32575"}],"wp:featuredmedia":[{"embeddable":true,"href":"https:\/\/itftkd.sport\/es\/wp-json\/wp\/v2\/media\/32574"}],"wp:attachment":[{"href":"https:\/\/itftkd.sport\/es\/wp-json\/wp\/v2\/media?parent=32573"}],"wp:term":[{"taxonomy":"category","embeddable":true,"href":"https:\/\/itftkd.sport\/es\/wp-json\/wp\/v2\/categories?post=32573"},{"taxonomy":"post_tag","embeddable":true,"href":"https:\/\/itftkd.sport\/es\/wp-json\/wp\/v2\/tags?post=32573"}],"curies":[{"name":"wp","href":"https:\/\/api.w.org\/{rel}","templated":true}]}}