{"id":32556,"date":"2025-07-07T10:00:00","date_gmt":"2025-07-07T08:00:00","guid":{"rendered":"https:\/\/itftkd.sport\/es\/?p=32556"},"modified":"2025-07-23T23:49:36","modified_gmt":"2025-07-23T21:49:36","slug":"reunion-de-la-junta-directiva-6-de-julio-de-2025","status":"publish","type":"post","link":"https:\/\/itftkd.sport\/es\/reunion-de-la-junta-directiva-6-de-julio-de-2025\/","title":{"rendered":"Reuni\u00f3n de la Junta Directiva \u2013 6 de julio de 2025"},"content":{"rendered":"\n<p><strong>M\u00e1s de seis horas de debates estrat\u00e9gicos celebrados en l\u00ednea<\/strong><\/p>\n\n\n\n<p>La quinta reuni\u00f3n de la Junta Directiva de la ITF se celebr\u00f3 el domingo 6 de julio de 2025 v\u00eda Zoom. La reuni\u00f3n virtual, que comenz\u00f3 a las 15:00 CEST y se prolong\u00f3 durante m\u00e1s de seis horas, reuni\u00f3 a todos los miembros de la Junta, junto con invitados especiales: el GM Tadeusz \u0141oboda (Secretario General de la ITF) y el Sr. Efraim Barak (Asesor General de la ITF).<\/p>\n\n\n\n<p>Esta extensa sesi\u00f3n brind\u00f3 una plataforma para debatir exhaustivamente diversos temas cruciales relacionados con la gobernanza, el desarrollo y las operaciones de la ITF. La Junta reafirm\u00f3 su compromiso con la transparencia, el profesionalismo y el servicio a la comunidad global del Taekwon-Do.<\/p>\n\n\n\n<h3 class=\"wp-block-heading\"><strong>Temas clave discutidos<\/strong><\/h3>\n\n\n\n<p>Durante la reuni\u00f3n, la Junta Directiva abord\u00f3 tanto los asuntos en curso como las iniciativas de futuro. El orden del d\u00eda incluy\u00f3:<\/p>\n\n\n\n<ul class=\"wp-block-list\">\n<li>Asuntos relacionados con la membres\u00eda<\/li>\n<\/ul>\n\n\n\n<ul class=\"wp-block-list\">\n<li>Casos disciplinarios y \u00e9ticos<\/li>\n<\/ul>\n\n\n\n<ul class=\"wp-block-list\">\n<li>Enmiendas propuestas a las Reglas de Torneo de la ITF y al Curso de DO<\/li>\n<\/ul>\n\n\n\n<ul class=\"wp-block-list\">\n<li>Actualizaciones sobre el Proyecto de Autodefensa<\/li>\n<\/ul>\n\n\n\n<ul class=\"wp-block-list\">\n<li>Lanzamiento de una nueva plataforma de servicios para titulares de placas de la ITF<\/li>\n<\/ul>\n\n\n\n<ul class=\"wp-block-list\">\n<li>Resumen financiero del primer semestre de 2025 y proyecciones para el resto del a\u00f1o<\/li>\n<\/ul>\n\n\n\n<ul class=\"wp-block-list\">\n<li>Ratificaci\u00f3n de decisiones tomadas previamente mediante votaci\u00f3n por correo electr\u00f3nico<\/li>\n<\/ul>\n\n\n\n<h3 class=\"wp-block-heading\"><strong>Nuevo servicio para titulares de placas ITF<\/strong><\/h3>\n\n\n\n<p>Un punto destacado de la reuni\u00f3n fue la presentaci\u00f3n de una plataforma de servicios dedicada a los titulares de placas de la ITF. Esta nueva iniciativa busca brindar un mejor acceso a recursos, herramientas e informaci\u00f3n, a la vez que fomenta una comunicaci\u00f3n m\u00e1s s\u00f3lida y un mayor apoyo para los instructores y miembros m\u00e1s activos. La plataforma est\u00e1 dise\u00f1ada para ofrecer oportunidades de desarrollo profesional, reconocimiento y canales directos para participar en las actividades de la ITF.<\/p>\n\n\n\n<h3 class=\"wp-block-heading\"><strong>Otros asuntos revisados<\/strong><\/h3>\n\n\n\n<p>En la categor\u00eda \u201cVarios\u201d, la Junta tambi\u00e9n revis\u00f3:<\/p>\n\n\n\n<ul class=\"wp-block-list\">\n<li>La Pol\u00edtica de Gran Maestro Honorario (HGM)<\/li>\n\n\n\n<li>Normas de vestimenta para los Congresos de la ITF<\/li>\n\n\n\n<li>Consideraciones sobre posibles conflictos de intereses dentro de las estructuras de los comit\u00e9s<\/li>\n<\/ul>\n\n\n\n<h3 class=\"wp-block-heading\"><strong>Compromiso continuo con la excelencia<\/strong><\/h3>\n\n\n\n<p>Como siempre, la reuni\u00f3n se caracteriz\u00f3 por un debate sustantivo, un esp\u00edritu de colaboraci\u00f3n y una dedicaci\u00f3n compartida al crecimiento continuo de la ITF. Los esfuerzos de la Junta Directiva contin\u00faan apoyando los valores y la misi\u00f3n de nuestra organizaci\u00f3n.<\/p>\n\n\n\n<p>La pr\u00f3xima reuni\u00f3n de la Junta Directiva de la ITF est\u00e1 programada para el 7 de septiembre de 2025.<\/p>\n\n\n\n<hr class=\"wp-block-separator has-alpha-channel-opacity\" \/>\n\n\n\n<p>Extendemos nuestro sincero agradecimiento a todos los miembros de la Junta por su inquebrantable dedicaci\u00f3n y tremendas contribuciones a la comunidad global de Taekwon-Do.<\/p>\n\n\n<figure class=\"wp-block-post-featured-image\"><img loading=\"lazy\" decoding=\"async\" width=\"800\" height=\"600\" src=\"https:\/\/itftkd.sport\/es\/wp-content\/uploads\/sites\/7\/2025\/07\/20250706_BoD_feature.jpg\" class=\"attachment-post-thumbnail size-post-thumbnail wp-post-image\" alt=\"\" style=\"object-fit:cover;\" srcset=\"https:\/\/itftkd.sport\/es\/wp-content\/uploads\/sites\/7\/2025\/07\/20250706_BoD_feature.jpg 800w, https:\/\/itftkd.sport\/es\/wp-content\/uploads\/sites\/7\/2025\/07\/20250706_BoD_feature-300x225.jpg 300w, https:\/\/itftkd.sport\/es\/wp-content\/uploads\/sites\/7\/2025\/07\/20250706_BoD_feature-768x576.jpg 768w, https:\/\/itftkd.sport\/es\/wp-content\/uploads\/sites\/7\/2025\/07\/20250706_BoD_feature-550x413.jpg 550w, https:\/\/itftkd.sport\/es\/wp-content\/uploads\/sites\/7\/2025\/07\/20250706_BoD_feature-350x263.jpg 350w, https:\/\/itftkd.sport\/es\/wp-content\/uploads\/sites\/7\/2025\/07\/20250706_BoD_feature-260x195.jpg 260w\" sizes=\"auto, (max-width: 800px) 100vw, 800px\" \/><\/figure>","protected":false},"excerpt":{"rendered":"<p>M\u00e1s de seis horas de debates estrat\u00e9gicos celebrados en l\u00ednea La quinta reuni\u00f3n de la Junta Directiva de la ITF se celebr\u00f3 el domingo 6 de julio de 2025 v\u00eda &hellip;<\/p>\n","protected":false},"author":14,"featured_media":32557,"comment_status":"open","ping_status":"closed","sticky":false,"template":"","format":"standard","meta":{"_tec_requires_first_save":true,"_uag_custom_page_level_css":"","_genesis_hide_title":false,"_genesis_hide_breadcrumbs":false,"_genesis_hide_singular_image":false,"_genesis_hide_footer_widgets":false,"_genesis_custom_body_class":"","_genesis_custom_post_class":"","_genesis_layout":"","_EventAllDay":false,"_EventTimezone":"","_EventStartDate":"","_EventEndDate":"","_EventStartDateUTC":"","_EventEndDateUTC":"","_EventShowMap":false,"_EventShowMapLink":false,"_EventURL":"","_EventCost":"","_EventCostDescription":"","_EventCurrencySymbol":"","_EventCurrencyCode":"","_EventCurrencyPosition":"","_EventDateTimeSeparator":"","_EventTimeRangeSeparator":"","_EventOrganizerID":[],"_EventVenueID":[],"_OrganizerEmail":"","_OrganizerPhone":"","_OrganizerWebsite":"","_VenueAddress":"","_VenueCity":"","_VenueCountry":"","_VenueProvince":"","_VenueState":"","_VenueZip":"","_VenuePhone":"","_VenueURL":"","_VenueStateProvince":"","_VenueLat":"","_VenueLng":"","_VenueShowMap":false,"_VenueShowMapLink":false,"_tribe_blocks_recurrence_rules":"","_tribe_blocks_recurrence_description":"","_tribe_blocks_recurrence_exclusions":"","editor_notices":[],"footnotes":""},"categories":[132,131,130],"tags":[],"class_list":["post-32556","post","type-post","status-publish","format-standard","has-post-thumbnail","category-destacadas","category-noticias-institucionales","category-ultimas-noticias","entry"],"featured_image_src":"https:\/\/itftkd.sport\/es\/wp-content\/uploads\/sites\/7\/2025\/07\/20250706_BoD_feature-600x400.jpg","featured_image_src_square":"https:\/\/itftkd.sport\/es\/wp-content\/uploads\/sites\/7\/2025\/07\/20250706_BoD_feature-600x600.jpg","author_info":{"display_name":"Daniel Schmidt","author_link":"https:\/\/itftkd.sport\/es\/author\/daniel\/"},"uagb_featured_image_src":{"full":["https:\/\/itftkd.sport\/es\/wp-content\/uploads\/sites\/7\/2025\/07\/20250706_BoD_feature.jpg",800,600,false],"thumbnail":["https:\/\/itftkd.sport\/es\/wp-content\/uploads\/sites\/7\/2025\/07\/20250706_BoD_feature-150x150.jpg",150,150,true],"medium":["https:\/\/itftkd.sport\/es\/wp-content\/uploads\/sites\/7\/2025\/07\/20250706_BoD_feature-300x225.jpg",300,225,true],"medium_large":["https:\/\/itftkd.sport\/es\/wp-content\/uploads\/sites\/7\/2025\/07\/20250706_BoD_feature-768x576.jpg",768,576,true],"large":["https:\/\/itftkd.sport\/es\/wp-content\/uploads\/sites\/7\/2025\/07\/20250706_BoD_feature.jpg",800,600,false],"1536x1536":["https:\/\/itftkd.sport\/es\/wp-content\/uploads\/sites\/7\/2025\/07\/20250706_BoD_feature.jpg",800,600,false],"2048x2048":["https:\/\/itftkd.sport\/es\/wp-content\/uploads\/sites\/7\/2025\/07\/20250706_BoD_feature.jpg",800,600,false],"banner":["https:\/\/itftkd.sport\/es\/wp-content\/uploads\/sites\/7\/2025\/07\/20250706_BoD_feature-800x533.jpg",800,533,true],"section":["https:\/\/itftkd.sport\/es\/wp-content\/uploads\/sites\/7\/2025\/07\/20250706_BoD_feature.jpg",800,600,false],"full-width":["https:\/\/itftkd.sport\/es\/wp-content\/uploads\/sites\/7\/2025\/07\/20250706_BoD_feature.jpg",800,600,false],"featured":["https:\/\/itftkd.sport\/es\/wp-content\/uploads\/sites\/7\/2025\/07\/20250706_BoD_feature.jpg",800,600,false],"one-half":["https:\/\/itftkd.sport\/es\/wp-content\/uploads\/sites\/7\/2025\/07\/20250706_BoD_feature-550x413.jpg",550,413,true],"one-third":["https:\/\/itftkd.sport\/es\/wp-content\/uploads\/sites\/7\/2025\/07\/20250706_BoD_feature-350x263.jpg",350,263,true],"one-fourth":["https:\/\/itftkd.sport\/es\/wp-content\/uploads\/sites\/7\/2025\/07\/20250706_BoD_feature-260x195.jpg",260,195,true],"tiny":["https:\/\/itftkd.sport\/es\/wp-content\/uploads\/sites\/7\/2025\/07\/20250706_BoD_feature-80x80.jpg",80,80,true],"ab-block-post-grid-landscape":["https:\/\/itftkd.sport\/es\/wp-content\/uploads\/sites\/7\/2025\/07\/20250706_BoD_feature-600x400.jpg",600,400,true],"ab-block-post-grid-square":["https:\/\/itftkd.sport\/es\/wp-content\/uploads\/sites\/7\/2025\/07\/20250706_BoD_feature-600x600.jpg",600,600,true],"gform-image-choice-sm":["https:\/\/itftkd.sport\/es\/wp-content\/uploads\/sites\/7\/2025\/07\/20250706_BoD_feature.jpg",300,225,false],"gform-image-choice-md":["https:\/\/itftkd.sport\/es\/wp-content\/uploads\/sites\/7\/2025\/07\/20250706_BoD_feature.jpg",400,300,false],"gform-image-choice-lg":["https:\/\/itftkd.sport\/es\/wp-content\/uploads\/sites\/7\/2025\/07\/20250706_BoD_feature.jpg",600,450,false]},"uagb_author_info":{"display_name":"Daniel Schmidt","author_link":"https:\/\/itftkd.sport\/es\/author\/daniel\/"},"uagb_comment_info":0,"uagb_excerpt":"M\u00e1s de seis horas de debates estrat\u00e9gicos celebrados en l\u00ednea La quinta reuni\u00f3n de la Junta Directiva de la ITF se celebr\u00f3 el domingo 6 de julio de 2025 v\u00eda &hellip;","_links":{"self":[{"href":"https:\/\/itftkd.sport\/es\/wp-json\/wp\/v2\/posts\/32556","targetHints":{"allow":["GET"]}}],"collection":[{"href":"https:\/\/itftkd.sport\/es\/wp-json\/wp\/v2\/posts"}],"about":[{"href":"https:\/\/itftkd.sport\/es\/wp-json\/wp\/v2\/types\/post"}],"author":[{"embeddable":true,"href":"https:\/\/itftkd.sport\/es\/wp-json\/wp\/v2\/users\/14"}],"replies":[{"embeddable":true,"href":"https:\/\/itftkd.sport\/es\/wp-json\/wp\/v2\/comments?post=32556"}],"version-history":[{"count":2,"href":"https:\/\/itftkd.sport\/es\/wp-json\/wp\/v2\/posts\/32556\/revisions"}],"predecessor-version":[{"id":32561,"href":"https:\/\/itftkd.sport\/es\/wp-json\/wp\/v2\/posts\/32556\/revisions\/32561"}],"wp:featuredmedia":[{"embeddable":true,"href":"https:\/\/itftkd.sport\/es\/wp-json\/wp\/v2\/media\/32557"}],"wp:attachment":[{"href":"https:\/\/itftkd.sport\/es\/wp-json\/wp\/v2\/media?parent=32556"}],"wp:term":[{"taxonomy":"category","embeddable":true,"href":"https:\/\/itftkd.sport\/es\/wp-json\/wp\/v2\/categories?post=32556"},{"taxonomy":"post_tag","embeddable":true,"href":"https:\/\/itftkd.sport\/es\/wp-json\/wp\/v2\/tags?post=32556"}],"curies":[{"name":"wp","href":"https:\/\/api.w.org\/{rel}","templated":true}]}}