{"id":32158,"date":"2025-03-25T11:36:14","date_gmt":"2025-03-25T10:36:14","guid":{"rendered":"https:\/\/itftkd.sport\/es\/?p=32158"},"modified":"2025-03-25T11:36:16","modified_gmt":"2025-03-25T10:36:16","slug":"informe-reunion-de-los-presidentes-de-la-itf-en-marzo-de-2025","status":"publish","type":"post","link":"https:\/\/itftkd.sport\/es\/informe-reunion-de-los-presidentes-de-la-itf-en-marzo-de-2025\/","title":{"rendered":"Informe: Reuni\u00f3n de los Presidentes de la ITF en marzo de 2025"},"content":{"rendered":"\n<p>El 19 de marzo de 2025, el Presidente de la ITF, GM Paul Weiler, convoc\u00f3 una reuni\u00f3n estrat\u00e9gica con los presidentes de los 20 comit\u00e9s permanentes y los tres equipos regionales de desarrollo para \u00c1frica, Asia y el Caribe. Tambi\u00e9n asistieron el GM Clint Norman, Vicepresidente Senior, y el GM Tadeusz Loboda, Secretario General, subrayando la importancia de esta reuni\u00f3n para dar forma a la futura direcci\u00f3n de la Federaci\u00f3n Internacional de Taekwon-Do.<\/p>\n\n\n\n<p>Los principales objetivos de la reuni\u00f3n eran alinear las actividades de la ITF, mejorar la colaboraci\u00f3n entre los comit\u00e9s y avanzar en las iniciativas de desarrollo global de la organizaci\u00f3n. El GM Weiler hizo hincapi\u00e9 en la necesidad de planificaci\u00f3n estrat\u00e9gica, trabajo en equipo e innovaci\u00f3n para reforzar la presencia y el impacto de la ITF en todo el mundo.<\/p>\n\n\n\n<p>Los principales temas de discusi\u00f3n y resultados fueron los siguientes<\/p>\n\n\n\n<ul class=\"wp-block-list\">\n<li>Mejora de la coordinaci\u00f3n entre los comit\u00e9s permanentes y los equipos de desarrollo para garantizar la racionalizaci\u00f3n de los esfuerzos.<\/li>\n\n\n\n<li>Mejoras en los programas de desarrollo, con especial atenci\u00f3n a la formaci\u00f3n de instructores en todas las \u00e1reas del Taekwon-Do, desde ni\u00f1os a mayores, desde miembros con necesidades especiales a aficionados y competidores internacionales.<\/li>\n\n\n\n<li>Fortalecer el compromiso global, particularmente en regiones subrepresentadas, para expandir el alcance del Taekwon-Do.<\/li>\n\n\n\n<li>Definir prioridades estrat\u00e9gicas para 2025 y m\u00e1s all\u00e1, asegurando el crecimiento sostenible y la excelencia en las actividades de la ITF.<\/li>\n<\/ul>\n\n\n\n<p>La reuni\u00f3n fue un paso significativo para reforzar el compromiso de la ITF con la unidad, el desarrollo y la evoluci\u00f3n continua del Taekwon-Do. Las estrategias de colaboraci\u00f3n establecidas har\u00e1n avanzar a la federaci\u00f3n, garantizando su \u00e9xito a largo plazo en la escena mundial.<\/p>\n\n\n\n\n","protected":false},"excerpt":{"rendered":"<p>El 19 de marzo de 2025, el Presidente de la ITF, GM Paul Weiler, convoc\u00f3 una reuni\u00f3n estrat\u00e9gica con los presidentes de los 20 comit\u00e9s permanentes y los tres equipos &hellip;<\/p>\n","protected":false},"author":10,"featured_media":32159,"comment_status":"open","ping_status":"closed","sticky":false,"template":"","format":"standard","meta":{"_tec_requires_first_save":true,"_uag_custom_page_level_css":"","_genesis_hide_title":false,"_genesis_hide_breadcrumbs":false,"_genesis_hide_singular_image":false,"_genesis_hide_footer_widgets":false,"_genesis_custom_body_class":"","_genesis_custom_post_class":"","_genesis_layout":"","_EventAllDay":false,"_EventTimezone":"","_EventStartDate":"","_EventEndDate":"","_EventStartDateUTC":"","_EventEndDateUTC":"","_EventShowMap":false,"_EventShowMapLink":false,"_EventURL":"","_EventCost":"","_EventCostDescription":"","_EventCurrencySymbol":"","_EventCurrencyCode":"","_EventCurrencyPosition":"","_EventDateTimeSeparator":"","_EventTimeRangeSeparator":"","_EventOrganizerID":[],"_EventVenueID":[],"_OrganizerEmail":"","_OrganizerPhone":"","_OrganizerWebsite":"","_VenueAddress":"","_VenueCity":"","_VenueCountry":"","_VenueProvince":"","_VenueState":"","_VenueZip":"","_VenuePhone":"","_VenueURL":"","_VenueStateProvince":"","_VenueLat":"","_VenueLng":"","_VenueShowMap":false,"_VenueShowMapLink":false,"_tribe_blocks_recurrence_rules":"","_tribe_blocks_recurrence_description":"","_tribe_blocks_recurrence_exclusions":"","editor_notices":[],"footnotes":""},"categories":[132,131,130],"tags":[],"class_list":["post-32158","post","type-post","status-publish","format-standard","has-post-thumbnail","category-destacadas","category-noticias-institucionales","category-ultimas-noticias","entry"],"featured_image_src":"https:\/\/itftkd.sport\/es\/wp-content\/uploads\/sites\/7\/2025\/03\/20250319_ITFChairMeeting_feature-600x400.jpg","featured_image_src_square":"https:\/\/itftkd.sport\/es\/wp-content\/uploads\/sites\/7\/2025\/03\/20250319_ITFChairMeeting_feature-600x600.jpg","author_info":{"display_name":"ivan","author_link":"https:\/\/itftkd.sport\/es\/author\/ivan\/"},"uagb_featured_image_src":{"full":["https:\/\/itftkd.sport\/es\/wp-content\/uploads\/sites\/7\/2025\/03\/20250319_ITFChairMeeting_feature.jpg",800,600,false],"thumbnail":["https:\/\/itftkd.sport\/es\/wp-content\/uploads\/sites\/7\/2025\/03\/20250319_ITFChairMeeting_feature-150x150.jpg",150,150,true],"medium":["https:\/\/itftkd.sport\/es\/wp-content\/uploads\/sites\/7\/2025\/03\/20250319_ITFChairMeeting_feature-300x225.jpg",300,225,true],"medium_large":["https:\/\/itftkd.sport\/es\/wp-content\/uploads\/sites\/7\/2025\/03\/20250319_ITFChairMeeting_feature-768x576.jpg",768,576,true],"large":["https:\/\/itftkd.sport\/es\/wp-content\/uploads\/sites\/7\/2025\/03\/20250319_ITFChairMeeting_feature.jpg",800,600,false],"1536x1536":["https:\/\/itftkd.sport\/es\/wp-content\/uploads\/sites\/7\/2025\/03\/20250319_ITFChairMeeting_feature.jpg",800,600,false],"2048x2048":["https:\/\/itftkd.sport\/es\/wp-content\/uploads\/sites\/7\/2025\/03\/20250319_ITFChairMeeting_feature.jpg",800,600,false],"banner":["https:\/\/itftkd.sport\/es\/wp-content\/uploads\/sites\/7\/2025\/03\/20250319_ITFChairMeeting_feature-800x533.jpg",800,533,true],"section":["https:\/\/itftkd.sport\/es\/wp-content\/uploads\/sites\/7\/2025\/03\/20250319_ITFChairMeeting_feature.jpg",800,600,false],"full-width":["https:\/\/itftkd.sport\/es\/wp-content\/uploads\/sites\/7\/2025\/03\/20250319_ITFChairMeeting_feature.jpg",800,600,false],"featured":["https:\/\/itftkd.sport\/es\/wp-content\/uploads\/sites\/7\/2025\/03\/20250319_ITFChairMeeting_feature.jpg",800,600,false],"one-half":["https:\/\/itftkd.sport\/es\/wp-content\/uploads\/sites\/7\/2025\/03\/20250319_ITFChairMeeting_feature-550x413.jpg",550,413,true],"one-third":["https:\/\/itftkd.sport\/es\/wp-content\/uploads\/sites\/7\/2025\/03\/20250319_ITFChairMeeting_feature-350x263.jpg",350,263,true],"one-fourth":["https:\/\/itftkd.sport\/es\/wp-content\/uploads\/sites\/7\/2025\/03\/20250319_ITFChairMeeting_feature-260x195.jpg",260,195,true],"tiny":["https:\/\/itftkd.sport\/es\/wp-content\/uploads\/sites\/7\/2025\/03\/20250319_ITFChairMeeting_feature-80x80.jpg",80,80,true],"ab-block-post-grid-landscape":["https:\/\/itftkd.sport\/es\/wp-content\/uploads\/sites\/7\/2025\/03\/20250319_ITFChairMeeting_feature-600x400.jpg",600,400,true],"ab-block-post-grid-square":["https:\/\/itftkd.sport\/es\/wp-content\/uploads\/sites\/7\/2025\/03\/20250319_ITFChairMeeting_feature-600x600.jpg",600,600,true],"gform-image-choice-sm":["https:\/\/itftkd.sport\/es\/wp-content\/uploads\/sites\/7\/2025\/03\/20250319_ITFChairMeeting_feature.jpg",300,225,false],"gform-image-choice-md":["https:\/\/itftkd.sport\/es\/wp-content\/uploads\/sites\/7\/2025\/03\/20250319_ITFChairMeeting_feature.jpg",400,300,false],"gform-image-choice-lg":["https:\/\/itftkd.sport\/es\/wp-content\/uploads\/sites\/7\/2025\/03\/20250319_ITFChairMeeting_feature.jpg",600,450,false]},"uagb_author_info":{"display_name":"ivan","author_link":"https:\/\/itftkd.sport\/es\/author\/ivan\/"},"uagb_comment_info":0,"uagb_excerpt":"El 19 de marzo de 2025, el Presidente de la ITF, GM Paul Weiler, convoc\u00f3 una reuni\u00f3n estrat\u00e9gica con los presidentes de los 20 comit\u00e9s permanentes y los tres equipos &hellip;","_links":{"self":[{"href":"https:\/\/itftkd.sport\/es\/wp-json\/wp\/v2\/posts\/32158","targetHints":{"allow":["GET"]}}],"collection":[{"href":"https:\/\/itftkd.sport\/es\/wp-json\/wp\/v2\/posts"}],"about":[{"href":"https:\/\/itftkd.sport\/es\/wp-json\/wp\/v2\/types\/post"}],"author":[{"embeddable":true,"href":"https:\/\/itftkd.sport\/es\/wp-json\/wp\/v2\/users\/10"}],"replies":[{"embeddable":true,"href":"https:\/\/itftkd.sport\/es\/wp-json\/wp\/v2\/comments?post=32158"}],"version-history":[{"count":1,"href":"https:\/\/itftkd.sport\/es\/wp-json\/wp\/v2\/posts\/32158\/revisions"}],"predecessor-version":[{"id":32161,"href":"https:\/\/itftkd.sport\/es\/wp-json\/wp\/v2\/posts\/32158\/revisions\/32161"}],"wp:featuredmedia":[{"embeddable":true,"href":"https:\/\/itftkd.sport\/es\/wp-json\/wp\/v2\/media\/32159"}],"wp:attachment":[{"href":"https:\/\/itftkd.sport\/es\/wp-json\/wp\/v2\/media?parent=32158"}],"wp:term":[{"taxonomy":"category","embeddable":true,"href":"https:\/\/itftkd.sport\/es\/wp-json\/wp\/v2\/categories?post=32158"},{"taxonomy":"post_tag","embeddable":true,"href":"https:\/\/itftkd.sport\/es\/wp-json\/wp\/v2\/tags?post=32158"}],"curies":[{"name":"wp","href":"https:\/\/api.w.org\/{rel}","templated":true}]}}