{"id":32130,"date":"2025-02-16T12:34:16","date_gmt":"2025-02-16T11:34:16","guid":{"rendered":"https:\/\/itftkd.sport\/es\/?p=32130"},"modified":"2025-03-21T12:36:19","modified_gmt":"2025-03-21T11:36:19","slug":"reporte-iic-183-gales","status":"publish","type":"post","link":"https:\/\/itftkd.sport\/es\/reporte-iic-183-gales\/","title":{"rendered":"Reporte IIC 183\u00b0 Gales"},"content":{"rendered":"\n<p>El 183\u00ba Curso Internacional de Instructores (IIC) tuvo lugar del 14 al 16 de febrero de 2025 en el Celtic Manor Resort, Newport, Gales. Organizado por la Asociaci\u00f3n Galesa de Taekwon-Do, este esperado evento cont\u00f3 con el apoyo de la Federaci\u00f3n Internacional de Taekwon-Do (ITF). Un total de casi 300 participantes de veinte pa\u00edses asistieron al seminario, en representaci\u00f3n de Gales, B\u00e9lgica, Bulgaria, Canad\u00e1, Chipre, Dinamarca, Inglaterra, Finlandia, Francia, Alemania, Irlanda, Luxemburgo, Pa\u00edses Bajos, Noruega, Polonia, Escocia, Suiza y Estados Unidos.<\/p>\n\n\n<div class=\"wp-block-image\">\n<figure class=\"aligncenter size-large\"><a href=\"https:\/\/itftkd.sport\/wp-content\/uploads\/sites\/7\/2025\/03\/183rd-IIC-Wales-group.jpg\" target=\"_blank\" rel=\" noreferrer noopener\"><img loading=\"lazy\" decoding=\"async\" width=\"1024\" height=\"683\" src=\"https:\/\/itftkd.sport\/wp-content\/uploads\/sites\/7\/2025\/03\/183rd-IIC-Wales-group-1024x683.jpg\" alt=\"\" class=\"wp-image-32121\" srcset=\"https:\/\/itftkd.sport\/es\/wp-content\/uploads\/sites\/7\/2025\/03\/183rd-IIC-Wales-group-1024x683.jpg 1024w, https:\/\/itftkd.sport\/es\/wp-content\/uploads\/sites\/7\/2025\/03\/183rd-IIC-Wales-group-300x200.jpg 300w, https:\/\/itftkd.sport\/es\/wp-content\/uploads\/sites\/7\/2025\/03\/183rd-IIC-Wales-group-768x512.jpg 768w, https:\/\/itftkd.sport\/es\/wp-content\/uploads\/sites\/7\/2025\/03\/183rd-IIC-Wales-group-600x400.jpg 600w\" sizes=\"auto, (max-width: 1024px) 100vw, 1024px\" \/><\/a><\/figure>\n<\/div>\n\n\n<p>El IIC estuvo dirigido por tres estimados Grandes Maestros del Comit\u00e9 T\u00e9cnico de la ITF:<\/p>\n\n\n\n<p>Gran Maestro H\u00e9ctor Marano (Argentina)<\/p>\n\n\n\n<p>Gran Maestro Ung Kim Lan (Alemania)<\/p>\n\n\n\n<p>Gran Maestro Jerzy Jedut (Polonia)<\/p>\n\n\n\n<p>Adem\u00e1s, tuvimos el placer de recibir como invitada especial a la Maestra Virginia Dionisi (B\u00e9lgica), tambi\u00e9n miembro del Comit\u00e9 T\u00e9cnico.<\/p>\n\n\n\n<p>El acto se centr\u00f3 en una serie de temas clave del Taekwon-Do, entre ellos:<\/p>\n\n\n\n<p>T\u00e9cnicas Fundamentales <\/p>\n\n\n\n<p>Formas<\/p>\n\n\n\n<p>Varias formas de enfrentamiento<\/p>\n\n\n\n<p>Defensa Personal <\/p>\n\n\n\n<h2 class=\"wp-block-heading\">Lo m\u00e1s destacado del seminario<\/h2>\n\n\n\n<h3 class=\"wp-block-heading\">D\u00eda 1: Viernes, 14 de febrero de 2025<\/h3>\n\n\n\n<p>El seminario comenz\u00f3 a las 14:00 horas con una c\u00e1lida bienvenida y una atractiva sesi\u00f3n de calentamiento dirigida por el Gran Maestro Ung Kim Lan. El primer d\u00eda incluy\u00f3 una revisi\u00f3n exhaustiva, dirigida por los Grandes Maestros H\u00e9ctor Marano y Ung Kim Lan, de los patrones de los cinturones de color, proporcionando a los participantes un desglose detallado de las t\u00e9cnicas y correcciones. El Gran Maestro Jerzy Jedut tambi\u00e9n dirigi\u00f3 una sesi\u00f3n de defensa personal centrada en la aplicaci\u00f3n pr\u00e1ctica de los movimientos fundamentales de las Formas.<\/p>\n\n\n\n<p>Tras una intensa sesi\u00f3n de formaci\u00f3n, los participantes disfrutaron de una velada de relax, aunque para algunos se plane\u00f3 una cena de San Valent\u00edn m\u00e1s rom\u00e1ntica en uno de los numerosos restaurantes del complejo.<\/p>\n\n\n\n<figure class=\"wp-block-image size-large\"><a href=\"https:\/\/itftkd.sport\/wp-content\/uploads\/sites\/7\/2025\/03\/183rd-IIC-Wales.jpg\" target=\"_blank\" rel=\" noreferrer noopener\"><img loading=\"lazy\" decoding=\"async\" width=\"1024\" height=\"682\" src=\"https:\/\/itftkd.sport\/wp-content\/uploads\/sites\/7\/2025\/03\/183rd-IIC-Wales-1024x682.jpg\" alt=\"\" class=\"wp-image-32122\" srcset=\"https:\/\/itftkd.sport\/es\/wp-content\/uploads\/sites\/7\/2025\/03\/183rd-IIC-Wales-1024x682.jpg 1024w, https:\/\/itftkd.sport\/es\/wp-content\/uploads\/sites\/7\/2025\/03\/183rd-IIC-Wales-300x200.jpg 300w, https:\/\/itftkd.sport\/es\/wp-content\/uploads\/sites\/7\/2025\/03\/183rd-IIC-Wales-768x512.jpg 768w, https:\/\/itftkd.sport\/es\/wp-content\/uploads\/sites\/7\/2025\/03\/183rd-IIC-Wales-600x400.jpg 600w\" sizes=\"auto, (max-width: 1024px) 100vw, 1024px\" \/><\/a><\/figure>\n\n\n\n<h2 class=\"wp-block-heading\">D\u00eda 2: s\u00e1bado 15 de febrero de 2025<\/h2>\n\n\n\n<p>El segundo d\u00eda comenz\u00f3 a las 9:00 con todos los delegados dirigidos por el Gran Maestro Jerzy Jedut en una revisi\u00f3n exhaustiva de los patrones de 1er Dan antes de que los de 1er Dan continuaran el d\u00eda con el Maestro Dionisi revisando los principios b\u00e1sicos, los errores comunes y las aplicaciones de los movimientos fundamentales del cintur\u00f3n de color y las Formas de 1er Dan.<\/p>\n\n\n\n<p>El Gran Maestro Ung Kim Lan dirigi\u00f3 una revisi\u00f3n exhaustiva de las Formas de 2\u00ba Dan para todas las graduaciones de 2\u00ba a 9\u00ba Dan. A continuaci\u00f3n, el Gran Maestro Jerzy Jedut dirigi\u00f3 las Formas de 3er Dan, incluyendo algunos ejercicios divertidos e inusuales que incorporaban movimientos importantes y particulares de esos Tuls.<\/p>\n\n\n\n<p>La sesi\u00f3n de la tarde comenz\u00f3 con una breve introducci\u00f3n al Taekwon-Do Adaptado dirigida por el Maestro John McIlvaney<\/p>\n\n\n\n<p>El Gran Maestro Jerzy Jedut dirigi\u00f3 un repaso exhaustivo de las Formas de 3er Dan para todas las graduaciones de 3er a 9no Dan, seguido por el Gran Maestro Ung Kim Lan, que dirigi\u00f3 una sesi\u00f3n sobre todas las formas de Enfrentamiento de Pasos.<\/p>\n\n\n\n<p>La segunda jornada concluy\u00f3 con una sesi\u00f3n llena de energ\u00eda dirigida por el Gran Maestro Jerzy Jedut, en la que se combinaron numerosas t\u00e9cnicas de salto en emocionantes ejercicios multidireccionales, y que finaliz\u00f3 a las 16:30 horas.<\/p>\n\n\n\n<p>A lo largo del d\u00eda, el Gran Maestre H\u00e9ctor Marano comparti\u00f3 sus conocimientos e ideas con todos los asistentes.<\/p>\n\n\n<div class=\"wp-block-image\">\n<figure class=\"aligncenter size-large\"><a href=\"https:\/\/itftkd.sport\/wp-content\/uploads\/sites\/7\/2025\/03\/183rd-IIC-Wales-4.jpg\" target=\"_blank\" rel=\" noreferrer noopener\"><img loading=\"lazy\" decoding=\"async\" width=\"682\" height=\"1024\" src=\"https:\/\/itftkd.sport\/wp-content\/uploads\/sites\/7\/2025\/03\/183rd-IIC-Wales-4-682x1024.jpg\" alt=\"\" class=\"wp-image-32123\" srcset=\"https:\/\/itftkd.sport\/es\/wp-content\/uploads\/sites\/7\/2025\/03\/183rd-IIC-Wales-4-682x1024.jpg 682w, https:\/\/itftkd.sport\/es\/wp-content\/uploads\/sites\/7\/2025\/03\/183rd-IIC-Wales-4-200x300.jpg 200w\" sizes=\"auto, (max-width: 682px) 100vw, 682px\" \/><\/a><\/figure>\n<\/div>\n\n\n<p>La velada concluy\u00f3 con un banquete en el hotel The Celtic Manor Resort, donde participantes e instructores se mezclaron y disfrutaron de un delicioso buf\u00e9.<\/p>\n\n\n\n<h2 class=\"wp-block-heading\">D\u00eda 3: Domingo 16 de febrero de 2025<\/h2>\n\n\n\n<p>El \u00faltimo d\u00eda del seminario comenz\u00f3 a las 9:00. Los grados 1\u00ba a 3\u00ba tuvieron la oportunidad de repasar formas, ejercicios y secretos del entrenamiento con el Gran Maestro Jerzy Jedut, mientras que los grados 4\u00ba a 9\u00ba trabajaron las formas de 4\u00ba Dan con el Gran Maestro Ung Kim Lan.<\/p>\n\n\n\n<p>Con el Dojang a\u00fan dividido, los grupos cambiaron para permitir al Gran Maestro Jerzy Jedut dirigir las graduaciones 1\u00ba a 4\u00ba Dan en una revisi\u00f3n de algunos temas comunes que hab\u00eda observado a lo largo de los dos primeros d\u00edas.<\/p>\n\n\n\n<p>El Gran Maestre H\u00e9ctor Marano condujo a las graduaciones 5\u00ba a 9\u00ba Dan a trav\u00e9s de las formas de 5\u00ba y 6\u00ba Dan.<\/p>\n\n\n\n<p>El IIC concluy\u00f3 con un discurso final de los Grandes Maestros, expresando su gratitud y animando a todos los participantes a continuar su camino en el Taekwon-Do con energ\u00eda y enfoque renovados.<\/p>\n\n\n\n<h2 class=\"wp-block-heading\">Comentarios y cr\u00edticas<\/h2>\n\n\n\n<p>El seminario recibi\u00f3 grandes elogios tanto de los participantes como de los instructores.<\/p>\n\n\n\n<figure class=\"wp-block-gallery has-nested-images columns-2 is-cropped wp-block-gallery-1 is-layout-flex wp-block-gallery-is-layout-flex\">\n<figure class=\"wp-block-image size-large\"><a href=\"https:\/\/itftkd.sport\/wp-content\/uploads\/sites\/7\/2025\/03\/183rd-IIC-Wales-6.jpg\" target=\"_blank\"><img loading=\"lazy\" decoding=\"async\" width=\"682\" height=\"1024\" data-id=\"32124\" src=\"https:\/\/itftkd.sport\/wp-content\/uploads\/sites\/7\/2025\/03\/183rd-IIC-Wales-6-682x1024.jpg\" alt=\"\" class=\"wp-image-32124\" srcset=\"https:\/\/itftkd.sport\/es\/wp-content\/uploads\/sites\/7\/2025\/03\/183rd-IIC-Wales-6-682x1024.jpg 682w, https:\/\/itftkd.sport\/es\/wp-content\/uploads\/sites\/7\/2025\/03\/183rd-IIC-Wales-6-200x300.jpg 200w\" sizes=\"auto, (max-width: 682px) 100vw, 682px\" \/><\/a><\/figure>\n\n\n\n<figure class=\"wp-block-image size-large\"><a href=\"https:\/\/itftkd.sport\/wp-content\/uploads\/sites\/7\/2025\/03\/183rd-IIC-Wales-5.jpg\" target=\"_blank\"><img loading=\"lazy\" decoding=\"async\" width=\"683\" height=\"1024\" data-id=\"32125\" src=\"https:\/\/itftkd.sport\/wp-content\/uploads\/sites\/7\/2025\/03\/183rd-IIC-Wales-5-683x1024.jpg\" alt=\"\" class=\"wp-image-32125\" srcset=\"https:\/\/itftkd.sport\/es\/wp-content\/uploads\/sites\/7\/2025\/03\/183rd-IIC-Wales-5-683x1024.jpg 683w, https:\/\/itftkd.sport\/es\/wp-content\/uploads\/sites\/7\/2025\/03\/183rd-IIC-Wales-5-200x300.jpg 200w\" sizes=\"auto, (max-width: 683px) 100vw, 683px\" \/><\/a><\/figure>\n\n\n\n<figure class=\"wp-block-image size-large\"><a href=\"https:\/\/itftkd.sport\/wp-content\/uploads\/sites\/7\/2025\/03\/183rd-IIC-Wales-3.jpg\" target=\"_blank\"><img loading=\"lazy\" decoding=\"async\" width=\"682\" height=\"1024\" data-id=\"32126\" src=\"https:\/\/itftkd.sport\/wp-content\/uploads\/sites\/7\/2025\/03\/183rd-IIC-Wales-3-682x1024.jpg\" alt=\"\" class=\"wp-image-32126\" srcset=\"https:\/\/itftkd.sport\/es\/wp-content\/uploads\/sites\/7\/2025\/03\/183rd-IIC-Wales-3-682x1024.jpg 682w, https:\/\/itftkd.sport\/es\/wp-content\/uploads\/sites\/7\/2025\/03\/183rd-IIC-Wales-3-200x300.jpg 200w\" sizes=\"auto, (max-width: 682px) 100vw, 682px\" \/><\/a><\/figure>\n\n\n\n<figure class=\"wp-block-image size-large\"><a href=\"https:\/\/itftkd.sport\/wp-content\/uploads\/sites\/7\/2025\/03\/183rd-IIC-Wales-2.jpg\" target=\"_blank\"><img loading=\"lazy\" decoding=\"async\" width=\"682\" height=\"1024\" data-id=\"32127\" src=\"https:\/\/itftkd.sport\/wp-content\/uploads\/sites\/7\/2025\/03\/183rd-IIC-Wales-2-682x1024.jpg\" alt=\"\" class=\"wp-image-32127\" srcset=\"https:\/\/itftkd.sport\/es\/wp-content\/uploads\/sites\/7\/2025\/03\/183rd-IIC-Wales-2-682x1024.jpg 682w, https:\/\/itftkd.sport\/es\/wp-content\/uploads\/sites\/7\/2025\/03\/183rd-IIC-Wales-2-200x300.jpg 200w\" sizes=\"auto, (max-width: 682px) 100vw, 682px\" \/><\/a><\/figure>\n\n\n\n<figure class=\"wp-block-image size-large\"><a href=\"https:\/\/itftkd.sport\/wp-content\/uploads\/sites\/7\/2025\/03\/183rd-IIC-Wales-1.jpg\" target=\"_blank\"><img loading=\"lazy\" decoding=\"async\" width=\"1024\" height=\"683\" data-id=\"32128\" src=\"https:\/\/itftkd.sport\/wp-content\/uploads\/sites\/7\/2025\/03\/183rd-IIC-Wales-1-1024x683.jpg\" alt=\"\" class=\"wp-image-32128\" srcset=\"https:\/\/itftkd.sport\/es\/wp-content\/uploads\/sites\/7\/2025\/03\/183rd-IIC-Wales-1-1024x683.jpg 1024w, https:\/\/itftkd.sport\/es\/wp-content\/uploads\/sites\/7\/2025\/03\/183rd-IIC-Wales-1-300x200.jpg 300w, https:\/\/itftkd.sport\/es\/wp-content\/uploads\/sites\/7\/2025\/03\/183rd-IIC-Wales-1-768x512.jpg 768w, https:\/\/itftkd.sport\/es\/wp-content\/uploads\/sites\/7\/2025\/03\/183rd-IIC-Wales-1-600x400.jpg 600w\" sizes=\"auto, (max-width: 1024px) 100vw, 1024px\" \/><\/a><\/figure>\n\n\n\n<figure class=\"wp-block-image size-large\"><a href=\"https:\/\/itftkd.sport\/wp-content\/uploads\/sites\/7\/2025\/03\/183rd-IIC-Wales-7.jpg\" target=\"_blank\"><img loading=\"lazy\" decoding=\"async\" width=\"1024\" height=\"768\" data-id=\"32129\" src=\"https:\/\/itftkd.sport\/wp-content\/uploads\/sites\/7\/2025\/03\/183rd-IIC-Wales-7-1024x768.jpg\" alt=\"\" class=\"wp-image-32129\" srcset=\"https:\/\/itftkd.sport\/es\/wp-content\/uploads\/sites\/7\/2025\/03\/183rd-IIC-Wales-7-1024x768.jpg 1024w, https:\/\/itftkd.sport\/es\/wp-content\/uploads\/sites\/7\/2025\/03\/183rd-IIC-Wales-7-300x225.jpg 300w, https:\/\/itftkd.sport\/es\/wp-content\/uploads\/sites\/7\/2025\/03\/183rd-IIC-Wales-7-768x576.jpg 768w, https:\/\/itftkd.sport\/es\/wp-content\/uploads\/sites\/7\/2025\/03\/183rd-IIC-Wales-7-800x600.jpg 800w, https:\/\/itftkd.sport\/es\/wp-content\/uploads\/sites\/7\/2025\/03\/183rd-IIC-Wales-7-550x413.jpg 550w, https:\/\/itftkd.sport\/es\/wp-content\/uploads\/sites\/7\/2025\/03\/183rd-IIC-Wales-7-350x263.jpg 350w, https:\/\/itftkd.sport\/es\/wp-content\/uploads\/sites\/7\/2025\/03\/183rd-IIC-Wales-7-260x195.jpg 260w\" sizes=\"auto, (max-width: 1024px) 100vw, 1024px\" \/><\/a><\/figure>\n<\/figure>\n","protected":false},"excerpt":{"rendered":"<p>El 183\u00ba Curso Internacional de Instructores (IIC) tuvo lugar del 14 al 16 de febrero de 2025 en el Celtic Manor Resort, Newport, Gales. Organizado por la Asociaci\u00f3n Galesa de &hellip;<\/p>\n","protected":false},"author":10,"featured_media":32121,"comment_status":"open","ping_status":"closed","sticky":false,"template":"","format":"standard","meta":{"_tec_requires_first_save":true,"_uag_custom_page_level_css":"","_genesis_hide_title":false,"_genesis_hide_breadcrumbs":false,"_genesis_hide_singular_image":false,"_genesis_hide_footer_widgets":false,"_genesis_custom_body_class":"","_genesis_custom_post_class":"","_genesis_layout":"","_EventAllDay":false,"_EventTimezone":"","_EventStartDate":"","_EventEndDate":"","_EventStartDateUTC":"","_EventEndDateUTC":"","_EventShowMap":false,"_EventShowMapLink":false,"_EventURL":"","_EventCost":"","_EventCostDescription":"","_EventCurrencySymbol":"","_EventCurrencyCode":"","_EventCurrencyPosition":"","_EventDateTimeSeparator":"","_EventTimeRangeSeparator":"","_EventOrganizerID":[],"_EventVenueID":[],"_OrganizerEmail":"","_OrganizerPhone":"","_OrganizerWebsite":"","_VenueAddress":"","_VenueCity":"","_VenueCountry":"","_VenueProvince":"","_VenueState":"","_VenueZip":"","_VenuePhone":"","_VenueURL":"","_VenueStateProvince":"","_VenueLat":"","_VenueLng":"","_VenueShowMap":false,"_VenueShowMapLink":false,"_tribe_blocks_recurrence_rules":"","_tribe_blocks_recurrence_description":"","_tribe_blocks_recurrence_exclusions":"","editor_notices":[],"footnotes":""},"categories":[132,130],"tags":[],"class_list":["post-32130","post","type-post","status-publish","format-standard","has-post-thumbnail","category-destacadas","category-ultimas-noticias","entry"],"featured_image_src":"https:\/\/itftkd.sport\/es\/wp-content\/uploads\/sites\/7\/2025\/03\/183rd-IIC-Wales-group-600x400.jpg","featured_image_src_square":"https:\/\/itftkd.sport\/es\/wp-content\/uploads\/sites\/7\/2025\/03\/183rd-IIC-Wales-group-600x600.jpg","author_info":{"display_name":"ivan","author_link":"https:\/\/itftkd.sport\/es\/author\/ivan\/"},"uagb_featured_image_src":{"full":["https:\/\/itftkd.sport\/es\/wp-content\/uploads\/sites\/7\/2025\/03\/183rd-IIC-Wales-group.jpg",1500,1000,false],"thumbnail":["https:\/\/itftkd.sport\/es\/wp-content\/uploads\/sites\/7\/2025\/03\/183rd-IIC-Wales-group-150x150.jpg",150,150,true],"medium":["https:\/\/itftkd.sport\/es\/wp-content\/uploads\/sites\/7\/2025\/03\/183rd-IIC-Wales-group-300x200.jpg",300,200,true],"medium_large":["https:\/\/itftkd.sport\/es\/wp-content\/uploads\/sites\/7\/2025\/03\/183rd-IIC-Wales-group-768x512.jpg",768,512,true],"large":["https:\/\/itftkd.sport\/es\/wp-content\/uploads\/sites\/7\/2025\/03\/183rd-IIC-Wales-group-1024x683.jpg",1024,683,true],"1536x1536":["https:\/\/itftkd.sport\/es\/wp-content\/uploads\/sites\/7\/2025\/03\/183rd-IIC-Wales-group.jpg",1500,1000,false],"2048x2048":["https:\/\/itftkd.sport\/es\/wp-content\/uploads\/sites\/7\/2025\/03\/183rd-IIC-Wales-group.jpg",1500,1000,false],"banner":["https:\/\/itftkd.sport\/es\/wp-content\/uploads\/sites\/7\/2025\/03\/183rd-IIC-Wales-group-1500x533.jpg",1500,533,true],"section":["https:\/\/itftkd.sport\/es\/wp-content\/uploads\/sites\/7\/2025\/03\/183rd-IIC-Wales-group-1500x900.jpg",1500,900,true],"full-width":["https:\/\/itftkd.sport\/es\/wp-content\/uploads\/sites\/7\/2025\/03\/183rd-IIC-Wales-group-1248x832.jpg",1248,832,true],"featured":["https:\/\/itftkd.sport\/es\/wp-content\/uploads\/sites\/7\/2025\/03\/183rd-IIC-Wales-group-800x600.jpg",800,600,true],"one-half":["https:\/\/itftkd.sport\/es\/wp-content\/uploads\/sites\/7\/2025\/03\/183rd-IIC-Wales-group-550x413.jpg",550,413,true],"one-third":["https:\/\/itftkd.sport\/es\/wp-content\/uploads\/sites\/7\/2025\/03\/183rd-IIC-Wales-group-350x263.jpg",350,263,true],"one-fourth":["https:\/\/itftkd.sport\/es\/wp-content\/uploads\/sites\/7\/2025\/03\/183rd-IIC-Wales-group-260x195.jpg",260,195,true],"tiny":["https:\/\/itftkd.sport\/es\/wp-content\/uploads\/sites\/7\/2025\/03\/183rd-IIC-Wales-group-80x80.jpg",80,80,true],"ab-block-post-grid-landscape":["https:\/\/itftkd.sport\/es\/wp-content\/uploads\/sites\/7\/2025\/03\/183rd-IIC-Wales-group-600x400.jpg",600,400,true],"ab-block-post-grid-square":["https:\/\/itftkd.sport\/es\/wp-content\/uploads\/sites\/7\/2025\/03\/183rd-IIC-Wales-group-600x600.jpg",600,600,true],"gform-image-choice-sm":["https:\/\/itftkd.sport\/es\/wp-content\/uploads\/sites\/7\/2025\/03\/183rd-IIC-Wales-group.jpg",300,200,false],"gform-image-choice-md":["https:\/\/itftkd.sport\/es\/wp-content\/uploads\/sites\/7\/2025\/03\/183rd-IIC-Wales-group.jpg",400,267,false],"gform-image-choice-lg":["https:\/\/itftkd.sport\/es\/wp-content\/uploads\/sites\/7\/2025\/03\/183rd-IIC-Wales-group.jpg",600,400,false]},"uagb_author_info":{"display_name":"ivan","author_link":"https:\/\/itftkd.sport\/es\/author\/ivan\/"},"uagb_comment_info":2,"uagb_excerpt":"El 183\u00ba Curso Internacional de Instructores (IIC) tuvo lugar del 14 al 16 de febrero de 2025 en el Celtic Manor Resort, Newport, Gales. Organizado por la Asociaci\u00f3n Galesa de &hellip;","_links":{"self":[{"href":"https:\/\/itftkd.sport\/es\/wp-json\/wp\/v2\/posts\/32130","targetHints":{"allow":["GET"]}}],"collection":[{"href":"https:\/\/itftkd.sport\/es\/wp-json\/wp\/v2\/posts"}],"about":[{"href":"https:\/\/itftkd.sport\/es\/wp-json\/wp\/v2\/types\/post"}],"author":[{"embeddable":true,"href":"https:\/\/itftkd.sport\/es\/wp-json\/wp\/v2\/users\/10"}],"replies":[{"embeddable":true,"href":"https:\/\/itftkd.sport\/es\/wp-json\/wp\/v2\/comments?post=32130"}],"version-history":[{"count":2,"href":"https:\/\/itftkd.sport\/es\/wp-json\/wp\/v2\/posts\/32130\/revisions"}],"predecessor-version":[{"id":32133,"href":"https:\/\/itftkd.sport\/es\/wp-json\/wp\/v2\/posts\/32130\/revisions\/32133"}],"wp:featuredmedia":[{"embeddable":true,"href":"https:\/\/itftkd.sport\/es\/wp-json\/wp\/v2\/media\/32121"}],"wp:attachment":[{"href":"https:\/\/itftkd.sport\/es\/wp-json\/wp\/v2\/media?parent=32130"}],"wp:term":[{"taxonomy":"category","embeddable":true,"href":"https:\/\/itftkd.sport\/es\/wp-json\/wp\/v2\/categories?post=32130"},{"taxonomy":"post_tag","embeddable":true,"href":"https:\/\/itftkd.sport\/es\/wp-json\/wp\/v2\/tags?post=32130"}],"curies":[{"name":"wp","href":"https:\/\/api.w.org\/{rel}","templated":true}]}}