{"id":31602,"date":"2024-09-18T16:42:18","date_gmt":"2024-09-18T14:42:18","guid":{"rendered":"https:\/\/itftkd.sport\/es\/?p=31602"},"modified":"2024-09-18T16:42:23","modified_gmt":"2024-09-18T14:42:23","slug":"informe-del-quic-para-africa","status":"publish","type":"post","link":"https:\/\/itftkd.sport\/es\/informe-del-quic-para-africa\/","title":{"rendered":"Informe del QUIC para \u00c1frica"},"content":{"rendered":"\n<p>El s\u00e1bado 14 y domingo 15 de septiembre, la ITF y la Federaci\u00f3n Africana de Taekwon-Do invitaron a todos los pa\u00edses africanos miembros de la ITF a un Curso Internacional de \u00c1rbitros en L\u00ednea para \u00c1frica.<\/p>\n\n\n\n<p>El curso estuvo a cargo del Presidente del Comit\u00e9 de \u00c1rbitros de la ITF, Gran Maestro Abelardo Benzaqu\u00e9n.<\/p>\n\n\n<div class=\"wp-block-image\">\n<figure class=\"aligncenter size-full\"><img decoding=\"async\" src=\"https:\/\/itftkd.sport\/wp-content\/uploads\/2024\/09\/QIUC-for-Africa-1.jpg\" alt=\"QIUC for Africa 1\" class=\"wp-image-37514\" \/><\/figure>\n<\/div>\n\n\n<p>La sesi\u00f3n del s\u00e1bado comenz\u00f3 con una bienvenida a todos los participantes por parte del Presidente de la ITF, el Gran Maestro Paul Weiler.<\/p>\n\n\n\n<p>La primera secci\u00f3n sobre preparaci\u00f3n para la competencia estuvo a cargo del Gran Maestro Rub\u00e9n Su\u00e1rez y la continuaci\u00f3n del curso de 5 horas v\u00eda Zoom estuvo a cargo del Gran Maestro Benzaqu\u00e9n, donde se abordaron las reglas y regulaciones para los combates de Sparring Individual y Formas.<\/p>\n\n\n\n<p>El Gran Maestro Weiler tambi\u00e9n se tom\u00f3 el tiempo para darnos la bienvenida a las sesiones del domingo, donde tanto el Gran Maestro Gordon Wallace como el Gran Maestro Benzaqu\u00e9n se turnaron para cubrir Power breaking, t\u00e9cnicas especiales, sparring preestablecido y eventos en equipo. Durante las 10 horas que dur\u00f3 el curso se discutieron todos los temas m\u00e1s importantes.<\/p>\n\n\n\n<p>Durante ambos d\u00edas siempre hubo tiempo para sesiones de preguntas y respuestas despu\u00e9s de cada segmento y Sabum Jonathan Morris del Equipo de Desarrollo Africano de ITF ofreci\u00f3 continuamente traducciones al franc\u00e9s sobre todos los temas pertinentes. Adem\u00e1s, el Maestro David McNairn y el Maestro Niklas Enander del ADT participaron en el QIUC.<\/p>\n\n\n\n<p>Tuvimos mucha suerte y nos sentimos honrados de contar con cuatro Grandes Maestros que nos apoyaron y ense\u00f1aron durante este curso.<\/p>\n\n\n\n<p>Como varios participantes tuvieron problemas con conexiones a Internet deficientes, el curso de Zoom grabado y los materiales de referencia se enviar\u00e1n a los instructores participantes.<\/p>\n\n\n<div class=\"wp-block-image\">\n<figure class=\"aligncenter size-full\"><img decoding=\"async\" src=\"https:\/\/itftkd.sport\/wp-content\/uploads\/2024\/09\/QIUC-for-Africa.jpg\" alt=\"QIUC for Africa\" class=\"wp-image-37515\" \/><\/figure>\n<\/div>\n\n\n<p>Todos concluimos que este primer QIUC en l\u00ednea para \u00c1frica fue un gran \u00e9xito con m\u00e1s de 170 participantes asistiendo al curso de los siguientes 17 pa\u00edses africanos: Burkina Faso, Burundi, Etiop\u00eda, Gambia, Costa de Marfil, Kenia, Madagascar, Mal\u00ed, Marruecos, Mozambique, Tanzania, T\u00fanez, Ruanda, Senegal, Sud\u00e1frica, Uganda y Zanz\u00edbar.<\/p>\n\n\n\n<p>Me gustar\u00eda agradecer al Comit\u00e9 de \u00c1rbitros de la ITF y al Presidente de la ITF, el Gran Maestro Weiler, por su gran apoyo en la organizaci\u00f3n de este curso para ayudar a la ITF a crecer en \u00c1frica.<br><br><em><b>Maestro Niklas Enander<br><\/b><\/em><strong><em>L\u00edder del equipo de desarrollo africano de la ITF<\/em><\/strong><\/p>\n\n\n\n\n","protected":false},"excerpt":{"rendered":"<p>El s\u00e1bado 14 y domingo 15 de septiembre, la ITF y la Federaci\u00f3n Africana de Taekwon-Do invitaron a todos los pa\u00edses africanos miembros de la ITF a un Curso Internacional &hellip;<\/p>\n","protected":false},"author":4,"featured_media":31003,"comment_status":"open","ping_status":"closed","sticky":false,"template":"","format":"standard","meta":{"_tec_requires_first_save":true,"_uag_custom_page_level_css":"","_genesis_hide_title":false,"_genesis_hide_breadcrumbs":false,"_genesis_hide_singular_image":false,"_genesis_hide_footer_widgets":false,"_genesis_custom_body_class":"","_genesis_custom_post_class":"","_genesis_layout":"","_EventAllDay":false,"_EventTimezone":"","_EventStartDate":"","_EventEndDate":"","_EventStartDateUTC":"","_EventEndDateUTC":"","_EventShowMap":false,"_EventShowMapLink":false,"_EventURL":"","_EventCost":"","_EventCostDescription":"","_EventCurrencySymbol":"","_EventCurrencyCode":"","_EventCurrencyPosition":"","_EventDateTimeSeparator":"","_EventTimeRangeSeparator":"","_EventOrganizerID":[],"_EventVenueID":[],"_OrganizerEmail":"","_OrganizerPhone":"","_OrganizerWebsite":"","_VenueAddress":"","_VenueCity":"","_VenueCountry":"","_VenueProvince":"","_VenueState":"","_VenueZip":"","_VenuePhone":"","_VenueURL":"","_VenueStateProvince":"","_VenueLat":"","_VenueLng":"","_VenueShowMap":false,"_VenueShowMapLink":false,"_tribe_blocks_recurrence_rules":"","_tribe_blocks_recurrence_description":"","_tribe_blocks_recurrence_exclusions":"","editor_notices":[],"footnotes":""},"categories":[132,130],"tags":[],"class_list":["post-31602","post","type-post","status-publish","format-standard","has-post-thumbnail","category-destacadas","category-ultimas-noticias","entry"],"featured_image_src":"https:\/\/itftkd.sport\/es\/wp-content\/uploads\/sites\/7\/2024\/03\/Featured-Image-QIUC-Report-SPA-600x400.jpg","featured_image_src_square":"https:\/\/itftkd.sport\/es\/wp-content\/uploads\/sites\/7\/2024\/03\/Featured-Image-QIUC-Report-SPA-600x600.jpg","author_info":{"display_name":"FABIAN ITF","author_link":"https:\/\/itftkd.sport\/es\/author\/fabian-itf\/"},"uagb_featured_image_src":{"full":["https:\/\/itftkd.sport\/es\/wp-content\/uploads\/sites\/7\/2024\/03\/Featured-Image-QIUC-Report-SPA.jpg",800,600,false],"thumbnail":["https:\/\/itftkd.sport\/es\/wp-content\/uploads\/sites\/7\/2024\/03\/Featured-Image-QIUC-Report-SPA-150x150.jpg",150,150,true],"medium":["https:\/\/itftkd.sport\/es\/wp-content\/uploads\/sites\/7\/2024\/03\/Featured-Image-QIUC-Report-SPA-300x225.jpg",300,225,true],"medium_large":["https:\/\/itftkd.sport\/es\/wp-content\/uploads\/sites\/7\/2024\/03\/Featured-Image-QIUC-Report-SPA-768x576.jpg",768,576,true],"large":["https:\/\/itftkd.sport\/es\/wp-content\/uploads\/sites\/7\/2024\/03\/Featured-Image-QIUC-Report-SPA.jpg",800,600,false],"1536x1536":["https:\/\/itftkd.sport\/es\/wp-content\/uploads\/sites\/7\/2024\/03\/Featured-Image-QIUC-Report-SPA.jpg",800,600,false],"2048x2048":["https:\/\/itftkd.sport\/es\/wp-content\/uploads\/sites\/7\/2024\/03\/Featured-Image-QIUC-Report-SPA.jpg",800,600,false],"banner":["https:\/\/itftkd.sport\/es\/wp-content\/uploads\/sites\/7\/2024\/03\/Featured-Image-QIUC-Report-SPA-800x533.jpg",800,533,true],"section":["https:\/\/itftkd.sport\/es\/wp-content\/uploads\/sites\/7\/2024\/03\/Featured-Image-QIUC-Report-SPA.jpg",800,600,false],"full-width":["https:\/\/itftkd.sport\/es\/wp-content\/uploads\/sites\/7\/2024\/03\/Featured-Image-QIUC-Report-SPA.jpg",800,600,false],"featured":["https:\/\/itftkd.sport\/es\/wp-content\/uploads\/sites\/7\/2024\/03\/Featured-Image-QIUC-Report-SPA.jpg",800,600,false],"one-half":["https:\/\/itftkd.sport\/es\/wp-content\/uploads\/sites\/7\/2024\/03\/Featured-Image-QIUC-Report-SPA-550x413.jpg",550,413,true],"one-third":["https:\/\/itftkd.sport\/es\/wp-content\/uploads\/sites\/7\/2024\/03\/Featured-Image-QIUC-Report-SPA-350x263.jpg",350,263,true],"one-fourth":["https:\/\/itftkd.sport\/es\/wp-content\/uploads\/sites\/7\/2024\/03\/Featured-Image-QIUC-Report-SPA-260x195.jpg",260,195,true],"tiny":["https:\/\/itftkd.sport\/es\/wp-content\/uploads\/sites\/7\/2024\/03\/Featured-Image-QIUC-Report-SPA-80x80.jpg",80,80,true],"ab-block-post-grid-landscape":["https:\/\/itftkd.sport\/es\/wp-content\/uploads\/sites\/7\/2024\/03\/Featured-Image-QIUC-Report-SPA-600x400.jpg",600,400,true],"ab-block-post-grid-square":["https:\/\/itftkd.sport\/es\/wp-content\/uploads\/sites\/7\/2024\/03\/Featured-Image-QIUC-Report-SPA-600x600.jpg",600,600,true],"gform-image-choice-sm":["https:\/\/itftkd.sport\/es\/wp-content\/uploads\/sites\/7\/2024\/03\/Featured-Image-QIUC-Report-SPA.jpg",300,225,false],"gform-image-choice-md":["https:\/\/itftkd.sport\/es\/wp-content\/uploads\/sites\/7\/2024\/03\/Featured-Image-QIUC-Report-SPA.jpg",400,300,false],"gform-image-choice-lg":["https:\/\/itftkd.sport\/es\/wp-content\/uploads\/sites\/7\/2024\/03\/Featured-Image-QIUC-Report-SPA.jpg",600,450,false]},"uagb_author_info":{"display_name":"FABIAN ITF","author_link":"https:\/\/itftkd.sport\/es\/author\/fabian-itf\/"},"uagb_comment_info":0,"uagb_excerpt":"El s\u00e1bado 14 y domingo 15 de septiembre, la ITF y la Federaci\u00f3n Africana de Taekwon-Do invitaron a todos los pa\u00edses africanos miembros de la ITF a un Curso Internacional &hellip;","_links":{"self":[{"href":"https:\/\/itftkd.sport\/es\/wp-json\/wp\/v2\/posts\/31602","targetHints":{"allow":["GET"]}}],"collection":[{"href":"https:\/\/itftkd.sport\/es\/wp-json\/wp\/v2\/posts"}],"about":[{"href":"https:\/\/itftkd.sport\/es\/wp-json\/wp\/v2\/types\/post"}],"author":[{"embeddable":true,"href":"https:\/\/itftkd.sport\/es\/wp-json\/wp\/v2\/users\/4"}],"replies":[{"embeddable":true,"href":"https:\/\/itftkd.sport\/es\/wp-json\/wp\/v2\/comments?post=31602"}],"version-history":[{"count":1,"href":"https:\/\/itftkd.sport\/es\/wp-json\/wp\/v2\/posts\/31602\/revisions"}],"predecessor-version":[{"id":31603,"href":"https:\/\/itftkd.sport\/es\/wp-json\/wp\/v2\/posts\/31602\/revisions\/31603"}],"wp:featuredmedia":[{"embeddable":true,"href":"https:\/\/itftkd.sport\/es\/wp-json\/wp\/v2\/media\/31003"}],"wp:attachment":[{"href":"https:\/\/itftkd.sport\/es\/wp-json\/wp\/v2\/media?parent=31602"}],"wp:term":[{"taxonomy":"category","embeddable":true,"href":"https:\/\/itftkd.sport\/es\/wp-json\/wp\/v2\/categories?post=31602"},{"taxonomy":"post_tag","embeddable":true,"href":"https:\/\/itftkd.sport\/es\/wp-json\/wp\/v2\/tags?post=31602"}],"curies":[{"name":"wp","href":"https:\/\/api.w.org\/{rel}","templated":true}]}}