{"id":31505,"date":"2024-07-18T19:10:27","date_gmt":"2024-07-18T17:10:27","guid":{"rendered":"https:\/\/itftkd.sport\/es\/?p=31505"},"modified":"2024-07-30T19:23:23","modified_gmt":"2024-07-30T17:23:23","slug":"convocatoria-a-elecciones-de-la-itf-2024","status":"publish","type":"post","link":"https:\/\/itftkd.sport\/es\/convocatoria-a-elecciones-de-la-itf-2024\/","title":{"rendered":"Convocatoria a elecciones de la ITF 2024"},"content":{"rendered":"\n<p><em>\u00a1Estimados representantes de pa\u00edses!<br>\u00a1Queridos miembros!<\/em><\/p>\n\n\n\n<p><em>Adjunto encontrar\u00e1n una carta que informa sobre las pr\u00f3ximas elecciones de la ITF, que se llevar\u00e1n a cabo durante la 5\u00aa Asamblea General Ordinaria de la Federaci\u00f3n Internacional de Taekwon-Do que se celebrar\u00e1 el 27 de octubre de 2024 en Mar del Plata, Argentina.<\/em><\/p>\n\n\n\n<p><em>Los invitamos a familiarizarse con los documentos y proceder en consecuencia.<\/em><\/p>\n\n\n\n<p><em>Si tienen alguna pregunta, quedamos a&nbsp;su&nbsp;disposici\u00f3n.<\/em><\/p>\n\n\n\n<p>Atentamente,<br><strong><em>Tadeusz Loboda<br>Secretario General de la ITF<\/em><\/strong><\/p>\n\n\n\n<div class=\"wp-block-file\"><a id=\"wp-block-file--media-3250b968-02de-4507-ad5e-b9129f85b6d9\" href=\"https:\/\/itftkd.sport\/es\/wp-content\/uploads\/sites\/7\/2024\/07\/Carta-de-convocatoria-a-elecciones-con-formulario-de-nominacion.pdf\" target=\"_blank\" rel=\"noreferrer noopener\">Carta de convocatoria a elecciones con formulario de nominaci\u00f3n<\/a><a href=\"https:\/\/itftkd.sport\/es\/wp-content\/uploads\/sites\/7\/2024\/07\/Carta-de-convocatoria-a-elecciones-con-formulario-de-nominacion.pdf\" class=\"wp-block-file__button wp-element-button\" download aria-describedby=\"wp-block-file--media-3250b968-02de-4507-ad5e-b9129f85b6d9\">Descarga<\/a><\/div>\n\n\n\n<div class=\"wp-block-file\"><a id=\"wp-block-file--media-9373306e-8a37-4d4d-a5d9-5e637c954515\" href=\"https:\/\/itftkd.sport\/es\/wp-content\/uploads\/sites\/7\/2024\/07\/Cuestionario-de-Integridad.pdf\" target=\"_blank\" rel=\"noreferrer noopener\">Cuestionario de Integridad<\/a><a href=\"https:\/\/itftkd.sport\/es\/wp-content\/uploads\/sites\/7\/2024\/07\/Cuestionario-de-Integridad.pdf\" class=\"wp-block-file__button wp-element-button\" download aria-describedby=\"wp-block-file--media-9373306e-8a37-4d4d-a5d9-5e637c954515\">Descarga<\/a><\/div>\n","protected":false},"excerpt":{"rendered":"<p>\u00a1Estimados representantes de pa\u00edses!\u00a1Queridos miembros! Adjunto encontrar\u00e1n una carta que informa sobre las pr\u00f3ximas elecciones de la ITF, que se llevar\u00e1n a cabo durante la 5\u00aa Asamblea General Ordinaria de &hellip;<\/p>\n","protected":false},"author":4,"featured_media":31493,"comment_status":"open","ping_status":"open","sticky":false,"template":"","format":"standard","meta":{"_tec_requires_first_save":true,"_uag_custom_page_level_css":"","_genesis_hide_title":false,"_genesis_hide_breadcrumbs":false,"_genesis_hide_singular_image":false,"_genesis_hide_footer_widgets":false,"_genesis_custom_body_class":"","_genesis_custom_post_class":"","_genesis_layout":"","_EventAllDay":false,"_EventTimezone":"","_EventStartDate":"","_EventEndDate":"","_EventStartDateUTC":"","_EventEndDateUTC":"","_EventShowMap":false,"_EventShowMapLink":false,"_EventURL":"","_EventCost":"","_EventCostDescription":"","_EventCurrencySymbol":"","_EventCurrencyCode":"","_EventCurrencyPosition":"","_EventDateTimeSeparator":"","_EventTimeRangeSeparator":"","_EventOrganizerID":[],"_EventVenueID":[],"_OrganizerEmail":"","_OrganizerPhone":"","_OrganizerWebsite":"","_VenueAddress":"","_VenueCity":"","_VenueCountry":"","_VenueProvince":"","_VenueState":"","_VenueZip":"","_VenuePhone":"","_VenueURL":"","_VenueStateProvince":"","_VenueLat":"","_VenueLng":"","_VenueShowMap":false,"_VenueShowMapLink":false,"_tribe_blocks_recurrence_rules":"","_tribe_blocks_recurrence_description":"","_tribe_blocks_recurrence_exclusions":"","editor_notices":[],"footnotes":""},"categories":[132,131,130],"tags":[],"class_list":["post-31505","post","type-post","status-publish","format-standard","has-post-thumbnail","category-destacadas","category-noticias-institucionales","category-ultimas-noticias","entry"],"featured_image_src":"https:\/\/itftkd.sport\/es\/wp-content\/uploads\/sites\/7\/2024\/07\/Featured-Image-Convocatoria-a-Elecciones-ITF-2024-600x400.jpg","featured_image_src_square":"https:\/\/itftkd.sport\/es\/wp-content\/uploads\/sites\/7\/2024\/07\/Featured-Image-Convocatoria-a-Elecciones-ITF-2024-600x600.jpg","author_info":{"display_name":"FABIAN ITF","author_link":"https:\/\/itftkd.sport\/es\/author\/fabian-itf\/"},"uagb_featured_image_src":{"full":["https:\/\/itftkd.sport\/es\/wp-content\/uploads\/sites\/7\/2024\/07\/Featured-Image-Convocatoria-a-Elecciones-ITF-2024.jpg",1600,1200,false],"thumbnail":["https:\/\/itftkd.sport\/es\/wp-content\/uploads\/sites\/7\/2024\/07\/Featured-Image-Convocatoria-a-Elecciones-ITF-2024-150x150.jpg",150,150,true],"medium":["https:\/\/itftkd.sport\/es\/wp-content\/uploads\/sites\/7\/2024\/07\/Featured-Image-Convocatoria-a-Elecciones-ITF-2024-300x225.jpg",300,225,true],"medium_large":["https:\/\/itftkd.sport\/es\/wp-content\/uploads\/sites\/7\/2024\/07\/Featured-Image-Convocatoria-a-Elecciones-ITF-2024-768x576.jpg",768,576,true],"large":["https:\/\/itftkd.sport\/es\/wp-content\/uploads\/sites\/7\/2024\/07\/Featured-Image-Convocatoria-a-Elecciones-ITF-2024-1024x768.jpg",1024,768,true],"1536x1536":["https:\/\/itftkd.sport\/es\/wp-content\/uploads\/sites\/7\/2024\/07\/Featured-Image-Convocatoria-a-Elecciones-ITF-2024-1536x1152.jpg",1536,1152,true],"2048x2048":["https:\/\/itftkd.sport\/es\/wp-content\/uploads\/sites\/7\/2024\/07\/Featured-Image-Convocatoria-a-Elecciones-ITF-2024.jpg",1600,1200,false],"banner":["https:\/\/itftkd.sport\/es\/wp-content\/uploads\/sites\/7\/2024\/07\/Featured-Image-Convocatoria-a-Elecciones-ITF-2024-1600x533.jpg",1600,533,true],"section":["https:\/\/itftkd.sport\/es\/wp-content\/uploads\/sites\/7\/2024\/07\/Featured-Image-Convocatoria-a-Elecciones-ITF-2024-1600x900.jpg",1600,900,true],"full-width":["https:\/\/itftkd.sport\/es\/wp-content\/uploads\/sites\/7\/2024\/07\/Featured-Image-Convocatoria-a-Elecciones-ITF-2024-1248x832.jpg",1248,832,true],"featured":["https:\/\/itftkd.sport\/es\/wp-content\/uploads\/sites\/7\/2024\/07\/Featured-Image-Convocatoria-a-Elecciones-ITF-2024-800x600.jpg",800,600,true],"one-half":["https:\/\/itftkd.sport\/es\/wp-content\/uploads\/sites\/7\/2024\/07\/Featured-Image-Convocatoria-a-Elecciones-ITF-2024-550x413.jpg",550,413,true],"one-third":["https:\/\/itftkd.sport\/es\/wp-content\/uploads\/sites\/7\/2024\/07\/Featured-Image-Convocatoria-a-Elecciones-ITF-2024-350x263.jpg",350,263,true],"one-fourth":["https:\/\/itftkd.sport\/es\/wp-content\/uploads\/sites\/7\/2024\/07\/Featured-Image-Convocatoria-a-Elecciones-ITF-2024-260x195.jpg",260,195,true],"tiny":["https:\/\/itftkd.sport\/es\/wp-content\/uploads\/sites\/7\/2024\/07\/Featured-Image-Convocatoria-a-Elecciones-ITF-2024-80x80.jpg",80,80,true],"ab-block-post-grid-landscape":["https:\/\/itftkd.sport\/es\/wp-content\/uploads\/sites\/7\/2024\/07\/Featured-Image-Convocatoria-a-Elecciones-ITF-2024-600x400.jpg",600,400,true],"ab-block-post-grid-square":["https:\/\/itftkd.sport\/es\/wp-content\/uploads\/sites\/7\/2024\/07\/Featured-Image-Convocatoria-a-Elecciones-ITF-2024-600x600.jpg",600,600,true],"gform-image-choice-sm":["https:\/\/itftkd.sport\/es\/wp-content\/uploads\/sites\/7\/2024\/07\/Featured-Image-Convocatoria-a-Elecciones-ITF-2024.jpg",300,225,false],"gform-image-choice-md":["https:\/\/itftkd.sport\/es\/wp-content\/uploads\/sites\/7\/2024\/07\/Featured-Image-Convocatoria-a-Elecciones-ITF-2024.jpg",400,300,false],"gform-image-choice-lg":["https:\/\/itftkd.sport\/es\/wp-content\/uploads\/sites\/7\/2024\/07\/Featured-Image-Convocatoria-a-Elecciones-ITF-2024.jpg",600,450,false]},"uagb_author_info":{"display_name":"FABIAN ITF","author_link":"https:\/\/itftkd.sport\/es\/author\/fabian-itf\/"},"uagb_comment_info":0,"uagb_excerpt":"\u00a1Estimados representantes de pa\u00edses!\u00a1Queridos miembros! Adjunto encontrar\u00e1n una carta que informa sobre las pr\u00f3ximas elecciones de la ITF, que se llevar\u00e1n a cabo durante la 5\u00aa Asamblea General Ordinaria de &hellip;","_links":{"self":[{"href":"https:\/\/itftkd.sport\/es\/wp-json\/wp\/v2\/posts\/31505","targetHints":{"allow":["GET"]}}],"collection":[{"href":"https:\/\/itftkd.sport\/es\/wp-json\/wp\/v2\/posts"}],"about":[{"href":"https:\/\/itftkd.sport\/es\/wp-json\/wp\/v2\/types\/post"}],"author":[{"embeddable":true,"href":"https:\/\/itftkd.sport\/es\/wp-json\/wp\/v2\/users\/4"}],"replies":[{"embeddable":true,"href":"https:\/\/itftkd.sport\/es\/wp-json\/wp\/v2\/comments?post=31505"}],"version-history":[{"count":2,"href":"https:\/\/itftkd.sport\/es\/wp-json\/wp\/v2\/posts\/31505\/revisions"}],"predecessor-version":[{"id":31507,"href":"https:\/\/itftkd.sport\/es\/wp-json\/wp\/v2\/posts\/31505\/revisions\/31507"}],"wp:featuredmedia":[{"embeddable":true,"href":"https:\/\/itftkd.sport\/es\/wp-json\/wp\/v2\/media\/31493"}],"wp:attachment":[{"href":"https:\/\/itftkd.sport\/es\/wp-json\/wp\/v2\/media?parent=31505"}],"wp:term":[{"taxonomy":"category","embeddable":true,"href":"https:\/\/itftkd.sport\/es\/wp-json\/wp\/v2\/categories?post=31505"},{"taxonomy":"post_tag","embeddable":true,"href":"https:\/\/itftkd.sport\/es\/wp-json\/wp\/v2\/tags?post=31505"}],"curies":[{"name":"wp","href":"https:\/\/api.w.org\/{rel}","templated":true}]}}