{"id":31413,"date":"2024-07-04T18:06:43","date_gmt":"2024-07-04T16:06:43","guid":{"rendered":"https:\/\/itftkd.sport\/es\/?p=31413"},"modified":"2024-07-04T18:55:46","modified_gmt":"2024-07-04T16:55:46","slug":"primera-competicion-de-taekwon-do-adaptado-en-america","status":"publish","type":"post","link":"https:\/\/itftkd.sport\/es\/primera-competicion-de-taekwon-do-adaptado-en-america\/","title":{"rendered":"Primera competici\u00f3n de Taekwon-Do Adaptado en Am\u00e9rica"},"content":{"rendered":"\n<p>El IX Campeonato Centro y Sudamericano que tuvo lugar en la ciudad de Asunci\u00f3n, Paraguay, entre el 24 y 30 de junio, fue el escenario en donde se llev\u00f3 a cabo la primera competici\u00f3n de Taekwon-Do Adaptado ITF en el continente americano.<\/p>\n\n\n\n<p>El camino recorrido para llegar a ese momento fue arduo y largo.<\/p>\n\n\n\n<p>Desde su creaci\u00f3n en 2019, el Comit\u00e9 de Inclusi\u00f3n de la ITF desarrolla <a href=\"https:\/\/itftkd.sport\/es\/cursos\/curso-internacional-de-tkd-adaptado\/\" target=\"_blank\" aria-label=\"Cursos oficiales (IAC) (opens in a new tab)\" rel=\"noreferrer noopener\" class=\"ek-link\">Cursos oficiales (IAC)<\/a>, basados en la Gu\u00eda para Instructores de Taekwon-Do Adaptado, con el fin de capacitar a Instructores de todo el mundo acerca de las principales caracter\u00edsticas de diferentes condiciones y patolog\u00edas, e instruir sobre la pedagog\u00eda y did\u00e1ctica apropiadas para conducir clases dedicadas a personas con discapacidad.<\/p>\n\n\n\n<p>A la vez, durante los dos \u00faltimos a\u00f1os, se realiz\u00f3 un trabajo conjunto entre el Comit\u00e9 de Inclusi\u00f3n y el Comit\u00e9 de Umpires de la ITF tendiente a elaborar las <a href=\"https:\/\/itftkd.sport\/es\/wp-content\/uploads\/sites\/7\/2024\/06\/OFFICIAL-ITF-RULES-OF-COMPETITION-FOR-ADAPTED-TAEKWON-DO-V2024.v1.pdf\" target=\"_blank\" aria-label=\"Reglas de Competici\u00f3n de Taekwon-Do Adaptado (opens in a new tab)\" rel=\"noreferrer noopener\" class=\"ek-link\">Reglas de Competici\u00f3n de Taekwon-Do Adaptado<\/a> las que, finalmente, quedaron concluidas recientemente.<\/p>\n\n\n<div class=\"wp-block-image\">\n<figure class=\"aligncenter size-full\"><a href=\"https:\/\/itftkd.sport\/es\/wp-content\/uploads\/sites\/7\/2024\/07\/Panam-Adapted-5.jpg\" target=\"_blank\" rel=\"noreferrer noopener\"><img loading=\"lazy\" decoding=\"async\" width=\"800\" height=\"534\" src=\"https:\/\/itftkd.sport\/es\/wp-content\/uploads\/sites\/7\/2024\/07\/Panam-Adapted-5.jpg\" alt=\"\" class=\"wp-image-31371\" srcset=\"https:\/\/itftkd.sport\/es\/wp-content\/uploads\/sites\/7\/2024\/07\/Panam-Adapted-5.jpg 800w, https:\/\/itftkd.sport\/es\/wp-content\/uploads\/sites\/7\/2024\/07\/Panam-Adapted-5-300x200.jpg 300w, https:\/\/itftkd.sport\/es\/wp-content\/uploads\/sites\/7\/2024\/07\/Panam-Adapted-5-768x513.jpg 768w, https:\/\/itftkd.sport\/es\/wp-content\/uploads\/sites\/7\/2024\/07\/Panam-Adapted-5-600x400.jpg 600w\" sizes=\"auto, (max-width: 800px) 100vw, 800px\" \/><\/a><\/figure>\n<\/div>\n\n\n<p>Primero el Maestro Leo Oros Duek y luego quien lo reemplaz\u00f3 en el cargo de presidente del <a href=\"https:\/\/itftkd.sport\/es\/nosotros\/comites\/comite-de-inclusion\/\" target=\"_blank\" aria-label=\"Comit\u00e9 de Inclusi\u00f3n (opens in a new tab)\" rel=\"noreferrer noopener\" class=\"ek-link\">Comit\u00e9 de Inclusi\u00f3n<\/a>, la Sabum Anabel Vicario, y el GM Abelardo Benzaqu\u00e9n, presidente del <a href=\"https:\/\/itftkd.sport\/es\/nosotros\/comites\/comite-de-arbitros\/\" target=\"_blank\" aria-label=\"Comit\u00e9 de \u00c1rbitros (opens in a new tab)\" rel=\"noreferrer noopener\" class=\"ek-link\">Comit\u00e9 de \u00c1rbitros<\/a> se dividieron las tareas para ese trabajo.<\/p>\n\n\n\n<p>A la par de la redacci\u00f3n de las Reglas, se elabor\u00f3 un protocolo para habilitar la participaci\u00f3n de los competidores. De esa manera y con suficiente antelaci\u00f3n, los entrenadores reciben una planilla que deben completar con informaci\u00f3n acerca de la patolog\u00eda del alumno, de las complejidades si las hubiera, las habilidades adquiridas y otras caracter\u00edsticas.<\/p>\n\n\n\n<p>Adem\u00e1s, como requisito indispensable para ser inscriptos como competidores, los interesados deben contar con el certificado de discapacidad emitido por el \u00f3rgano de salud de su pa\u00eds de origen, as\u00ed como con un certificado de apto m\u00e9dico, otorgado por el profesional que lo atiende.<\/p>\n\n\n\n<p>Posteriormente a efectuada la inscripci\u00f3n al torneo, se realiza una entrevista online al entrenador para disipar dudas y conocer detalles acerca de ciertas condiciones como por ejemplo saber si el competidor tolera ruidos, ambientes con p\u00fablico, luces, etc.<\/p>\n\n\n\n<p>Por su parte, la capacitaci\u00f3n de los jueces se llev\u00f3 a cabo en el <a aria-label=\"1er Curso de Arbitraje para Taekwon-Do Adaptado (opens in a new tab)\" href=\"https:\/\/itftkd.sport\/es\/1er-curso-de-arbitraje-para-taekwon-do-adaptado\/\" target=\"_blank\" rel=\"noreferrer noopener\" class=\"ek-link\">1er Curso de Arbitraje para Taekwon-Do Adaptado<\/a>, el 1 y 2 de junio pr\u00f3ximos pasados, a trav\u00e9s de la modalidad en l\u00ednea y en espa\u00f1ol, precisamente debido a la proximidad del Campeonato en Paraguay.<\/p>\n\n\n<div class=\"wp-block-image\">\n<figure class=\"aligncenter size-full\"><a href=\"https:\/\/itftkd.sport\/es\/wp-content\/uploads\/sites\/7\/2024\/05\/1er-Curso-Online-Umpire-Adaptado-8000x600-1.jpg\" target=\"_blank\" rel=\"noreferrer noopener\"><img loading=\"lazy\" decoding=\"async\" width=\"800\" height=\"600\" src=\"https:\/\/itftkd.sport\/es\/wp-content\/uploads\/sites\/7\/2024\/05\/1er-Curso-Online-Umpire-Adaptado-8000x600-1.jpg\" alt=\"\" class=\"wp-image-31168\" srcset=\"https:\/\/itftkd.sport\/es\/wp-content\/uploads\/sites\/7\/2024\/05\/1er-Curso-Online-Umpire-Adaptado-8000x600-1.jpg 800w, https:\/\/itftkd.sport\/es\/wp-content\/uploads\/sites\/7\/2024\/05\/1er-Curso-Online-Umpire-Adaptado-8000x600-1-300x225.jpg 300w, https:\/\/itftkd.sport\/es\/wp-content\/uploads\/sites\/7\/2024\/05\/1er-Curso-Online-Umpire-Adaptado-8000x600-1-768x576.jpg 768w, https:\/\/itftkd.sport\/es\/wp-content\/uploads\/sites\/7\/2024\/05\/1er-Curso-Online-Umpire-Adaptado-8000x600-1-550x413.jpg 550w, https:\/\/itftkd.sport\/es\/wp-content\/uploads\/sites\/7\/2024\/05\/1er-Curso-Online-Umpire-Adaptado-8000x600-1-350x263.jpg 350w, https:\/\/itftkd.sport\/es\/wp-content\/uploads\/sites\/7\/2024\/05\/1er-Curso-Online-Umpire-Adaptado-8000x600-1-260x195.jpg 260w\" sizes=\"auto, (max-width: 800px) 100vw, 800px\" \/><\/a><\/figure>\n<\/div>\n\n\n<p>En el IX Campeonato Centro y Sudamericano, los atletas pod\u00edan competir en dos modalidades, Formas y Habilidades Libres (comparable a la Lucha Preestablecida) que, como su nombre lo indica, permite realizar una serie de opciones dentro de un marco de seguridad y contenci\u00f3n. Su duraci\u00f3n puede ser entre 40 y 60 segundos.<\/p>\n\n\n\n<p>En cualquiera de estas modalidades se compite en parejas, un integrante con discapacidad y el otro puede ser un acompa\u00f1ante, el coach, un compa\u00f1ero de entrenamiento o el instructor. Sin embargo, si el competidor necesita otro acompa\u00f1ante, puede utilizarlo.<\/p>\n\n\n\n<p>La modalidad de Habilidades Libres puede ser un ejercicio de frente a frente, defensa personal, pueden realizar roturas de elementos suaves (por ejemplo, placas de telgopor u hojas de papel), o realizar la t\u00e9cnica con placas de Rayos X. <\/p>\n\n\n\n<p>Tambi\u00e9n tienen permitido el uso de m\u00fasica, si es que habitualmente entrenan con ese recurso o el mismo es parte de su terapia o, por el contrario, puede usar protectores auditivos si el ruido lo altera o incomoda.<\/p>\n\n\n\n<p>El arduo trabajo de los Comit\u00e9s, entrenadores, profesionales, familiares y los organizadores, permiti\u00f3 que la primera competici\u00f3n de Taekwon-Do Adaptado en suelo americano marcara un hito y el punto de partida para m\u00e1s y nuevas oportunidades de inclusi\u00f3n a las competencias de las personas con discapacidad. <\/p>\n\n\n\n<p>En el IX Campeonato Centro y Sudamericano disputado en Paraguay, se cumpli\u00f3 con aquella sentencia expresada por el Gral. Choi, sentencia que dice que \u00abel Taekwon-Do es para Todos\u00bb.<\/p>\n\n\n\n<figure class=\"wp-block-gallery has-nested-images columns-default is-cropped wp-block-gallery-1 is-layout-flex wp-block-gallery-is-layout-flex\">\n<figure class=\"wp-block-image size-large\"><a href=\"https:\/\/itftkd.sport\/es\/wp-content\/uploads\/sites\/7\/2024\/07\/IX-Campeonato-Centro-Sudamericano-Adapted-29.jpg\" target=\"_blank\" rel=\"noopener\"><img loading=\"lazy\" decoding=\"async\" width=\"800\" height=\"533\" data-id=\"31447\" src=\"https:\/\/itftkd.sport\/es\/wp-content\/uploads\/sites\/7\/2024\/07\/IX-Campeonato-Centro-Sudamericano-Adapted-29.jpg\" alt=\"IX-Campeonato-Centro-&amp;-Sudamericano-Adapted-29\" class=\"wp-image-31447\" srcset=\"https:\/\/itftkd.sport\/es\/wp-content\/uploads\/sites\/7\/2024\/07\/IX-Campeonato-Centro-Sudamericano-Adapted-29.jpg 800w, https:\/\/itftkd.sport\/es\/wp-content\/uploads\/sites\/7\/2024\/07\/IX-Campeonato-Centro-Sudamericano-Adapted-29-300x200.jpg 300w, https:\/\/itftkd.sport\/es\/wp-content\/uploads\/sites\/7\/2024\/07\/IX-Campeonato-Centro-Sudamericano-Adapted-29-768x512.jpg 768w, https:\/\/itftkd.sport\/es\/wp-content\/uploads\/sites\/7\/2024\/07\/IX-Campeonato-Centro-Sudamericano-Adapted-29-600x400.jpg 600w\" sizes=\"auto, (max-width: 800px) 100vw, 800px\" \/><\/a><\/figure>\n\n\n\n<figure class=\"wp-block-image size-large\"><a href=\"https:\/\/itftkd.sport\/es\/wp-content\/uploads\/sites\/7\/2024\/07\/IX-Campeonato-Centro-Sudamericano-Adapted-28.jpg\" target=\"_blank\" rel=\"noopener\"><img loading=\"lazy\" decoding=\"async\" width=\"800\" height=\"534\" data-id=\"31446\" src=\"https:\/\/itftkd.sport\/es\/wp-content\/uploads\/sites\/7\/2024\/07\/IX-Campeonato-Centro-Sudamericano-Adapted-28.jpg\" alt=\"IX-Campeonato-Centro-&amp;-Sudamericano-Adapted-28\" class=\"wp-image-31446\" srcset=\"https:\/\/itftkd.sport\/es\/wp-content\/uploads\/sites\/7\/2024\/07\/IX-Campeonato-Centro-Sudamericano-Adapted-28.jpg 800w, https:\/\/itftkd.sport\/es\/wp-content\/uploads\/sites\/7\/2024\/07\/IX-Campeonato-Centro-Sudamericano-Adapted-28-300x200.jpg 300w, https:\/\/itftkd.sport\/es\/wp-content\/uploads\/sites\/7\/2024\/07\/IX-Campeonato-Centro-Sudamericano-Adapted-28-768x513.jpg 768w, https:\/\/itftkd.sport\/es\/wp-content\/uploads\/sites\/7\/2024\/07\/IX-Campeonato-Centro-Sudamericano-Adapted-28-600x400.jpg 600w\" sizes=\"auto, (max-width: 800px) 100vw, 800px\" \/><\/a><\/figure>\n\n\n\n<figure class=\"wp-block-image size-large\"><a href=\"https:\/\/itftkd.sport\/es\/wp-content\/uploads\/sites\/7\/2024\/07\/IX-Campeonato-Centro-Sudamericano-Adapted-27.jpg\" target=\"_blank\" rel=\"noopener\"><img loading=\"lazy\" decoding=\"async\" width=\"800\" height=\"533\" data-id=\"31445\" src=\"https:\/\/itftkd.sport\/es\/wp-content\/uploads\/sites\/7\/2024\/07\/IX-Campeonato-Centro-Sudamericano-Adapted-27.jpg\" alt=\"IX-Campeonato-Centro-&amp;-Sudamericano-Adapted-27\" class=\"wp-image-31445\" srcset=\"https:\/\/itftkd.sport\/es\/wp-content\/uploads\/sites\/7\/2024\/07\/IX-Campeonato-Centro-Sudamericano-Adapted-27.jpg 800w, https:\/\/itftkd.sport\/es\/wp-content\/uploads\/sites\/7\/2024\/07\/IX-Campeonato-Centro-Sudamericano-Adapted-27-300x200.jpg 300w, https:\/\/itftkd.sport\/es\/wp-content\/uploads\/sites\/7\/2024\/07\/IX-Campeonato-Centro-Sudamericano-Adapted-27-768x512.jpg 768w, https:\/\/itftkd.sport\/es\/wp-content\/uploads\/sites\/7\/2024\/07\/IX-Campeonato-Centro-Sudamericano-Adapted-27-600x400.jpg 600w\" sizes=\"auto, (max-width: 800px) 100vw, 800px\" \/><\/a><\/figure>\n\n\n\n<figure class=\"wp-block-image size-large\"><a href=\"https:\/\/itftkd.sport\/es\/wp-content\/uploads\/sites\/7\/2024\/07\/IX-Campeonato-Centro-Sudamericano-Adapted-26.jpg\" target=\"_blank\" rel=\"noopener\"><img loading=\"lazy\" decoding=\"async\" width=\"800\" height=\"533\" data-id=\"31444\" src=\"https:\/\/itftkd.sport\/es\/wp-content\/uploads\/sites\/7\/2024\/07\/IX-Campeonato-Centro-Sudamericano-Adapted-26.jpg\" alt=\"IX-Campeonato-Centro-&amp;-Sudamericano-Adapted-26\" class=\"wp-image-31444\" srcset=\"https:\/\/itftkd.sport\/es\/wp-content\/uploads\/sites\/7\/2024\/07\/IX-Campeonato-Centro-Sudamericano-Adapted-26.jpg 800w, https:\/\/itftkd.sport\/es\/wp-content\/uploads\/sites\/7\/2024\/07\/IX-Campeonato-Centro-Sudamericano-Adapted-26-300x200.jpg 300w, https:\/\/itftkd.sport\/es\/wp-content\/uploads\/sites\/7\/2024\/07\/IX-Campeonato-Centro-Sudamericano-Adapted-26-768x512.jpg 768w, https:\/\/itftkd.sport\/es\/wp-content\/uploads\/sites\/7\/2024\/07\/IX-Campeonato-Centro-Sudamericano-Adapted-26-600x400.jpg 600w\" sizes=\"auto, (max-width: 800px) 100vw, 800px\" \/><\/a><\/figure>\n\n\n\n<figure class=\"wp-block-image size-large\"><a href=\"https:\/\/itftkd.sport\/es\/wp-content\/uploads\/sites\/7\/2024\/07\/IX-Campeonato-Centro-Sudamericano-Adapted-25.jpg\" target=\"_blank\" rel=\"noopener\"><img loading=\"lazy\" decoding=\"async\" width=\"800\" height=\"534\" data-id=\"31443\" src=\"https:\/\/itftkd.sport\/es\/wp-content\/uploads\/sites\/7\/2024\/07\/IX-Campeonato-Centro-Sudamericano-Adapted-25.jpg\" alt=\"IX-Campeonato-Centro-&amp;-Sudamericano-Adapted-25\" class=\"wp-image-31443\" srcset=\"https:\/\/itftkd.sport\/es\/wp-content\/uploads\/sites\/7\/2024\/07\/IX-Campeonato-Centro-Sudamericano-Adapted-25.jpg 800w, https:\/\/itftkd.sport\/es\/wp-content\/uploads\/sites\/7\/2024\/07\/IX-Campeonato-Centro-Sudamericano-Adapted-25-300x200.jpg 300w, https:\/\/itftkd.sport\/es\/wp-content\/uploads\/sites\/7\/2024\/07\/IX-Campeonato-Centro-Sudamericano-Adapted-25-768x513.jpg 768w, https:\/\/itftkd.sport\/es\/wp-content\/uploads\/sites\/7\/2024\/07\/IX-Campeonato-Centro-Sudamericano-Adapted-25-600x400.jpg 600w\" sizes=\"auto, (max-width: 800px) 100vw, 800px\" \/><\/a><\/figure>\n\n\n\n<figure class=\"wp-block-image size-large\"><a href=\"https:\/\/itftkd.sport\/es\/wp-content\/uploads\/sites\/7\/2024\/07\/IX-Campeonato-Centro-Sudamericano-Adapted-24.jpg\" target=\"_blank\" rel=\"noopener\"><img loading=\"lazy\" decoding=\"async\" width=\"800\" height=\"533\" data-id=\"31442\" src=\"https:\/\/itftkd.sport\/es\/wp-content\/uploads\/sites\/7\/2024\/07\/IX-Campeonato-Centro-Sudamericano-Adapted-24.jpg\" alt=\"IX-Campeonato-Centro-&amp;-Sudamericano-Adapted-24\" class=\"wp-image-31442\" srcset=\"https:\/\/itftkd.sport\/es\/wp-content\/uploads\/sites\/7\/2024\/07\/IX-Campeonato-Centro-Sudamericano-Adapted-24.jpg 800w, https:\/\/itftkd.sport\/es\/wp-content\/uploads\/sites\/7\/2024\/07\/IX-Campeonato-Centro-Sudamericano-Adapted-24-300x200.jpg 300w, https:\/\/itftkd.sport\/es\/wp-content\/uploads\/sites\/7\/2024\/07\/IX-Campeonato-Centro-Sudamericano-Adapted-24-768x512.jpg 768w, https:\/\/itftkd.sport\/es\/wp-content\/uploads\/sites\/7\/2024\/07\/IX-Campeonato-Centro-Sudamericano-Adapted-24-600x400.jpg 600w\" sizes=\"auto, (max-width: 800px) 100vw, 800px\" \/><\/a><\/figure>\n\n\n\n<figure class=\"wp-block-image size-large\"><a href=\"https:\/\/itftkd.sport\/es\/wp-content\/uploads\/sites\/7\/2024\/07\/IX-Campeonato-Centro-Sudamericano-Adapted-23.jpg\" target=\"_blank\" rel=\"noopener\"><img loading=\"lazy\" decoding=\"async\" width=\"800\" height=\"533\" data-id=\"31441\" src=\"https:\/\/itftkd.sport\/es\/wp-content\/uploads\/sites\/7\/2024\/07\/IX-Campeonato-Centro-Sudamericano-Adapted-23.jpg\" alt=\"IX-Campeonato-Centro-&amp;-Sudamericano-Adapted-23\" class=\"wp-image-31441\" srcset=\"https:\/\/itftkd.sport\/es\/wp-content\/uploads\/sites\/7\/2024\/07\/IX-Campeonato-Centro-Sudamericano-Adapted-23.jpg 800w, https:\/\/itftkd.sport\/es\/wp-content\/uploads\/sites\/7\/2024\/07\/IX-Campeonato-Centro-Sudamericano-Adapted-23-300x200.jpg 300w, https:\/\/itftkd.sport\/es\/wp-content\/uploads\/sites\/7\/2024\/07\/IX-Campeonato-Centro-Sudamericano-Adapted-23-768x512.jpg 768w, https:\/\/itftkd.sport\/es\/wp-content\/uploads\/sites\/7\/2024\/07\/IX-Campeonato-Centro-Sudamericano-Adapted-23-600x400.jpg 600w\" sizes=\"auto, (max-width: 800px) 100vw, 800px\" \/><\/a><\/figure>\n\n\n\n<figure class=\"wp-block-image size-large\"><a href=\"https:\/\/itftkd.sport\/es\/wp-content\/uploads\/sites\/7\/2024\/07\/IX-Campeonato-Centro-Sudamericano-Adapted-22.jpg\" target=\"_blank\" rel=\"noopener\"><img loading=\"lazy\" decoding=\"async\" width=\"800\" height=\"533\" data-id=\"31440\" src=\"https:\/\/itftkd.sport\/es\/wp-content\/uploads\/sites\/7\/2024\/07\/IX-Campeonato-Centro-Sudamericano-Adapted-22.jpg\" alt=\"IX-Campeonato-Centro-&amp;-Sudamericano-Adapted-22\" class=\"wp-image-31440\" srcset=\"https:\/\/itftkd.sport\/es\/wp-content\/uploads\/sites\/7\/2024\/07\/IX-Campeonato-Centro-Sudamericano-Adapted-22.jpg 800w, https:\/\/itftkd.sport\/es\/wp-content\/uploads\/sites\/7\/2024\/07\/IX-Campeonato-Centro-Sudamericano-Adapted-22-300x200.jpg 300w, https:\/\/itftkd.sport\/es\/wp-content\/uploads\/sites\/7\/2024\/07\/IX-Campeonato-Centro-Sudamericano-Adapted-22-768x512.jpg 768w, https:\/\/itftkd.sport\/es\/wp-content\/uploads\/sites\/7\/2024\/07\/IX-Campeonato-Centro-Sudamericano-Adapted-22-600x400.jpg 600w\" sizes=\"auto, (max-width: 800px) 100vw, 800px\" \/><\/a><\/figure>\n\n\n\n<figure class=\"wp-block-image size-large\"><a href=\"https:\/\/itftkd.sport\/es\/wp-content\/uploads\/sites\/7\/2024\/07\/IX-Campeonato-Centro-Sudamericano-Adapted-21.jpg\" target=\"_blank\" rel=\"noopener\"><img loading=\"lazy\" decoding=\"async\" width=\"800\" height=\"533\" data-id=\"31439\" src=\"https:\/\/itftkd.sport\/es\/wp-content\/uploads\/sites\/7\/2024\/07\/IX-Campeonato-Centro-Sudamericano-Adapted-21.jpg\" alt=\"IX-Campeonato-Centro-&amp;-Sudamericano-Adapted-21\" class=\"wp-image-31439\" srcset=\"https:\/\/itftkd.sport\/es\/wp-content\/uploads\/sites\/7\/2024\/07\/IX-Campeonato-Centro-Sudamericano-Adapted-21.jpg 800w, https:\/\/itftkd.sport\/es\/wp-content\/uploads\/sites\/7\/2024\/07\/IX-Campeonato-Centro-Sudamericano-Adapted-21-300x200.jpg 300w, https:\/\/itftkd.sport\/es\/wp-content\/uploads\/sites\/7\/2024\/07\/IX-Campeonato-Centro-Sudamericano-Adapted-21-768x512.jpg 768w, https:\/\/itftkd.sport\/es\/wp-content\/uploads\/sites\/7\/2024\/07\/IX-Campeonato-Centro-Sudamericano-Adapted-21-600x400.jpg 600w\" sizes=\"auto, (max-width: 800px) 100vw, 800px\" \/><\/a><\/figure>\n\n\n\n<figure class=\"wp-block-image size-large\"><a href=\"https:\/\/itftkd.sport\/es\/wp-content\/uploads\/sites\/7\/2024\/07\/IX-Campeonato-Centro-Sudamericano-Adapted-11.jpg\" target=\"_blank\" rel=\"noopener\"><img loading=\"lazy\" decoding=\"async\" width=\"800\" height=\"534\" data-id=\"31430\" src=\"https:\/\/itftkd.sport\/es\/wp-content\/uploads\/sites\/7\/2024\/07\/IX-Campeonato-Centro-Sudamericano-Adapted-11.jpg\" alt=\"IX-Campeonato-Centro-&amp;-Sudamericano-Adapted-11\" class=\"wp-image-31430\" srcset=\"https:\/\/itftkd.sport\/es\/wp-content\/uploads\/sites\/7\/2024\/07\/IX-Campeonato-Centro-Sudamericano-Adapted-11.jpg 800w, https:\/\/itftkd.sport\/es\/wp-content\/uploads\/sites\/7\/2024\/07\/IX-Campeonato-Centro-Sudamericano-Adapted-11-300x200.jpg 300w, https:\/\/itftkd.sport\/es\/wp-content\/uploads\/sites\/7\/2024\/07\/IX-Campeonato-Centro-Sudamericano-Adapted-11-768x513.jpg 768w, https:\/\/itftkd.sport\/es\/wp-content\/uploads\/sites\/7\/2024\/07\/IX-Campeonato-Centro-Sudamericano-Adapted-11-600x400.jpg 600w\" sizes=\"auto, (max-width: 800px) 100vw, 800px\" \/><\/a><\/figure>\n\n\n\n<figure class=\"wp-block-image size-large\"><a href=\"https:\/\/itftkd.sport\/es\/wp-content\/uploads\/sites\/7\/2024\/07\/IX-Campeonato-Centro-Sudamericano-Adapted-12.jpg\" target=\"_blank\" rel=\"noopener\"><img loading=\"lazy\" decoding=\"async\" width=\"800\" height=\"534\" data-id=\"31431\" src=\"https:\/\/itftkd.sport\/es\/wp-content\/uploads\/sites\/7\/2024\/07\/IX-Campeonato-Centro-Sudamericano-Adapted-12.jpg\" alt=\"IX-Campeonato-Centro-&amp;-Sudamericano-Adapted-12\" class=\"wp-image-31431\" srcset=\"https:\/\/itftkd.sport\/es\/wp-content\/uploads\/sites\/7\/2024\/07\/IX-Campeonato-Centro-Sudamericano-Adapted-12.jpg 800w, https:\/\/itftkd.sport\/es\/wp-content\/uploads\/sites\/7\/2024\/07\/IX-Campeonato-Centro-Sudamericano-Adapted-12-300x200.jpg 300w, https:\/\/itftkd.sport\/es\/wp-content\/uploads\/sites\/7\/2024\/07\/IX-Campeonato-Centro-Sudamericano-Adapted-12-768x513.jpg 768w, https:\/\/itftkd.sport\/es\/wp-content\/uploads\/sites\/7\/2024\/07\/IX-Campeonato-Centro-Sudamericano-Adapted-12-600x400.jpg 600w\" sizes=\"auto, (max-width: 800px) 100vw, 800px\" \/><\/a><\/figure>\n\n\n\n<figure class=\"wp-block-image size-large\"><a href=\"https:\/\/itftkd.sport\/es\/wp-content\/uploads\/sites\/7\/2024\/07\/IX-Campeonato-Centro-Sudamericano-Adapted-13.jpg\" target=\"_blank\" rel=\"noopener\"><img loading=\"lazy\" decoding=\"async\" width=\"800\" height=\"533\" data-id=\"31432\" src=\"https:\/\/itftkd.sport\/es\/wp-content\/uploads\/sites\/7\/2024\/07\/IX-Campeonato-Centro-Sudamericano-Adapted-13.jpg\" alt=\"IX-Campeonato-Centro-&amp;-Sudamericano-Adapted-13\" class=\"wp-image-31432\" srcset=\"https:\/\/itftkd.sport\/es\/wp-content\/uploads\/sites\/7\/2024\/07\/IX-Campeonato-Centro-Sudamericano-Adapted-13.jpg 800w, https:\/\/itftkd.sport\/es\/wp-content\/uploads\/sites\/7\/2024\/07\/IX-Campeonato-Centro-Sudamericano-Adapted-13-300x200.jpg 300w, https:\/\/itftkd.sport\/es\/wp-content\/uploads\/sites\/7\/2024\/07\/IX-Campeonato-Centro-Sudamericano-Adapted-13-768x512.jpg 768w, https:\/\/itftkd.sport\/es\/wp-content\/uploads\/sites\/7\/2024\/07\/IX-Campeonato-Centro-Sudamericano-Adapted-13-600x400.jpg 600w\" sizes=\"auto, (max-width: 800px) 100vw, 800px\" \/><\/a><\/figure>\n\n\n\n<figure class=\"wp-block-image size-large\"><a href=\"https:\/\/itftkd.sport\/es\/wp-content\/uploads\/sites\/7\/2024\/07\/IX-Campeonato-Centro-Sudamericano-Adapted-14.jpg\" target=\"_blank\" rel=\"noopener\"><img loading=\"lazy\" decoding=\"async\" width=\"800\" height=\"533\" data-id=\"31433\" src=\"https:\/\/itftkd.sport\/es\/wp-content\/uploads\/sites\/7\/2024\/07\/IX-Campeonato-Centro-Sudamericano-Adapted-14.jpg\" alt=\"IX-Campeonato-Centro-&amp;-Sudamericano-Adapted-14\" class=\"wp-image-31433\" srcset=\"https:\/\/itftkd.sport\/es\/wp-content\/uploads\/sites\/7\/2024\/07\/IX-Campeonato-Centro-Sudamericano-Adapted-14.jpg 800w, https:\/\/itftkd.sport\/es\/wp-content\/uploads\/sites\/7\/2024\/07\/IX-Campeonato-Centro-Sudamericano-Adapted-14-300x200.jpg 300w, https:\/\/itftkd.sport\/es\/wp-content\/uploads\/sites\/7\/2024\/07\/IX-Campeonato-Centro-Sudamericano-Adapted-14-768x512.jpg 768w, https:\/\/itftkd.sport\/es\/wp-content\/uploads\/sites\/7\/2024\/07\/IX-Campeonato-Centro-Sudamericano-Adapted-14-600x400.jpg 600w\" sizes=\"auto, (max-width: 800px) 100vw, 800px\" \/><\/a><\/figure>\n\n\n\n<figure class=\"wp-block-image size-large\"><a href=\"https:\/\/itftkd.sport\/es\/wp-content\/uploads\/sites\/7\/2024\/07\/IX-Campeonato-Centro-Sudamericano-Adapted-15.jpg\" target=\"_blank\" rel=\"noopener\"><img loading=\"lazy\" decoding=\"async\" width=\"800\" height=\"533\" data-id=\"31434\" src=\"https:\/\/itftkd.sport\/es\/wp-content\/uploads\/sites\/7\/2024\/07\/IX-Campeonato-Centro-Sudamericano-Adapted-15.jpg\" alt=\"IX-Campeonato-Centro-&amp;-Sudamericano-Adapted-15\" class=\"wp-image-31434\" srcset=\"https:\/\/itftkd.sport\/es\/wp-content\/uploads\/sites\/7\/2024\/07\/IX-Campeonato-Centro-Sudamericano-Adapted-15.jpg 800w, https:\/\/itftkd.sport\/es\/wp-content\/uploads\/sites\/7\/2024\/07\/IX-Campeonato-Centro-Sudamericano-Adapted-15-300x200.jpg 300w, https:\/\/itftkd.sport\/es\/wp-content\/uploads\/sites\/7\/2024\/07\/IX-Campeonato-Centro-Sudamericano-Adapted-15-768x512.jpg 768w, https:\/\/itftkd.sport\/es\/wp-content\/uploads\/sites\/7\/2024\/07\/IX-Campeonato-Centro-Sudamericano-Adapted-15-600x400.jpg 600w\" sizes=\"auto, (max-width: 800px) 100vw, 800px\" \/><\/a><\/figure>\n\n\n\n<figure class=\"wp-block-image size-large\"><a href=\"https:\/\/itftkd.sport\/es\/wp-content\/uploads\/sites\/7\/2024\/07\/IX-Campeonato-Centro-Sudamericano-Adapted-16.jpg\" target=\"_blank\" rel=\"noopener\"><img loading=\"lazy\" decoding=\"async\" width=\"800\" height=\"533\" data-id=\"31435\" src=\"https:\/\/itftkd.sport\/es\/wp-content\/uploads\/sites\/7\/2024\/07\/IX-Campeonato-Centro-Sudamericano-Adapted-16.jpg\" alt=\"IX-Campeonato-Centro-&amp;-Sudamericano-Adapted-16\" class=\"wp-image-31435\" srcset=\"https:\/\/itftkd.sport\/es\/wp-content\/uploads\/sites\/7\/2024\/07\/IX-Campeonato-Centro-Sudamericano-Adapted-16.jpg 800w, https:\/\/itftkd.sport\/es\/wp-content\/uploads\/sites\/7\/2024\/07\/IX-Campeonato-Centro-Sudamericano-Adapted-16-300x200.jpg 300w, https:\/\/itftkd.sport\/es\/wp-content\/uploads\/sites\/7\/2024\/07\/IX-Campeonato-Centro-Sudamericano-Adapted-16-768x512.jpg 768w, https:\/\/itftkd.sport\/es\/wp-content\/uploads\/sites\/7\/2024\/07\/IX-Campeonato-Centro-Sudamericano-Adapted-16-600x400.jpg 600w\" sizes=\"auto, (max-width: 800px) 100vw, 800px\" \/><\/a><\/figure>\n\n\n\n<figure class=\"wp-block-image size-large\"><a href=\"https:\/\/itftkd.sport\/es\/wp-content\/uploads\/sites\/7\/2024\/07\/IX-Campeonato-Centro-Sudamericano-Adapted-17.jpg\" target=\"_blank\" rel=\"noopener\"><img loading=\"lazy\" decoding=\"async\" width=\"800\" height=\"533\" data-id=\"31436\" src=\"https:\/\/itftkd.sport\/es\/wp-content\/uploads\/sites\/7\/2024\/07\/IX-Campeonato-Centro-Sudamericano-Adapted-17.jpg\" alt=\"IX-Campeonato-Centro-&amp;-Sudamericano-Adapted-17\" class=\"wp-image-31436\" srcset=\"https:\/\/itftkd.sport\/es\/wp-content\/uploads\/sites\/7\/2024\/07\/IX-Campeonato-Centro-Sudamericano-Adapted-17.jpg 800w, https:\/\/itftkd.sport\/es\/wp-content\/uploads\/sites\/7\/2024\/07\/IX-Campeonato-Centro-Sudamericano-Adapted-17-300x200.jpg 300w, https:\/\/itftkd.sport\/es\/wp-content\/uploads\/sites\/7\/2024\/07\/IX-Campeonato-Centro-Sudamericano-Adapted-17-768x512.jpg 768w, https:\/\/itftkd.sport\/es\/wp-content\/uploads\/sites\/7\/2024\/07\/IX-Campeonato-Centro-Sudamericano-Adapted-17-600x400.jpg 600w\" sizes=\"auto, (max-width: 800px) 100vw, 800px\" \/><\/a><\/figure>\n\n\n\n<figure class=\"wp-block-image size-large\"><a href=\"https:\/\/itftkd.sport\/es\/wp-content\/uploads\/sites\/7\/2024\/07\/IX-Campeonato-Centro-Sudamericano-Adapted-18.jpg\" target=\"_blank\" rel=\"noopener\"><img loading=\"lazy\" decoding=\"async\" width=\"800\" height=\"533\" data-id=\"31437\" src=\"https:\/\/itftkd.sport\/es\/wp-content\/uploads\/sites\/7\/2024\/07\/IX-Campeonato-Centro-Sudamericano-Adapted-18.jpg\" alt=\"IX-Campeonato-Centro-&amp;-Sudamericano-Adapted-18\" class=\"wp-image-31437\" srcset=\"https:\/\/itftkd.sport\/es\/wp-content\/uploads\/sites\/7\/2024\/07\/IX-Campeonato-Centro-Sudamericano-Adapted-18.jpg 800w, https:\/\/itftkd.sport\/es\/wp-content\/uploads\/sites\/7\/2024\/07\/IX-Campeonato-Centro-Sudamericano-Adapted-18-300x200.jpg 300w, https:\/\/itftkd.sport\/es\/wp-content\/uploads\/sites\/7\/2024\/07\/IX-Campeonato-Centro-Sudamericano-Adapted-18-768x512.jpg 768w, https:\/\/itftkd.sport\/es\/wp-content\/uploads\/sites\/7\/2024\/07\/IX-Campeonato-Centro-Sudamericano-Adapted-18-600x400.jpg 600w\" sizes=\"auto, (max-width: 800px) 100vw, 800px\" \/><\/a><\/figure>\n\n\n\n<figure class=\"wp-block-image size-large\"><a href=\"https:\/\/itftkd.sport\/es\/wp-content\/uploads\/sites\/7\/2024\/07\/IX-Campeonato-Centro-Sudamericano-Adapted-20.jpg\" target=\"_blank\" rel=\"noopener\"><img loading=\"lazy\" decoding=\"async\" width=\"800\" height=\"533\" data-id=\"31438\" src=\"https:\/\/itftkd.sport\/es\/wp-content\/uploads\/sites\/7\/2024\/07\/IX-Campeonato-Centro-Sudamericano-Adapted-20.jpg\" alt=\"IX-Campeonato-Centro-&amp;-Sudamericano-Adapted-20\" class=\"wp-image-31438\" srcset=\"https:\/\/itftkd.sport\/es\/wp-content\/uploads\/sites\/7\/2024\/07\/IX-Campeonato-Centro-Sudamericano-Adapted-20.jpg 800w, https:\/\/itftkd.sport\/es\/wp-content\/uploads\/sites\/7\/2024\/07\/IX-Campeonato-Centro-Sudamericano-Adapted-20-300x200.jpg 300w, https:\/\/itftkd.sport\/es\/wp-content\/uploads\/sites\/7\/2024\/07\/IX-Campeonato-Centro-Sudamericano-Adapted-20-768x512.jpg 768w, https:\/\/itftkd.sport\/es\/wp-content\/uploads\/sites\/7\/2024\/07\/IX-Campeonato-Centro-Sudamericano-Adapted-20-600x400.jpg 600w\" sizes=\"auto, (max-width: 800px) 100vw, 800px\" \/><\/a><\/figure>\n\n\n\n<figure class=\"wp-block-image size-large\"><a href=\"https:\/\/itftkd.sport\/es\/wp-content\/uploads\/sites\/7\/2024\/07\/IX-Campeonato-Centro-Sudamericano-Adapted-10.jpg\" target=\"_blank\" rel=\"noopener\"><img loading=\"lazy\" decoding=\"async\" width=\"800\" height=\"533\" data-id=\"31429\" src=\"https:\/\/itftkd.sport\/es\/wp-content\/uploads\/sites\/7\/2024\/07\/IX-Campeonato-Centro-Sudamericano-Adapted-10.jpg\" alt=\"IX-Campeonato-Centro-&amp;-Sudamericano-Adapted-10\" class=\"wp-image-31429\" srcset=\"https:\/\/itftkd.sport\/es\/wp-content\/uploads\/sites\/7\/2024\/07\/IX-Campeonato-Centro-Sudamericano-Adapted-10.jpg 800w, https:\/\/itftkd.sport\/es\/wp-content\/uploads\/sites\/7\/2024\/07\/IX-Campeonato-Centro-Sudamericano-Adapted-10-300x200.jpg 300w, https:\/\/itftkd.sport\/es\/wp-content\/uploads\/sites\/7\/2024\/07\/IX-Campeonato-Centro-Sudamericano-Adapted-10-768x512.jpg 768w, https:\/\/itftkd.sport\/es\/wp-content\/uploads\/sites\/7\/2024\/07\/IX-Campeonato-Centro-Sudamericano-Adapted-10-600x400.jpg 600w\" sizes=\"auto, (max-width: 800px) 100vw, 800px\" \/><\/a><\/figure>\n\n\n\n<figure class=\"wp-block-image size-large\"><a href=\"https:\/\/itftkd.sport\/es\/wp-content\/uploads\/sites\/7\/2024\/07\/IX-Campeonato-Centro-Sudamericano-Adapted-9.jpg\" target=\"_blank\" rel=\"noopener\"><img loading=\"lazy\" decoding=\"async\" width=\"800\" height=\"533\" data-id=\"31428\" src=\"https:\/\/itftkd.sport\/es\/wp-content\/uploads\/sites\/7\/2024\/07\/IX-Campeonato-Centro-Sudamericano-Adapted-9.jpg\" alt=\"IX-Campeonato-Centro-&amp;-Sudamericano-Adapted-9\" class=\"wp-image-31428\" srcset=\"https:\/\/itftkd.sport\/es\/wp-content\/uploads\/sites\/7\/2024\/07\/IX-Campeonato-Centro-Sudamericano-Adapted-9.jpg 800w, https:\/\/itftkd.sport\/es\/wp-content\/uploads\/sites\/7\/2024\/07\/IX-Campeonato-Centro-Sudamericano-Adapted-9-300x200.jpg 300w, https:\/\/itftkd.sport\/es\/wp-content\/uploads\/sites\/7\/2024\/07\/IX-Campeonato-Centro-Sudamericano-Adapted-9-768x512.jpg 768w, https:\/\/itftkd.sport\/es\/wp-content\/uploads\/sites\/7\/2024\/07\/IX-Campeonato-Centro-Sudamericano-Adapted-9-600x400.jpg 600w\" sizes=\"auto, (max-width: 800px) 100vw, 800px\" \/><\/a><\/figure>\n\n\n\n<figure class=\"wp-block-image size-large\"><a href=\"https:\/\/itftkd.sport\/es\/wp-content\/uploads\/sites\/7\/2024\/07\/IX-Campeonato-Centro-Sudamericano-Adapted-8.jpg\" target=\"_blank\" rel=\"noopener\"><img loading=\"lazy\" decoding=\"async\" width=\"800\" height=\"533\" data-id=\"31427\" src=\"https:\/\/itftkd.sport\/es\/wp-content\/uploads\/sites\/7\/2024\/07\/IX-Campeonato-Centro-Sudamericano-Adapted-8.jpg\" alt=\"IX-Campeonato-Centro-&amp;-Sudamericano-Adapted-8\" class=\"wp-image-31427\" srcset=\"https:\/\/itftkd.sport\/es\/wp-content\/uploads\/sites\/7\/2024\/07\/IX-Campeonato-Centro-Sudamericano-Adapted-8.jpg 800w, https:\/\/itftkd.sport\/es\/wp-content\/uploads\/sites\/7\/2024\/07\/IX-Campeonato-Centro-Sudamericano-Adapted-8-300x200.jpg 300w, https:\/\/itftkd.sport\/es\/wp-content\/uploads\/sites\/7\/2024\/07\/IX-Campeonato-Centro-Sudamericano-Adapted-8-768x512.jpg 768w, https:\/\/itftkd.sport\/es\/wp-content\/uploads\/sites\/7\/2024\/07\/IX-Campeonato-Centro-Sudamericano-Adapted-8-600x400.jpg 600w\" sizes=\"auto, (max-width: 800px) 100vw, 800px\" \/><\/a><\/figure>\n\n\n\n<figure class=\"wp-block-image size-large\"><a href=\"https:\/\/itftkd.sport\/es\/wp-content\/uploads\/sites\/7\/2024\/07\/IX-Campeonato-Centro-Sudamericano-Adapted-7.jpg\" target=\"_blank\" rel=\"noopener\"><img loading=\"lazy\" decoding=\"async\" width=\"800\" height=\"533\" data-id=\"31426\" src=\"https:\/\/itftkd.sport\/es\/wp-content\/uploads\/sites\/7\/2024\/07\/IX-Campeonato-Centro-Sudamericano-Adapted-7.jpg\" alt=\"IX-Campeonato-Centro-&amp;-Sudamericano-Adapted-7\" class=\"wp-image-31426\" srcset=\"https:\/\/itftkd.sport\/es\/wp-content\/uploads\/sites\/7\/2024\/07\/IX-Campeonato-Centro-Sudamericano-Adapted-7.jpg 800w, https:\/\/itftkd.sport\/es\/wp-content\/uploads\/sites\/7\/2024\/07\/IX-Campeonato-Centro-Sudamericano-Adapted-7-300x200.jpg 300w, https:\/\/itftkd.sport\/es\/wp-content\/uploads\/sites\/7\/2024\/07\/IX-Campeonato-Centro-Sudamericano-Adapted-7-768x512.jpg 768w, https:\/\/itftkd.sport\/es\/wp-content\/uploads\/sites\/7\/2024\/07\/IX-Campeonato-Centro-Sudamericano-Adapted-7-600x400.jpg 600w\" sizes=\"auto, (max-width: 800px) 100vw, 800px\" \/><\/a><\/figure>\n\n\n\n<figure class=\"wp-block-image size-large\"><a href=\"https:\/\/itftkd.sport\/es\/wp-content\/uploads\/sites\/7\/2024\/07\/IX-Campeonato-Centro-Sudamericano-Adapted-6.jpg\" target=\"_blank\" rel=\"noopener\"><img loading=\"lazy\" decoding=\"async\" width=\"800\" height=\"533\" data-id=\"31425\" src=\"https:\/\/itftkd.sport\/es\/wp-content\/uploads\/sites\/7\/2024\/07\/IX-Campeonato-Centro-Sudamericano-Adapted-6.jpg\" alt=\"IX-Campeonato-Centro-&amp;-Sudamericano-Adapted-6\" class=\"wp-image-31425\" srcset=\"https:\/\/itftkd.sport\/es\/wp-content\/uploads\/sites\/7\/2024\/07\/IX-Campeonato-Centro-Sudamericano-Adapted-6.jpg 800w, https:\/\/itftkd.sport\/es\/wp-content\/uploads\/sites\/7\/2024\/07\/IX-Campeonato-Centro-Sudamericano-Adapted-6-300x200.jpg 300w, https:\/\/itftkd.sport\/es\/wp-content\/uploads\/sites\/7\/2024\/07\/IX-Campeonato-Centro-Sudamericano-Adapted-6-768x512.jpg 768w, https:\/\/itftkd.sport\/es\/wp-content\/uploads\/sites\/7\/2024\/07\/IX-Campeonato-Centro-Sudamericano-Adapted-6-600x400.jpg 600w\" sizes=\"auto, (max-width: 800px) 100vw, 800px\" \/><\/a><\/figure>\n\n\n\n<figure class=\"wp-block-image size-large\"><a href=\"https:\/\/itftkd.sport\/es\/wp-content\/uploads\/sites\/7\/2024\/07\/IX-Campeonato-Centro-Sudamericano-Adapted-5.jpg\" target=\"_blank\" rel=\"noopener\"><img loading=\"lazy\" decoding=\"async\" width=\"800\" height=\"533\" data-id=\"31424\" src=\"https:\/\/itftkd.sport\/es\/wp-content\/uploads\/sites\/7\/2024\/07\/IX-Campeonato-Centro-Sudamericano-Adapted-5.jpg\" alt=\"IX-Campeonato-Centro-&amp;-Sudamericano-Adapted-5\" class=\"wp-image-31424\" srcset=\"https:\/\/itftkd.sport\/es\/wp-content\/uploads\/sites\/7\/2024\/07\/IX-Campeonato-Centro-Sudamericano-Adapted-5.jpg 800w, https:\/\/itftkd.sport\/es\/wp-content\/uploads\/sites\/7\/2024\/07\/IX-Campeonato-Centro-Sudamericano-Adapted-5-300x200.jpg 300w, https:\/\/itftkd.sport\/es\/wp-content\/uploads\/sites\/7\/2024\/07\/IX-Campeonato-Centro-Sudamericano-Adapted-5-768x512.jpg 768w, https:\/\/itftkd.sport\/es\/wp-content\/uploads\/sites\/7\/2024\/07\/IX-Campeonato-Centro-Sudamericano-Adapted-5-600x400.jpg 600w\" sizes=\"auto, (max-width: 800px) 100vw, 800px\" \/><\/a><\/figure>\n\n\n\n<figure class=\"wp-block-image size-large\"><a href=\"https:\/\/itftkd.sport\/es\/wp-content\/uploads\/sites\/7\/2024\/07\/IX-Campeonato-Centro-Sudamericano-Adapted-4.jpg\" target=\"_blank\" rel=\"noopener\"><img loading=\"lazy\" decoding=\"async\" width=\"800\" height=\"533\" data-id=\"31423\" src=\"https:\/\/itftkd.sport\/es\/wp-content\/uploads\/sites\/7\/2024\/07\/IX-Campeonato-Centro-Sudamericano-Adapted-4.jpg\" alt=\"IX-Campeonato-Centro-&amp;-Sudamericano-Adapted-4\" class=\"wp-image-31423\" srcset=\"https:\/\/itftkd.sport\/es\/wp-content\/uploads\/sites\/7\/2024\/07\/IX-Campeonato-Centro-Sudamericano-Adapted-4.jpg 800w, https:\/\/itftkd.sport\/es\/wp-content\/uploads\/sites\/7\/2024\/07\/IX-Campeonato-Centro-Sudamericano-Adapted-4-300x200.jpg 300w, https:\/\/itftkd.sport\/es\/wp-content\/uploads\/sites\/7\/2024\/07\/IX-Campeonato-Centro-Sudamericano-Adapted-4-768x512.jpg 768w, https:\/\/itftkd.sport\/es\/wp-content\/uploads\/sites\/7\/2024\/07\/IX-Campeonato-Centro-Sudamericano-Adapted-4-600x400.jpg 600w\" sizes=\"auto, (max-width: 800px) 100vw, 800px\" \/><\/a><\/figure>\n\n\n\n<figure class=\"wp-block-image size-large\"><a href=\"https:\/\/itftkd.sport\/es\/wp-content\/uploads\/sites\/7\/2024\/07\/IX-Campeonato-Centro-Sudamericano-Adapted-3.jpg\" target=\"_blank\" rel=\"noopener\"><img loading=\"lazy\" decoding=\"async\" width=\"800\" height=\"533\" data-id=\"31422\" src=\"https:\/\/itftkd.sport\/es\/wp-content\/uploads\/sites\/7\/2024\/07\/IX-Campeonato-Centro-Sudamericano-Adapted-3.jpg\" alt=\"IX-Campeonato-Centro-&amp;-Sudamericano-Adapted-3\" class=\"wp-image-31422\" srcset=\"https:\/\/itftkd.sport\/es\/wp-content\/uploads\/sites\/7\/2024\/07\/IX-Campeonato-Centro-Sudamericano-Adapted-3.jpg 800w, https:\/\/itftkd.sport\/es\/wp-content\/uploads\/sites\/7\/2024\/07\/IX-Campeonato-Centro-Sudamericano-Adapted-3-300x200.jpg 300w, https:\/\/itftkd.sport\/es\/wp-content\/uploads\/sites\/7\/2024\/07\/IX-Campeonato-Centro-Sudamericano-Adapted-3-768x512.jpg 768w, https:\/\/itftkd.sport\/es\/wp-content\/uploads\/sites\/7\/2024\/07\/IX-Campeonato-Centro-Sudamericano-Adapted-3-600x400.jpg 600w\" sizes=\"auto, (max-width: 800px) 100vw, 800px\" \/><\/a><\/figure>\n\n\n\n<figure class=\"wp-block-image size-large\"><a href=\"https:\/\/itftkd.sport\/es\/wp-content\/uploads\/sites\/7\/2024\/07\/IX-Campeonato-Centro-Sudamericano-Adapted-2.jpg\" target=\"_blank\" rel=\"noopener\"><img loading=\"lazy\" decoding=\"async\" width=\"800\" height=\"533\" data-id=\"31421\" src=\"https:\/\/itftkd.sport\/es\/wp-content\/uploads\/sites\/7\/2024\/07\/IX-Campeonato-Centro-Sudamericano-Adapted-2.jpg\" alt=\"IX-Campeonato-Centro-&amp;-Sudamericano-Adapted-2\" class=\"wp-image-31421\" srcset=\"https:\/\/itftkd.sport\/es\/wp-content\/uploads\/sites\/7\/2024\/07\/IX-Campeonato-Centro-Sudamericano-Adapted-2.jpg 800w, https:\/\/itftkd.sport\/es\/wp-content\/uploads\/sites\/7\/2024\/07\/IX-Campeonato-Centro-Sudamericano-Adapted-2-300x200.jpg 300w, https:\/\/itftkd.sport\/es\/wp-content\/uploads\/sites\/7\/2024\/07\/IX-Campeonato-Centro-Sudamericano-Adapted-2-768x512.jpg 768w, https:\/\/itftkd.sport\/es\/wp-content\/uploads\/sites\/7\/2024\/07\/IX-Campeonato-Centro-Sudamericano-Adapted-2-600x400.jpg 600w\" sizes=\"auto, (max-width: 800px) 100vw, 800px\" \/><\/a><\/figure>\n<\/figure>\n\n\n\n<p class=\"has-text-align-center\"><em><strong>Fotos gentileza de Comunicaciones de la Secretar\u00eda Nacional de Deportes del Paraguay.<\/strong><\/em><\/p>\n","protected":false},"excerpt":{"rendered":"<p>El IX Campeonato Centro y Sudamericano que tuvo lugar en la ciudad de Asunci\u00f3n, Paraguay, entre el 24 y 30 de junio, fue el escenario en donde se llev\u00f3 a &hellip;<\/p>\n","protected":false},"author":4,"featured_media":31414,"comment_status":"open","ping_status":"open","sticky":false,"template":"","format":"standard","meta":{"_tec_requires_first_save":true,"_uag_custom_page_level_css":"","_genesis_hide_title":false,"_genesis_hide_breadcrumbs":false,"_genesis_hide_singular_image":false,"_genesis_hide_footer_widgets":false,"_genesis_custom_body_class":"","_genesis_custom_post_class":"","_genesis_layout":"","_EventAllDay":false,"_EventTimezone":"","_EventStartDate":"","_EventEndDate":"","_EventStartDateUTC":"","_EventEndDateUTC":"","_EventShowMap":false,"_EventShowMapLink":false,"_EventURL":"","_EventCost":"","_EventCostDescription":"","_EventCurrencySymbol":"","_EventCurrencyCode":"","_EventCurrencyPosition":"","_EventDateTimeSeparator":"","_EventTimeRangeSeparator":"","_EventOrganizerID":[],"_EventVenueID":[],"_OrganizerEmail":"","_OrganizerPhone":"","_OrganizerWebsite":"","_VenueAddress":"","_VenueCity":"","_VenueCountry":"","_VenueProvince":"","_VenueState":"","_VenueZip":"","_VenuePhone":"","_VenueURL":"","_VenueStateProvince":"","_VenueLat":"","_VenueLng":"","_VenueShowMap":false,"_VenueShowMapLink":false,"_tribe_blocks_recurrence_rules":"","_tribe_blocks_recurrence_description":"","_tribe_blocks_recurrence_exclusions":"","editor_notices":[],"footnotes":""},"categories":[132,6,130],"tags":[],"class_list":["post-31413","post","type-post","status-publish","format-standard","has-post-thumbnail","category-destacadas","category-noticias-regionales","category-ultimas-noticias","entry"],"featured_image_src":"https:\/\/itftkd.sport\/es\/wp-content\/uploads\/sites\/7\/2024\/07\/Featured-Adapted-Paraguay-2024-600x400.jpg","featured_image_src_square":"https:\/\/itftkd.sport\/es\/wp-content\/uploads\/sites\/7\/2024\/07\/Featured-Adapted-Paraguay-2024-600x600.jpg","author_info":{"display_name":"FABIAN ITF","author_link":"https:\/\/itftkd.sport\/es\/author\/fabian-itf\/"},"uagb_featured_image_src":{"full":["https:\/\/itftkd.sport\/es\/wp-content\/uploads\/sites\/7\/2024\/07\/Featured-Adapted-Paraguay-2024.jpg",800,600,false],"thumbnail":["https:\/\/itftkd.sport\/es\/wp-content\/uploads\/sites\/7\/2024\/07\/Featured-Adapted-Paraguay-2024-150x150.jpg",150,150,true],"medium":["https:\/\/itftkd.sport\/es\/wp-content\/uploads\/sites\/7\/2024\/07\/Featured-Adapted-Paraguay-2024-300x225.jpg",300,225,true],"medium_large":["https:\/\/itftkd.sport\/es\/wp-content\/uploads\/sites\/7\/2024\/07\/Featured-Adapted-Paraguay-2024-768x576.jpg",768,576,true],"large":["https:\/\/itftkd.sport\/es\/wp-content\/uploads\/sites\/7\/2024\/07\/Featured-Adapted-Paraguay-2024.jpg",800,600,false],"1536x1536":["https:\/\/itftkd.sport\/es\/wp-content\/uploads\/sites\/7\/2024\/07\/Featured-Adapted-Paraguay-2024.jpg",800,600,false],"2048x2048":["https:\/\/itftkd.sport\/es\/wp-content\/uploads\/sites\/7\/2024\/07\/Featured-Adapted-Paraguay-2024.jpg",800,600,false],"banner":["https:\/\/itftkd.sport\/es\/wp-content\/uploads\/sites\/7\/2024\/07\/Featured-Adapted-Paraguay-2024-800x533.jpg",800,533,true],"section":["https:\/\/itftkd.sport\/es\/wp-content\/uploads\/sites\/7\/2024\/07\/Featured-Adapted-Paraguay-2024.jpg",800,600,false],"full-width":["https:\/\/itftkd.sport\/es\/wp-content\/uploads\/sites\/7\/2024\/07\/Featured-Adapted-Paraguay-2024.jpg",800,600,false],"featured":["https:\/\/itftkd.sport\/es\/wp-content\/uploads\/sites\/7\/2024\/07\/Featured-Adapted-Paraguay-2024.jpg",800,600,false],"one-half":["https:\/\/itftkd.sport\/es\/wp-content\/uploads\/sites\/7\/2024\/07\/Featured-Adapted-Paraguay-2024-550x413.jpg",550,413,true],"one-third":["https:\/\/itftkd.sport\/es\/wp-content\/uploads\/sites\/7\/2024\/07\/Featured-Adapted-Paraguay-2024-350x263.jpg",350,263,true],"one-fourth":["https:\/\/itftkd.sport\/es\/wp-content\/uploads\/sites\/7\/2024\/07\/Featured-Adapted-Paraguay-2024-260x195.jpg",260,195,true],"tiny":["https:\/\/itftkd.sport\/es\/wp-content\/uploads\/sites\/7\/2024\/07\/Featured-Adapted-Paraguay-2024-80x80.jpg",80,80,true],"ab-block-post-grid-landscape":["https:\/\/itftkd.sport\/es\/wp-content\/uploads\/sites\/7\/2024\/07\/Featured-Adapted-Paraguay-2024-600x400.jpg",600,400,true],"ab-block-post-grid-square":["https:\/\/itftkd.sport\/es\/wp-content\/uploads\/sites\/7\/2024\/07\/Featured-Adapted-Paraguay-2024-600x600.jpg",600,600,true],"gform-image-choice-sm":["https:\/\/itftkd.sport\/es\/wp-content\/uploads\/sites\/7\/2024\/07\/Featured-Adapted-Paraguay-2024.jpg",300,225,false],"gform-image-choice-md":["https:\/\/itftkd.sport\/es\/wp-content\/uploads\/sites\/7\/2024\/07\/Featured-Adapted-Paraguay-2024.jpg",400,300,false],"gform-image-choice-lg":["https:\/\/itftkd.sport\/es\/wp-content\/uploads\/sites\/7\/2024\/07\/Featured-Adapted-Paraguay-2024.jpg",600,450,false]},"uagb_author_info":{"display_name":"FABIAN ITF","author_link":"https:\/\/itftkd.sport\/es\/author\/fabian-itf\/"},"uagb_comment_info":0,"uagb_excerpt":"El IX Campeonato Centro y Sudamericano que tuvo lugar en la ciudad de Asunci\u00f3n, Paraguay, entre el 24 y 30 de junio, fue el escenario en donde se llev\u00f3 a &hellip;","_links":{"self":[{"href":"https:\/\/itftkd.sport\/es\/wp-json\/wp\/v2\/posts\/31413","targetHints":{"allow":["GET"]}}],"collection":[{"href":"https:\/\/itftkd.sport\/es\/wp-json\/wp\/v2\/posts"}],"about":[{"href":"https:\/\/itftkd.sport\/es\/wp-json\/wp\/v2\/types\/post"}],"author":[{"embeddable":true,"href":"https:\/\/itftkd.sport\/es\/wp-json\/wp\/v2\/users\/4"}],"replies":[{"embeddable":true,"href":"https:\/\/itftkd.sport\/es\/wp-json\/wp\/v2\/comments?post=31413"}],"version-history":[{"count":3,"href":"https:\/\/itftkd.sport\/es\/wp-json\/wp\/v2\/posts\/31413\/revisions"}],"predecessor-version":[{"id":31518,"href":"https:\/\/itftkd.sport\/es\/wp-json\/wp\/v2\/posts\/31413\/revisions\/31518"}],"wp:featuredmedia":[{"embeddable":true,"href":"https:\/\/itftkd.sport\/es\/wp-json\/wp\/v2\/media\/31414"}],"wp:attachment":[{"href":"https:\/\/itftkd.sport\/es\/wp-json\/wp\/v2\/media?parent=31413"}],"wp:term":[{"taxonomy":"category","embeddable":true,"href":"https:\/\/itftkd.sport\/es\/wp-json\/wp\/v2\/categories?post=31413"},{"taxonomy":"post_tag","embeddable":true,"href":"https:\/\/itftkd.sport\/es\/wp-json\/wp\/v2\/tags?post=31413"}],"curies":[{"name":"wp","href":"https:\/\/api.w.org\/{rel}","templated":true}]}}