{"id":31397,"date":"2024-07-02T20:51:16","date_gmt":"2024-07-02T18:51:16","guid":{"rendered":"https:\/\/itftkd.sport\/es\/?p=31397"},"modified":"2024-07-03T19:06:45","modified_gmt":"2024-07-03T17:06:45","slug":"presencia-oficial-itf-en-la-ceremonia-de-apertura-del-ix-campeonato-centro-sudamericano","status":"publish","type":"post","link":"https:\/\/itftkd.sport\/es\/presencia-oficial-itf-en-la-ceremonia-de-apertura-del-ix-campeonato-centro-sudamericano\/","title":{"rendered":"Presencia oficial ITF en la Ceremonia de Apertura del IX Campeonato Centro Sudamericano"},"content":{"rendered":"\n<p>Las primeras palabras por parte del Presidente de la FETREP y Presidente del Comit\u00e9 Organizador, el Sabum Fernando Arr\u00faa, fueron de bienvenida a todos los atletas, entrenadores, familiares y p\u00fablico en general que lleg\u00f3 desde Argentina, Brasil, Bolivia, Colombia, Costa Rica, Chile, Honduras, M\u00e9xico, Per\u00fa, Uruguay y, por supuesto,&nbsp;los locales de Paraguay.<\/p>\n\n\n<div class=\"wp-block-image\">\n<figure class=\"aligncenter size-full\"><a href=\"https:\/\/itftkd.sport\/es\/wp-content\/uploads\/sites\/7\/2024\/07\/Opening-Ceremony-IX-Campeonato-Central-Sudamericano-8.jpg\" target=\"_blank\" rel=\"noreferrer noopener\"><img loading=\"lazy\" decoding=\"async\" width=\"800\" height=\"533\" src=\"https:\/\/itftkd.sport\/es\/wp-content\/uploads\/sites\/7\/2024\/07\/Opening-Ceremony-IX-Campeonato-Central-Sudamericano-8.jpg\" alt=\"Opening Ceremony IX Campeonato Central &amp; Sudamericano 8\" class=\"wp-image-31408\" srcset=\"https:\/\/itftkd.sport\/es\/wp-content\/uploads\/sites\/7\/2024\/07\/Opening-Ceremony-IX-Campeonato-Central-Sudamericano-8.jpg 800w, https:\/\/itftkd.sport\/es\/wp-content\/uploads\/sites\/7\/2024\/07\/Opening-Ceremony-IX-Campeonato-Central-Sudamericano-8-300x200.jpg 300w, https:\/\/itftkd.sport\/es\/wp-content\/uploads\/sites\/7\/2024\/07\/Opening-Ceremony-IX-Campeonato-Central-Sudamericano-8-768x512.jpg 768w, https:\/\/itftkd.sport\/es\/wp-content\/uploads\/sites\/7\/2024\/07\/Opening-Ceremony-IX-Campeonato-Central-Sudamericano-8-600x400.jpg 600w\" sizes=\"auto, (max-width: 800px) 100vw, 800px\" \/><\/a><\/figure>\n<\/div>\n\n\n<p>Tambi\u00e9n agradeci\u00f3 especialmente a la Secretar\u00eda Nacional de Deportes del Paraguay por el apoyo recibido y a las autoridades nacionales presentes.<\/p>\n\n\n\n<p>Por su parte, dedic\u00f3 un p\u00e1rrafo especial para agradecer y reconocer la enorme dedicaci\u00f3n y profesionalismo de los Jueces y \u00c1rbitros para hacer un \u00e9xito de este Campeonato.<\/p>\n\n\n\n<p>Finalmente, agradeci\u00f3 muy especialmente al Tesorero de la ITF, el Maestro Leonardo Oros Duek, llegado directamente desde Israel para brindar soporte oficial al Taekwon-Do de la regi\u00f3n de Centro y Sudam\u00e9rica, a los anfitriones y, en particular, a este evento.<\/p>\n\n\n<div class=\"wp-block-image\">\n<figure class=\"aligncenter size-full\"><a href=\"https:\/\/itftkd.sport\/es\/wp-content\/uploads\/sites\/7\/2024\/07\/IX-Campeonato-Oros-Duek-y-Zorzon.jpg\" target=\"_blank\" rel=\"noreferrer noopener\"><img loading=\"lazy\" decoding=\"async\" width=\"800\" height=\"600\" src=\"https:\/\/itftkd.sport\/es\/wp-content\/uploads\/sites\/7\/2024\/07\/IX-Campeonato-Oros-Duek-y-Zorzon.jpg\" alt=\"Featured-Image-IX-Campeonato-Oros-Duek-y-Zorzon\" class=\"wp-image-31399\" srcset=\"https:\/\/itftkd.sport\/es\/wp-content\/uploads\/sites\/7\/2024\/07\/IX-Campeonato-Oros-Duek-y-Zorzon.jpg 800w, https:\/\/itftkd.sport\/es\/wp-content\/uploads\/sites\/7\/2024\/07\/IX-Campeonato-Oros-Duek-y-Zorzon-300x225.jpg 300w, https:\/\/itftkd.sport\/es\/wp-content\/uploads\/sites\/7\/2024\/07\/IX-Campeonato-Oros-Duek-y-Zorzon-768x576.jpg 768w, https:\/\/itftkd.sport\/es\/wp-content\/uploads\/sites\/7\/2024\/07\/IX-Campeonato-Oros-Duek-y-Zorzon-550x413.jpg 550w, https:\/\/itftkd.sport\/es\/wp-content\/uploads\/sites\/7\/2024\/07\/IX-Campeonato-Oros-Duek-y-Zorzon-350x263.jpg 350w, https:\/\/itftkd.sport\/es\/wp-content\/uploads\/sites\/7\/2024\/07\/IX-Campeonato-Oros-Duek-y-Zorzon-260x195.jpg 260w\" sizes=\"auto, (max-width: 800px) 100vw, 800px\" \/><\/a><\/figure>\n<\/div>\n\n\n<p>A su turno, tom\u00f3 la palabra el mismo Maestro Duek, y transmiti\u00f3 los calurosos saludos enviados por el Presidente de la ITF, el GM Paul Weiler.<\/p>\n\n\n\n<p>Seguidamente, el representante oficial de la ITF, destac\u00f3 el trabajo del Comit\u00e9 Organizador y dedic\u00f3 un profundo agradecimiento y felicitaciones al Comit\u00e9 Organizador, a la FETREP por la iniciativa y a la Secretar\u00eda Nacional de Deportes del Paraguay por el soporte a este evento de magnitud continental.<\/p>\n\n\n\n<p>P\u00e1rrafo aparte, tambi\u00e9n demostr\u00f3 gratitud hacia los Sponsors oficiales por su presencia, e hizo una especial menci\u00f3n acerca de las imponentes instalaciones.<\/p>\n\n\n\n<p>\u201cPersonalmente es mi cuarta visita a Paraguay en donde hace 4 a\u00f1os introdujimos el Taekwon-Do Adaptado, y es una gran alegr\u00eda que, por primera vez en Centro y Sudam\u00e9rica, se haya introducido en un Campeonato de estas caracter\u00edsticas, una competencia para personas con discapacidad.\u2019 <\/p>\n\n\n\n<p>\u2018Adem\u00e1s, estoy muy feliz de ver la participaci\u00f3n de 1.058 competidores provenientes de m\u00e1s de 10 pa\u00edses, y comprobar el trabajo realizado por los organizadores, Umpires, y Voluntarios, concluy\u00f3 el Maestro Duek.\u201d\u00a0<\/p>\n\n\n\n<figure class=\"wp-block-gallery has-nested-images columns-default is-cropped wp-block-gallery-1 is-layout-flex wp-block-gallery-is-layout-flex\">\n<figure class=\"wp-block-image size-large\"><a href=\"https:\/\/itftkd.sport\/es\/wp-content\/uploads\/sites\/7\/2024\/07\/Opening-Ceremony-IX-Campeonato-Central-Sudamericano-10.jpg\" target=\"_blank\" rel=\"noopener\"><img loading=\"lazy\" decoding=\"async\" width=\"800\" height=\"533\" data-id=\"31410\" src=\"https:\/\/itftkd.sport\/es\/wp-content\/uploads\/sites\/7\/2024\/07\/Opening-Ceremony-IX-Campeonato-Central-Sudamericano-10.jpg\" alt=\"\" class=\"wp-image-31410\" srcset=\"https:\/\/itftkd.sport\/es\/wp-content\/uploads\/sites\/7\/2024\/07\/Opening-Ceremony-IX-Campeonato-Central-Sudamericano-10.jpg 800w, https:\/\/itftkd.sport\/es\/wp-content\/uploads\/sites\/7\/2024\/07\/Opening-Ceremony-IX-Campeonato-Central-Sudamericano-10-300x200.jpg 300w, https:\/\/itftkd.sport\/es\/wp-content\/uploads\/sites\/7\/2024\/07\/Opening-Ceremony-IX-Campeonato-Central-Sudamericano-10-768x512.jpg 768w, https:\/\/itftkd.sport\/es\/wp-content\/uploads\/sites\/7\/2024\/07\/Opening-Ceremony-IX-Campeonato-Central-Sudamericano-10-600x400.jpg 600w\" sizes=\"auto, (max-width: 800px) 100vw, 800px\" \/><\/a><\/figure>\n\n\n\n<figure class=\"wp-block-image size-large\"><a href=\"https:\/\/itftkd.sport\/es\/wp-content\/uploads\/sites\/7\/2024\/07\/Opening-Ceremony-IX-Campeonato-Central-Sudamericano-9.jpg\" target=\"_blank\" rel=\"noopener\"><img loading=\"lazy\" decoding=\"async\" width=\"800\" height=\"533\" data-id=\"31409\" src=\"https:\/\/itftkd.sport\/es\/wp-content\/uploads\/sites\/7\/2024\/07\/Opening-Ceremony-IX-Campeonato-Central-Sudamericano-9.jpg\" alt=\"\" class=\"wp-image-31409\" srcset=\"https:\/\/itftkd.sport\/es\/wp-content\/uploads\/sites\/7\/2024\/07\/Opening-Ceremony-IX-Campeonato-Central-Sudamericano-9.jpg 800w, https:\/\/itftkd.sport\/es\/wp-content\/uploads\/sites\/7\/2024\/07\/Opening-Ceremony-IX-Campeonato-Central-Sudamericano-9-300x200.jpg 300w, https:\/\/itftkd.sport\/es\/wp-content\/uploads\/sites\/7\/2024\/07\/Opening-Ceremony-IX-Campeonato-Central-Sudamericano-9-768x512.jpg 768w, https:\/\/itftkd.sport\/es\/wp-content\/uploads\/sites\/7\/2024\/07\/Opening-Ceremony-IX-Campeonato-Central-Sudamericano-9-600x400.jpg 600w\" sizes=\"auto, (max-width: 800px) 100vw, 800px\" \/><\/a><\/figure>\n\n\n\n<figure class=\"wp-block-image size-large\"><a href=\"https:\/\/itftkd.sport\/es\/wp-content\/uploads\/sites\/7\/2024\/07\/Opening-Ceremony-IX-Campeonato-Central-Sudamericano-7.jpg\" target=\"_blank\" rel=\"noopener\"><img loading=\"lazy\" decoding=\"async\" width=\"800\" height=\"533\" data-id=\"31407\" src=\"https:\/\/itftkd.sport\/es\/wp-content\/uploads\/sites\/7\/2024\/07\/Opening-Ceremony-IX-Campeonato-Central-Sudamericano-7.jpg\" alt=\"\" class=\"wp-image-31407\" srcset=\"https:\/\/itftkd.sport\/es\/wp-content\/uploads\/sites\/7\/2024\/07\/Opening-Ceremony-IX-Campeonato-Central-Sudamericano-7.jpg 800w, https:\/\/itftkd.sport\/es\/wp-content\/uploads\/sites\/7\/2024\/07\/Opening-Ceremony-IX-Campeonato-Central-Sudamericano-7-300x200.jpg 300w, https:\/\/itftkd.sport\/es\/wp-content\/uploads\/sites\/7\/2024\/07\/Opening-Ceremony-IX-Campeonato-Central-Sudamericano-7-768x512.jpg 768w, https:\/\/itftkd.sport\/es\/wp-content\/uploads\/sites\/7\/2024\/07\/Opening-Ceremony-IX-Campeonato-Central-Sudamericano-7-600x400.jpg 600w\" sizes=\"auto, (max-width: 800px) 100vw, 800px\" \/><\/a><\/figure>\n\n\n\n<figure class=\"wp-block-image size-large\"><a href=\"https:\/\/itftkd.sport\/es\/wp-content\/uploads\/sites\/7\/2024\/07\/Opening-Ceremony-IX-Campeonato-Central-Sudamericano-6.jpg\" target=\"_blank\" rel=\"noopener\"><img loading=\"lazy\" decoding=\"async\" width=\"800\" height=\"533\" data-id=\"31406\" src=\"https:\/\/itftkd.sport\/es\/wp-content\/uploads\/sites\/7\/2024\/07\/Opening-Ceremony-IX-Campeonato-Central-Sudamericano-6.jpg\" alt=\"\" class=\"wp-image-31406\" srcset=\"https:\/\/itftkd.sport\/es\/wp-content\/uploads\/sites\/7\/2024\/07\/Opening-Ceremony-IX-Campeonato-Central-Sudamericano-6.jpg 800w, https:\/\/itftkd.sport\/es\/wp-content\/uploads\/sites\/7\/2024\/07\/Opening-Ceremony-IX-Campeonato-Central-Sudamericano-6-300x200.jpg 300w, https:\/\/itftkd.sport\/es\/wp-content\/uploads\/sites\/7\/2024\/07\/Opening-Ceremony-IX-Campeonato-Central-Sudamericano-6-768x512.jpg 768w, https:\/\/itftkd.sport\/es\/wp-content\/uploads\/sites\/7\/2024\/07\/Opening-Ceremony-IX-Campeonato-Central-Sudamericano-6-600x400.jpg 600w\" sizes=\"auto, (max-width: 800px) 100vw, 800px\" \/><\/a><\/figure>\n\n\n\n<figure class=\"wp-block-image size-large\"><a href=\"https:\/\/itftkd.sport\/es\/wp-content\/uploads\/sites\/7\/2024\/07\/Opening-Ceremony-IX-Campeonato-Central-Sudamericano-5.jpg\" target=\"_blank\" rel=\"noopener\"><img loading=\"lazy\" decoding=\"async\" width=\"800\" height=\"533\" data-id=\"31405\" src=\"https:\/\/itftkd.sport\/es\/wp-content\/uploads\/sites\/7\/2024\/07\/Opening-Ceremony-IX-Campeonato-Central-Sudamericano-5.jpg\" alt=\"\" class=\"wp-image-31405\" srcset=\"https:\/\/itftkd.sport\/es\/wp-content\/uploads\/sites\/7\/2024\/07\/Opening-Ceremony-IX-Campeonato-Central-Sudamericano-5.jpg 800w, https:\/\/itftkd.sport\/es\/wp-content\/uploads\/sites\/7\/2024\/07\/Opening-Ceremony-IX-Campeonato-Central-Sudamericano-5-300x200.jpg 300w, https:\/\/itftkd.sport\/es\/wp-content\/uploads\/sites\/7\/2024\/07\/Opening-Ceremony-IX-Campeonato-Central-Sudamericano-5-768x512.jpg 768w, https:\/\/itftkd.sport\/es\/wp-content\/uploads\/sites\/7\/2024\/07\/Opening-Ceremony-IX-Campeonato-Central-Sudamericano-5-600x400.jpg 600w\" sizes=\"auto, (max-width: 800px) 100vw, 800px\" \/><\/a><\/figure>\n\n\n\n<figure class=\"wp-block-image size-large\"><a href=\"https:\/\/itftkd.sport\/es\/wp-content\/uploads\/sites\/7\/2024\/07\/Opening-Ceremony-IX-Campeonato-Central-Sudamericano-4.jpg\" target=\"_blank\" rel=\"noopener\"><img loading=\"lazy\" decoding=\"async\" width=\"800\" height=\"533\" data-id=\"31404\" src=\"https:\/\/itftkd.sport\/es\/wp-content\/uploads\/sites\/7\/2024\/07\/Opening-Ceremony-IX-Campeonato-Central-Sudamericano-4.jpg\" alt=\"\" class=\"wp-image-31404\" srcset=\"https:\/\/itftkd.sport\/es\/wp-content\/uploads\/sites\/7\/2024\/07\/Opening-Ceremony-IX-Campeonato-Central-Sudamericano-4.jpg 800w, https:\/\/itftkd.sport\/es\/wp-content\/uploads\/sites\/7\/2024\/07\/Opening-Ceremony-IX-Campeonato-Central-Sudamericano-4-300x200.jpg 300w, https:\/\/itftkd.sport\/es\/wp-content\/uploads\/sites\/7\/2024\/07\/Opening-Ceremony-IX-Campeonato-Central-Sudamericano-4-768x512.jpg 768w, https:\/\/itftkd.sport\/es\/wp-content\/uploads\/sites\/7\/2024\/07\/Opening-Ceremony-IX-Campeonato-Central-Sudamericano-4-600x400.jpg 600w\" sizes=\"auto, (max-width: 800px) 100vw, 800px\" \/><\/a><\/figure>\n\n\n\n<figure class=\"wp-block-image size-large\"><a href=\"https:\/\/itftkd.sport\/es\/wp-content\/uploads\/sites\/7\/2024\/07\/Opening-Ceremony-IX-Campeonato-Central-Sudamericano-3.jpg\" target=\"_blank\" rel=\"noopener\"><img loading=\"lazy\" decoding=\"async\" width=\"800\" height=\"533\" data-id=\"31403\" src=\"https:\/\/itftkd.sport\/es\/wp-content\/uploads\/sites\/7\/2024\/07\/Opening-Ceremony-IX-Campeonato-Central-Sudamericano-3.jpg\" alt=\"\" class=\"wp-image-31403\" srcset=\"https:\/\/itftkd.sport\/es\/wp-content\/uploads\/sites\/7\/2024\/07\/Opening-Ceremony-IX-Campeonato-Central-Sudamericano-3.jpg 800w, https:\/\/itftkd.sport\/es\/wp-content\/uploads\/sites\/7\/2024\/07\/Opening-Ceremony-IX-Campeonato-Central-Sudamericano-3-300x200.jpg 300w, https:\/\/itftkd.sport\/es\/wp-content\/uploads\/sites\/7\/2024\/07\/Opening-Ceremony-IX-Campeonato-Central-Sudamericano-3-768x512.jpg 768w, https:\/\/itftkd.sport\/es\/wp-content\/uploads\/sites\/7\/2024\/07\/Opening-Ceremony-IX-Campeonato-Central-Sudamericano-3-600x400.jpg 600w\" sizes=\"auto, (max-width: 800px) 100vw, 800px\" \/><\/a><\/figure>\n\n\n\n<figure class=\"wp-block-image size-large\"><a href=\"https:\/\/itftkd.sport\/es\/wp-content\/uploads\/sites\/7\/2024\/07\/Opening-Ceremony-IX-Campeonato-Central-Sudamericano-2.jpg\" target=\"_blank\" rel=\"noopener\"><img loading=\"lazy\" decoding=\"async\" width=\"800\" height=\"533\" data-id=\"31402\" src=\"https:\/\/itftkd.sport\/es\/wp-content\/uploads\/sites\/7\/2024\/07\/Opening-Ceremony-IX-Campeonato-Central-Sudamericano-2.jpg\" alt=\"\" class=\"wp-image-31402\" srcset=\"https:\/\/itftkd.sport\/es\/wp-content\/uploads\/sites\/7\/2024\/07\/Opening-Ceremony-IX-Campeonato-Central-Sudamericano-2.jpg 800w, https:\/\/itftkd.sport\/es\/wp-content\/uploads\/sites\/7\/2024\/07\/Opening-Ceremony-IX-Campeonato-Central-Sudamericano-2-300x200.jpg 300w, https:\/\/itftkd.sport\/es\/wp-content\/uploads\/sites\/7\/2024\/07\/Opening-Ceremony-IX-Campeonato-Central-Sudamericano-2-768x512.jpg 768w, https:\/\/itftkd.sport\/es\/wp-content\/uploads\/sites\/7\/2024\/07\/Opening-Ceremony-IX-Campeonato-Central-Sudamericano-2-600x400.jpg 600w\" sizes=\"auto, (max-width: 800px) 100vw, 800px\" \/><\/a><\/figure>\n\n\n\n<figure class=\"wp-block-image size-large\"><a href=\"https:\/\/itftkd.sport\/es\/wp-content\/uploads\/sites\/7\/2024\/07\/Opening-Ceremony-IX-Campeonato-Central-Sudamericano-1.jpg\" target=\"_blank\" rel=\"noopener\"><img loading=\"lazy\" decoding=\"async\" width=\"800\" height=\"533\" data-id=\"31401\" src=\"https:\/\/itftkd.sport\/es\/wp-content\/uploads\/sites\/7\/2024\/07\/Opening-Ceremony-IX-Campeonato-Central-Sudamericano-1.jpg\" alt=\"\" class=\"wp-image-31401\" srcset=\"https:\/\/itftkd.sport\/es\/wp-content\/uploads\/sites\/7\/2024\/07\/Opening-Ceremony-IX-Campeonato-Central-Sudamericano-1.jpg 800w, https:\/\/itftkd.sport\/es\/wp-content\/uploads\/sites\/7\/2024\/07\/Opening-Ceremony-IX-Campeonato-Central-Sudamericano-1-300x200.jpg 300w, https:\/\/itftkd.sport\/es\/wp-content\/uploads\/sites\/7\/2024\/07\/Opening-Ceremony-IX-Campeonato-Central-Sudamericano-1-768x512.jpg 768w, https:\/\/itftkd.sport\/es\/wp-content\/uploads\/sites\/7\/2024\/07\/Opening-Ceremony-IX-Campeonato-Central-Sudamericano-1-600x400.jpg 600w\" sizes=\"auto, (max-width: 800px) 100vw, 800px\" \/><\/a><\/figure>\n<\/figure>\n\n\n\n<p class=\"has-text-align-center\"><em><strong>Fotos gentileza de Comunicaciones de la Secretar\u00eda Nacional de Deportes del Paraguay.<\/strong><\/em><\/p>\n","protected":false},"excerpt":{"rendered":"<p>Las primeras palabras por parte del Presidente de la FETREP y Presidente del Comit\u00e9 Organizador, el Sabum Fernando Arr\u00faa, fueron de bienvenida a todos los atletas, entrenadores, familiares y p\u00fablico &hellip;<\/p>\n","protected":false},"author":4,"featured_media":31399,"comment_status":"open","ping_status":"open","sticky":false,"template":"","format":"standard","meta":{"_tec_requires_first_save":true,"_uag_custom_page_level_css":"","_genesis_hide_title":false,"_genesis_hide_breadcrumbs":false,"_genesis_hide_singular_image":false,"_genesis_hide_footer_widgets":false,"_genesis_custom_body_class":"","_genesis_custom_post_class":"","_genesis_layout":"","_EventAllDay":false,"_EventTimezone":"","_EventStartDate":"","_EventEndDate":"","_EventStartDateUTC":"","_EventEndDateUTC":"","_EventShowMap":false,"_EventShowMapLink":false,"_EventURL":"","_EventCost":"","_EventCostDescription":"","_EventCurrencySymbol":"","_EventCurrencyCode":"","_EventCurrencyPosition":"","_EventDateTimeSeparator":"","_EventTimeRangeSeparator":"","_EventOrganizerID":[],"_EventVenueID":[],"_OrganizerEmail":"","_OrganizerPhone":"","_OrganizerWebsite":"","_VenueAddress":"","_VenueCity":"","_VenueCountry":"","_VenueProvince":"","_VenueState":"","_VenueZip":"","_VenuePhone":"","_VenueURL":"","_VenueStateProvince":"","_VenueLat":"","_VenueLng":"","_VenueShowMap":false,"_VenueShowMapLink":false,"_tribe_blocks_recurrence_rules":"","_tribe_blocks_recurrence_description":"","_tribe_blocks_recurrence_exclusions":"","editor_notices":[],"footnotes":""},"categories":[132,6,130],"tags":[],"class_list":["post-31397","post","type-post","status-publish","format-standard","has-post-thumbnail","category-destacadas","category-noticias-regionales","category-ultimas-noticias","entry"],"featured_image_src":"https:\/\/itftkd.sport\/es\/wp-content\/uploads\/sites\/7\/2024\/07\/IX-Campeonato-Oros-Duek-y-Zorzon-600x400.jpg","featured_image_src_square":"https:\/\/itftkd.sport\/es\/wp-content\/uploads\/sites\/7\/2024\/07\/IX-Campeonato-Oros-Duek-y-Zorzon-600x600.jpg","author_info":{"display_name":"FABIAN ITF","author_link":"https:\/\/itftkd.sport\/es\/author\/fabian-itf\/"},"uagb_featured_image_src":{"full":["https:\/\/itftkd.sport\/es\/wp-content\/uploads\/sites\/7\/2024\/07\/IX-Campeonato-Oros-Duek-y-Zorzon.jpg",800,600,false],"thumbnail":["https:\/\/itftkd.sport\/es\/wp-content\/uploads\/sites\/7\/2024\/07\/IX-Campeonato-Oros-Duek-y-Zorzon-150x150.jpg",150,150,true],"medium":["https:\/\/itftkd.sport\/es\/wp-content\/uploads\/sites\/7\/2024\/07\/IX-Campeonato-Oros-Duek-y-Zorzon-300x225.jpg",300,225,true],"medium_large":["https:\/\/itftkd.sport\/es\/wp-content\/uploads\/sites\/7\/2024\/07\/IX-Campeonato-Oros-Duek-y-Zorzon-768x576.jpg",768,576,true],"large":["https:\/\/itftkd.sport\/es\/wp-content\/uploads\/sites\/7\/2024\/07\/IX-Campeonato-Oros-Duek-y-Zorzon.jpg",800,600,false],"1536x1536":["https:\/\/itftkd.sport\/es\/wp-content\/uploads\/sites\/7\/2024\/07\/IX-Campeonato-Oros-Duek-y-Zorzon.jpg",800,600,false],"2048x2048":["https:\/\/itftkd.sport\/es\/wp-content\/uploads\/sites\/7\/2024\/07\/IX-Campeonato-Oros-Duek-y-Zorzon.jpg",800,600,false],"banner":["https:\/\/itftkd.sport\/es\/wp-content\/uploads\/sites\/7\/2024\/07\/IX-Campeonato-Oros-Duek-y-Zorzon-800x533.jpg",800,533,true],"section":["https:\/\/itftkd.sport\/es\/wp-content\/uploads\/sites\/7\/2024\/07\/IX-Campeonato-Oros-Duek-y-Zorzon.jpg",800,600,false],"full-width":["https:\/\/itftkd.sport\/es\/wp-content\/uploads\/sites\/7\/2024\/07\/IX-Campeonato-Oros-Duek-y-Zorzon.jpg",800,600,false],"featured":["https:\/\/itftkd.sport\/es\/wp-content\/uploads\/sites\/7\/2024\/07\/IX-Campeonato-Oros-Duek-y-Zorzon.jpg",800,600,false],"one-half":["https:\/\/itftkd.sport\/es\/wp-content\/uploads\/sites\/7\/2024\/07\/IX-Campeonato-Oros-Duek-y-Zorzon-550x413.jpg",550,413,true],"one-third":["https:\/\/itftkd.sport\/es\/wp-content\/uploads\/sites\/7\/2024\/07\/IX-Campeonato-Oros-Duek-y-Zorzon-350x263.jpg",350,263,true],"one-fourth":["https:\/\/itftkd.sport\/es\/wp-content\/uploads\/sites\/7\/2024\/07\/IX-Campeonato-Oros-Duek-y-Zorzon-260x195.jpg",260,195,true],"tiny":["https:\/\/itftkd.sport\/es\/wp-content\/uploads\/sites\/7\/2024\/07\/IX-Campeonato-Oros-Duek-y-Zorzon-80x80.jpg",80,80,true],"ab-block-post-grid-landscape":["https:\/\/itftkd.sport\/es\/wp-content\/uploads\/sites\/7\/2024\/07\/IX-Campeonato-Oros-Duek-y-Zorzon-600x400.jpg",600,400,true],"ab-block-post-grid-square":["https:\/\/itftkd.sport\/es\/wp-content\/uploads\/sites\/7\/2024\/07\/IX-Campeonato-Oros-Duek-y-Zorzon-600x600.jpg",600,600,true],"gform-image-choice-sm":["https:\/\/itftkd.sport\/es\/wp-content\/uploads\/sites\/7\/2024\/07\/IX-Campeonato-Oros-Duek-y-Zorzon.jpg",300,225,false],"gform-image-choice-md":["https:\/\/itftkd.sport\/es\/wp-content\/uploads\/sites\/7\/2024\/07\/IX-Campeonato-Oros-Duek-y-Zorzon.jpg",400,300,false],"gform-image-choice-lg":["https:\/\/itftkd.sport\/es\/wp-content\/uploads\/sites\/7\/2024\/07\/IX-Campeonato-Oros-Duek-y-Zorzon.jpg",600,450,false]},"uagb_author_info":{"display_name":"FABIAN ITF","author_link":"https:\/\/itftkd.sport\/es\/author\/fabian-itf\/"},"uagb_comment_info":0,"uagb_excerpt":"Las primeras palabras por parte del Presidente de la FETREP y Presidente del Comit\u00e9 Organizador, el Sabum Fernando Arr\u00faa, fueron de bienvenida a todos los atletas, entrenadores, familiares y p\u00fablico &hellip;","_links":{"self":[{"href":"https:\/\/itftkd.sport\/es\/wp-json\/wp\/v2\/posts\/31397","targetHints":{"allow":["GET"]}}],"collection":[{"href":"https:\/\/itftkd.sport\/es\/wp-json\/wp\/v2\/posts"}],"about":[{"href":"https:\/\/itftkd.sport\/es\/wp-json\/wp\/v2\/types\/post"}],"author":[{"embeddable":true,"href":"https:\/\/itftkd.sport\/es\/wp-json\/wp\/v2\/users\/4"}],"replies":[{"embeddable":true,"href":"https:\/\/itftkd.sport\/es\/wp-json\/wp\/v2\/comments?post=31397"}],"version-history":[{"count":4,"href":"https:\/\/itftkd.sport\/es\/wp-json\/wp\/v2\/posts\/31397\/revisions"}],"predecessor-version":[{"id":31412,"href":"https:\/\/itftkd.sport\/es\/wp-json\/wp\/v2\/posts\/31397\/revisions\/31412"}],"wp:featuredmedia":[{"embeddable":true,"href":"https:\/\/itftkd.sport\/es\/wp-json\/wp\/v2\/media\/31399"}],"wp:attachment":[{"href":"https:\/\/itftkd.sport\/es\/wp-json\/wp\/v2\/media?parent=31397"}],"wp:term":[{"taxonomy":"category","embeddable":true,"href":"https:\/\/itftkd.sport\/es\/wp-json\/wp\/v2\/categories?post=31397"},{"taxonomy":"post_tag","embeddable":true,"href":"https:\/\/itftkd.sport\/es\/wp-json\/wp\/v2\/tags?post=31397"}],"curies":[{"name":"wp","href":"https:\/\/api.w.org\/{rel}","templated":true}]}}