{"id":31133,"date":"2024-04-26T19:53:12","date_gmt":"2024-04-26T17:53:12","guid":{"rendered":"https:\/\/itftkd.sport\/es\/?p=31133"},"modified":"2024-04-26T19:53:14","modified_gmt":"2024-04-26T17:53:14","slug":"campeonato-europeo-2024","status":"publish","type":"post","link":"https:\/\/itftkd.sport\/es\/campeonato-europeo-2024\/","title":{"rendered":"Campeonato Europeo 2024."},"content":{"rendered":"\n<p>La All Europe Taekwon-Do Federation (AETF) celebr\u00f3 el Campeonato Europeo 2024 del 17 al 21 de abril en la ciudad de Lublin, Polonia. Con un n\u00famero r\u00e9cord de m\u00e1s de 800 participantes y un nivel de calidad excepcional, estableci\u00f3 nuevos est\u00e1ndares. Oficialmente, la \u00abEuros 2024\u00bb constaba de tres Campeonatos diferentes: el 38\u00ba Campeonato Europeo, el 29\u00ba Campeonato Europeo Junior y el 1\u00ba Campeonato Europeo Pre-Junior.<\/p>\n\n\n\n<p>Los organizadores polacos celebraron los 50 a\u00f1os del Taekwon-Do en Polonia y repitieron la celebraci\u00f3n por el Campeonato Europeo que tuvo lugar en Lublin 30 a\u00f1os antes. Adem\u00e1s, la AETF celebr\u00f3 su 45\u00ba aniversario. Con tantas celebraciones, estaba claro que nos esperaban galas extraordinarias. Y los participantes, desde los atletas hasta los entrenadores, desde los \u00e1rbitros hasta el personal organizador, desde los oficiales hasta los invitados de honor, no quedaron decepcionados.<\/p>\n\n\n\n<p>La ceremonia de apertura del mi\u00e9rcoles por la noche fue una mezcla de danzas folcl\u00f3ricas polacas, atletismo art\u00edstico, discursos y premios. Pero lo m\u00e1s emotivo fue, sin duda, la presentaci\u00f3n de dos atletas de Taekwon-Do Adaptado, que demostraron sus impresionantes habilidades en Forma y Lucha.<\/p>\n\n\n\n<p>Del jueves al domingo, el lugar de competici\u00f3n estuvo con todos los aspectos de la competici\u00f3n de la ITF a pleno, incluida por primera vez la divisi\u00f3n pre-junior. Los equipos y los espectadores generaron una atm\u00f3sfera energizante durante los cuatro d\u00edas.<\/p>\n\n\n\n<p>Si no pudo seguir el Campeonato Europeo 2024, todos los combates se transmitieron en vivo en el canal de <a aria-label=\" (opens in a new tab)\" href=\"https:\/\/www.youtube.com\/@ITFTaekwonDoFederation\" target=\"_blank\" rel=\"noreferrer noopener\" class=\"ek-link\">YouTube de la ITF<\/a> y est\u00e1n disponibles para verlos de forma gratuita. Adem\u00e1s, los conocidos TKDTekkers estuvieron presentes como socios de medios y su fant\u00e1stica cobertura de las emociones en Lublin no tuvo parang\u00f3n en <a href=\"https:\/\/www.instagram.com\/itftaekwondofederation\" target=\"_blank\" aria-label=\"Instagram (opens in a new tab)\" rel=\"noreferrer noopener\" class=\"ek-link\">Instagram<\/a> y ya cuenta con varios millones de visitas. Y finalmente, un reportero profesional de la revista l\u00edder mundial en deportes estuvo presente todos los d\u00edas para cubrir los campeonatos pero tambi\u00e9n los avances institucionales en la ITF para <a href=\"https:\/\/www.insidethegames.biz\/articles\/search?q=Taekwon-Do&amp;sort=date\" target=\"_blank\" aria-label=\" (opens in a new tab)\" rel=\"noreferrer noopener\" class=\"ek-link\">insidethegames.biz<\/a>.<\/p>\n\n\n\n<p>All results of the Championships are available at sportdata.org:<\/p>\n\n\n\n<ul class=\"wp-block-list\">\n<li><a href=\"https:\/\/www.sportdata.org\/taekwondo_itf\/set-online\/veranstaltung_info_main.php?active_menu=calendar&amp;vernr=475#a_eventhead\" target=\"_blank\" aria-label=\"Results 38th European Taekwon-Do Championships (opens in a new tab)\" rel=\"noreferrer noopener\" class=\"ek-link\">Results 38<sup>th<\/sup> European Taekwon-Do Championships<\/a><\/li>\n\n\n\n<li><a href=\"https:\/\/www.sportdata.org\/taekwondo_itf\/set-online\/veranstaltung_info_main.php?active_menu=calendar&amp;vernr=476#a_eventhead\" target=\"_blank\" aria-label=\"Results 29th Junior European Taekwon-Do Championships (opens in a new tab)\" rel=\"noreferrer noopener\" class=\"ek-link\">Results 29<sup>th<\/sup> Junior European Taekwon-Do Championships<\/a><\/li>\n\n\n\n<li><a href=\"https:\/\/www.sportdata.org\/taekwondo_itf\/set-online\/veranstaltung_info_main.php?active_menu=calendar&amp;vernr=477#a_eventhead\" target=\"_blank\" aria-label=\"Results 1st Pre-Junior European Taekwon-Do Championships (opens in a new tab)\" rel=\"noreferrer noopener\" class=\"ek-link\">Results 1<sup>st<\/sup> Pre-Junior European Taekwon-Do Championships<\/a><\/li>\n<\/ul>\n\n\n\n<figure class=\"wp-block-gallery has-nested-images columns-2 caption-align-right wp-block-gallery-1 is-layout-flex wp-block-gallery-is-layout-flex\">\n<figure class=\"wp-block-image size-large\"><a href=\"https:\/\/itftkd.sport\/wp-content\/uploads\/2024\/04\/Euros2024_01.jpg\" target=\"_blank\" rel=\"noopener\"><img decoding=\"async\" data-id=\"36532\" src=\"https:\/\/itftkd.sport\/wp-content\/uploads\/2024\/04\/Euros2024_01.jpg\" alt=\"\" class=\"wp-image-36532\" \/><\/a><\/figure>\n\n\n\n<figure class=\"wp-block-image size-large\"><a href=\"https:\/\/itftkd.sport\/wp-content\/uploads\/2024\/04\/Euros2024_02.jpg\" target=\"_blank\" rel=\"noopener\"><img decoding=\"async\" data-id=\"36530\" src=\"https:\/\/itftkd.sport\/wp-content\/uploads\/2024\/04\/Euros2024_02.jpg\" alt=\"\" class=\"wp-image-36530\" \/><\/a><\/figure>\n\n\n\n<figure class=\"wp-block-image size-large\"><a href=\"https:\/\/itftkd.sport\/wp-content\/uploads\/2024\/04\/Euros2024_03.jpg\" target=\"_blank\" rel=\"noopener\"><img decoding=\"async\" data-id=\"36531\" src=\"https:\/\/itftkd.sport\/wp-content\/uploads\/2024\/04\/Euros2024_03.jpg\" alt=\"\" class=\"wp-image-36531\" \/><\/a><\/figure>\n\n\n\n<figure class=\"wp-block-image size-large\"><a href=\"https:\/\/itftkd.sport\/wp-content\/uploads\/2024\/04\/Euros2024_05.jpg\" target=\"_blank\" rel=\"noopener\"><img decoding=\"async\" data-id=\"36535\" src=\"https:\/\/itftkd.sport\/wp-content\/uploads\/2024\/04\/Euros2024_05.jpg\" alt=\"\" class=\"wp-image-36535\" \/><\/a><\/figure>\n\n\n\n<figure class=\"wp-block-image size-large\"><a href=\"https:\/\/itftkd.sport\/wp-content\/uploads\/2024\/04\/Euros2024_04.jpg\" target=\"_blank\" rel=\"noopener\"><img decoding=\"async\" data-id=\"36533\" src=\"https:\/\/itftkd.sport\/wp-content\/uploads\/2024\/04\/Euros2024_04.jpg\" alt=\"\" class=\"wp-image-36533\" \/><\/a><\/figure>\n\n\n\n<figure class=\"wp-block-image size-large\"><a href=\"https:\/\/itftkd.sport\/wp-content\/uploads\/2024\/04\/Euros2024_06.jpg\" target=\"_blank\" rel=\"noopener\"><img decoding=\"async\" data-id=\"36529\" src=\"https:\/\/itftkd.sport\/wp-content\/uploads\/2024\/04\/Euros2024_06.jpg\" alt=\"\" class=\"wp-image-36529\" \/><\/a><\/figure>\n\n\n\n<figure class=\"wp-block-image size-large\"><a href=\"https:\/\/itftkd.sport\/wp-content\/uploads\/2024\/04\/Euros2024_07.jpg\" target=\"_blank\" rel=\"noopener\"><img decoding=\"async\" data-id=\"36534\" src=\"https:\/\/itftkd.sport\/wp-content\/uploads\/2024\/04\/Euros2024_07.jpg\" alt=\"\" class=\"wp-image-36534\" \/><\/a><\/figure>\n\n\n\n<figure class=\"wp-block-image size-large\"><a href=\"https:\/\/itftkd.sport\/wp-content\/uploads\/2024\/04\/Euros2024_08.jpg\" target=\"_blank\" rel=\"noopener\"><img decoding=\"async\" data-id=\"36536\" src=\"https:\/\/itftkd.sport\/wp-content\/uploads\/2024\/04\/Euros2024_08.jpg\" alt=\"\" class=\"wp-image-36536\" \/><\/a><\/figure>\n<figcaption class=\"blocks-gallery-caption wp-element-caption\">Cr\u00e9ditos: Kazimierz Kozuch (IG: @Aquashutter)<\/figcaption><\/figure>\n","protected":false},"excerpt":{"rendered":"<p>La All Europe Taekwon-Do Federation (AETF) celebr\u00f3 el Campeonato Europeo 2024 del 17 al 21 de abril en la ciudad de Lublin, Polonia. Con un n\u00famero r\u00e9cord de m\u00e1s de &hellip;<\/p>\n","protected":false},"author":14,"featured_media":30568,"comment_status":"open","ping_status":"open","sticky":false,"template":"","format":"standard","meta":{"_tec_requires_first_save":true,"_uag_custom_page_level_css":"","_genesis_hide_title":false,"_genesis_hide_breadcrumbs":false,"_genesis_hide_singular_image":false,"_genesis_hide_footer_widgets":false,"_genesis_custom_body_class":"","_genesis_custom_post_class":"","_genesis_layout":"","_EventAllDay":false,"_EventTimezone":"","_EventStartDate":"","_EventEndDate":"","_EventStartDateUTC":"","_EventEndDateUTC":"","_EventShowMap":false,"_EventShowMapLink":false,"_EventURL":"","_EventCost":"","_EventCostDescription":"","_EventCurrencySymbol":"","_EventCurrencyCode":"","_EventCurrencyPosition":"","_EventDateTimeSeparator":"","_EventTimeRangeSeparator":"","_EventOrganizerID":[],"_EventVenueID":[],"_OrganizerEmail":"","_OrganizerPhone":"","_OrganizerWebsite":"","_VenueAddress":"","_VenueCity":"","_VenueCountry":"","_VenueProvince":"","_VenueState":"","_VenueZip":"","_VenuePhone":"","_VenueURL":"","_VenueStateProvince":"","_VenueLat":"","_VenueLng":"","_VenueShowMap":false,"_VenueShowMapLink":false,"_tribe_blocks_recurrence_rules":"","_tribe_blocks_recurrence_description":"","_tribe_blocks_recurrence_exclusions":"","editor_notices":[],"footnotes":""},"categories":[132,130],"tags":[],"class_list":["post-31133","post","type-post","status-publish","format-standard","has-post-thumbnail","category-destacadas","category-ultimas-noticias","entry"],"featured_image_src":"https:\/\/itftkd.sport\/es\/wp-content\/uploads\/sites\/7\/2023\/12\/Highlighit-Euros-2024-Poland-600x400.jpg","featured_image_src_square":"https:\/\/itftkd.sport\/es\/wp-content\/uploads\/sites\/7\/2023\/12\/Highlighit-Euros-2024-Poland-600x600.jpg","author_info":{"display_name":"Daniel Schmidt","author_link":"https:\/\/itftkd.sport\/es\/author\/daniel\/"},"uagb_featured_image_src":{"full":["https:\/\/itftkd.sport\/es\/wp-content\/uploads\/sites\/7\/2023\/12\/Highlighit-Euros-2024-Poland.jpg",800,600,false],"thumbnail":["https:\/\/itftkd.sport\/es\/wp-content\/uploads\/sites\/7\/2023\/12\/Highlighit-Euros-2024-Poland-150x150.jpg",150,150,true],"medium":["https:\/\/itftkd.sport\/es\/wp-content\/uploads\/sites\/7\/2023\/12\/Highlighit-Euros-2024-Poland-300x225.jpg",300,225,true],"medium_large":["https:\/\/itftkd.sport\/es\/wp-content\/uploads\/sites\/7\/2023\/12\/Highlighit-Euros-2024-Poland-768x576.jpg",768,576,true],"large":["https:\/\/itftkd.sport\/es\/wp-content\/uploads\/sites\/7\/2023\/12\/Highlighit-Euros-2024-Poland.jpg",800,600,false],"1536x1536":["https:\/\/itftkd.sport\/es\/wp-content\/uploads\/sites\/7\/2023\/12\/Highlighit-Euros-2024-Poland.jpg",800,600,false],"2048x2048":["https:\/\/itftkd.sport\/es\/wp-content\/uploads\/sites\/7\/2023\/12\/Highlighit-Euros-2024-Poland.jpg",800,600,false],"banner":["https:\/\/itftkd.sport\/es\/wp-content\/uploads\/sites\/7\/2023\/12\/Highlighit-Euros-2024-Poland-800x533.jpg",800,533,true],"section":["https:\/\/itftkd.sport\/es\/wp-content\/uploads\/sites\/7\/2023\/12\/Highlighit-Euros-2024-Poland.jpg",800,600,false],"full-width":["https:\/\/itftkd.sport\/es\/wp-content\/uploads\/sites\/7\/2023\/12\/Highlighit-Euros-2024-Poland.jpg",800,600,false],"featured":["https:\/\/itftkd.sport\/es\/wp-content\/uploads\/sites\/7\/2023\/12\/Highlighit-Euros-2024-Poland.jpg",800,600,false],"one-half":["https:\/\/itftkd.sport\/es\/wp-content\/uploads\/sites\/7\/2023\/12\/Highlighit-Euros-2024-Poland-550x413.jpg",550,413,true],"one-third":["https:\/\/itftkd.sport\/es\/wp-content\/uploads\/sites\/7\/2023\/12\/Highlighit-Euros-2024-Poland-350x263.jpg",350,263,true],"one-fourth":["https:\/\/itftkd.sport\/es\/wp-content\/uploads\/sites\/7\/2023\/12\/Highlighit-Euros-2024-Poland-260x195.jpg",260,195,true],"tiny":["https:\/\/itftkd.sport\/es\/wp-content\/uploads\/sites\/7\/2023\/12\/Highlighit-Euros-2024-Poland-80x80.jpg",80,80,true],"ab-block-post-grid-landscape":["https:\/\/itftkd.sport\/es\/wp-content\/uploads\/sites\/7\/2023\/12\/Highlighit-Euros-2024-Poland-600x400.jpg",600,400,true],"ab-block-post-grid-square":["https:\/\/itftkd.sport\/es\/wp-content\/uploads\/sites\/7\/2023\/12\/Highlighit-Euros-2024-Poland-600x600.jpg",600,600,true],"gform-image-choice-sm":["https:\/\/itftkd.sport\/es\/wp-content\/uploads\/sites\/7\/2023\/12\/Highlighit-Euros-2024-Poland.jpg",300,225,false],"gform-image-choice-md":["https:\/\/itftkd.sport\/es\/wp-content\/uploads\/sites\/7\/2023\/12\/Highlighit-Euros-2024-Poland.jpg",400,300,false],"gform-image-choice-lg":["https:\/\/itftkd.sport\/es\/wp-content\/uploads\/sites\/7\/2023\/12\/Highlighit-Euros-2024-Poland.jpg",600,450,false]},"uagb_author_info":{"display_name":"Daniel Schmidt","author_link":"https:\/\/itftkd.sport\/es\/author\/daniel\/"},"uagb_comment_info":0,"uagb_excerpt":"La All Europe Taekwon-Do Federation (AETF) celebr\u00f3 el Campeonato Europeo 2024 del 17 al 21 de abril en la ciudad de Lublin, Polonia. Con un n\u00famero r\u00e9cord de m\u00e1s de &hellip;","_links":{"self":[{"href":"https:\/\/itftkd.sport\/es\/wp-json\/wp\/v2\/posts\/31133","targetHints":{"allow":["GET"]}}],"collection":[{"href":"https:\/\/itftkd.sport\/es\/wp-json\/wp\/v2\/posts"}],"about":[{"href":"https:\/\/itftkd.sport\/es\/wp-json\/wp\/v2\/types\/post"}],"author":[{"embeddable":true,"href":"https:\/\/itftkd.sport\/es\/wp-json\/wp\/v2\/users\/14"}],"replies":[{"embeddable":true,"href":"https:\/\/itftkd.sport\/es\/wp-json\/wp\/v2\/comments?post=31133"}],"version-history":[{"count":1,"href":"https:\/\/itftkd.sport\/es\/wp-json\/wp\/v2\/posts\/31133\/revisions"}],"predecessor-version":[{"id":31135,"href":"https:\/\/itftkd.sport\/es\/wp-json\/wp\/v2\/posts\/31133\/revisions\/31135"}],"wp:featuredmedia":[{"embeddable":true,"href":"https:\/\/itftkd.sport\/es\/wp-json\/wp\/v2\/media\/30568"}],"wp:attachment":[{"href":"https:\/\/itftkd.sport\/es\/wp-json\/wp\/v2\/media?parent=31133"}],"wp:term":[{"taxonomy":"category","embeddable":true,"href":"https:\/\/itftkd.sport\/es\/wp-json\/wp\/v2\/categories?post=31133"},{"taxonomy":"post_tag","embeddable":true,"href":"https:\/\/itftkd.sport\/es\/wp-json\/wp\/v2\/tags?post=31133"}],"curies":[{"name":"wp","href":"https:\/\/api.w.org\/{rel}","templated":true}]}}