{"id":30528,"date":"2023-11-20T11:42:02","date_gmt":"2023-11-20T10:42:02","guid":{"rendered":"https:\/\/itftkd.sport\/es\/?p=30528"},"modified":"2023-11-20T11:42:05","modified_gmt":"2023-11-20T10:42:05","slug":"informe-del-170-iic-viena-2023","status":"publish","type":"post","link":"https:\/\/itftkd.sport\/es\/informe-del-170-iic-viena-2023\/","title":{"rendered":"Informe del 170\u00b0 IIC Viena 2023"},"content":{"rendered":"\n<p>El Curso Internacional de Instructores \u201cIIC WIEN 2023\u201d tuvo lugar en la capital de Austria, Viena. El IIC 170\u00ba hizo historia al albergar al mayor n\u00famero de participantes jam\u00e1s visto en el continente. Reuni\u00f3 a una comunidad diversa de m\u00e1s de 500 practicantes de 33 naciones diferentes. Entre esos 500 participantes tambi\u00e9n asistieron el mayor n\u00famero de invitados de alto rango:<\/p>\n\n\n\n<figure class=\"wp-block-image size-large\"><a href=\"https:\/\/itftkd.sport\/wp-content\/uploads\/2023\/11\/IIC-Viena-grupal-1.jpg\"><img decoding=\"async\" src=\"https:\/\/itftkd.sport\/wp-content\/uploads\/2023\/11\/IIC-Viena-grupal-1-1024x140.jpg\" alt=\"IIC Viena grupal 1\" class=\"wp-image-35511\" \/><\/a><\/figure>\n\n\n\n<p>Del comit\u00e9 t\u00e9cnico: Gran Maestro H\u00e9ctor Marano, Gran Maestro Ung Kim Lan y Maestro Jerzy Jedut y su invitada especial la Maestra Virginia Dionisi.<\/p>\n\n\n\n<p>De la junta directiva de la ITF: presidente Gran Maestro Paul Weiler, vicepresidenta Maestra Annick VanDriessche y miembro Martina Lenhardtov\u00e1 y otros Grandes Maestros: Gran Maestro Per Andresen, Gran Maestro Rolf Becking, Gran Maestro Panagiotis Gialamas, Gran Maestro Ray Nicolaisen, Gran Maestro James Tjin-A-Ton y el Gran Maestro Frank Vanberghen.<\/p>\n\n\n\n<p>A pesar de enfrentarse al desaf\u00edo de \u00faltimo minuto de un pabell\u00f3n deportivo cancelado, el comit\u00e9 organizador logr\u00f3 superar este obst\u00e1culo y ejecut\u00f3 con \u00e9xito el evento, demostrando su dedicaci\u00f3n y perseverancia. Debido a los catastr\u00f3ficos acontecimientos ocurridos en Oriente Medio, el pabell\u00f3n deportivo jud\u00edo inicialmente reservado no estuvo disponible unos d\u00edas antes del evento, pero el comit\u00e9 organizador austriaco super\u00f3 todos los obst\u00e1culos y el IIC pudo celebrarse sin m\u00e1s interrupciones.<\/p>\n\n\n\n<p>El evento de tres d\u00edas se inaugur\u00f3 con un banquete en el coraz\u00f3n del encantador barrio \u201cHeurigen\u201d de Viena. La velada brind\u00f3 una oportunidad maravillosa para reconectarse con viejos amigos y tambi\u00e9n para hacer otros nuevos. Despu\u00e9s de una variaci\u00f3n de comida t\u00edpica vienesa, los asistentes disfrutaron de m\u00fasica tradicional en vivo y de la compa\u00f1\u00eda de casi 160 participantes.<\/p>\n\n\n\n<p>El s\u00e1bado, el seminario comenz\u00f3 con un cautivador discurso del Gran Maestro Weiler, que abord\u00f3 elocuentemente no s\u00f3lo la pasi\u00f3n compartida del Taekwon-Do de la ITF sino que tambi\u00e9n enfatiz\u00f3 la profunda importancia de construir un mundo m\u00e1s pac\u00edfico.<\/p>\n\n\n<div class=\"wp-block-image\">\n<figure class=\"aligncenter size-large\"><a href=\"https:\/\/itftkd.sport\/wp-content\/uploads\/2023\/11\/IIC-Viena-GM-Weiler-Marano.jpg\"><img decoding=\"async\" src=\"https:\/\/itftkd.sport\/wp-content\/uploads\/2023\/11\/IIC-Viena-GM-Weiler-Marano-682x1024.jpg\" alt=\"\" class=\"wp-image-35510\" \/><\/a><\/figure>\n<\/div>\n\n\n<p>Posteriormente, el curso incluy\u00f3 una variedad de sesiones que cubr\u00edan diferentes niveles de habilidad. El Comit\u00e9 T\u00e9cnico (Gran Maestro H\u00e9ctor Marano, Gran Maestro Kim Lan Ung y Maestro Jerzey Jedut) cubri\u00f3 temas desde movimientos b\u00e1sicos hasta t\u00e9cnicas avanzadas y los participantes tuvieron la oportunidad de mejorar sus habilidades de Taekwon-Do bajo la gu\u00eda de instructores experimentados. Adem\u00e1s del comit\u00e9 t\u00e9cnico, la Maestra Virginia Dionisi agradeci\u00f3 la ocasi\u00f3n como invitada especial y dej\u00f3 a los practicantes con ganas de m\u00e1s.<\/p>\n\n\n\n<figure class=\"wp-block-gallery has-nested-images columns-2 is-cropped wp-block-gallery-1 is-layout-flex wp-block-gallery-is-layout-flex\">\n<figure class=\"wp-block-image size-large\"><img decoding=\"async\" data-id=\"35509\" src=\"https:\/\/itftkd.sport\/wp-content\/uploads\/2023\/11\/IIC-Viena-GM-Marano-681x1024.jpg\" alt=\"IIC Viena GM Marano\" class=\"wp-image-35509\" \/><\/figure>\n\n\n\n<figure class=\"wp-block-image size-large\"><img decoding=\"async\" data-id=\"35505\" src=\"https:\/\/itftkd.sport\/wp-content\/uploads\/2023\/11\/IIC-Viena-GM-Lan-682x1024.jpg\" alt=\"IIC Viena GM Lan\" class=\"wp-image-35505\" \/><\/figure>\n\n\n\n<figure class=\"wp-block-image size-large\"><a href=\"https:\/\/itftkd.sport\/wp-content\/uploads\/2023\/11\/IIC-Viena-M-Jurek-Jedut.jpg\"><img decoding=\"async\" data-id=\"35516\" src=\"https:\/\/itftkd.sport\/wp-content\/uploads\/2023\/11\/IIC-Viena-M-Jurek-Jedut-768x1024.jpg\" alt=\"IIC Viena M Jurek Jedut\" class=\"wp-image-35516\" \/><\/a><\/figure>\n\n\n\n<figure class=\"wp-block-image size-large\"><img decoding=\"async\" data-id=\"35518\" src=\"https:\/\/itftkd.sport\/wp-content\/uploads\/2023\/11\/IIC-Viena-M-Virginia-Dionisi-764x1024.jpg\" alt=\"IIC Viena M Virginia Dionisi\" class=\"wp-image-35518\" \/><\/figure>\n<\/figure>\n\n\n\n<p>El d\u00eda termin\u00f3 con la reuni\u00f3n de mujeres, que reuni\u00f3 con \u00e9xito a 22 participantes de distintos rincones de Europa para una velada llena de comida deliciosa y conversaciones interesantes despu\u00e9s de un breve viaje en el \u00abTren de Lilliput\u00bb por el Prater vien\u00e9s. La velada ayud\u00f3 a las mujeres de la ITF a sentirse conectadas y fortaleci\u00f3 los v\u00ednculos que las unen.<\/p>\n\n\n\n<figure class=\"wp-block-image size-large\"><a href=\"https:\/\/itftkd.sport\/wp-content\/uploads\/2023\/11\/IIC-Viena-Women-2.jpg\"><img decoding=\"async\" src=\"https:\/\/itftkd.sport\/wp-content\/uploads\/2023\/11\/IIC-Viena-Women-2-1024x607.jpg\" alt=\"IIC Viena Women 2\" class=\"wp-image-35520\" \/><\/a><\/figure>\n\n\n\n<p>El domingo, el comit\u00e9 t\u00e9cnico volvi\u00f3 a demostrar sus excepcionales habilidades y experiencia. Durante todo el fin de semana, el comit\u00e9 demostr\u00f3 su dedicaci\u00f3n para ayudar a los practicantes en su crecimiento y desarrollo en Taekwon-Do.<\/p>\n\n\n\n<p>El comit\u00e9 organizador quiere agradecer a los 500 participantes por depositar su confianza en ellos y formar parte del IIC m\u00e1s grande de la historia europea.<\/p>\n\n\n\n<p><strong><em>El Comit\u00e9 Organizador<\/em><\/strong><\/p>\n\n\n\n<p><em><strong>Christina Mecha\u010dek, Master Ren\u00e9 Walter, Elmar&nbsp;Kickingereder <\/strong><\/em><\/p>\n\n\n\n<figure class=\"wp-block-gallery has-nested-images columns-2 is-cropped wp-block-gallery-2 is-layout-flex wp-block-gallery-is-layout-flex\">\n<figure class=\"wp-block-image size-large\"><a href=\"https:\/\/itftkd.sport\/wp-content\/uploads\/2023\/11\/IIC-Viena-M-Virginia-Dionisi-1.jpg\"><img decoding=\"async\" data-id=\"35517\" src=\"https:\/\/itftkd.sport\/wp-content\/uploads\/2023\/11\/IIC-Viena-M-Virginia-Dionisi-1-682x1024.jpg\" alt=\"\" class=\"wp-image-35517\" \/><\/a><\/figure>\n\n\n\n<figure class=\"wp-block-image size-large\"><a href=\"https:\/\/itftkd.sport\/wp-content\/uploads\/2023\/11\/IIC-Viena-M-Jurek-Jedut-1.jpg\"><img decoding=\"async\" data-id=\"35515\" src=\"https:\/\/itftkd.sport\/wp-content\/uploads\/2023\/11\/IIC-Viena-M-Jurek-Jedut-1-792x1024.jpg\" alt=\"\" class=\"wp-image-35515\" \/><\/a><\/figure>\n\n\n\n<figure class=\"wp-block-image size-large\"><a href=\"https:\/\/itftkd.sport\/wp-content\/uploads\/2023\/11\/IIC-Viena-GM-Marano-02.jpg\"><img decoding=\"async\" data-id=\"35508\" src=\"https:\/\/itftkd.sport\/wp-content\/uploads\/2023\/11\/IIC-Viena-GM-Marano-02-768x1024.jpg\" alt=\"\" class=\"wp-image-35508\" \/><\/a><\/figure>\n\n\n\n<figure class=\"wp-block-image size-large\"><a href=\"https:\/\/itftkd.sport\/wp-content\/uploads\/2023\/11\/IIC-Viena-GM-Marano-01.jpg\"><img decoding=\"async\" data-id=\"35506\" src=\"https:\/\/itftkd.sport\/wp-content\/uploads\/2023\/11\/IIC-Viena-GM-Marano-01-700x1024.jpg\" alt=\"\" class=\"wp-image-35506\" \/><\/a><\/figure>\n\n\n\n<figure class=\"wp-block-image size-large\"><a href=\"https:\/\/itftkd.sport\/wp-content\/uploads\/2023\/11\/IIC-Viena-GM-Lan-Marano.jpg\"><img decoding=\"async\" data-id=\"35504\" src=\"https:\/\/itftkd.sport\/wp-content\/uploads\/2023\/11\/IIC-Viena-GM-Lan-Marano-682x1024.jpg\" alt=\"\" class=\"wp-image-35504\" \/><\/a><\/figure>\n\n\n\n<figure class=\"wp-block-image size-large\"><a href=\"https:\/\/itftkd.sport\/wp-content\/uploads\/2023\/11\/IIC-Viena-Banquet.jpg\"><img decoding=\"async\" data-id=\"35503\" src=\"https:\/\/itftkd.sport\/wp-content\/uploads\/2023\/11\/IIC-Viena-Banquet.jpg\" alt=\"\" class=\"wp-image-35503\" \/><\/a><\/figure>\n<\/figure>\n","protected":false},"excerpt":{"rendered":"<p>El Curso Internacional de Instructores \u201cIIC WIEN 2023\u201d tuvo lugar en la capital de Austria, Viena. El IIC 170\u00ba hizo historia al albergar al mayor n\u00famero de participantes jam\u00e1s visto &hellip;<\/p>\n","protected":false},"author":4,"featured_media":29826,"comment_status":"open","ping_status":"open","sticky":false,"template":"","format":"standard","meta":{"_tec_requires_first_save":true,"_uag_custom_page_level_css":"","_genesis_hide_title":false,"_genesis_hide_breadcrumbs":false,"_genesis_hide_singular_image":false,"_genesis_hide_footer_widgets":false,"_genesis_custom_body_class":"","_genesis_custom_post_class":"","_genesis_layout":"","_EventAllDay":false,"_EventTimezone":"","_EventStartDate":"","_EventEndDate":"","_EventStartDateUTC":"","_EventEndDateUTC":"","_EventShowMap":false,"_EventShowMapLink":false,"_EventURL":"","_EventCost":"","_EventCostDescription":"","_EventCurrencySymbol":"","_EventCurrencyCode":"","_EventCurrencyPosition":"","_EventDateTimeSeparator":"","_EventTimeRangeSeparator":"","_EventOrganizerID":[],"_EventVenueID":[],"_OrganizerEmail":"","_OrganizerPhone":"","_OrganizerWebsite":"","_VenueAddress":"","_VenueCity":"","_VenueCountry":"","_VenueProvince":"","_VenueState":"","_VenueZip":"","_VenuePhone":"","_VenueURL":"","_VenueStateProvince":"","_VenueLat":"","_VenueLng":"","_VenueShowMap":false,"_VenueShowMapLink":false,"_tribe_blocks_recurrence_rules":"","_tribe_blocks_recurrence_description":"","_tribe_blocks_recurrence_exclusions":"","editor_notices":[],"footnotes":""},"categories":[132,6,130],"tags":[],"class_list":["post-30528","post","type-post","status-publish","format-standard","has-post-thumbnail","category-destacadas","category-noticias-regionales","category-ultimas-noticias","entry"],"featured_image_src":"https:\/\/itftkd.sport\/es\/wp-content\/uploads\/sites\/7\/2023\/08\/Reporte-de-IIC-600x400.jpeg","featured_image_src_square":"https:\/\/itftkd.sport\/es\/wp-content\/uploads\/sites\/7\/2023\/08\/Reporte-de-IIC-600x600.jpeg","author_info":{"display_name":"FABIAN ITF","author_link":"https:\/\/itftkd.sport\/es\/author\/fabian-itf\/"},"uagb_featured_image_src":{"full":["https:\/\/itftkd.sport\/es\/wp-content\/uploads\/sites\/7\/2023\/08\/Reporte-de-IIC.jpeg",800,600,false],"thumbnail":["https:\/\/itftkd.sport\/es\/wp-content\/uploads\/sites\/7\/2023\/08\/Reporte-de-IIC-150x150.jpeg",150,150,true],"medium":["https:\/\/itftkd.sport\/es\/wp-content\/uploads\/sites\/7\/2023\/08\/Reporte-de-IIC-300x225.jpeg",300,225,true],"medium_large":["https:\/\/itftkd.sport\/es\/wp-content\/uploads\/sites\/7\/2023\/08\/Reporte-de-IIC-768x576.jpeg",768,576,true],"large":["https:\/\/itftkd.sport\/es\/wp-content\/uploads\/sites\/7\/2023\/08\/Reporte-de-IIC.jpeg",800,600,false],"1536x1536":["https:\/\/itftkd.sport\/es\/wp-content\/uploads\/sites\/7\/2023\/08\/Reporte-de-IIC.jpeg",800,600,false],"2048x2048":["https:\/\/itftkd.sport\/es\/wp-content\/uploads\/sites\/7\/2023\/08\/Reporte-de-IIC.jpeg",800,600,false],"banner":["https:\/\/itftkd.sport\/es\/wp-content\/uploads\/sites\/7\/2023\/08\/Reporte-de-IIC-800x533.jpeg",800,533,true],"section":["https:\/\/itftkd.sport\/es\/wp-content\/uploads\/sites\/7\/2023\/08\/Reporte-de-IIC.jpeg",800,600,false],"full-width":["https:\/\/itftkd.sport\/es\/wp-content\/uploads\/sites\/7\/2023\/08\/Reporte-de-IIC.jpeg",800,600,false],"featured":["https:\/\/itftkd.sport\/es\/wp-content\/uploads\/sites\/7\/2023\/08\/Reporte-de-IIC.jpeg",800,600,false],"one-half":["https:\/\/itftkd.sport\/es\/wp-content\/uploads\/sites\/7\/2023\/08\/Reporte-de-IIC-550x413.jpeg",550,413,true],"one-third":["https:\/\/itftkd.sport\/es\/wp-content\/uploads\/sites\/7\/2023\/08\/Reporte-de-IIC-350x263.jpeg",350,263,true],"one-fourth":["https:\/\/itftkd.sport\/es\/wp-content\/uploads\/sites\/7\/2023\/08\/Reporte-de-IIC-260x195.jpeg",260,195,true],"tiny":["https:\/\/itftkd.sport\/es\/wp-content\/uploads\/sites\/7\/2023\/08\/Reporte-de-IIC-80x80.jpeg",80,80,true],"ab-block-post-grid-landscape":["https:\/\/itftkd.sport\/es\/wp-content\/uploads\/sites\/7\/2023\/08\/Reporte-de-IIC-600x400.jpeg",600,400,true],"ab-block-post-grid-square":["https:\/\/itftkd.sport\/es\/wp-content\/uploads\/sites\/7\/2023\/08\/Reporte-de-IIC-600x600.jpeg",600,600,true],"gform-image-choice-sm":["https:\/\/itftkd.sport\/es\/wp-content\/uploads\/sites\/7\/2023\/08\/Reporte-de-IIC.jpeg",300,225,false],"gform-image-choice-md":["https:\/\/itftkd.sport\/es\/wp-content\/uploads\/sites\/7\/2023\/08\/Reporte-de-IIC.jpeg",400,300,false],"gform-image-choice-lg":["https:\/\/itftkd.sport\/es\/wp-content\/uploads\/sites\/7\/2023\/08\/Reporte-de-IIC.jpeg",600,450,false]},"uagb_author_info":{"display_name":"FABIAN ITF","author_link":"https:\/\/itftkd.sport\/es\/author\/fabian-itf\/"},"uagb_comment_info":0,"uagb_excerpt":"El Curso Internacional de Instructores \u201cIIC WIEN 2023\u201d tuvo lugar en la capital de Austria, Viena. El IIC 170\u00ba hizo historia al albergar al mayor n\u00famero de participantes jam\u00e1s visto &hellip;","_links":{"self":[{"href":"https:\/\/itftkd.sport\/es\/wp-json\/wp\/v2\/posts\/30528","targetHints":{"allow":["GET"]}}],"collection":[{"href":"https:\/\/itftkd.sport\/es\/wp-json\/wp\/v2\/posts"}],"about":[{"href":"https:\/\/itftkd.sport\/es\/wp-json\/wp\/v2\/types\/post"}],"author":[{"embeddable":true,"href":"https:\/\/itftkd.sport\/es\/wp-json\/wp\/v2\/users\/4"}],"replies":[{"embeddable":true,"href":"https:\/\/itftkd.sport\/es\/wp-json\/wp\/v2\/comments?post=30528"}],"version-history":[{"count":1,"href":"https:\/\/itftkd.sport\/es\/wp-json\/wp\/v2\/posts\/30528\/revisions"}],"predecessor-version":[{"id":30529,"href":"https:\/\/itftkd.sport\/es\/wp-json\/wp\/v2\/posts\/30528\/revisions\/30529"}],"wp:featuredmedia":[{"embeddable":true,"href":"https:\/\/itftkd.sport\/es\/wp-json\/wp\/v2\/media\/29826"}],"wp:attachment":[{"href":"https:\/\/itftkd.sport\/es\/wp-json\/wp\/v2\/media?parent=30528"}],"wp:term":[{"taxonomy":"category","embeddable":true,"href":"https:\/\/itftkd.sport\/es\/wp-json\/wp\/v2\/categories?post=30528"},{"taxonomy":"post_tag","embeddable":true,"href":"https:\/\/itftkd.sport\/es\/wp-json\/wp\/v2\/tags?post=30528"}],"curies":[{"name":"wp","href":"https:\/\/api.w.org\/{rel}","templated":true}]}}