{"id":30073,"date":"2023-10-03T12:57:55","date_gmt":"2023-10-03T10:57:55","guid":{"rendered":"https:\/\/itftkd.sport\/es\/?p=30073"},"modified":"2023-10-03T12:57:59","modified_gmt":"2023-10-03T10:57:59","slug":"elecciones-fitae-itf-nueva-junta-directiva","status":"publish","type":"post","link":"https:\/\/itftkd.sport\/es\/elecciones-fitae-itf-nueva-junta-directiva\/","title":{"rendered":"Elecciones FITAE ITF &#8211; Nueva Junta Directiva"},"content":{"rendered":"\n<p>La Federazione Italiana Taekwon-Do ITF (FITAE-ITF)\u00a0se complace en anunciar al Presidente de la ITF, a la Junta Directiva y a todos los pa\u00edses miembros de la ITF el resultado de las recientes elecciones.<\/p>\n\n\n<div class=\"wp-block-image\">\n<figure class=\"aligncenter size-full\"><a href=\"https:\/\/itftkd.sport\/wp-content\/uploads\/2023\/10\/FITAE-ITF-Elections.jpg\"><img decoding=\"async\" src=\"https:\/\/itftkd.sport\/wp-content\/uploads\/2023\/10\/FITAE-ITF-Elections.jpg\" alt=\"FITAE-ITF-Elections\" class=\"wp-image-35138\" \/><\/a><\/figure>\n<\/div>\n\n\n<p>En la Asamblea General, celebrada democr\u00e1ticamente y debidamente constituida en Roma el 30\/09\/2023 en la sala de reuniones del CONI, todos los miembros afiliados, presentes o representados, votaron para elegir la Junta Directiva de FITAE-ITF para el per\u00edodo 2023-2027.<\/p>\n\n\n\n<p>El resultado de la votaci\u00f3n es el siguiente:<\/p>\n\n\n\n<ul class=\"wp-block-list\">\n<li><strong>PRESIDENTA &#8211; RACHELE FOGLI, Maestra VII Dan<\/strong><\/li>\n\n\n\n<li><strong>VICE PRESIDENTE\u00a0&#8211; FABIO IOVANE, Maestro VIII Dan<\/strong><\/li>\n\n\n\n<li><strong>MIEMBRO DE LA JUNTA Y SECRETARIO GENERAL &#8211; LUCA MARAGONI,\u00a0Maestro VIII Dan<\/strong><\/li>\n\n\n\n<li><strong><strong>MIEMBRO DE LA JUNTA<\/strong> &#8211; MIRCO PEGORARO, Sabum VI Dan<\/strong><\/li>\n\n\n\n<li><strong><strong>MIEMBRO DE LA JUNTA<\/strong> &#8211; LUCA SACCOMANNO, Boo Sabum III Dan<\/strong><\/li>\n<\/ul>\n\n\n<div class=\"wp-block-image\">\n<figure class=\"aligncenter size-full\"><a href=\"https:\/\/itftkd.sport\/wp-content\/uploads\/2023\/10\/FITAE-ITF-Elections-New-Board-of-Directors.jpg\"><img decoding=\"async\" src=\"https:\/\/itftkd.sport\/wp-content\/uploads\/2023\/10\/FITAE-ITF-Elections-New-Board-of-Directors.jpg\" alt=\"FITAE-ITF-Elections-New-Board-of-Directors\" class=\"wp-image-35139\" \/><\/a><\/figure>\n<\/div>\n\n\n<p>La Federaci\u00f3n Italiana de Taekwon-Do FITAE-ITF agradece al GM Carmine Caiazzo y a los ex miembros de la Junta Directiva por su valioso trabajo y dedicaci\u00f3n durante los \u00faltimos a\u00f1os.<\/p>\n\n\n\n<p>La Junta Directiva reci\u00e9n elegida continuar\u00e1 la cooperaci\u00f3n de larga data con la ITF y con todos sus pa\u00edses miembros para el desarrollo del Taekwon-Do en Italia y en el mundo.<\/p>\n","protected":false},"excerpt":{"rendered":"<p>La Federazione Italiana Taekwon-Do ITF (FITAE-ITF)\u00a0se complace en anunciar al Presidente de la ITF, a la Junta Directiva y a todos los pa\u00edses miembros de la ITF el resultado de &hellip;<\/p>\n","protected":false},"author":4,"featured_media":30074,"comment_status":"open","ping_status":"open","sticky":false,"template":"","format":"standard","meta":{"_tec_requires_first_save":true,"_uag_custom_page_level_css":"","_genesis_hide_title":false,"_genesis_hide_breadcrumbs":false,"_genesis_hide_singular_image":false,"_genesis_hide_footer_widgets":false,"_genesis_custom_body_class":"","_genesis_custom_post_class":"","_genesis_layout":"","_EventAllDay":false,"_EventTimezone":"","_EventStartDate":"","_EventEndDate":"","_EventStartDateUTC":"","_EventEndDateUTC":"","_EventShowMap":false,"_EventShowMapLink":false,"_EventURL":"","_EventCost":"","_EventCostDescription":"","_EventCurrencySymbol":"","_EventCurrencyCode":"","_EventCurrencyPosition":"","_EventDateTimeSeparator":"","_EventTimeRangeSeparator":"","_EventOrganizerID":[],"_EventVenueID":[],"_OrganizerEmail":"","_OrganizerPhone":"","_OrganizerWebsite":"","_VenueAddress":"","_VenueCity":"","_VenueCountry":"","_VenueProvince":"","_VenueState":"","_VenueZip":"","_VenuePhone":"","_VenueURL":"","_VenueStateProvince":"","_VenueLat":"","_VenueLng":"","_VenueShowMap":false,"_VenueShowMapLink":false,"_tribe_blocks_recurrence_rules":"","_tribe_blocks_recurrence_description":"","_tribe_blocks_recurrence_exclusions":"","editor_notices":[],"footnotes":""},"categories":[6,130],"tags":[],"class_list":["post-30073","post","type-post","status-publish","format-standard","has-post-thumbnail","category-noticias-regionales","category-ultimas-noticias","entry"],"featured_image_src":"https:\/\/itftkd.sport\/es\/wp-content\/uploads\/sites\/7\/2023\/10\/Presidenta-FITAE-Rachele-Fogli-600x400.jpg","featured_image_src_square":"https:\/\/itftkd.sport\/es\/wp-content\/uploads\/sites\/7\/2023\/10\/Presidenta-FITAE-Rachele-Fogli-600x600.jpg","author_info":{"display_name":"FABIAN ITF","author_link":"https:\/\/itftkd.sport\/es\/author\/fabian-itf\/"},"uagb_featured_image_src":{"full":["https:\/\/itftkd.sport\/es\/wp-content\/uploads\/sites\/7\/2023\/10\/Presidenta-FITAE-Rachele-Fogli.jpg",800,600,false],"thumbnail":["https:\/\/itftkd.sport\/es\/wp-content\/uploads\/sites\/7\/2023\/10\/Presidenta-FITAE-Rachele-Fogli-150x150.jpg",150,150,true],"medium":["https:\/\/itftkd.sport\/es\/wp-content\/uploads\/sites\/7\/2023\/10\/Presidenta-FITAE-Rachele-Fogli-300x225.jpg",300,225,true],"medium_large":["https:\/\/itftkd.sport\/es\/wp-content\/uploads\/sites\/7\/2023\/10\/Presidenta-FITAE-Rachele-Fogli-768x576.jpg",768,576,true],"large":["https:\/\/itftkd.sport\/es\/wp-content\/uploads\/sites\/7\/2023\/10\/Presidenta-FITAE-Rachele-Fogli.jpg",800,600,false],"1536x1536":["https:\/\/itftkd.sport\/es\/wp-content\/uploads\/sites\/7\/2023\/10\/Presidenta-FITAE-Rachele-Fogli.jpg",800,600,false],"2048x2048":["https:\/\/itftkd.sport\/es\/wp-content\/uploads\/sites\/7\/2023\/10\/Presidenta-FITAE-Rachele-Fogli.jpg",800,600,false],"banner":["https:\/\/itftkd.sport\/es\/wp-content\/uploads\/sites\/7\/2023\/10\/Presidenta-FITAE-Rachele-Fogli-800x533.jpg",800,533,true],"section":["https:\/\/itftkd.sport\/es\/wp-content\/uploads\/sites\/7\/2023\/10\/Presidenta-FITAE-Rachele-Fogli.jpg",800,600,false],"full-width":["https:\/\/itftkd.sport\/es\/wp-content\/uploads\/sites\/7\/2023\/10\/Presidenta-FITAE-Rachele-Fogli.jpg",800,600,false],"featured":["https:\/\/itftkd.sport\/es\/wp-content\/uploads\/sites\/7\/2023\/10\/Presidenta-FITAE-Rachele-Fogli.jpg",800,600,false],"one-half":["https:\/\/itftkd.sport\/es\/wp-content\/uploads\/sites\/7\/2023\/10\/Presidenta-FITAE-Rachele-Fogli-550x413.jpg",550,413,true],"one-third":["https:\/\/itftkd.sport\/es\/wp-content\/uploads\/sites\/7\/2023\/10\/Presidenta-FITAE-Rachele-Fogli-350x263.jpg",350,263,true],"one-fourth":["https:\/\/itftkd.sport\/es\/wp-content\/uploads\/sites\/7\/2023\/10\/Presidenta-FITAE-Rachele-Fogli-260x195.jpg",260,195,true],"tiny":["https:\/\/itftkd.sport\/es\/wp-content\/uploads\/sites\/7\/2023\/10\/Presidenta-FITAE-Rachele-Fogli-80x80.jpg",80,80,true],"ab-block-post-grid-landscape":["https:\/\/itftkd.sport\/es\/wp-content\/uploads\/sites\/7\/2023\/10\/Presidenta-FITAE-Rachele-Fogli-600x400.jpg",600,400,true],"ab-block-post-grid-square":["https:\/\/itftkd.sport\/es\/wp-content\/uploads\/sites\/7\/2023\/10\/Presidenta-FITAE-Rachele-Fogli-600x600.jpg",600,600,true],"gform-image-choice-sm":["https:\/\/itftkd.sport\/es\/wp-content\/uploads\/sites\/7\/2023\/10\/Presidenta-FITAE-Rachele-Fogli.jpg",300,225,false],"gform-image-choice-md":["https:\/\/itftkd.sport\/es\/wp-content\/uploads\/sites\/7\/2023\/10\/Presidenta-FITAE-Rachele-Fogli.jpg",400,300,false],"gform-image-choice-lg":["https:\/\/itftkd.sport\/es\/wp-content\/uploads\/sites\/7\/2023\/10\/Presidenta-FITAE-Rachele-Fogli.jpg",600,450,false]},"uagb_author_info":{"display_name":"FABIAN ITF","author_link":"https:\/\/itftkd.sport\/es\/author\/fabian-itf\/"},"uagb_comment_info":0,"uagb_excerpt":"La Federazione Italiana Taekwon-Do ITF (FITAE-ITF)\u00a0se complace en anunciar al Presidente de la ITF, a la Junta Directiva y a todos los pa\u00edses miembros de la ITF el resultado de &hellip;","_links":{"self":[{"href":"https:\/\/itftkd.sport\/es\/wp-json\/wp\/v2\/posts\/30073","targetHints":{"allow":["GET"]}}],"collection":[{"href":"https:\/\/itftkd.sport\/es\/wp-json\/wp\/v2\/posts"}],"about":[{"href":"https:\/\/itftkd.sport\/es\/wp-json\/wp\/v2\/types\/post"}],"author":[{"embeddable":true,"href":"https:\/\/itftkd.sport\/es\/wp-json\/wp\/v2\/users\/4"}],"replies":[{"embeddable":true,"href":"https:\/\/itftkd.sport\/es\/wp-json\/wp\/v2\/comments?post=30073"}],"version-history":[{"count":1,"href":"https:\/\/itftkd.sport\/es\/wp-json\/wp\/v2\/posts\/30073\/revisions"}],"predecessor-version":[{"id":30075,"href":"https:\/\/itftkd.sport\/es\/wp-json\/wp\/v2\/posts\/30073\/revisions\/30075"}],"wp:featuredmedia":[{"embeddable":true,"href":"https:\/\/itftkd.sport\/es\/wp-json\/wp\/v2\/media\/30074"}],"wp:attachment":[{"href":"https:\/\/itftkd.sport\/es\/wp-json\/wp\/v2\/media?parent=30073"}],"wp:term":[{"taxonomy":"category","embeddable":true,"href":"https:\/\/itftkd.sport\/es\/wp-json\/wp\/v2\/categories?post=30073"},{"taxonomy":"post_tag","embeddable":true,"href":"https:\/\/itftkd.sport\/es\/wp-json\/wp\/v2\/tags?post=30073"}],"curies":[{"name":"wp","href":"https:\/\/api.w.org\/{rel}","templated":true}]}}