{"id":29866,"date":"2023-08-31T15:12:19","date_gmt":"2023-08-31T13:12:19","guid":{"rendered":"https:\/\/itftkd.sport\/es\/?p=29866"},"modified":"2023-08-31T15:12:25","modified_gmt":"2023-08-31T13:12:25","slug":"centro-de-informacion-para-el-campeonato-mundial-itf-2023","status":"publish","type":"post","link":"https:\/\/itftkd.sport\/es\/centro-de-informacion-para-el-campeonato-mundial-itf-2023\/","title":{"rendered":"Centro de informaci\u00f3n para el Campeonato Mundial ITF 2023"},"content":{"rendered":"\n<p>La ITF le ofrece noticias diarias del Campeonato Mundial 2023 en Tampere, Finlandia. Si bien la competencia comienza el mi\u00e9rcoles 6 de septiembre de 2023, la secci\u00f3n dedicada a los Campeonatos Mundiales 2023 en nuestro sitio web ya est\u00e1 disponible con novedades diarias.<\/p>\n\n\n\n<p>Vaya a <a href=\"https:\/\/itftkd.sport\/world-championships-2023\/\" class=\"ek-link\">https:\/\/itftkd.sport\/world-championships-2023\/<\/a> para encontrar toda la informaci\u00f3n, publicaciones e im\u00e1genes del Campeonato Mundial.<\/p>\n\n\n\n<p>M\u00e1s informaci\u00f3n sobre los sorteos y horarios del Campeonato Mundial est\u00e1 disponible a trav\u00e9s de los siguientes enlaces:<\/p>\n\n\n\n<p><a href=\"https:\/\/www.sportdata.org\/taekwondo_itf\/set-online\/veranstaltung_info_main.php?active_menu=calendar&amp;vernr=396#a_eventhead\" target=\"_blank\" aria-label=\"ITF World Championships 2023 Competition schedule Pre-Juniors (opens in a new tab)\" rel=\"noreferrer noopener\" class=\"ek-link\">ITF World Championships 2023 Competition schedule Pre-Juniors<\/a><\/p>\n\n\n\n<p><a href=\"https:\/\/www.sportdata.org\/taekwondo_itf\/set-online\/veranstaltung_info_main.php?active_menu=calendar&amp;vernr=396#a_eventhead\" target=\"_blank\" aria-label=\"ITF World Championships 2023 Competition schedule Juniors (opens in a new tab)\" rel=\"noreferrer noopener\" class=\"ek-link\">ITF World Championships 2023 Competition schedule Juniors<\/a><\/p>\n\n\n\n<p><a href=\"https:\/\/www.sportdata.org\/taekwondo_itf\/set-online\/veranstaltung_info_main.php?active_menu=calendar&amp;vernr=396#a_eventhead\" target=\"_blank\" aria-label=\"ITF World Championships 2023 Competition schedule Adults (opens in a new tab)\" rel=\"noreferrer noopener\" class=\"ek-link\">ITF World Championships 2023 Competition schedule Adults<\/a><\/p>\n\n\n\n<p>Todas las \u00e1reas y las entregas de premios se transmitir\u00e1n en vivo y con informaci\u00f3n detallada en nuestro <a href=\"https:\/\/www.youtube.com\/channel\/UCUOLCaDOlneiYw5hmcAy5bg\" target=\"_blank\" aria-label=\" (opens in a new tab)\" rel=\"noreferrer noopener\" class=\"ek-link\">ITF YouTube channel @ITFTaekwonDoFederation<\/a>.<\/p>\n\n\n\n<p>El calendario con enlaces a todas las transmisiones en vivo est\u00e1 disponible <a aria-label=\"here (opens in a new tab)\" href=\"https:\/\/cdn.sportdata.org\/923b3a78-998c-4aae-9035-6cfe3d2e05bd\/\" target=\"_blank\" rel=\"noreferrer noopener\" class=\"ek-link\">aqu\u00ed<\/a>.<\/p>\n","protected":false},"excerpt":{"rendered":"<p>La ITF le ofrece noticias diarias del Campeonato Mundial 2023 en Tampere, Finlandia. Si bien la competencia comienza el mi\u00e9rcoles 6 de septiembre de 2023, la secci\u00f3n dedicada a los &hellip;<\/p>\n","protected":false},"author":14,"featured_media":29371,"comment_status":"open","ping_status":"open","sticky":false,"template":"","format":"standard","meta":{"_tec_requires_first_save":true,"_uag_custom_page_level_css":"","_genesis_hide_title":false,"_genesis_hide_breadcrumbs":false,"_genesis_hide_singular_image":false,"_genesis_hide_footer_widgets":false,"_genesis_custom_body_class":"","_genesis_custom_post_class":"","_genesis_layout":"","_EventAllDay":false,"_EventTimezone":"","_EventStartDate":"","_EventEndDate":"","_EventStartDateUTC":"","_EventEndDateUTC":"","_EventShowMap":false,"_EventShowMapLink":false,"_EventURL":"","_EventCost":"","_EventCostDescription":"","_EventCurrencySymbol":"","_EventCurrencyCode":"","_EventCurrencyPosition":"","_EventDateTimeSeparator":"","_EventTimeRangeSeparator":"","_EventOrganizerID":[],"_EventVenueID":[],"_OrganizerEmail":"","_OrganizerPhone":"","_OrganizerWebsite":"","_VenueAddress":"","_VenueCity":"","_VenueCountry":"","_VenueProvince":"","_VenueState":"","_VenueZip":"","_VenuePhone":"","_VenueURL":"","_VenueStateProvince":"","_VenueLat":"","_VenueLng":"","_VenueShowMap":false,"_VenueShowMapLink":false,"_tribe_blocks_recurrence_rules":"","_tribe_blocks_recurrence_description":"","_tribe_blocks_recurrence_exclusions":"","editor_notices":[],"footnotes":""},"categories":[194,132,130],"tags":[],"class_list":["post-29866","post","type-post","status-publish","format-standard","has-post-thumbnail","category-campeonato-mundial-2023","category-destacadas","category-ultimas-noticias","entry"],"featured_image_src":"https:\/\/itftkd.sport\/es\/wp-content\/uploads\/sites\/7\/2023\/03\/WC2023_Finland_800x600_feature-600x400.jpg","featured_image_src_square":"https:\/\/itftkd.sport\/es\/wp-content\/uploads\/sites\/7\/2023\/03\/WC2023_Finland_800x600_feature-600x600.jpg","author_info":{"display_name":"Daniel Schmidt","author_link":"https:\/\/itftkd.sport\/es\/author\/daniel\/"},"uagb_featured_image_src":{"full":["https:\/\/itftkd.sport\/es\/wp-content\/uploads\/sites\/7\/2023\/03\/WC2023_Finland_800x600_feature.jpg",800,600,false],"thumbnail":["https:\/\/itftkd.sport\/es\/wp-content\/uploads\/sites\/7\/2023\/03\/WC2023_Finland_800x600_feature-150x150.jpg",150,150,true],"medium":["https:\/\/itftkd.sport\/es\/wp-content\/uploads\/sites\/7\/2023\/03\/WC2023_Finland_800x600_feature-300x225.jpg",300,225,true],"medium_large":["https:\/\/itftkd.sport\/es\/wp-content\/uploads\/sites\/7\/2023\/03\/WC2023_Finland_800x600_feature-768x576.jpg",768,576,true],"large":["https:\/\/itftkd.sport\/es\/wp-content\/uploads\/sites\/7\/2023\/03\/WC2023_Finland_800x600_feature.jpg",800,600,false],"1536x1536":["https:\/\/itftkd.sport\/es\/wp-content\/uploads\/sites\/7\/2023\/03\/WC2023_Finland_800x600_feature.jpg",800,600,false],"2048x2048":["https:\/\/itftkd.sport\/es\/wp-content\/uploads\/sites\/7\/2023\/03\/WC2023_Finland_800x600_feature.jpg",800,600,false],"banner":["https:\/\/itftkd.sport\/es\/wp-content\/uploads\/sites\/7\/2023\/03\/WC2023_Finland_800x600_feature-800x533.jpg",800,533,true],"section":["https:\/\/itftkd.sport\/es\/wp-content\/uploads\/sites\/7\/2023\/03\/WC2023_Finland_800x600_feature.jpg",800,600,false],"full-width":["https:\/\/itftkd.sport\/es\/wp-content\/uploads\/sites\/7\/2023\/03\/WC2023_Finland_800x600_feature.jpg",800,600,false],"featured":["https:\/\/itftkd.sport\/es\/wp-content\/uploads\/sites\/7\/2023\/03\/WC2023_Finland_800x600_feature.jpg",800,600,false],"one-half":["https:\/\/itftkd.sport\/es\/wp-content\/uploads\/sites\/7\/2023\/03\/WC2023_Finland_800x600_feature-550x413.jpg",550,413,true],"one-third":["https:\/\/itftkd.sport\/es\/wp-content\/uploads\/sites\/7\/2023\/03\/WC2023_Finland_800x600_feature-350x263.jpg",350,263,true],"one-fourth":["https:\/\/itftkd.sport\/es\/wp-content\/uploads\/sites\/7\/2023\/03\/WC2023_Finland_800x600_feature-260x195.jpg",260,195,true],"tiny":["https:\/\/itftkd.sport\/es\/wp-content\/uploads\/sites\/7\/2023\/03\/WC2023_Finland_800x600_feature-80x80.jpg",80,80,true],"ab-block-post-grid-landscape":["https:\/\/itftkd.sport\/es\/wp-content\/uploads\/sites\/7\/2023\/03\/WC2023_Finland_800x600_feature-600x400.jpg",600,400,true],"ab-block-post-grid-square":["https:\/\/itftkd.sport\/es\/wp-content\/uploads\/sites\/7\/2023\/03\/WC2023_Finland_800x600_feature-600x600.jpg",600,600,true],"gform-image-choice-sm":["https:\/\/itftkd.sport\/es\/wp-content\/uploads\/sites\/7\/2023\/03\/WC2023_Finland_800x600_feature.jpg",300,225,false],"gform-image-choice-md":["https:\/\/itftkd.sport\/es\/wp-content\/uploads\/sites\/7\/2023\/03\/WC2023_Finland_800x600_feature.jpg",400,300,false],"gform-image-choice-lg":["https:\/\/itftkd.sport\/es\/wp-content\/uploads\/sites\/7\/2023\/03\/WC2023_Finland_800x600_feature.jpg",600,450,false]},"uagb_author_info":{"display_name":"Daniel Schmidt","author_link":"https:\/\/itftkd.sport\/es\/author\/daniel\/"},"uagb_comment_info":0,"uagb_excerpt":"La ITF le ofrece noticias diarias del Campeonato Mundial 2023 en Tampere, Finlandia. Si bien la competencia comienza el mi\u00e9rcoles 6 de septiembre de 2023, la secci\u00f3n dedicada a los &hellip;","_links":{"self":[{"href":"https:\/\/itftkd.sport\/es\/wp-json\/wp\/v2\/posts\/29866","targetHints":{"allow":["GET"]}}],"collection":[{"href":"https:\/\/itftkd.sport\/es\/wp-json\/wp\/v2\/posts"}],"about":[{"href":"https:\/\/itftkd.sport\/es\/wp-json\/wp\/v2\/types\/post"}],"author":[{"embeddable":true,"href":"https:\/\/itftkd.sport\/es\/wp-json\/wp\/v2\/users\/14"}],"replies":[{"embeddable":true,"href":"https:\/\/itftkd.sport\/es\/wp-json\/wp\/v2\/comments?post=29866"}],"version-history":[{"count":1,"href":"https:\/\/itftkd.sport\/es\/wp-json\/wp\/v2\/posts\/29866\/revisions"}],"predecessor-version":[{"id":29868,"href":"https:\/\/itftkd.sport\/es\/wp-json\/wp\/v2\/posts\/29866\/revisions\/29868"}],"wp:featuredmedia":[{"embeddable":true,"href":"https:\/\/itftkd.sport\/es\/wp-json\/wp\/v2\/media\/29371"}],"wp:attachment":[{"href":"https:\/\/itftkd.sport\/es\/wp-json\/wp\/v2\/media?parent=29866"}],"wp:term":[{"taxonomy":"category","embeddable":true,"href":"https:\/\/itftkd.sport\/es\/wp-json\/wp\/v2\/categories?post=29866"},{"taxonomy":"post_tag","embeddable":true,"href":"https:\/\/itftkd.sport\/es\/wp-json\/wp\/v2\/tags?post=29866"}],"curies":[{"name":"wp","href":"https:\/\/api.w.org\/{rel}","templated":true}]}}