{"id":29825,"date":"2023-08-21T02:45:44","date_gmt":"2023-08-21T00:45:44","guid":{"rendered":"https:\/\/itftkd.sport\/es\/?p=29825"},"modified":"2023-08-22T13:20:28","modified_gmt":"2023-08-22T11:20:28","slug":"iic-167o-en-bogota-el-taekwon-do-en-su-maxima-expresion","status":"publish","type":"post","link":"https:\/\/itftkd.sport\/es\/iic-167o-en-bogota-el-taekwon-do-en-su-maxima-expresion\/","title":{"rendered":"IIC 167\u00ba en Bogot\u00e1, el Taekwon-Do en su m\u00e1xima expresi\u00f3n"},"content":{"rendered":"\n<p>Organizado por la Asociaci\u00f3n colombiana de Taekwon-Do, del 18 al 20 de agosto de 2023 se llev\u00f3 a cabo en el hotel Radisson Metrotel de Bogot\u00e1, Colombia, el 167\u00ba IIC de la ITF.<\/p>\n\n\n\n<p>Cont\u00f3 con la participaci\u00f3n de practicantes, provenientes de 12 pa\u00edses (Alemania, Anguila, Argentina, Brasil, Colombia, Estados Unidos, Honduras, M\u00e9xico, Per\u00fa, Puerto Rico, Rep\u00fablica Dominicana y Trinidad &amp; Tobago) incluidos&nbsp; 5 grand masters, 2 master seniors y 7 maestros.<\/p>\n\n\n\n<figure class=\"wp-block-image size-large\"><a href=\"https:\/\/itftkd.sport\/es\/wp-content\/uploads\/sites\/7\/2023\/08\/IIC-Colombia-Foto-Grupal.jpg\"><img loading=\"lazy\" decoding=\"async\" width=\"1024\" height=\"346\" src=\"https:\/\/itftkd.sport\/es\/wp-content\/uploads\/sites\/7\/2023\/08\/IIC-Colombia-Foto-Grupal-1024x346.jpg\" alt=\"IIC-Colombia-Foto-Grupal\" class=\"wp-image-29833\" srcset=\"https:\/\/itftkd.sport\/es\/wp-content\/uploads\/sites\/7\/2023\/08\/IIC-Colombia-Foto-Grupal-1024x346.jpg 1024w, https:\/\/itftkd.sport\/es\/wp-content\/uploads\/sites\/7\/2023\/08\/IIC-Colombia-Foto-Grupal-300x101.jpg 300w, https:\/\/itftkd.sport\/es\/wp-content\/uploads\/sites\/7\/2023\/08\/IIC-Colombia-Foto-Grupal-768x259.jpg 768w\" sizes=\"auto, (max-width: 1024px) 100vw, 1024px\" \/><\/a><\/figure>\n\n\n\n<p>Entre los invitados especiales estuvieron el presidente de la ITF, Grand master Paul Weiler, y el Tesorero Master Leo oros Duek.<\/p>\n\n\n\n<p>Un IIC \u00fanico no s\u00f3lo por la cantidad de pa\u00edses y sus 120 participantes, sino tambi\u00e9n por el impacto del regreso de los IIC a la regi\u00f3n del Caribe, confirmando la vocaci\u00f3n del comit\u00e9 t\u00e9cnico de llevar el legado t\u00e9cnico del General Choi a cada rinc\u00f3n de los 5 continentes.<\/p>\n\n\n\n<p>Los GM H\u00e9ctor Marano y Ung Kim Lan, brindaron como siempre, 3 d\u00edas de conocimiento y an\u00e9cdotas irrepetibles.<\/p>\n\n\n\n<p>El primer se repasaron todas las formas de color, haciendo particular hincapi\u00e9 en las bases y la metodolog\u00eda de correcci\u00f3n desde los primeros pasos.<\/p>\n\n\n\n<p>El GM Ung tambi\u00e9n comparti\u00f3 conceptos generales de defensa personal y sparring.<\/p>\n\n\n\n<p>El s\u00e1bado 19 durante la tarde, el Sabum Nim Gast\u00f3n Casero, chairman del comit\u00e9 Harmony, realiz\u00f3 una presentaci\u00f3n pr\u00e1ctica de su programa, el cual ya se est\u00e1 transformando en un suceso en varios pa\u00edses, cumpliendo as\u00ed con su objetivo principal: acercar el Taekwon-Do a m\u00e1s gente para mejorar su calidad de vida.<\/p>\n\n\n\n<p>Durante la noche se llev\u00f3 a cabo la tradicional cena de gala la cual le permiti\u00f3 a todos los participantes disfrutar de la camarader\u00eda de nuestro arte.<\/p>\n\n\n\n<p>El domingo 20 comenz\u00f3 con una clase especial sobre fisiolog\u00eda y anantom\u00eda a cargo del presidente de la ITF, Grand Master Paul Weiler, que incluy\u00f3 recomendaciones generales sobre entrada en calor y c\u00f3mo proteger m\u00fasculos y articulaciones.<\/p>\n\n\n\n<p>Para el \u00faltimo bloque, se revisaron las formas de 4 a 6 dan mientras el resto del grupo repasaron sus formas junto al Grand Master Rub\u00e9n Su\u00e1rez.<\/p>\n\n\n<div class=\"wp-block-image\">\n<figure class=\"aligncenter size-full\"><a href=\"https:\/\/itftkd.sport\/es\/wp-content\/uploads\/sites\/7\/2023\/08\/IIC-Colombia-GM-Suarez-GM-Marano.jpg\"><img loading=\"lazy\" decoding=\"async\" width=\"531\" height=\"709\" src=\"https:\/\/itftkd.sport\/es\/wp-content\/uploads\/sites\/7\/2023\/08\/IIC-Colombia-GM-Suarez-GM-Marano.jpg\" alt=\"IIC-Colombia-GM-Su\u00e1rez-GM-Marano\" class=\"wp-image-29829\" srcset=\"https:\/\/itftkd.sport\/es\/wp-content\/uploads\/sites\/7\/2023\/08\/IIC-Colombia-GM-Suarez-GM-Marano.jpg 531w, https:\/\/itftkd.sport\/es\/wp-content\/uploads\/sites\/7\/2023\/08\/IIC-Colombia-GM-Suarez-GM-Marano-225x300.jpg 225w\" sizes=\"auto, (max-width: 531px) 100vw, 531px\" \/><\/a><\/figure>\n<\/div>\n\n\n<p>Adem\u00e1s de la calidad del contenido general, los participantes destacaron el cuidado de la organizaci\u00f3n en todos los detalles, dando brillo adicional inolvidable.<\/p>\n\n\n\n<p>En definitiva, un nuevo IIC que cumpli\u00f3 ampliamente las expectativas de todos los participantes y de la ITF.<\/p>\n\n\n\n<p>Un orgullo para Colombia por haber birndado una vez m\u00e1s, un evento de jerarqu\u00eda mundial.<\/p>\n\n\n\n<figure class=\"wp-block-gallery has-nested-images columns-default is-cropped wp-block-gallery-1 is-layout-flex wp-block-gallery-is-layout-flex\">\n<figure class=\"wp-block-image size-large\"><img decoding=\"async\" data-id=\"34671\" src=\"https:\/\/itftkd.sport\/wp-content\/uploads\/2023\/08\/1692557757219.jpg\" alt=\"\" class=\"wp-image-34671\" \/><\/figure>\n\n\n\n<figure class=\"wp-block-image size-large\"><img decoding=\"async\" data-id=\"34672\" src=\"https:\/\/itftkd.sport\/wp-content\/uploads\/2023\/08\/1692557757239.jpg\" alt=\"\" class=\"wp-image-34672\" \/><\/figure>\n\n\n\n<figure class=\"wp-block-image size-large\"><img decoding=\"async\" data-id=\"34673\" src=\"https:\/\/itftkd.sport\/wp-content\/uploads\/2023\/08\/1692557757260.jpg\" alt=\"\" class=\"wp-image-34673\" \/><\/figure>\n\n\n\n<figure class=\"wp-block-image size-large\"><img decoding=\"async\" data-id=\"34674\" src=\"https:\/\/itftkd.sport\/wp-content\/uploads\/2023\/08\/1692557757281.jpg\" alt=\"\" class=\"wp-image-34674\" \/><\/figure>\n<\/figure>\n\n\n<div class=\"wp-block-image\">\n<figure class=\"aligncenter size-full is-resized\"><img loading=\"lazy\" decoding=\"async\" src=\"https:\/\/itftkd.sport\/es\/wp-content\/uploads\/sites\/7\/2023\/08\/IIC-Colombia-Mujeres.jpg\" alt=\"IIC-Colombia-Mujeres\" class=\"wp-image-29830\" width=\"617\" height=\"284\" srcset=\"https:\/\/itftkd.sport\/es\/wp-content\/uploads\/sites\/7\/2023\/08\/IIC-Colombia-Mujeres.jpg 822w, https:\/\/itftkd.sport\/es\/wp-content\/uploads\/sites\/7\/2023\/08\/IIC-Colombia-Mujeres-300x138.jpg 300w\" sizes=\"auto, (max-width: 617px) 100vw, 617px\" \/><\/figure>\n<\/div>","protected":false},"excerpt":{"rendered":"<p>Organizado por la Asociaci\u00f3n colombiana de Taekwon-Do, del 18 al 20 de agosto de 2023 se llev\u00f3 a cabo en el hotel Radisson Metrotel de Bogot\u00e1, Colombia, el 167\u00ba IIC &hellip;<\/p>\n","protected":false},"author":4,"featured_media":29826,"comment_status":"open","ping_status":"open","sticky":false,"template":"","format":"standard","meta":{"_tec_requires_first_save":true,"_uag_custom_page_level_css":"","_genesis_hide_title":false,"_genesis_hide_breadcrumbs":false,"_genesis_hide_singular_image":false,"_genesis_hide_footer_widgets":false,"_genesis_custom_body_class":"","_genesis_custom_post_class":"","_genesis_layout":"","_EventAllDay":false,"_EventTimezone":"","_EventStartDate":"","_EventEndDate":"","_EventStartDateUTC":"","_EventEndDateUTC":"","_EventShowMap":false,"_EventShowMapLink":false,"_EventURL":"","_EventCost":"","_EventCostDescription":"","_EventCurrencySymbol":"","_EventCurrencyCode":"","_EventCurrencyPosition":"","_EventDateTimeSeparator":"","_EventTimeRangeSeparator":"","_EventOrganizerID":[],"_EventVenueID":[],"_OrganizerEmail":"","_OrganizerPhone":"","_OrganizerWebsite":"","_VenueAddress":"","_VenueCity":"","_VenueCountry":"","_VenueProvince":"","_VenueState":"","_VenueZip":"","_VenuePhone":"","_VenueURL":"","_VenueStateProvince":"","_VenueLat":"","_VenueLng":"","_VenueShowMap":false,"_VenueShowMapLink":false,"_tribe_blocks_recurrence_rules":"","_tribe_blocks_recurrence_description":"","_tribe_blocks_recurrence_exclusions":"","editor_notices":[],"footnotes":""},"categories":[132,131,130],"tags":[],"class_list":["post-29825","post","type-post","status-publish","format-standard","has-post-thumbnail","category-destacadas","category-noticias-institucionales","category-ultimas-noticias","entry"],"featured_image_src":"https:\/\/itftkd.sport\/es\/wp-content\/uploads\/sites\/7\/2023\/08\/Reporte-de-IIC-600x400.jpeg","featured_image_src_square":"https:\/\/itftkd.sport\/es\/wp-content\/uploads\/sites\/7\/2023\/08\/Reporte-de-IIC-600x600.jpeg","author_info":{"display_name":"FABIAN ITF","author_link":"https:\/\/itftkd.sport\/es\/author\/fabian-itf\/"},"uagb_featured_image_src":{"full":["https:\/\/itftkd.sport\/es\/wp-content\/uploads\/sites\/7\/2023\/08\/Reporte-de-IIC.jpeg",800,600,false],"thumbnail":["https:\/\/itftkd.sport\/es\/wp-content\/uploads\/sites\/7\/2023\/08\/Reporte-de-IIC-150x150.jpeg",150,150,true],"medium":["https:\/\/itftkd.sport\/es\/wp-content\/uploads\/sites\/7\/2023\/08\/Reporte-de-IIC-300x225.jpeg",300,225,true],"medium_large":["https:\/\/itftkd.sport\/es\/wp-content\/uploads\/sites\/7\/2023\/08\/Reporte-de-IIC-768x576.jpeg",768,576,true],"large":["https:\/\/itftkd.sport\/es\/wp-content\/uploads\/sites\/7\/2023\/08\/Reporte-de-IIC.jpeg",800,600,false],"1536x1536":["https:\/\/itftkd.sport\/es\/wp-content\/uploads\/sites\/7\/2023\/08\/Reporte-de-IIC.jpeg",800,600,false],"2048x2048":["https:\/\/itftkd.sport\/es\/wp-content\/uploads\/sites\/7\/2023\/08\/Reporte-de-IIC.jpeg",800,600,false],"banner":["https:\/\/itftkd.sport\/es\/wp-content\/uploads\/sites\/7\/2023\/08\/Reporte-de-IIC-800x533.jpeg",800,533,true],"section":["https:\/\/itftkd.sport\/es\/wp-content\/uploads\/sites\/7\/2023\/08\/Reporte-de-IIC.jpeg",800,600,false],"full-width":["https:\/\/itftkd.sport\/es\/wp-content\/uploads\/sites\/7\/2023\/08\/Reporte-de-IIC.jpeg",800,600,false],"featured":["https:\/\/itftkd.sport\/es\/wp-content\/uploads\/sites\/7\/2023\/08\/Reporte-de-IIC.jpeg",800,600,false],"one-half":["https:\/\/itftkd.sport\/es\/wp-content\/uploads\/sites\/7\/2023\/08\/Reporte-de-IIC-550x413.jpeg",550,413,true],"one-third":["https:\/\/itftkd.sport\/es\/wp-content\/uploads\/sites\/7\/2023\/08\/Reporte-de-IIC-350x263.jpeg",350,263,true],"one-fourth":["https:\/\/itftkd.sport\/es\/wp-content\/uploads\/sites\/7\/2023\/08\/Reporte-de-IIC-260x195.jpeg",260,195,true],"tiny":["https:\/\/itftkd.sport\/es\/wp-content\/uploads\/sites\/7\/2023\/08\/Reporte-de-IIC-80x80.jpeg",80,80,true],"ab-block-post-grid-landscape":["https:\/\/itftkd.sport\/es\/wp-content\/uploads\/sites\/7\/2023\/08\/Reporte-de-IIC-600x400.jpeg",600,400,true],"ab-block-post-grid-square":["https:\/\/itftkd.sport\/es\/wp-content\/uploads\/sites\/7\/2023\/08\/Reporte-de-IIC-600x600.jpeg",600,600,true],"gform-image-choice-sm":["https:\/\/itftkd.sport\/es\/wp-content\/uploads\/sites\/7\/2023\/08\/Reporte-de-IIC.jpeg",300,225,false],"gform-image-choice-md":["https:\/\/itftkd.sport\/es\/wp-content\/uploads\/sites\/7\/2023\/08\/Reporte-de-IIC.jpeg",400,300,false],"gform-image-choice-lg":["https:\/\/itftkd.sport\/es\/wp-content\/uploads\/sites\/7\/2023\/08\/Reporte-de-IIC.jpeg",600,450,false]},"uagb_author_info":{"display_name":"FABIAN ITF","author_link":"https:\/\/itftkd.sport\/es\/author\/fabian-itf\/"},"uagb_comment_info":0,"uagb_excerpt":"Organizado por la Asociaci\u00f3n colombiana de Taekwon-Do, del 18 al 20 de agosto de 2023 se llev\u00f3 a cabo en el hotel Radisson Metrotel de Bogot\u00e1, Colombia, el 167\u00ba IIC &hellip;","_links":{"self":[{"href":"https:\/\/itftkd.sport\/es\/wp-json\/wp\/v2\/posts\/29825","targetHints":{"allow":["GET"]}}],"collection":[{"href":"https:\/\/itftkd.sport\/es\/wp-json\/wp\/v2\/posts"}],"about":[{"href":"https:\/\/itftkd.sport\/es\/wp-json\/wp\/v2\/types\/post"}],"author":[{"embeddable":true,"href":"https:\/\/itftkd.sport\/es\/wp-json\/wp\/v2\/users\/4"}],"replies":[{"embeddable":true,"href":"https:\/\/itftkd.sport\/es\/wp-json\/wp\/v2\/comments?post=29825"}],"version-history":[{"count":4,"href":"https:\/\/itftkd.sport\/es\/wp-json\/wp\/v2\/posts\/29825\/revisions"}],"predecessor-version":[{"id":29834,"href":"https:\/\/itftkd.sport\/es\/wp-json\/wp\/v2\/posts\/29825\/revisions\/29834"}],"wp:featuredmedia":[{"embeddable":true,"href":"https:\/\/itftkd.sport\/es\/wp-json\/wp\/v2\/media\/29826"}],"wp:attachment":[{"href":"https:\/\/itftkd.sport\/es\/wp-json\/wp\/v2\/media?parent=29825"}],"wp:term":[{"taxonomy":"category","embeddable":true,"href":"https:\/\/itftkd.sport\/es\/wp-json\/wp\/v2\/categories?post=29825"},{"taxonomy":"post_tag","embeddable":true,"href":"https:\/\/itftkd.sport\/es\/wp-json\/wp\/v2\/tags?post=29825"}],"curies":[{"name":"wp","href":"https:\/\/api.w.org\/{rel}","templated":true}]}}