{"id":29799,"date":"2023-08-17T16:26:31","date_gmt":"2023-08-17T14:26:31","guid":{"rendered":"https:\/\/itftkd.sport\/es\/?p=29799"},"modified":"2023-08-17T16:28:39","modified_gmt":"2023-08-17T14:28:39","slug":"mas-de-1100-competidores-en-el-campeonato-mundial-itf-2023","status":"publish","type":"post","link":"https:\/\/itftkd.sport\/es\/mas-de-1100-competidores-en-el-campeonato-mundial-itf-2023\/","title":{"rendered":"M\u00e1s de 1100 competidores en el Campeonato Mundial ITF 2023"},"content":{"rendered":"\n<p>En tres semanas, el mi\u00e9rcoles 6 de septiembre, comenzar\u00e1 el Campeonato Mundial ITF 2023 en Tampere, Finlandia, con la ceremonia de apertura oficial y las competencias. Durante cuatro d\u00edas hasta el s\u00e1bado, m\u00e1s de 1100 competidores de todo el mundo presentar\u00e1n sus conocimientos, experiencia y competencia t\u00e9cnica. Desde patrones precisos hasta combates preestablecidos espectaculares, desde peleas impresionantes hasta t\u00e9cnicas atl\u00e9ticas especiales y rompimiento de potencia, todas las categor\u00edas de competencia de la ITF buscan campeones mundiales nuevos o renovados.<\/p>\n\n\n\n<p>Todos los detalles e informaci\u00f3n del Campeonato Mundial 2023 se comunicar\u00e1n en varios canales. Lee todas las novedades en el blog de nuestra web. En las redes sociales, s\u00edganos en Facebook e Instagram (@itftaekwondofederation) para mantenerse actualizado. Durante las competencias, las transmisiones de video de cada anillo y la ceremonia de entrega de premios estar\u00e1n disponibles en nuestro canal de YouTube, este a\u00f1o por primera vez con informaci\u00f3n en vivo de cada anillo como si estuvieras directamente en Finlandia.<\/p>\n\n\n\n<p>La organizaci\u00f3n de los Campeonatos Mundiales de la ITF 2023, incluidos los competidores y entrenadores registrados, los combates y el calendario, estar\u00e1n disponibles p\u00fablicamente en sportdata.org (por separado para prejuniors, juniors y adultos).<\/p>\n\n\n\n<p>Prep\u00e1rese para el evento ITF del a\u00f1o y s\u00edganos en Finlandia y en todo el mundo.<\/p>\n\n\n\n\n","protected":false},"excerpt":{"rendered":"<p>En tres semanas, el mi\u00e9rcoles 6 de septiembre, comenzar\u00e1 el Campeonato Mundial ITF 2023 en Tampere, Finlandia, con la ceremonia de apertura oficial y las competencias. Durante cuatro d\u00edas hasta &hellip;<\/p>\n","protected":false},"author":14,"featured_media":29371,"comment_status":"open","ping_status":"open","sticky":false,"template":"","format":"standard","meta":{"_tec_requires_first_save":true,"_uag_custom_page_level_css":"","_genesis_hide_title":false,"_genesis_hide_breadcrumbs":false,"_genesis_hide_singular_image":false,"_genesis_hide_footer_widgets":false,"_genesis_custom_body_class":"","_genesis_custom_post_class":"","_genesis_layout":"","_EventAllDay":false,"_EventTimezone":"","_EventStartDate":"","_EventEndDate":"","_EventStartDateUTC":"","_EventEndDateUTC":"","_EventShowMap":false,"_EventShowMapLink":false,"_EventURL":"","_EventCost":"","_EventCostDescription":"","_EventCurrencySymbol":"","_EventCurrencyCode":"","_EventCurrencyPosition":"","_EventDateTimeSeparator":"","_EventTimeRangeSeparator":"","_EventOrganizerID":[],"_EventVenueID":[],"_OrganizerEmail":"","_OrganizerPhone":"","_OrganizerWebsite":"","_VenueAddress":"","_VenueCity":"","_VenueCountry":"","_VenueProvince":"","_VenueState":"","_VenueZip":"","_VenuePhone":"","_VenueURL":"","_VenueStateProvince":"","_VenueLat":"","_VenueLng":"","_VenueShowMap":false,"_VenueShowMapLink":false,"_tribe_blocks_recurrence_rules":"","_tribe_blocks_recurrence_description":"","_tribe_blocks_recurrence_exclusions":"","editor_notices":[],"footnotes":""},"categories":[132,130],"tags":[],"class_list":["post-29799","post","type-post","status-publish","format-standard","has-post-thumbnail","category-destacadas","category-ultimas-noticias","entry"],"featured_image_src":"https:\/\/itftkd.sport\/es\/wp-content\/uploads\/sites\/7\/2023\/03\/WC2023_Finland_800x600_feature-600x400.jpg","featured_image_src_square":"https:\/\/itftkd.sport\/es\/wp-content\/uploads\/sites\/7\/2023\/03\/WC2023_Finland_800x600_feature-600x600.jpg","author_info":{"display_name":"Daniel Schmidt","author_link":"https:\/\/itftkd.sport\/es\/author\/daniel\/"},"uagb_featured_image_src":{"full":["https:\/\/itftkd.sport\/es\/wp-content\/uploads\/sites\/7\/2023\/03\/WC2023_Finland_800x600_feature.jpg",800,600,false],"thumbnail":["https:\/\/itftkd.sport\/es\/wp-content\/uploads\/sites\/7\/2023\/03\/WC2023_Finland_800x600_feature-150x150.jpg",150,150,true],"medium":["https:\/\/itftkd.sport\/es\/wp-content\/uploads\/sites\/7\/2023\/03\/WC2023_Finland_800x600_feature-300x225.jpg",300,225,true],"medium_large":["https:\/\/itftkd.sport\/es\/wp-content\/uploads\/sites\/7\/2023\/03\/WC2023_Finland_800x600_feature-768x576.jpg",768,576,true],"large":["https:\/\/itftkd.sport\/es\/wp-content\/uploads\/sites\/7\/2023\/03\/WC2023_Finland_800x600_feature.jpg",800,600,false],"1536x1536":["https:\/\/itftkd.sport\/es\/wp-content\/uploads\/sites\/7\/2023\/03\/WC2023_Finland_800x600_feature.jpg",800,600,false],"2048x2048":["https:\/\/itftkd.sport\/es\/wp-content\/uploads\/sites\/7\/2023\/03\/WC2023_Finland_800x600_feature.jpg",800,600,false],"banner":["https:\/\/itftkd.sport\/es\/wp-content\/uploads\/sites\/7\/2023\/03\/WC2023_Finland_800x600_feature-800x533.jpg",800,533,true],"section":["https:\/\/itftkd.sport\/es\/wp-content\/uploads\/sites\/7\/2023\/03\/WC2023_Finland_800x600_feature.jpg",800,600,false],"full-width":["https:\/\/itftkd.sport\/es\/wp-content\/uploads\/sites\/7\/2023\/03\/WC2023_Finland_800x600_feature.jpg",800,600,false],"featured":["https:\/\/itftkd.sport\/es\/wp-content\/uploads\/sites\/7\/2023\/03\/WC2023_Finland_800x600_feature.jpg",800,600,false],"one-half":["https:\/\/itftkd.sport\/es\/wp-content\/uploads\/sites\/7\/2023\/03\/WC2023_Finland_800x600_feature-550x413.jpg",550,413,true],"one-third":["https:\/\/itftkd.sport\/es\/wp-content\/uploads\/sites\/7\/2023\/03\/WC2023_Finland_800x600_feature-350x263.jpg",350,263,true],"one-fourth":["https:\/\/itftkd.sport\/es\/wp-content\/uploads\/sites\/7\/2023\/03\/WC2023_Finland_800x600_feature-260x195.jpg",260,195,true],"tiny":["https:\/\/itftkd.sport\/es\/wp-content\/uploads\/sites\/7\/2023\/03\/WC2023_Finland_800x600_feature-80x80.jpg",80,80,true],"ab-block-post-grid-landscape":["https:\/\/itftkd.sport\/es\/wp-content\/uploads\/sites\/7\/2023\/03\/WC2023_Finland_800x600_feature-600x400.jpg",600,400,true],"ab-block-post-grid-square":["https:\/\/itftkd.sport\/es\/wp-content\/uploads\/sites\/7\/2023\/03\/WC2023_Finland_800x600_feature-600x600.jpg",600,600,true],"gform-image-choice-sm":["https:\/\/itftkd.sport\/es\/wp-content\/uploads\/sites\/7\/2023\/03\/WC2023_Finland_800x600_feature.jpg",300,225,false],"gform-image-choice-md":["https:\/\/itftkd.sport\/es\/wp-content\/uploads\/sites\/7\/2023\/03\/WC2023_Finland_800x600_feature.jpg",400,300,false],"gform-image-choice-lg":["https:\/\/itftkd.sport\/es\/wp-content\/uploads\/sites\/7\/2023\/03\/WC2023_Finland_800x600_feature.jpg",600,450,false]},"uagb_author_info":{"display_name":"Daniel Schmidt","author_link":"https:\/\/itftkd.sport\/es\/author\/daniel\/"},"uagb_comment_info":0,"uagb_excerpt":"En tres semanas, el mi\u00e9rcoles 6 de septiembre, comenzar\u00e1 el Campeonato Mundial ITF 2023 en Tampere, Finlandia, con la ceremonia de apertura oficial y las competencias. Durante cuatro d\u00edas hasta &hellip;","_links":{"self":[{"href":"https:\/\/itftkd.sport\/es\/wp-json\/wp\/v2\/posts\/29799","targetHints":{"allow":["GET"]}}],"collection":[{"href":"https:\/\/itftkd.sport\/es\/wp-json\/wp\/v2\/posts"}],"about":[{"href":"https:\/\/itftkd.sport\/es\/wp-json\/wp\/v2\/types\/post"}],"author":[{"embeddable":true,"href":"https:\/\/itftkd.sport\/es\/wp-json\/wp\/v2\/users\/14"}],"replies":[{"embeddable":true,"href":"https:\/\/itftkd.sport\/es\/wp-json\/wp\/v2\/comments?post=29799"}],"version-history":[{"count":2,"href":"https:\/\/itftkd.sport\/es\/wp-json\/wp\/v2\/posts\/29799\/revisions"}],"predecessor-version":[{"id":29802,"href":"https:\/\/itftkd.sport\/es\/wp-json\/wp\/v2\/posts\/29799\/revisions\/29802"}],"wp:featuredmedia":[{"embeddable":true,"href":"https:\/\/itftkd.sport\/es\/wp-json\/wp\/v2\/media\/29371"}],"wp:attachment":[{"href":"https:\/\/itftkd.sport\/es\/wp-json\/wp\/v2\/media?parent=29799"}],"wp:term":[{"taxonomy":"category","embeddable":true,"href":"https:\/\/itftkd.sport\/es\/wp-json\/wp\/v2\/categories?post=29799"},{"taxonomy":"post_tag","embeddable":true,"href":"https:\/\/itftkd.sport\/es\/wp-json\/wp\/v2\/tags?post=29799"}],"curies":[{"name":"wp","href":"https:\/\/api.w.org\/{rel}","templated":true}]}}