{"id":29751,"date":"2023-06-21T15:31:45","date_gmt":"2023-06-21T13:31:45","guid":{"rendered":"https:\/\/itftkd.sport\/es\/?p=29751"},"modified":"2023-07-25T15:39:47","modified_gmt":"2023-07-25T13:39:47","slug":"informe-del-primer-idc-online-en-idioma-espanol","status":"publish","type":"post","link":"https:\/\/itftkd.sport\/es\/informe-del-primer-idc-online-en-idioma-espanol\/","title":{"rendered":"Informe del Primer IDC Online en idioma espa\u00f1ol"},"content":{"rendered":"\n<p>El 8\u00b0 Curso Internacional de Do (IDC) se llev\u00f3 a cabo en l\u00ednea los d\u00edas 21 y 28 de mayo de 2023. Consisti\u00f3 en cuatro sesiones de 3 horas durante un per\u00edodo de 2 d\u00edas para un total de 12 horas. A diferencia de los IDC en l\u00ednea anteriores, este se llev\u00f3 a cabo en espa\u00f1ol.<\/p>\n\n\n\n<p>El IDC reuni\u00f3 a 77 participantes registrados de 11 pa\u00edses, a saber (en orden alfab\u00e9tico): Argentina (27), Brasil (5), Chile (1), Colombia (20), Rep\u00fablica Dominicana (1), M\u00e9xico (4), Nicaragua (7), Noruega (1), Espa\u00f1a (8), Suiza (2), Uruguay (1). Entre ellos, hab\u00eda 22 Maestros, incluidos cuatro con cintur\u00f3n negro de VIII dan (a saber, el Maestro Pablo Campos y el Maestro Marcelo Divano de Argentina, el Maestro Roberto Webster de Nicaragua y el Maestro Jorge Z\u00fcger de Suiza), y 25 Instructores con cintur\u00f3n negro VI dan.<\/p>\n\n\n\n<p>El curso fue impartido por el Maestro Janel Gauthier (Catedr\u00e1tico) y, por orden alfab\u00e9tico, el Maestro Andreu Mart\u00ednez y la Maestra Joliette Tr\u00e2n. Adem\u00e1s, se invit\u00f3 como invitado especial al Maestro Fabi\u00e1n Izquierdo, miembro del Comit\u00e9 de Desarrollo Infantil de la ITF, para hablar sobre la integraci\u00f3n de la ense\u00f1anza del Do en la ense\u00f1anza del Taekwon-Do con ni\u00f1os. El Maestro Abelardo Benzaqu\u00e9n de Argentina, tambi\u00e9n Presidente del Comit\u00e9 de \u00c1rbitros de la ITF, proporcion\u00f3 amablemente la traducci\u00f3n al espa\u00f1ol de las presentaciones realizadas en ingl\u00e9s por el Maestro Gauthier y el Maestro Tr\u00e2n. La Sra. Silvina Carasi de Espa\u00f1a brind\u00f3 asistencia log\u00edstica el d\u00eda 1 y el d\u00eda 2 del curso.<\/p>\n\n\n\n<p>Durante el curso, los participantes tuvieron la oportunidad de aprender sobre una amplia gama de temas y reflexionar sobre muchos de ellos. Estos incluyen, pero no se limitan a, los siguientes:<br>(1) la cultura moral del Taekwon-Do;<br>(2) el origen y significado de la palabra \u201cDo\u201d;<br>(3) los principios del Taekwon-Do (cortes\u00eda, integridad, perseverancia, autocontrol y esp\u00edritu indomable);<br>(4) el Juramento del Estudiante;<br>(5) el desarrollo del razonamiento moral desde la ni\u00f1ez hasta la edad adulta;<br>(6) las relaciones entre los determinantes psicosociales del comportamiento humano y la relevancia del conocimiento psicol\u00f3gico en la ense\u00f1anza del Do y la construcci\u00f3n del car\u00e1cter moral;<br>(7) toma de decisiones \u00e9ticas y c\u00f3mo resolver dilemas morales;<br>(8) motivaci\u00f3n y perseverancia;<br>(9) la integraci\u00f3n de la ense\u00f1anza del Do en la ense\u00f1anza del Taekwon-Do (gu\u00eda general y consejos).<\/p>\n\n\n\n<p>Se utiliz\u00f3 una amplia gama de actividades para captar y mantener la atenci\u00f3n de los participantes a lo largo de cada d\u00eda. Por ejemplo, los participantes fueron encuestados y desafiados con preguntas de prueba durante las presentaciones. En otras ocasiones, los participantes se reun\u00edan en peque\u00f1os grupos en salas virtuales para debatir sobre un tema en particular o encontrar maneras de abordarlo antes de regresar a la sala de reuniones principal para compartir algunas de sus ideas con todo el grupo. A\u00fan en otras ocasiones, fueron desafiados con ejercicios de pensamiento dise\u00f1ados para despertar su inter\u00e9s y curiosidad. Adem\u00e1s, se utilizaron presentaciones y demostraciones de PowerPoint para ayudar a los participantes a comprender mejor la informaci\u00f3n presentada durante el curso. Antes de cada d\u00eda del IDC, a los participantes se les proporcion\u00f3 un enlace a una p\u00e1gina web donde pod\u00edan descargar una copia en PDF del documento que mostraba las diapositivas que se presentar\u00edan durante las sesiones de ese d\u00eda.<\/p>\n\n\n\n<p>Desde el 1 de enero de 2023, los miembros de la ITF que deseen solicitar el ascenso a cintur\u00f3n negro VII dan y superior deben asistir a un IDC para ser elegibles para las pruebas.<\/p>\n\n\n\n<p>El pr\u00f3ximo IDC de 2023 se llevar\u00e1 a cabo en ingl\u00e9s de 3:00 p. m. a 10:00 p. m. los d\u00edas 5 y 19 de noviembre de 2023 (hora UTC). Para obtener m\u00e1s informaci\u00f3n, visite <a href=\"https:\/\/itftkd.sport\/events\/category\/international-do-course\/\" class=\"ek-link\">https:\/\/itftkd.sport\/events\/category\/international-do-course\/<\/a><\/p>\n\n\n\n<p>Suyo en Taekwon-Do,<br><em>Maestro Janel Gauthier, Prof. Dr.<\/em><br><em>Presidente del Comit\u00e9 de Do y \u00c9tica de la ITF<\/em><\/p>\n\n\n\n<figure class=\"wp-block-gallery has-nested-images columns-2 wp-block-gallery-1 is-layout-flex wp-block-gallery-is-layout-flex\">\n<figure class=\"wp-block-image size-large\"><img decoding=\"async\" data-id=\"34068\" src=\"https:\/\/itftkd.sport\/wp-content\/uploads\/2023\/06\/IDC8_1.jpg\" alt=\"\" class=\"wp-image-34068\" \/><\/figure>\n\n\n\n<figure class=\"wp-block-image size-large\"><img decoding=\"async\" data-id=\"34069\" src=\"https:\/\/itftkd.sport\/wp-content\/uploads\/2023\/06\/IDC8_2.jpg\" alt=\"\" class=\"wp-image-34069\" \/><\/figure>\n\n\n\n<figure class=\"wp-block-image size-large\"><img decoding=\"async\" data-id=\"34070\" src=\"https:\/\/itftkd.sport\/wp-content\/uploads\/2023\/06\/IDC8_3.jpg\" alt=\"\" class=\"wp-image-34070\" \/><\/figure>\n\n\n\n<figure class=\"wp-block-image size-large\"><img decoding=\"async\" data-id=\"34071\" src=\"https:\/\/itftkd.sport\/wp-content\/uploads\/2023\/06\/IDC8_4.jpg\" alt=\"\" class=\"wp-image-34071\" \/><\/figure>\n\n\n\n<figure class=\"wp-block-image size-large\"><img decoding=\"async\" data-id=\"34072\" src=\"https:\/\/itftkd.sport\/wp-content\/uploads\/2023\/06\/IDC8_5.jpg\" alt=\"\" class=\"wp-image-34072\" \/><\/figure>\n\n\n\n<figure class=\"wp-block-image size-large\"><img decoding=\"async\" data-id=\"34074\" src=\"https:\/\/itftkd.sport\/wp-content\/uploads\/2023\/06\/IDC8_6.jpg\" alt=\"\" class=\"wp-image-34074\" \/><\/figure>\n\n\n\n<figure class=\"wp-block-image size-large\"><img decoding=\"async\" data-id=\"34073\" src=\"https:\/\/itftkd.sport\/wp-content\/uploads\/2023\/06\/IDC8_8.jpg\" alt=\"\" class=\"wp-image-34073\" \/><\/figure>\n\n\n\n<figure class=\"wp-block-image size-large\"><img decoding=\"async\" data-id=\"34075\" src=\"https:\/\/itftkd.sport\/wp-content\/uploads\/2023\/06\/IDC8_9.jpg\" alt=\"\" class=\"wp-image-34075\" \/><\/figure>\n<\/figure>\n","protected":false},"excerpt":{"rendered":"<p>El 8\u00b0 Curso Internacional de Do (IDC) se llev\u00f3 a cabo en l\u00ednea los d\u00edas 21 y 28 de mayo de 2023. Consisti\u00f3 en cuatro sesiones de 3 horas durante &hellip;<\/p>\n","protected":false},"author":14,"featured_media":29233,"comment_status":"open","ping_status":"open","sticky":false,"template":"","format":"standard","meta":{"_tec_requires_first_save":true,"_uag_custom_page_level_css":"","_genesis_hide_title":false,"_genesis_hide_breadcrumbs":false,"_genesis_hide_singular_image":false,"_genesis_hide_footer_widgets":false,"_genesis_custom_body_class":"","_genesis_custom_post_class":"","_genesis_layout":"","_EventAllDay":false,"_EventTimezone":"","_EventStartDate":"","_EventEndDate":"","_EventStartDateUTC":"","_EventEndDateUTC":"","_EventShowMap":false,"_EventShowMapLink":false,"_EventURL":"","_EventCost":"","_EventCostDescription":"","_EventCurrencySymbol":"","_EventCurrencyCode":"","_EventCurrencyPosition":"","_EventDateTimeSeparator":"","_EventTimeRangeSeparator":"","_EventOrganizerID":[],"_EventVenueID":[],"_OrganizerEmail":"","_OrganizerPhone":"","_OrganizerWebsite":"","_VenueAddress":"","_VenueCity":"","_VenueCountry":"","_VenueProvince":"","_VenueState":"","_VenueZip":"","_VenuePhone":"","_VenueURL":"","_VenueStateProvince":"","_VenueLat":"","_VenueLng":"","_VenueShowMap":false,"_VenueShowMapLink":false,"_tribe_blocks_recurrence_rules":"","_tribe_blocks_recurrence_description":"","_tribe_blocks_recurrence_exclusions":"","editor_notices":[],"footnotes":""},"categories":[132,130],"tags":[],"class_list":["post-29751","post","type-post","status-publish","format-standard","has-post-thumbnail","category-destacadas","category-ultimas-noticias","entry"],"featured_image_src":"https:\/\/itftkd.sport\/es\/wp-content\/uploads\/sites\/7\/2023\/01\/IDC-International-Do-Course-2023-600x400.jpg","featured_image_src_square":"https:\/\/itftkd.sport\/es\/wp-content\/uploads\/sites\/7\/2023\/01\/IDC-International-Do-Course-2023-600x600.jpg","author_info":{"display_name":"Daniel Schmidt","author_link":"https:\/\/itftkd.sport\/es\/author\/daniel\/"},"uagb_featured_image_src":{"full":["https:\/\/itftkd.sport\/es\/wp-content\/uploads\/sites\/7\/2023\/01\/IDC-International-Do-Course-2023.jpg",944,708,false],"thumbnail":["https:\/\/itftkd.sport\/es\/wp-content\/uploads\/sites\/7\/2023\/01\/IDC-International-Do-Course-2023-150x150.jpg",150,150,true],"medium":["https:\/\/itftkd.sport\/es\/wp-content\/uploads\/sites\/7\/2023\/01\/IDC-International-Do-Course-2023-300x225.jpg",300,225,true],"medium_large":["https:\/\/itftkd.sport\/es\/wp-content\/uploads\/sites\/7\/2023\/01\/IDC-International-Do-Course-2023-768x576.jpg",768,576,true],"large":["https:\/\/itftkd.sport\/es\/wp-content\/uploads\/sites\/7\/2023\/01\/IDC-International-Do-Course-2023.jpg",944,708,false],"1536x1536":["https:\/\/itftkd.sport\/es\/wp-content\/uploads\/sites\/7\/2023\/01\/IDC-International-Do-Course-2023.jpg",944,708,false],"2048x2048":["https:\/\/itftkd.sport\/es\/wp-content\/uploads\/sites\/7\/2023\/01\/IDC-International-Do-Course-2023.jpg",944,708,false],"banner":["https:\/\/itftkd.sport\/es\/wp-content\/uploads\/sites\/7\/2023\/01\/IDC-International-Do-Course-2023-944x533.jpg",944,533,true],"section":["https:\/\/itftkd.sport\/es\/wp-content\/uploads\/sites\/7\/2023\/01\/IDC-International-Do-Course-2023.jpg",944,708,false],"full-width":["https:\/\/itftkd.sport\/es\/wp-content\/uploads\/sites\/7\/2023\/01\/IDC-International-Do-Course-2023.jpg",944,708,false],"featured":["https:\/\/itftkd.sport\/es\/wp-content\/uploads\/sites\/7\/2023\/01\/IDC-International-Do-Course-2023-800x600.jpg",800,600,true],"one-half":["https:\/\/itftkd.sport\/es\/wp-content\/uploads\/sites\/7\/2023\/01\/IDC-International-Do-Course-2023-550x413.jpg",550,413,true],"one-third":["https:\/\/itftkd.sport\/es\/wp-content\/uploads\/sites\/7\/2023\/01\/IDC-International-Do-Course-2023-350x263.jpg",350,263,true],"one-fourth":["https:\/\/itftkd.sport\/es\/wp-content\/uploads\/sites\/7\/2023\/01\/IDC-International-Do-Course-2023-260x195.jpg",260,195,true],"tiny":["https:\/\/itftkd.sport\/es\/wp-content\/uploads\/sites\/7\/2023\/01\/IDC-International-Do-Course-2023-80x80.jpg",80,80,true],"ab-block-post-grid-landscape":["https:\/\/itftkd.sport\/es\/wp-content\/uploads\/sites\/7\/2023\/01\/IDC-International-Do-Course-2023-600x400.jpg",600,400,true],"ab-block-post-grid-square":["https:\/\/itftkd.sport\/es\/wp-content\/uploads\/sites\/7\/2023\/01\/IDC-International-Do-Course-2023-600x600.jpg",600,600,true],"gform-image-choice-sm":["https:\/\/itftkd.sport\/es\/wp-content\/uploads\/sites\/7\/2023\/01\/IDC-International-Do-Course-2023.jpg",300,225,false],"gform-image-choice-md":["https:\/\/itftkd.sport\/es\/wp-content\/uploads\/sites\/7\/2023\/01\/IDC-International-Do-Course-2023.jpg",400,300,false],"gform-image-choice-lg":["https:\/\/itftkd.sport\/es\/wp-content\/uploads\/sites\/7\/2023\/01\/IDC-International-Do-Course-2023.jpg",600,450,false]},"uagb_author_info":{"display_name":"Daniel Schmidt","author_link":"https:\/\/itftkd.sport\/es\/author\/daniel\/"},"uagb_comment_info":0,"uagb_excerpt":"El 8\u00b0 Curso Internacional de Do (IDC) se llev\u00f3 a cabo en l\u00ednea los d\u00edas 21 y 28 de mayo de 2023. Consisti\u00f3 en cuatro sesiones de 3 horas durante &hellip;","_links":{"self":[{"href":"https:\/\/itftkd.sport\/es\/wp-json\/wp\/v2\/posts\/29751","targetHints":{"allow":["GET"]}}],"collection":[{"href":"https:\/\/itftkd.sport\/es\/wp-json\/wp\/v2\/posts"}],"about":[{"href":"https:\/\/itftkd.sport\/es\/wp-json\/wp\/v2\/types\/post"}],"author":[{"embeddable":true,"href":"https:\/\/itftkd.sport\/es\/wp-json\/wp\/v2\/users\/14"}],"replies":[{"embeddable":true,"href":"https:\/\/itftkd.sport\/es\/wp-json\/wp\/v2\/comments?post=29751"}],"version-history":[{"count":1,"href":"https:\/\/itftkd.sport\/es\/wp-json\/wp\/v2\/posts\/29751\/revisions"}],"predecessor-version":[{"id":29753,"href":"https:\/\/itftkd.sport\/es\/wp-json\/wp\/v2\/posts\/29751\/revisions\/29753"}],"wp:featuredmedia":[{"embeddable":true,"href":"https:\/\/itftkd.sport\/es\/wp-json\/wp\/v2\/media\/29233"}],"wp:attachment":[{"href":"https:\/\/itftkd.sport\/es\/wp-json\/wp\/v2\/media?parent=29751"}],"wp:term":[{"taxonomy":"category","embeddable":true,"href":"https:\/\/itftkd.sport\/es\/wp-json\/wp\/v2\/categories?post=29751"},{"taxonomy":"post_tag","embeddable":true,"href":"https:\/\/itftkd.sport\/es\/wp-json\/wp\/v2\/tags?post=29751"}],"curies":[{"name":"wp","href":"https:\/\/api.w.org\/{rel}","templated":true}]}}