{"id":29746,"date":"2023-07-08T15:22:47","date_gmt":"2023-07-08T13:22:47","guid":{"rendered":"https:\/\/itftkd.sport\/es\/?p=29746"},"modified":"2023-07-25T15:28:39","modified_gmt":"2023-07-25T13:28:39","slug":"reporte-de-la-2da-conferencia-de-entrenadores-de-la-itf","status":"publish","type":"post","link":"https:\/\/itftkd.sport\/es\/reporte-de-la-2da-conferencia-de-entrenadores-de-la-itf\/","title":{"rendered":"Reporte de la 2da Conferencia de Entrenadores de la ITF"},"content":{"rendered":"\n<figure class=\"wp-block-image size-large\"><a href=\"https:\/\/itftkd.sport\/wp-content\/uploads\/2023\/07\/2nd-Coach-Conference-7-1024x290.jpg\"><img decoding=\"async\" src=\"https:\/\/itftkd.sport\/wp-content\/uploads\/2023\/07\/2nd-Coach-Conference-7-1024x290.jpg\" alt=\"\" class=\"wp-image-34301\" \/><\/a><\/figure>\n\n\n\n<p>Los d\u00edas 30 de junio, 1 y 2 de julio se celebr\u00f3 la 2.\u00aa Conferencia de Entrenadores de la ITF en Limerick, Irlanda, bajo los auspicios del Comit\u00e9 de Entrenadores de la ITF. M\u00e1s de 100 entrenadores, instructores y estudiantes de 16 pa\u00edses asistieron a un fin de semana de aprendizaje, intercambio, discusi\u00f3n y socializaci\u00f3n en los hermosos alrededores de la Universidad de Limerick. Estuvimos encantados en esta ocasi\u00f3n de tener visitantes de Argentina, Nueva Zelanda, Canad\u00e1, Estados Unidos y toda Europa. Coordinada por el Maestro Adrian Byrne, el Maestro Stephen Ryan y el Gran Maestro Wim Bos, la conferencia combina entrenamiento pr\u00e1ctico de Taekwon-Do con conferencias basadas en la teor\u00eda y aportes de expertos acad\u00e9micos y de otros deportes.<\/p>\n\n\n\n<p><strong>D\u00eda 1<\/strong><\/p>\n\n\n\n<p>Este a\u00f1o abrimos con una conferencia de psicolog\u00eda sobre el desempe\u00f1o bajo presi\u00f3n impartida por el Maestro Leonardo Oros Duek, Presidente de la AETF y Tesorero de la ITF. Una charla muy en\u00e9rgica fue bien recibida y las preguntas fueron respondidas r\u00e1pidamente. Despu\u00e9s de esto, una presentaci\u00f3n detallada de Declan O&#8217;Leary de Sport Ireland sobre la incorporaci\u00f3n del desarrollo de la alfabetizaci\u00f3n f\u00edsica para aumentar la probabilidad de mantener la participaci\u00f3n en Taekwon-Do a lo largo de la vida. Muchos de los asistentes estaban emocionados de ver un pensamiento de alto nivel sobre c\u00f3mo mejorar la vida de las personas a trav\u00e9s de la confianza f\u00edsica, la competencia, el conocimiento y la comprensi\u00f3n.<\/p>\n\n\n\n<figure class=\"wp-block-image size-full\"><a href=\"https:\/\/itftkd.sport\/wp-content\/uploads\/2023\/07\/2nd-Coach-Conference.jpg\"><img decoding=\"async\" src=\"https:\/\/itftkd.sport\/wp-content\/uploads\/2023\/07\/2nd-Coach-Conference.jpg\" alt=\"\" class=\"wp-image-34293\" \/><\/a><\/figure>\n\n\n\n<p>Luego nos trasladamos a la Universidad de Limerick Arena donde los participantes pod\u00edan elegir entre dos talleres; El desarrollo de la habilidad de Patadas y la Flexibilidad con el GM Bos y el Maestro Ryan o la primera de las cl\u00ednicas de sparring del Maestro Tapilatu. Ambos fueron muy bien atendidos y los entrenadores entraron en un modo de aprendizaje que durar\u00eda todo el fin de semana. Todos nuestros presentadores hicieron todo lo posible para comprometerse e involucrar a los participantes como entrenadores y no como atletas\/estudiantes. Se alentaron y apoyaron el cuestionamiento, el pensamiento individual y la resoluci\u00f3n de problemas.<\/p>\n\n\n\n<p>Ambos grupos estuvieron completamente energizados para los talleres finales del primer d\u00eda, eligiendo entre &#8216;Preparaci\u00f3n para el rendimiento de patrones de alto nivel&#8217; con Sabum Brider y &#8216;Entrenamiento efectivo para la prueba de potencia&#8217; con Sabum Doogan. Los participantes exploraron diferentes formas de dar retroalimentaci\u00f3n en patr\u00f3n y algunos consejos y trucos para hacer que los tableros parezcan m\u00e1s suaves.<\/p>\n\n\n\n<p><strong>D\u00eda 2<\/strong><\/p>\n\n\n\n<p>Nuestra ma\u00f1ana comenz\u00f3 con una conferencia muy interesante sobre Adquisici\u00f3n de Habilidades impartida por el Dr. Philip Kearney. Nuestros participantes fueron guiados a trav\u00e9s de la teor\u00eda detr\u00e1s del desarrollo de pensadores cr\u00edticos y tomadores de decisiones en el sparring haciendo que los entrenadores sean m\u00e1s FERALES (es un acr\u00f3nimo).<\/p>\n\n\n\n<p>Luego, los participantes podr\u00edan seguir la conferencia con una exposici\u00f3n pr\u00e1ctica de la teor\u00eda dirigida por Masters Byrne y Ryan o la segunda variaci\u00f3n del taller de patrones de Sabum Brider. Los participantes experimentaron con enfoques de combate dirigidos por restricciones para abordar los desaf\u00edos que se encuentran com\u00fanmente y diferentes formas de ver el movimiento en patr\u00f3n, haciendo coincidir la sensaci\u00f3n con las se\u00f1ales de rendimiento.<\/p>\n\n\n\n<p>La siguiente elecci\u00f3n fue entre una mirada fascinante sobre c\u00f3mo las gimnastas abordan el desarrollo de la flexibilidad de Adam Doyle de Irish Gymnastics o una sesi\u00f3n divertida de experimentaci\u00f3n con m\u00e9todos de entrenamiento para t\u00e9cnicas especiales con Sabum Doogan. La toma de notas fue fren\u00e9tica ya que los participantes obtuvieron pepitas de oro de informaci\u00f3n de Adam Doyle, destacando la postura y la alineaci\u00f3n correctas a lo largo de cada ejercicio. Mientras tanto, los participantes volaban alto y encontraban nuevas formas de aterrizar con Sabum Doogan.<\/p>\n\n\n\n<p>Despu\u00e9s del almuerzo, se llev\u00f3 a cabo un taller de combate de alto ritmo con el Maestro Tapilatu que analiz\u00f3 la construcci\u00f3n de combinaciones de manera efectiva y bajo presi\u00f3n. Adam Doyle de Irish Gymnastics tambi\u00e9n regres\u00f3 a las lonas con su segunda presentaci\u00f3n sobre el desarrollo de saltos y aterrizajes seguros y efectivos para preadolescentes. Otra mirada detallada y fascinante a un tema muy universal.<\/p>\n\n\n\n<p>Nuestro d\u00eda termin\u00f3 con una conferencia muy apasionada y en\u00e9rgica sobre la construcci\u00f3n de un club exitoso y una organizaci\u00f3n del Gran Maestro Per Andresen basada en valores, mucha energ\u00eda y grandes sonrisas. Esto condujo muy bien a una reuni\u00f3n social cuando fuimos al patio de los establos para una barbacoa y algunas bebidas locales.<\/p>\n\n\n\n<div class=\"tb-gallery\" data-toolset-blocks-gallery=\"2efddeffbc1334aae9bf498bf46d1456\"><ul class=\"tb-gallery tb-gallery--collage\"><li class=\"tb-gallery__cell\"><div class=\"tb-brick__content\"><figure><a href=\"https:\/\/itftkd.sport\/wp-content\/uploads\/2023\/07\/2nd-Coach-Conference-1.jpg\" data-lightbox=\"e0e11062-0fbb-4d58-ac39-685347584f31\"><img decoding=\"async\" src=\"https:\/\/itftkd.sport\/wp-content\/uploads\/2023\/07\/2nd-Coach-Conference-1.jpg\" alt=\"\" data-id=\"34294\" data-full-url=\"https:\/\/itftkd.sport\/wp-content\/uploads\/2023\/07\/2nd-Coach-Conference-1.jpg\" data-link=\"https:\/\/itftkd.sport\/2nd-coach-conference-1\/\" class=\"wp-image-34294\" \/><\/a><\/figure><\/div><\/li><li class=\"tb-gallery__cell\"><div class=\"tb-brick__content\"><figure><a href=\"https:\/\/itftkd.sport\/wp-content\/uploads\/2023\/07\/2nd-Coach-Conference-4.jpg\" data-lightbox=\"e0e11062-0fbb-4d58-ac39-685347584f31\"><img decoding=\"async\" src=\"https:\/\/itftkd.sport\/wp-content\/uploads\/2023\/07\/2nd-Coach-Conference-4-768x1024.jpg\" alt=\"\" data-id=\"34298\" data-full-url=\"https:\/\/itftkd.sport\/wp-content\/uploads\/2023\/07\/2nd-Coach-Conference-4.jpg\" data-link=\"https:\/\/itftkd.sport\/2nd-coach-conference-4\/\" class=\"wp-image-34298\" \/><\/a><\/figure><\/div><\/li><li class=\"tb-gallery__cell\"><div class=\"tb-brick__content\"><figure><a href=\"https:\/\/itftkd.sport\/wp-content\/uploads\/2023\/07\/2nd-Coach-Conference-6.jpg\" data-lightbox=\"e0e11062-0fbb-4d58-ac39-685347584f31\"><img decoding=\"async\" src=\"https:\/\/itftkd.sport\/wp-content\/uploads\/2023\/07\/2nd-Coach-Conference-6.jpg\" alt=\"\" data-id=\"34300\" data-full-url=\"https:\/\/itftkd.sport\/wp-content\/uploads\/2023\/07\/2nd-Coach-Conference-6.jpg\" data-link=\"https:\/\/itftkd.sport\/2nd-coach-conference-6\/\" class=\"wp-image-34300\" \/><\/a><\/figure><\/div><\/li><li class=\"tb-gallery__cell\"><div class=\"tb-brick__content\"><figure><a href=\"https:\/\/itftkd.sport\/wp-content\/uploads\/2023\/07\/2nd-Coach-Conference-5.jpg\" data-lightbox=\"e0e11062-0fbb-4d58-ac39-685347584f31\"><img decoding=\"async\" src=\"https:\/\/itftkd.sport\/wp-content\/uploads\/2023\/07\/2nd-Coach-Conference-5.jpg\" alt=\"\" data-id=\"34299\" data-full-url=\"https:\/\/itftkd.sport\/wp-content\/uploads\/2023\/07\/2nd-Coach-Conference-5.jpg\" data-link=\"https:\/\/itftkd.sport\/2nd-coach-conference-5\/\" class=\"wp-image-34299\" \/><\/a><\/figure><\/div><\/li><li class=\"tb-gallery__cell\"><div class=\"tb-brick__content\"><figure><a href=\"https:\/\/itftkd.sport\/wp-content\/uploads\/2023\/07\/2nd-Coach-Conference-4-2.jpg\" data-lightbox=\"e0e11062-0fbb-4d58-ac39-685347584f31\"><img decoding=\"async\" src=\"https:\/\/itftkd.sport\/wp-content\/uploads\/2023\/07\/2nd-Coach-Conference-4-2.jpg\" alt=\"\" data-id=\"34297\" data-full-url=\"https:\/\/itftkd.sport\/wp-content\/uploads\/2023\/07\/2nd-Coach-Conference-4-2.jpg\" data-link=\"https:\/\/itftkd.sport\/2nd-coach-conference-4-2\/\" class=\"wp-image-34297\" \/><\/a><\/figure><\/div><\/li><li class=\"tb-gallery__cell\"><div class=\"tb-brick__content\"><figure><a href=\"https:\/\/itftkd.sport\/wp-content\/uploads\/2023\/07\/2nd-Coach-Conference-3-scaled.jpg\" data-lightbox=\"e0e11062-0fbb-4d58-ac39-685347584f31\"><img decoding=\"async\" src=\"https:\/\/itftkd.sport\/wp-content\/uploads\/2023\/07\/2nd-Coach-Conference-3-1024x768.jpg\" alt=\"\" data-id=\"34296\" data-full-url=\"https:\/\/itftkd.sport\/wp-content\/uploads\/2023\/07\/2nd-Coach-Conference-3-scaled.jpg\" data-link=\"https:\/\/itftkd.sport\/2nd-coach-conference-3\/\" class=\"wp-image-34296\" \/><\/a><\/figure><\/div><\/li><li class=\"tb-gallery__cell\"><div class=\"tb-brick__content\"><figure><a href=\"https:\/\/itftkd.sport\/wp-content\/uploads\/2023\/07\/2nd-Coach-Conference-2.jpg\" data-lightbox=\"e0e11062-0fbb-4d58-ac39-685347584f31\"><img decoding=\"async\" src=\"https:\/\/itftkd.sport\/wp-content\/uploads\/2023\/07\/2nd-Coach-Conference-2.jpg\" alt=\"\" data-id=\"34295\" data-full-url=\"https:\/\/itftkd.sport\/wp-content\/uploads\/2023\/07\/2nd-Coach-Conference-2.jpg\" data-link=\"https:\/\/itftkd.sport\/2nd-coach-conference-2\/\" class=\"wp-image-34295\" \/><\/a><\/figure><\/div><\/li><\/ul><\/div>\n\n\n\n<p><strong>D\u00eda 3<\/strong><\/p>\n\n\n\n<p>Nuestro \u00faltimo d\u00eda de aprendizaje comenz\u00f3 con una exploraci\u00f3n adicional de los enfoques basados en restricciones para la toma de decisiones de los atletas en el combate con Masters Byrne y Ryan junto con una gran clase magistral de patr\u00f3n del GM Per Andresen y el GM Bos asistido en este caso por Sabum Brider.<\/p>\n\n\n\n<p>Nuestras sesiones finales fueron otra sesi\u00f3n de sparring de alto ritmo centrada en Blitz y Back Kick de Master Tapilatu y una continuaci\u00f3n de la sesi\u00f3n anterior de prueba de poder de Sabum Doogan que se centr\u00f3 en varias formas de abordar la patada lateral. Algunos de los participantes hicieron 4 descansos en la tabla como una buena marca personal para llevarse a casa de la conferencia.<\/p>\n\n\n\n<p>El toque final fue un panel de discusi\u00f3n con todos nuestros presentadores respondiendo preguntas de los participantes sobre toda la gama de temas tratados durante la conferencia. Tambi\u00e9n escuchamos algunos comentarios del grupo y quiz\u00e1s nuestro favorito fue \u00abnecesitamos uno de estos cada a\u00f1o\u00bb.<\/p>\n\n\n\n<p>En definitiva, un fin de semana fant\u00e1stico para compartir conocimientos, habilidades y experiencias en un ambiente divertido y relajado para todos los entrenadores, instructores y estudiantes interesados. Gracias a todos los que asistieron e hicieron de este un evento tan especial. \u00a1Espero con ansias el pr\u00f3ximo!<\/p>\n\n\n\n<p>Maestro Adrian Byrne<br>Presidente del Comit\u00e9 de Coaches de la ITF<\/p>\n","protected":false},"excerpt":{"rendered":"<p>Los d\u00edas 30 de junio, 1 y 2 de julio se celebr\u00f3 la 2.\u00aa Conferencia de Entrenadores de la ITF en Limerick, Irlanda, bajo los auspicios del Comit\u00e9 de Entrenadores &hellip;<\/p>\n","protected":false},"author":10,"featured_media":29747,"comment_status":"open","ping_status":"open","sticky":false,"template":"","format":"standard","meta":{"_tec_requires_first_save":true,"_uag_custom_page_level_css":"","_genesis_hide_title":false,"_genesis_hide_breadcrumbs":false,"_genesis_hide_singular_image":false,"_genesis_hide_footer_widgets":false,"_genesis_custom_body_class":"","_genesis_custom_post_class":"","_genesis_layout":"","_EventAllDay":false,"_EventTimezone":"","_EventStartDate":"","_EventEndDate":"","_EventStartDateUTC":"","_EventEndDateUTC":"","_EventShowMap":false,"_EventShowMapLink":false,"_EventURL":"","_EventCost":"","_EventCostDescription":"","_EventCurrencySymbol":"","_EventCurrencyCode":"","_EventCurrencyPosition":"","_EventDateTimeSeparator":"","_EventTimeRangeSeparator":"","_EventOrganizerID":[],"_EventVenueID":[],"_OrganizerEmail":"","_OrganizerPhone":"","_OrganizerWebsite":"","_VenueAddress":"","_VenueCity":"","_VenueCountry":"","_VenueProvince":"","_VenueState":"","_VenueZip":"","_VenuePhone":"","_VenueURL":"","_VenueStateProvince":"","_VenueLat":"","_VenueLng":"","_VenueShowMap":false,"_VenueShowMapLink":false,"_tribe_blocks_recurrence_rules":"","_tribe_blocks_recurrence_description":"","_tribe_blocks_recurrence_exclusions":"","editor_notices":[],"footnotes":""},"categories":[132,130],"tags":[],"class_list":["post-29746","post","type-post","status-publish","format-standard","has-post-thumbnail","category-destacadas","category-ultimas-noticias","entry"],"featured_image_src":"https:\/\/itftkd.sport\/es\/wp-content\/uploads\/sites\/7\/2023\/07\/2nd-Coaches-Report-600x400.jpg","featured_image_src_square":"https:\/\/itftkd.sport\/es\/wp-content\/uploads\/sites\/7\/2023\/07\/2nd-Coaches-Report-600x600.jpg","author_info":{"display_name":"ivan","author_link":"https:\/\/itftkd.sport\/es\/author\/ivan\/"},"uagb_featured_image_src":{"full":["https:\/\/itftkd.sport\/es\/wp-content\/uploads\/sites\/7\/2023\/07\/2nd-Coaches-Report.jpg",800,600,false],"thumbnail":["https:\/\/itftkd.sport\/es\/wp-content\/uploads\/sites\/7\/2023\/07\/2nd-Coaches-Report-150x150.jpg",150,150,true],"medium":["https:\/\/itftkd.sport\/es\/wp-content\/uploads\/sites\/7\/2023\/07\/2nd-Coaches-Report-300x225.jpg",300,225,true],"medium_large":["https:\/\/itftkd.sport\/es\/wp-content\/uploads\/sites\/7\/2023\/07\/2nd-Coaches-Report-768x576.jpg",768,576,true],"large":["https:\/\/itftkd.sport\/es\/wp-content\/uploads\/sites\/7\/2023\/07\/2nd-Coaches-Report.jpg",800,600,false],"1536x1536":["https:\/\/itftkd.sport\/es\/wp-content\/uploads\/sites\/7\/2023\/07\/2nd-Coaches-Report.jpg",800,600,false],"2048x2048":["https:\/\/itftkd.sport\/es\/wp-content\/uploads\/sites\/7\/2023\/07\/2nd-Coaches-Report.jpg",800,600,false],"banner":["https:\/\/itftkd.sport\/es\/wp-content\/uploads\/sites\/7\/2023\/07\/2nd-Coaches-Report-800x533.jpg",800,533,true],"section":["https:\/\/itftkd.sport\/es\/wp-content\/uploads\/sites\/7\/2023\/07\/2nd-Coaches-Report.jpg",800,600,false],"full-width":["https:\/\/itftkd.sport\/es\/wp-content\/uploads\/sites\/7\/2023\/07\/2nd-Coaches-Report.jpg",800,600,false],"featured":["https:\/\/itftkd.sport\/es\/wp-content\/uploads\/sites\/7\/2023\/07\/2nd-Coaches-Report.jpg",800,600,false],"one-half":["https:\/\/itftkd.sport\/es\/wp-content\/uploads\/sites\/7\/2023\/07\/2nd-Coaches-Report-550x413.jpg",550,413,true],"one-third":["https:\/\/itftkd.sport\/es\/wp-content\/uploads\/sites\/7\/2023\/07\/2nd-Coaches-Report-350x263.jpg",350,263,true],"one-fourth":["https:\/\/itftkd.sport\/es\/wp-content\/uploads\/sites\/7\/2023\/07\/2nd-Coaches-Report-260x195.jpg",260,195,true],"tiny":["https:\/\/itftkd.sport\/es\/wp-content\/uploads\/sites\/7\/2023\/07\/2nd-Coaches-Report-80x80.jpg",80,80,true],"ab-block-post-grid-landscape":["https:\/\/itftkd.sport\/es\/wp-content\/uploads\/sites\/7\/2023\/07\/2nd-Coaches-Report-600x400.jpg",600,400,true],"ab-block-post-grid-square":["https:\/\/itftkd.sport\/es\/wp-content\/uploads\/sites\/7\/2023\/07\/2nd-Coaches-Report-600x600.jpg",600,600,true],"gform-image-choice-sm":["https:\/\/itftkd.sport\/es\/wp-content\/uploads\/sites\/7\/2023\/07\/2nd-Coaches-Report.jpg",300,225,false],"gform-image-choice-md":["https:\/\/itftkd.sport\/es\/wp-content\/uploads\/sites\/7\/2023\/07\/2nd-Coaches-Report.jpg",400,300,false],"gform-image-choice-lg":["https:\/\/itftkd.sport\/es\/wp-content\/uploads\/sites\/7\/2023\/07\/2nd-Coaches-Report.jpg",600,450,false]},"uagb_author_info":{"display_name":"ivan","author_link":"https:\/\/itftkd.sport\/es\/author\/ivan\/"},"uagb_comment_info":0,"uagb_excerpt":"Los d\u00edas 30 de junio, 1 y 2 de julio se celebr\u00f3 la 2.\u00aa Conferencia de Entrenadores de la ITF en Limerick, Irlanda, bajo los auspicios del Comit\u00e9 de Entrenadores &hellip;","_links":{"self":[{"href":"https:\/\/itftkd.sport\/es\/wp-json\/wp\/v2\/posts\/29746","targetHints":{"allow":["GET"]}}],"collection":[{"href":"https:\/\/itftkd.sport\/es\/wp-json\/wp\/v2\/posts"}],"about":[{"href":"https:\/\/itftkd.sport\/es\/wp-json\/wp\/v2\/types\/post"}],"author":[{"embeddable":true,"href":"https:\/\/itftkd.sport\/es\/wp-json\/wp\/v2\/users\/10"}],"replies":[{"embeddable":true,"href":"https:\/\/itftkd.sport\/es\/wp-json\/wp\/v2\/comments?post=29746"}],"version-history":[{"count":2,"href":"https:\/\/itftkd.sport\/es\/wp-json\/wp\/v2\/posts\/29746\/revisions"}],"predecessor-version":[{"id":29750,"href":"https:\/\/itftkd.sport\/es\/wp-json\/wp\/v2\/posts\/29746\/revisions\/29750"}],"wp:featuredmedia":[{"embeddable":true,"href":"https:\/\/itftkd.sport\/es\/wp-json\/wp\/v2\/media\/29747"}],"wp:attachment":[{"href":"https:\/\/itftkd.sport\/es\/wp-json\/wp\/v2\/media?parent=29746"}],"wp:term":[{"taxonomy":"category","embeddable":true,"href":"https:\/\/itftkd.sport\/es\/wp-json\/wp\/v2\/categories?post=29746"},{"taxonomy":"post_tag","embeddable":true,"href":"https:\/\/itftkd.sport\/es\/wp-json\/wp\/v2\/tags?post=29746"}],"curies":[{"name":"wp","href":"https:\/\/api.w.org\/{rel}","templated":true}]}}