{"id":29742,"date":"2023-07-21T15:09:47","date_gmt":"2023-07-21T13:09:47","guid":{"rendered":"https:\/\/itftkd.sport\/es\/?p=29742"},"modified":"2023-07-25T15:18:42","modified_gmt":"2023-07-25T13:18:42","slug":"presentamos-la-politica-de-proteccion-infantil-de-la-itf-2","status":"publish","type":"post","link":"https:\/\/itftkd.sport\/es\/presentamos-la-politica-de-proteccion-infantil-de-la-itf-2\/","title":{"rendered":"Presentamos la Pol\u00edtica de protecci\u00f3n infantil de la ITF"},"content":{"rendered":"\n<p>El Comit\u00e9 de Desarrollo Infantil de la ITF se complace en anunciar un paso importante en nuestro compromiso de crear un entorno seguro para todos los ni\u00f1os a los que servimos: presentamos la nueva <a href=\"https:\/\/itftkd.sport\/es\/wp-content\/uploads\/sites\/7\/2023\/07\/Politica-de-Proteccion-Infantil.pdf\" class=\"ek-link\">Pol\u00edtica de protecci\u00f3n infantil de la ITF<\/a>. Un documento integral destinado a salvaguardar a todos los ni\u00f1os involucrados dentro del alcance de la ITF. Creemos firmemente que proteger a los ni\u00f1os no es solo una responsabilidad, sino una obligaci\u00f3n moral, y nos esforzamos por mantener los m\u00e1s altos est\u00e1ndares de protecci\u00f3n infantil en todas nuestras actividades.<\/p>\n\n\n\n<p>La ITF otorga un gran valor a la promoci\u00f3n de una atm\u00f3sfera en la que los ni\u00f1os puedan sentirse seguros, cuidados y empoderados. Podemos lograr esto dando una alta prioridad a los derechos de los ni\u00f1os y hemos utilizado la &#8216;<a href=\"https:\/\/www.unicef.org\/es\/convencion-derechos-nino\/texto-convencion\" class=\"ek-link\">Convenci\u00f3n de las Naciones Unidas sobre los Derechos del Ni\u00f1o (UNCRC)<\/a>&#8216; para que sirva como base para esto.<\/p>\n\n\n\n<p>Los procedimientos de esta pol\u00edtica han sido parcialmente copiados y adaptados de la Pol\u00edtica de Acoso de Adultos de la ITF para mantener los procedimientos disciplinarios lo m\u00e1s coherentes posible. Nuestro comit\u00e9 agradece al Comit\u00e9 de Mujeres y a todos los colaboradores que trabajaron en la Pol\u00edtica de Acoso de Adultos de la ITF.<\/p>\n\n\n\n<p>Escribir la Pol\u00edtica de protecci\u00f3n infantil es solo el comienzo. Pronto lanzaremos una campa\u00f1a para crear conciencia, promover la comprensi\u00f3n y alentar la participaci\u00f3n activa en los esfuerzos de salvaguardia.<\/p>\n\n\n\n<p>Continuaremos revisando y mejorando nuestras pol\u00edticas y procedimientos para brindar el m\u00e1s alto nivel de protecci\u00f3n a los ni\u00f1os.<\/p>\n\n\n\n<p>Trabajemos juntos para crear un ambiente seguro y protegido donde todos los ni\u00f1os puedan crecer sanos.<\/p>\n\n\n\n<p><strong>GM Donato Nardizzi<\/strong><br>Presidente del Comit\u00e9 para el Desarrollo Infantil de la ITF<\/p>\n","protected":false},"excerpt":{"rendered":"<p>El Comit\u00e9 de Desarrollo Infantil de la ITF se complace en anunciar un paso importante en nuestro compromiso de crear un entorno seguro para todos los ni\u00f1os a los que &hellip;<\/p>\n","protected":false},"author":4,"featured_media":29744,"comment_status":"open","ping_status":"open","sticky":false,"template":"","format":"standard","meta":{"_tec_requires_first_save":true,"_uag_custom_page_level_css":"","_genesis_hide_title":false,"_genesis_hide_breadcrumbs":false,"_genesis_hide_singular_image":false,"_genesis_hide_footer_widgets":false,"_genesis_custom_body_class":"","_genesis_custom_post_class":"","_genesis_layout":"","_EventAllDay":false,"_EventTimezone":"","_EventStartDate":"","_EventEndDate":"","_EventStartDateUTC":"","_EventEndDateUTC":"","_EventShowMap":false,"_EventShowMapLink":false,"_EventURL":"","_EventCost":"","_EventCostDescription":"","_EventCurrencySymbol":"","_EventCurrencyCode":"","_EventCurrencyPosition":"","_EventDateTimeSeparator":"","_EventTimeRangeSeparator":"","_EventOrganizerID":[],"_EventVenueID":[],"_OrganizerEmail":"","_OrganizerPhone":"","_OrganizerWebsite":"","_VenueAddress":"","_VenueCity":"","_VenueCountry":"","_VenueProvince":"","_VenueState":"","_VenueZip":"","_VenuePhone":"","_VenueURL":"","_VenueStateProvince":"","_VenueLat":"","_VenueLng":"","_VenueShowMap":false,"_VenueShowMapLink":false,"_tribe_blocks_recurrence_rules":"","_tribe_blocks_recurrence_description":"","_tribe_blocks_recurrence_exclusions":"","editor_notices":[],"footnotes":""},"categories":[132,131,130],"tags":[],"class_list":["post-29742","post","type-post","status-publish","format-standard","has-post-thumbnail","category-destacadas","category-noticias-institucionales","category-ultimas-noticias","entry"],"featured_image_src":"https:\/\/itftkd.sport\/es\/wp-content\/uploads\/sites\/7\/2023\/07\/Featured-Image-Politica-de-proteccion-infantil-600x400.jpg","featured_image_src_square":"https:\/\/itftkd.sport\/es\/wp-content\/uploads\/sites\/7\/2023\/07\/Featured-Image-Politica-de-proteccion-infantil-600x600.jpg","author_info":{"display_name":"FABIAN ITF","author_link":"https:\/\/itftkd.sport\/es\/author\/fabian-itf\/"},"uagb_featured_image_src":{"full":["https:\/\/itftkd.sport\/es\/wp-content\/uploads\/sites\/7\/2023\/07\/Featured-Image-Politica-de-proteccion-infantil.jpg",800,600,false],"thumbnail":["https:\/\/itftkd.sport\/es\/wp-content\/uploads\/sites\/7\/2023\/07\/Featured-Image-Politica-de-proteccion-infantil-150x150.jpg",150,150,true],"medium":["https:\/\/itftkd.sport\/es\/wp-content\/uploads\/sites\/7\/2023\/07\/Featured-Image-Politica-de-proteccion-infantil-300x225.jpg",300,225,true],"medium_large":["https:\/\/itftkd.sport\/es\/wp-content\/uploads\/sites\/7\/2023\/07\/Featured-Image-Politica-de-proteccion-infantil-768x576.jpg",768,576,true],"large":["https:\/\/itftkd.sport\/es\/wp-content\/uploads\/sites\/7\/2023\/07\/Featured-Image-Politica-de-proteccion-infantil.jpg",800,600,false],"1536x1536":["https:\/\/itftkd.sport\/es\/wp-content\/uploads\/sites\/7\/2023\/07\/Featured-Image-Politica-de-proteccion-infantil.jpg",800,600,false],"2048x2048":["https:\/\/itftkd.sport\/es\/wp-content\/uploads\/sites\/7\/2023\/07\/Featured-Image-Politica-de-proteccion-infantil.jpg",800,600,false],"banner":["https:\/\/itftkd.sport\/es\/wp-content\/uploads\/sites\/7\/2023\/07\/Featured-Image-Politica-de-proteccion-infantil-800x533.jpg",800,533,true],"section":["https:\/\/itftkd.sport\/es\/wp-content\/uploads\/sites\/7\/2023\/07\/Featured-Image-Politica-de-proteccion-infantil.jpg",800,600,false],"full-width":["https:\/\/itftkd.sport\/es\/wp-content\/uploads\/sites\/7\/2023\/07\/Featured-Image-Politica-de-proteccion-infantil.jpg",800,600,false],"featured":["https:\/\/itftkd.sport\/es\/wp-content\/uploads\/sites\/7\/2023\/07\/Featured-Image-Politica-de-proteccion-infantil.jpg",800,600,false],"one-half":["https:\/\/itftkd.sport\/es\/wp-content\/uploads\/sites\/7\/2023\/07\/Featured-Image-Politica-de-proteccion-infantil-550x413.jpg",550,413,true],"one-third":["https:\/\/itftkd.sport\/es\/wp-content\/uploads\/sites\/7\/2023\/07\/Featured-Image-Politica-de-proteccion-infantil-350x263.jpg",350,263,true],"one-fourth":["https:\/\/itftkd.sport\/es\/wp-content\/uploads\/sites\/7\/2023\/07\/Featured-Image-Politica-de-proteccion-infantil-260x195.jpg",260,195,true],"tiny":["https:\/\/itftkd.sport\/es\/wp-content\/uploads\/sites\/7\/2023\/07\/Featured-Image-Politica-de-proteccion-infantil-80x80.jpg",80,80,true],"ab-block-post-grid-landscape":["https:\/\/itftkd.sport\/es\/wp-content\/uploads\/sites\/7\/2023\/07\/Featured-Image-Politica-de-proteccion-infantil-600x400.jpg",600,400,true],"ab-block-post-grid-square":["https:\/\/itftkd.sport\/es\/wp-content\/uploads\/sites\/7\/2023\/07\/Featured-Image-Politica-de-proteccion-infantil-600x600.jpg",600,600,true],"gform-image-choice-sm":["https:\/\/itftkd.sport\/es\/wp-content\/uploads\/sites\/7\/2023\/07\/Featured-Image-Politica-de-proteccion-infantil.jpg",300,225,false],"gform-image-choice-md":["https:\/\/itftkd.sport\/es\/wp-content\/uploads\/sites\/7\/2023\/07\/Featured-Image-Politica-de-proteccion-infantil.jpg",400,300,false],"gform-image-choice-lg":["https:\/\/itftkd.sport\/es\/wp-content\/uploads\/sites\/7\/2023\/07\/Featured-Image-Politica-de-proteccion-infantil.jpg",600,450,false]},"uagb_author_info":{"display_name":"FABIAN ITF","author_link":"https:\/\/itftkd.sport\/es\/author\/fabian-itf\/"},"uagb_comment_info":0,"uagb_excerpt":"El Comit\u00e9 de Desarrollo Infantil de la ITF se complace en anunciar un paso importante en nuestro compromiso de crear un entorno seguro para todos los ni\u00f1os a los que &hellip;","_links":{"self":[{"href":"https:\/\/itftkd.sport\/es\/wp-json\/wp\/v2\/posts\/29742","targetHints":{"allow":["GET"]}}],"collection":[{"href":"https:\/\/itftkd.sport\/es\/wp-json\/wp\/v2\/posts"}],"about":[{"href":"https:\/\/itftkd.sport\/es\/wp-json\/wp\/v2\/types\/post"}],"author":[{"embeddable":true,"href":"https:\/\/itftkd.sport\/es\/wp-json\/wp\/v2\/users\/4"}],"replies":[{"embeddable":true,"href":"https:\/\/itftkd.sport\/es\/wp-json\/wp\/v2\/comments?post=29742"}],"version-history":[{"count":1,"href":"https:\/\/itftkd.sport\/es\/wp-json\/wp\/v2\/posts\/29742\/revisions"}],"predecessor-version":[{"id":29745,"href":"https:\/\/itftkd.sport\/es\/wp-json\/wp\/v2\/posts\/29742\/revisions\/29745"}],"wp:featuredmedia":[{"embeddable":true,"href":"https:\/\/itftkd.sport\/es\/wp-json\/wp\/v2\/media\/29744"}],"wp:attachment":[{"href":"https:\/\/itftkd.sport\/es\/wp-json\/wp\/v2\/media?parent=29742"}],"wp:term":[{"taxonomy":"category","embeddable":true,"href":"https:\/\/itftkd.sport\/es\/wp-json\/wp\/v2\/categories?post=29742"},{"taxonomy":"post_tag","embeddable":true,"href":"https:\/\/itftkd.sport\/es\/wp-json\/wp\/v2\/tags?post=29742"}],"curies":[{"name":"wp","href":"https:\/\/api.w.org\/{rel}","templated":true}]}}