{"id":29691,"date":"2023-06-26T22:47:17","date_gmt":"2023-06-26T20:47:17","guid":{"rendered":"https:\/\/itftkd.sport\/es\/?p=29691"},"modified":"2023-06-26T22:47:58","modified_gmt":"2023-06-26T20:47:58","slug":"charla-con-un-icono-pierre-guenette","status":"publish","type":"post","link":"https:\/\/itftkd.sport\/es\/charla-con-un-icono-pierre-guenette\/","title":{"rendered":"Charla con un \u00edcono, Pierre Guenette"},"content":{"rendered":"\n<p>Nacido el 4 de Julio de 1969 en Quebec, Canad\u00e1, este atleta de 1,88 metros de altura y destrezas que deslumbraban a los espectadores y a sus adversarios, sigue escribiendo su historia.<\/p>\n\n\n\n<p>Entre sus logros m\u00e1s destacados en campeonatos mundiales, podemos contar 2 medallas de oro (1987 y 1992), 3 medallas de plata (1988, 1990, 1994), 1 medalla de bronce (1999), as\u00ed como tambi\u00e9n 8 veces campe\u00f3n canadiense (1987, 88, 89, 90, 92, 94, 99).<\/p>\n\n\n\n<p>Su vida deportiva est\u00e1 plasmada en videos en Youtube, textos en Wikipedia e innumerables sitios Web, as\u00ed como en sus perfiles de Instagram y Facebook, pero aqu\u00ed compartimos una charla en exclusivo con el \u00edcono.<\/p>\n\n\n\n<p>\u00c9l est\u00e1 de regreso.<\/p>\n\n\n\n<p>El Taekwon-Do est\u00e1 feliz.<\/p>\n\n\n<div class=\"wp-block-image\">\n<figure class=\"aligncenter size-full is-resized\"><a href=\"https:\/\/itftkd.sport\/es\/wp-content\/uploads\/sites\/7\/2023\/06\/Pierre-Guenette-logo.jpg\"><img loading=\"lazy\" decoding=\"async\" src=\"https:\/\/itftkd.sport\/es\/wp-content\/uploads\/sites\/7\/2023\/06\/Pierre-Guenette-logo.jpg\" alt=\"\" class=\"wp-image-29696\" width=\"710\" height=\"587\" srcset=\"https:\/\/itftkd.sport\/es\/wp-content\/uploads\/sites\/7\/2023\/06\/Pierre-Guenette-logo.jpg 946w, https:\/\/itftkd.sport\/es\/wp-content\/uploads\/sites\/7\/2023\/06\/Pierre-Guenette-logo-300x248.jpg 300w\" sizes=\"auto, (max-width: 710px) 100vw, 710px\" \/><\/a><\/figure>\n<\/div>\n\n\n<p><strong><em>\u00bfCu\u00e1l era el deporte que practicaba en la escuela? \u00bfQui\u00e9n era su \u00eddolo en la infancia?<\/em><\/strong><\/p>\n\n\n\n<p>En el colegio practicaba hockey sobre hielo. Mi \u00eddolo de la juventud era Elvis Presley.<\/p>\n\n\n\n<p><strong><em>\u00bfCu\u00e1les eran sus preferencias, deportes grupales o individuales?<\/em><\/strong><\/p>\n\n\n\n<p>Ambos. En grupo, me gusta el esp\u00edritu de equipo, el compa\u00f1erismo, actuar en grupo.<\/p>\n\n\n\n<p>En los deportes individuales soy muy exigente conmigo mismo, abogo por el rendimiento. Esencialmente soy una persona de jugar en equipo\u2026 me gusta poder ayudar a mi equipo a conseguir ser mejor cada vez.<\/p>\n\n\n\n<p>Cuando era joven, me encantaba jugar con mis amigos y era muy activo. Estaba rodeado de ni\u00f1os de mi edad en mi barrio y ten\u00eda la suerte de poder jugar siempre con ellos.<\/p>\n\n\n\n<p><strong><em>Nos encantar\u00eda saber m\u00e1s sobre la conversaci\u00f3n con su padre cuando ten\u00eda 16 a\u00f1os y que, suponemos, fue la \u00abpiedra angular\u00bb de su carrera deportiva posterior.<\/em><\/strong><\/p>\n\n\n\n<p>Mi padre era la figura masculina de la casa y regularmente le ped\u00eda consejos sobre el papel de un hombre. Un d\u00eda le pregunt\u00e9: \u00ab\u00bfQu\u00e9 debo hacer para convertirme en campe\u00f3n mundial?\u00bb. \u00c9l respondi\u00f3: \u00abSi quieres ser un campe\u00f3n mundial, tienes que ser una excepci\u00f3n y entrenar duro para llegar all\u00ed\u00bb. Posteriormente, mi madre desempe\u00f1\u00f3 un papel importante en ese camino. Me ayud\u00f3 psicol\u00f3gicamente y me gui\u00f3 con respecto a un estilo de vida saludable, buenos h\u00e1bitos, mis opciones de vida, me ense\u00f1\u00f3 los valores importantes de respeto, cortes\u00eda y buenos modales y me anim\u00f3 a ser una buena persona todo eso para realizar este sue\u00f1o de campe\u00f3n mundial.<\/p>\n\n\n<div class=\"wp-block-image\">\n<figure class=\"aligncenter size-full is-resized\"><a href=\"https:\/\/itftkd.sport\/es\/wp-content\/uploads\/sites\/7\/2023\/06\/Pierre-Guenette-ApJoomuk.jpg\"><img loading=\"lazy\" decoding=\"async\" src=\"https:\/\/itftkd.sport\/es\/wp-content\/uploads\/sites\/7\/2023\/06\/Pierre-Guenette-ApJoomuk.jpg\" alt=\"Pierre-Guenette-ApJoomuk\" class=\"wp-image-29694\" width=\"710\" height=\"686\" srcset=\"https:\/\/itftkd.sport\/es\/wp-content\/uploads\/sites\/7\/2023\/06\/Pierre-Guenette-ApJoomuk.jpg 946w, https:\/\/itftkd.sport\/es\/wp-content\/uploads\/sites\/7\/2023\/06\/Pierre-Guenette-ApJoomuk-300x290.jpg 300w\" sizes=\"auto, (max-width: 710px) 100vw, 710px\" \/><\/a><\/figure>\n<\/div>\n\n\n<p><strong><em>La relaci\u00f3n con su hermana parece muy importante, \u00bfpodr\u00eda compartir m\u00e1s al respecto?<\/em><\/strong><\/p>\n\n\n\n<p>Desde mi primera infancia, mi hermana Madeleine (Guenette) siempre ha sido maternal conmigo, la considero como mi segunda madre. Incluso hoy, estamos muy unidos. Desde la muerte de nuestra madre en agosto de 2021, Madeleine se ha convertido en el pilar de nuestra familia. En 1987 le entregu\u00e9 mi primera medalla de oro como campe\u00f3n del mundo en se\u00f1al de agradecimiento.<\/p>\n\n\n\n<p><em><strong>Antes del Taekwon-Do \u00bfentrenaba en otras artes marciales?<\/strong> <strong>\u00bfPor qu\u00e9 finalmente eligi\u00f3 Taekwon-Do? \u00bfC\u00f3mo fue esa relaci\u00f3n desde sus inicios en el Taekwon-Do hasta que se convirti\u00f3 en campe\u00f3n?<\/strong><\/em><\/p>\n\n\n\n<p>Empec\u00e9 en karate a los 8 a\u00f1os y obtuve mi cintur\u00f3n negro a los 13. Entre los 13 y los 15 a\u00f1os particip\u00e9 en el Campeonato del Este de Canad\u00e1, una competencia que reun\u00eda a todas las artes marciales. Ten\u00eda mucha admiraci\u00f3n por los seguidores del Taekwon-Do ITF como Alain Bernier, Paul Germain y el Gran Maestro Tr\u00e2n Tri\u00eau Qu\u00e2n. En estas ocasiones, compet\u00ed en la final contra Can Manh Nguyen, un practicante de Taekwon-Do de la ITF que fue entrenado en ese momento por el Sr. Alain Bernier. Me inclin\u00e9 hacia \u00e9l dos veces. Curiosamente, hoy Can Manh Nguyen es un reconocido cardi\u00f3logo del Institut Universitaire de Cardiologie et de Pneumologie de Qu\u00e9bec y es el m\u00e9dico que atendi\u00f3 a mi padre cuando sufri\u00f3 un infarto.<\/p>\n\n\n\n<p>En 1985 abri\u00f3 en mi barrio una nueva escuela de Taekwon-Do ITF dirigida por el Sr. Alain Bernier. Al notar mi inter\u00e9s en este arte marcial, mi madre tom\u00f3 la iniciativa de llamar por tel\u00e9fono a la Federaci\u00f3n de Quebec de Taekwon-Do ITF y habl\u00f3 con el Gran Maestro Tr\u00e2n Tri\u00eau Qu\u00e2n para obtener informaci\u00f3n sobre la escuela. Durante esta discusi\u00f3n, el Gran Maestro Tr\u00e2n Tri\u00eau Qu\u00e2n le dijo a mi madre que me hab\u00eda visto en las competencias y que si comenzaba a entrenar Taekwon-Do ITF, me convertir\u00eda en el pr\u00f3ximo campe\u00f3n mundial de esta disciplina.<\/p>\n\n\n\n<p><strong><em>En el video \u00abI&#8217;m back\u00bb, menciona a su primer instructor, Alain Bernier. <\/em><\/strong><\/p>\n\n\n\n<p>Cuando entr\u00e9 en Taekwon-Do ITF, conoc\u00ed a un hombre excepcional que se convertir\u00eda en mi segundo padre, mi entrenador, mi confidente, mi mejor amigo, mi mentor, el Sr. Alain Bernier. Pasamos mucho tiempo juntos al entrenar 3 veces al d\u00eda. Hemos superado desaf\u00edos y pruebas juntos. Hemos viajado por todo el mundo para participar en competencias y con los a\u00f1os nos convertimos en un equipo formidable dondequiera que \u00edbamos.<\/p>\n\n\n\n<p><strong><em>\u00bfCu\u00e1les fueron las ense\u00f1anzas de Alain que lo \u00abmarcaron\u00bb?<\/em><\/strong><\/p>\n\n\n\n<p>Trabajo = resultados.<\/p>\n\n\n\n<p>Alain me dec\u00eda constantemente que no importa nuestro potencial, sin trabajo no hay resultados tanto f\u00edsicos como mentales, t\u00e9cnicos y estrat\u00e9gicos.<\/p>\n\n\n<div class=\"wp-block-image\">\n<figure class=\"aligncenter size-large is-resized\"><a href=\"https:\/\/itftkd.sport\/es\/wp-content\/uploads\/sites\/7\/2023\/06\/Pierre-Guenette.jpg\"><img loading=\"lazy\" decoding=\"async\" src=\"https:\/\/itftkd.sport\/es\/wp-content\/uploads\/sites\/7\/2023\/06\/Pierre-Guenette-900x1024.jpg\" alt=\"Pierre-Guenette\" class=\"wp-image-29693\" width=\"675\" height=\"768\" srcset=\"https:\/\/itftkd.sport\/es\/wp-content\/uploads\/sites\/7\/2023\/06\/Pierre-Guenette-900x1024.jpg 900w, https:\/\/itftkd.sport\/es\/wp-content\/uploads\/sites\/7\/2023\/06\/Pierre-Guenette-264x300.jpg 264w\" sizes=\"auto, (max-width: 675px) 100vw, 675px\" \/><\/a><\/figure>\n<\/div>\n\n\n<p><strong><em>Si tuviera que rescatar algunos puntos de ese camino de aprendizaje, \u00bfqu\u00e9 nos compartir\u00eda?<\/em><\/strong><\/p>\n\n\n\n<p>\u00a1Todo es posible! Ya sea que se trate de un oponente m\u00e1s grande, m\u00e1s fuerte o m\u00e1s r\u00e1pido, siempre hay estrategias para ganarle. Hay que saber adaptarse a cualquier situaci\u00f3n durante una pelea.<\/p>\n\n\n\n<p><strong><em>\u00bfC\u00f3mo fue su relaci\u00f3n con tus compa\u00f1eros de entrenamiento?<\/em><\/strong><\/p>\n\n\n\n<p>He tenido varios sparrings a lo largo de los a\u00f1os. He desarrollado una relaci\u00f3n especial y fuerte con cada uno de ellos.<\/p>\n\n\n\n<p><strong><em>\u00bfCu\u00e1l es su primer recuerdo en el Do Jang?<\/em><\/strong><\/p>\n\n\n\n<p>Tan pronto como entr\u00e9 al Do Jang, sent\u00ed una energ\u00eda especial e inspiradora. Cuando entr\u00e9 en el DO Jang, el saludo tambi\u00e9n represent\u00f3 para m\u00ed el respeto por el lugar de aprendizaje y formaci\u00f3n.<\/p>\n\n\n\n<p><strong><em>\u00bfPor qu\u00e9 se convirti\u00f3 en uno de los mejores competidores de la historia?<\/em><\/strong><\/p>\n\n\n\n<p>Tuve la suerte de tener una madre atenta a mis necesidades que siempre se preocup\u00f3 por mi bienestar. Tambi\u00e9n tuve el privilegio de ser entrenado por el Sr. Alain Bernier, quien tiene antecedentes de campe\u00f3n internacional y ha logrado el \u00e9xito en todas las \u00e1reas del Taekwon-Do ITF. Por mi parte, siempre he tenido muchas ganas de aprender a ser mejor en mi arte, incluso despu\u00e9s de ganar t\u00edtulos de campe\u00f3n mundial.<\/p>\n\n\n\n<p>Durante las competencias en las que particip\u00e9 con los grandes que me precedieron como el Gran Maestro Clint Norman y el Sr. Paul Germain, me di cuenta que nada era imposible y que pod\u00eda alcanzar mis m\u00e1s grandes sue\u00f1os. Yo era, como ellos, miembro de la delegaci\u00f3n canadiense que en ese momento era una potencia mundial en Taekwon-Do ITF. El Gran Maestro Norman fue el capit\u00e1n de este equipo, desempe\u00f1\u00f3 su papel a la perfecci\u00f3n y fue una gran fuente de inspiraci\u00f3n para m\u00ed. Estaba muy orgulloso de ser parte de esta gran familia.<\/p>\n\n\n\n<p><strong><em>\u00bfFue f\u00e1cil? \u00bfC\u00f3mo fue el \u201cviaje\u201d?<\/em><\/strong><\/p>\n\n\n\n<p>El viaje para convertirse en campe\u00f3n mundial ha sido muy exigente, pero la presi\u00f3n que sigue a un t\u00edtulo mundial es inconmensurable. Tuve que aprender a manejar de manera efectiva esta presi\u00f3n y todo el estr\u00e9s que se presentaba durante las competencias. Adem\u00e1s, este es un tema que me gustar\u00eda compartir con los miembros de la Federaci\u00f3n de Taekwon-Do para ayudarlos y apoyarlos a manejar mejor su estr\u00e9s en la competencia, pero tambi\u00e9n en la vida cotidiana, porque todos enfrentamos la adversidad un d\u00eda u otro en nuestra vida.<\/p>\n\n\n\n<p>Debo se\u00f1alar que recib\u00ed un gran apoyo de otros competidores de TKD y tambi\u00e9n de mis fan\u00e1ticos en 1992 cuando gan\u00e9 el primer lugar en combate y fui el n\u00famero uno en el equipo canadiense.<\/p>\n\n\n\n<p>Tuve la suerte de ser respetado en las competencias de TKD porque estaba bien rodeado por mi entrenador, mis compa\u00f1eros de entrenamiento, el equipo canadiense con Paul Germain, GM Clint Norman, quien fue mi capit\u00e1n de equipo y un gran ejemplo para m\u00ed. Pero el apoyo n\u00famero uno fueron mis fans\u2026 todos los fans alrededor del mundo, especialmente en Sudam\u00e9rica, quienes me dieron todo el amor que necesitaba\u2026 porque cuando estaba compitiendo ten\u00eda mucha presi\u00f3n pero el amor que recib\u00ed era tan grande\u2026 yo \u00a1nunca lo olvidar\u00e9!<\/p>\n\n\n\n<p>A todos mis fan\u00e1ticos de todo el mundo quiero decir GRACIAS por hacer que mi camino en TKD sea tan especial.<\/p>\n\n\n\n<p><strong><em>\u00bfA qu\u00e9 cosas tuvo que renunciar? \u00bfCu\u00e1l fue su mayor sacrificio?<\/em><\/strong><\/p>\n\n\n\n<p>No lo veo como un abandono, sino como una elecci\u00f3n de estilo de vida. Eleg\u00ed entregarme al 100% a mi arte para lograr mi sue\u00f1o. A veces, cuando era adolescente, me resultaba dif\u00edcil no hacer como todos los adolescentes, salir con amigos, porque ten\u00eda que entrenar y concentrar toda mi energ\u00eda en mi \u00e9xito. Ten\u00eda que entrenar de 2 a 3 veces al d\u00eda, comer con una dieta ultra estricta y siempre tener un sue\u00f1o reparador.<\/p>\n\n\n\n<p>Mi mayor sacrificio y mi mayor arrepentimiento es haber tenido que tomar la decisi\u00f3n de dejar ITF Taekwon-Do Federation. Inicialmente, cuando mi club cambi\u00f3 de federaci\u00f3n a la WTF en 1998, me negu\u00e9 a hacer este cambio, porque ten\u00eda ITF tatuado en el coraz\u00f3n y un futuro prometedor con posibles contratos en Jap\u00f3n. Posteriormente, mi entrenador Alain Bernier pudo convencerme de dar el paso hacia la federaci\u00f3n WTF. Fue un cambio importante, tuve que aprender un nuevo estilo y adaptar todos mis reflejos de lucha y lidiar con todos los temas pol\u00edticos. Le ped\u00ed a mi entrenador que me dejara participar en mi \u00faltimo Campeonato Mundial ITF en Argentina en 1999. Acept\u00f3 mi pedido, pero se neg\u00f3 a acompa\u00f1arme para entrenarme. Tuve el privilegio en esta ocasi\u00f3n de estar bajo el ala del Gran Maestro Pierre Laquerre, un gran maestro ejemplar, un amigo que crey\u00f3 en mi capacidad para volver a ganar mi \u00faltimo t\u00edtulo de campe\u00f3n mundial, aunque esta vez -aqu\u00ed- particip\u00e9 en la categor\u00eda de peso pesado que no era mi categor\u00eda habitual.<\/p>\n\n\n\n<p>Desafortunadamente, no tuve tiempo de perder el peso necesario para clasificar para el peso mediano. En los octavos de final logr\u00e9 vencer al argentino de 200,66 cm en su pa\u00eds en el \u00e1rea central en un ambiente de sobreexcitaci\u00f3n. En las semifinales, me enfrent\u00e9 a una derrota aplastante ante el alumno del Gran Maestro Lan * (ahora fallecido RIP). Al final de esta competencia, di un paso atr\u00e1s solo en el vestuario, porque sab\u00eda que era mi \u00faltima competencia en ITF. Cuando sal\u00ed del vestuario, no quedaba nadie en el estadio excepto los miembros de la delegaci\u00f3n de Corea del Norte. Para mi sorpresa escuch\u00e9 el saludo y en ese momento, todos los representantes de la delegaci\u00f3n se volvieron hacia m\u00ed y me saludaron. Fue entonces cuando vinieron a mi encuentro y se fotografiaron conmigo mientras hac\u00edan el signo de la paz. Cabe se\u00f1alar que la delegaci\u00f3n de Corea del Norte era en ese momento la fuerza formidable, la luminaria del Taekwon-Do y mi enemigo jurado. Recuerdo especialmente a un oponente con el que pele\u00e9 varias veces entre 1989 y 1999 que me tom\u00f3 en sus brazos y luego intercambiamos una larga mirada llena de respeto. En cada competencia, nuestros caminos se cruzaron. Este momento qued\u00f3 grabado en mi memoria como una de las mayores marcas de reconocimiento de toda mi carrera en ITF.<\/p>\n\n\n\n<p>Creo que la raz\u00f3n por la que pude superarme cada vez fue porque lo hice desde el fondo de mi coraz\u00f3n&#8230; \u00a1siempre!<\/p>\n\n\n\n<p><strong><em>En el mismo video que mencionamos, podemos escuchar que se est\u00e1 preparando para volver a presentarse a su familia. Comparta un poco de su experiencia personal fuera de ITF Taekwon-Do. \u00bfD\u00f3nde ha estado? \u00bfPor qu\u00e9 volvi\u00f3 y por qu\u00e9 ahora?<\/em><\/strong><\/p>\n\n\n\n<p>Continu\u00e9 mi carrera en la federaci\u00f3n WTF hasta 2004. En ese momento, no ve\u00eda un futuro para m\u00ed en esta federaci\u00f3n. As\u00ed que me retir\u00e9 del Taekwon-Do. Trabaj\u00e9 en la industria de eventos. Durante todos estos a\u00f1os, y hasta su muerte en 2021, mi querida madre me dijo que deseaba profundamente mi regreso al mundo del Taekwon-Do ITF, que all\u00ed estaba mi lugar y mi felicidad. He tenido esta llamada en m\u00ed desde 1999, viv\u00eda en m\u00ed y extra\u00f1aba profundamente a la familia del Taekwon-Do ITF. Durante todos estos a\u00f1os, mantuve v\u00ednculos con miembros de la federaci\u00f3n, ex compa\u00f1eros de entrenamiento, oponentes, Grandes Maestros. Siempre he estado informado e interesado en el progreso de la federaci\u00f3n y estaba pensando en regresar. Me tom\u00e9 el tiempo de informarme de todas las federaciones sobre los procedimientos para hacer un regreso oficial y cada una me present\u00f3 oportunidades. El Gran Maestro Pierre Laquerre me demostr\u00f3 la seriedad de la federaci\u00f3n ITF del Gran Maestro Weiler, la solidez de la estructura y su desarrollo durante todos estos a\u00f1os. Durante el IIC en Montreal en diciembre pasado, tuve la oportunidad de conocer a los Grandes Maestros Weiler, Norman, Marano, Lan y Laquerre quienes se tomaron el tiempo de escuchar mis ideas para dar a conocer la federaci\u00f3n en todo el mundo. Tuve una m\u00e1s que calurosa acogida por parte de ellos y sent\u00ed grandes muestras de respeto. Estas reuniones, particularmente con GM Norman, quien fue mi capit\u00e1n durante varios a\u00f1os en los a\u00f1os 80 y 90, me hicieron revivir un fuerte sentido de pertenencia y alimentaron la llama del Taekwon-Do en m\u00ed. Lo que me marc\u00f3 mucho durante este encuentro fue la humanidad del Gran Maestro Weiler, su cercan\u00eda y su sensibilidad hacia los dem\u00e1s.<\/p>\n\n\n\n<figure class=\"wp-block-gallery has-nested-images columns-default is-cropped wp-block-gallery-1 is-layout-flex wp-block-gallery-is-layout-flex\">\n<figure class=\"wp-block-image size-large\"><a href=\"https:\/\/itftkd.sport\/es\/wp-content\/uploads\/sites\/7\/2023\/06\/Pierre-Guenette-YopchaJirugi.jpg\"><img loading=\"lazy\" decoding=\"async\" width=\"946\" height=\"992\" data-id=\"29698\" src=\"https:\/\/itftkd.sport\/es\/wp-content\/uploads\/sites\/7\/2023\/06\/Pierre-Guenette-YopchaJirugi.jpg\" alt=\"\" class=\"wp-image-29698\" srcset=\"https:\/\/itftkd.sport\/es\/wp-content\/uploads\/sites\/7\/2023\/06\/Pierre-Guenette-YopchaJirugi.jpg 946w, https:\/\/itftkd.sport\/es\/wp-content\/uploads\/sites\/7\/2023\/06\/Pierre-Guenette-YopchaJirugi-286x300.jpg 286w, https:\/\/itftkd.sport\/es\/wp-content\/uploads\/sites\/7\/2023\/06\/Pierre-Guenette-YopchaJirugi-768x805.jpg 768w\" sizes=\"auto, (max-width: 946px) 100vw, 946px\" \/><\/a><\/figure>\n<\/figure>\n\n\n\n<p><strong><em>Si mencionamos al General Choi, \u00bfqu\u00e9 le viene a la mente? \u00bfLo conoci\u00f3? \u00bfCu\u00e1les son las experiencias que recuerda?<\/em><\/strong><\/p>\n\n\n\n<p>Tuve la oportunidad de ver al General Choi varias veces durante mi carrera en Taekwon-Do. La primera vez, apenas ten\u00eda 17 a\u00f1os. Despu\u00e9s de una competencia, durante el banquete, el General Choi me invit\u00f3 a unirme a su mesa para decirme que pensaba que ten\u00eda mucho talento y que alg\u00fan d\u00eda ser\u00eda campe\u00f3n mundial.<\/p>\n\n\n\n<p><strong><em>Siendo una personalidad de renombre mundial, especialmente en el \u00e1rea de las competencias, su afirmaci\u00f3n de que el Taekwon-Do ITF es el arte marcial m\u00e1s hermoso, tiene un gran peso. \u00bfEn qu\u00e9 basa esa afirmaci\u00f3n? O en otras palabras, seg\u00fan su experiencia personal, \u00bfpor qu\u00e9 el Taekwon-Do ITF es el arte marcial m\u00e1s bello del mundo?<\/em><\/strong><\/p>\n\n\n\n<p>De hecho, fui reconocido en todo el mundo como campe\u00f3n mundial de Taekwon-Do. Para quienes me conocen mejor, las artes marciales representan para m\u00ed mucho m\u00e1s que medallas. Es una forma de vida a nivel f\u00edsico, psicol\u00f3gico y espiritual. Empec\u00e9 en las artes marciales muy joven y me cri\u00e9 a trav\u00e9s de los valores de estas artes. El Taekwon-Do me permiti\u00f3 una gran apertura al mundo, conoc\u00ed gente de todo el planeta. Pude ense\u00f1ar a hombres y mujeres que ocasionalmente viv\u00edan situaciones dif\u00edciles. El Taekwon-Do es para m\u00ed un lugar de encuentro, de compartir, de apoyo y de una gran familia. Las medallas, aunque las reconozco y estoy muy orgulloso de ellas, son solo bonos extras en esta enriquecedora experiencia de vida.<\/p>\n\n\n\n<p>Mi poder en el combate no era la velocidad o la fuerza, sino la facilidad para adaptarme a mis oponentes. Para ver sus fortalezas pero tambi\u00e9n sus debilidades.<\/p>\n\n\n\n<p>En conclusi\u00f3n, para m\u00ed el Taekwon-Do ITF de la Federaci\u00f3n GM Weiler es el arte marcial m\u00e1s hermoso del mundo, porque es espl\u00e9ndido y complejo a la vez desde todos sus \u00e1ngulos: la t\u00e9cnica, las peleas, los tules tambi\u00e9n y el credo del Taekwon-Do. Deseo profundamente difundir este arte a los cuatro rincones del planeta con toda mi experiencia, mi conocimiento y mi coraz\u00f3n. Por lo tanto, estar\u00e9 disponible para ofrecer seminarios en los pa\u00edses miembros de la federaci\u00f3n e invito a todos sus lectores a suscribirse a mi canal oficial de YouTube de Pierre Guenette. Tengo algunas sorpresas agradables reservadas con respecto a mi viaje en Taekwon-Do ITF y pronto compartir\u00e9 mis secretos sobre toda mi preparaci\u00f3n antes de una pelea.<\/p>\n\n\n\n<figure class=\"wp-block-gallery has-nested-images columns-default is-cropped wp-block-gallery-2 is-layout-flex wp-block-gallery-is-layout-flex\">\n<figure class=\"wp-block-image size-large\"><a href=\"https:\/\/itftkd.sport\/es\/wp-content\/uploads\/sites\/7\/2023\/06\/Pierre-Guenette-sonkal.jpg\"><img loading=\"lazy\" decoding=\"async\" width=\"946\" height=\"926\" data-id=\"29697\" src=\"https:\/\/itftkd.sport\/es\/wp-content\/uploads\/sites\/7\/2023\/06\/Pierre-Guenette-sonkal.jpg\" alt=\"\" class=\"wp-image-29697\" srcset=\"https:\/\/itftkd.sport\/es\/wp-content\/uploads\/sites\/7\/2023\/06\/Pierre-Guenette-sonkal.jpg 946w, https:\/\/itftkd.sport\/es\/wp-content\/uploads\/sites\/7\/2023\/06\/Pierre-Guenette-sonkal-300x294.jpg 300w, https:\/\/itftkd.sport\/es\/wp-content\/uploads\/sites\/7\/2023\/06\/Pierre-Guenette-sonkal-768x752.jpg 768w\" sizes=\"auto, (max-width: 946px) 100vw, 946px\" \/><\/a><\/figure>\n\n\n\n<figure class=\"wp-block-image size-large\"><a href=\"https:\/\/itftkd.sport\/es\/wp-content\/uploads\/sites\/7\/2023\/06\/Pierre-Guenette-flyer.jpg\"><img loading=\"lazy\" decoding=\"async\" width=\"707\" height=\"1024\" data-id=\"29695\" src=\"https:\/\/itftkd.sport\/es\/wp-content\/uploads\/sites\/7\/2023\/06\/Pierre-Guenette-flyer-707x1024.jpg\" alt=\"\" class=\"wp-image-29695\" srcset=\"https:\/\/itftkd.sport\/es\/wp-content\/uploads\/sites\/7\/2023\/06\/Pierre-Guenette-flyer-707x1024.jpg 707w, https:\/\/itftkd.sport\/es\/wp-content\/uploads\/sites\/7\/2023\/06\/Pierre-Guenette-flyer-207x300.jpg 207w\" sizes=\"auto, (max-width: 707px) 100vw, 707px\" \/><\/a><\/figure>\n<\/figure>\n","protected":false},"excerpt":{"rendered":"<p>Nacido el 4 de Julio de 1969 en Quebec, Canad\u00e1, este atleta de 1,88 metros de altura y destrezas que deslumbraban a los espectadores y a sus adversarios, sigue escribiendo &hellip;<\/p>\n","protected":false},"author":4,"featured_media":29692,"comment_status":"open","ping_status":"open","sticky":false,"template":"","format":"standard","meta":{"_tec_requires_first_save":true,"_uag_custom_page_level_css":"","_genesis_hide_title":false,"_genesis_hide_breadcrumbs":false,"_genesis_hide_singular_image":false,"_genesis_hide_footer_widgets":false,"_genesis_custom_body_class":"","_genesis_custom_post_class":"","_genesis_layout":"","_EventAllDay":false,"_EventTimezone":"","_EventStartDate":"","_EventEndDate":"","_EventStartDateUTC":"","_EventEndDateUTC":"","_EventShowMap":false,"_EventShowMapLink":false,"_EventURL":"","_EventCost":"","_EventCostDescription":"","_EventCurrencySymbol":"","_EventCurrencyCode":"","_EventCurrencyPosition":"","_EventDateTimeSeparator":"","_EventTimeRangeSeparator":"","_EventOrganizerID":[],"_EventVenueID":[],"_OrganizerEmail":"","_OrganizerPhone":"","_OrganizerWebsite":"","_VenueAddress":"","_VenueCity":"","_VenueCountry":"","_VenueProvince":"","_VenueState":"","_VenueZip":"","_VenuePhone":"","_VenueURL":"","_VenueStateProvince":"","_VenueLat":"","_VenueLng":"","_VenueShowMap":false,"_VenueShowMapLink":false,"_tribe_blocks_recurrence_rules":"","_tribe_blocks_recurrence_description":"","_tribe_blocks_recurrence_exclusions":"","editor_notices":[],"footnotes":""},"categories":[130],"tags":[],"class_list":["post-29691","post","type-post","status-publish","format-standard","has-post-thumbnail","category-ultimas-noticias","entry"],"featured_image_src":"https:\/\/itftkd.sport\/es\/wp-content\/uploads\/sites\/7\/2023\/06\/Featured-Image-Pierre-Guenette-600x400.jpg","featured_image_src_square":"https:\/\/itftkd.sport\/es\/wp-content\/uploads\/sites\/7\/2023\/06\/Featured-Image-Pierre-Guenette-600x600.jpg","author_info":{"display_name":"FABIAN ITF","author_link":"https:\/\/itftkd.sport\/es\/author\/fabian-itf\/"},"uagb_featured_image_src":{"full":["https:\/\/itftkd.sport\/es\/wp-content\/uploads\/sites\/7\/2023\/06\/Featured-Image-Pierre-Guenette.jpg",800,600,false],"thumbnail":["https:\/\/itftkd.sport\/es\/wp-content\/uploads\/sites\/7\/2023\/06\/Featured-Image-Pierre-Guenette-150x150.jpg",150,150,true],"medium":["https:\/\/itftkd.sport\/es\/wp-content\/uploads\/sites\/7\/2023\/06\/Featured-Image-Pierre-Guenette-300x225.jpg",300,225,true],"medium_large":["https:\/\/itftkd.sport\/es\/wp-content\/uploads\/sites\/7\/2023\/06\/Featured-Image-Pierre-Guenette-768x576.jpg",768,576,true],"large":["https:\/\/itftkd.sport\/es\/wp-content\/uploads\/sites\/7\/2023\/06\/Featured-Image-Pierre-Guenette.jpg",800,600,false],"1536x1536":["https:\/\/itftkd.sport\/es\/wp-content\/uploads\/sites\/7\/2023\/06\/Featured-Image-Pierre-Guenette.jpg",800,600,false],"2048x2048":["https:\/\/itftkd.sport\/es\/wp-content\/uploads\/sites\/7\/2023\/06\/Featured-Image-Pierre-Guenette.jpg",800,600,false],"banner":["https:\/\/itftkd.sport\/es\/wp-content\/uploads\/sites\/7\/2023\/06\/Featured-Image-Pierre-Guenette-800x533.jpg",800,533,true],"section":["https:\/\/itftkd.sport\/es\/wp-content\/uploads\/sites\/7\/2023\/06\/Featured-Image-Pierre-Guenette.jpg",800,600,false],"full-width":["https:\/\/itftkd.sport\/es\/wp-content\/uploads\/sites\/7\/2023\/06\/Featured-Image-Pierre-Guenette.jpg",800,600,false],"featured":["https:\/\/itftkd.sport\/es\/wp-content\/uploads\/sites\/7\/2023\/06\/Featured-Image-Pierre-Guenette.jpg",800,600,false],"one-half":["https:\/\/itftkd.sport\/es\/wp-content\/uploads\/sites\/7\/2023\/06\/Featured-Image-Pierre-Guenette-550x413.jpg",550,413,true],"one-third":["https:\/\/itftkd.sport\/es\/wp-content\/uploads\/sites\/7\/2023\/06\/Featured-Image-Pierre-Guenette-350x263.jpg",350,263,true],"one-fourth":["https:\/\/itftkd.sport\/es\/wp-content\/uploads\/sites\/7\/2023\/06\/Featured-Image-Pierre-Guenette-260x195.jpg",260,195,true],"tiny":["https:\/\/itftkd.sport\/es\/wp-content\/uploads\/sites\/7\/2023\/06\/Featured-Image-Pierre-Guenette-80x80.jpg",80,80,true],"ab-block-post-grid-landscape":["https:\/\/itftkd.sport\/es\/wp-content\/uploads\/sites\/7\/2023\/06\/Featured-Image-Pierre-Guenette-600x400.jpg",600,400,true],"ab-block-post-grid-square":["https:\/\/itftkd.sport\/es\/wp-content\/uploads\/sites\/7\/2023\/06\/Featured-Image-Pierre-Guenette-600x600.jpg",600,600,true],"gform-image-choice-sm":["https:\/\/itftkd.sport\/es\/wp-content\/uploads\/sites\/7\/2023\/06\/Featured-Image-Pierre-Guenette.jpg",300,225,false],"gform-image-choice-md":["https:\/\/itftkd.sport\/es\/wp-content\/uploads\/sites\/7\/2023\/06\/Featured-Image-Pierre-Guenette.jpg",400,300,false],"gform-image-choice-lg":["https:\/\/itftkd.sport\/es\/wp-content\/uploads\/sites\/7\/2023\/06\/Featured-Image-Pierre-Guenette.jpg",600,450,false]},"uagb_author_info":{"display_name":"FABIAN ITF","author_link":"https:\/\/itftkd.sport\/es\/author\/fabian-itf\/"},"uagb_comment_info":3,"uagb_excerpt":"Nacido el 4 de Julio de 1969 en Quebec, Canad\u00e1, este atleta de 1,88 metros de altura y destrezas que deslumbraban a los espectadores y a sus adversarios, sigue escribiendo &hellip;","_links":{"self":[{"href":"https:\/\/itftkd.sport\/es\/wp-json\/wp\/v2\/posts\/29691","targetHints":{"allow":["GET"]}}],"collection":[{"href":"https:\/\/itftkd.sport\/es\/wp-json\/wp\/v2\/posts"}],"about":[{"href":"https:\/\/itftkd.sport\/es\/wp-json\/wp\/v2\/types\/post"}],"author":[{"embeddable":true,"href":"https:\/\/itftkd.sport\/es\/wp-json\/wp\/v2\/users\/4"}],"replies":[{"embeddable":true,"href":"https:\/\/itftkd.sport\/es\/wp-json\/wp\/v2\/comments?post=29691"}],"version-history":[{"count":1,"href":"https:\/\/itftkd.sport\/es\/wp-json\/wp\/v2\/posts\/29691\/revisions"}],"predecessor-version":[{"id":29701,"href":"https:\/\/itftkd.sport\/es\/wp-json\/wp\/v2\/posts\/29691\/revisions\/29701"}],"wp:featuredmedia":[{"embeddable":true,"href":"https:\/\/itftkd.sport\/es\/wp-json\/wp\/v2\/media\/29692"}],"wp:attachment":[{"href":"https:\/\/itftkd.sport\/es\/wp-json\/wp\/v2\/media?parent=29691"}],"wp:term":[{"taxonomy":"category","embeddable":true,"href":"https:\/\/itftkd.sport\/es\/wp-json\/wp\/v2\/categories?post=29691"},{"taxonomy":"post_tag","embeddable":true,"href":"https:\/\/itftkd.sport\/es\/wp-json\/wp\/v2\/tags?post=29691"}],"curies":[{"name":"wp","href":"https:\/\/api.w.org\/{rel}","templated":true}]}}