{"id":29506,"date":"2023-04-16T10:53:57","date_gmt":"2023-04-16T08:53:57","guid":{"rendered":"https:\/\/itftkd.sport\/es\/?p=29506"},"modified":"2023-04-17T18:35:47","modified_gmt":"2023-04-17T16:35:47","slug":"report-online-idc-march-2023","status":"publish","type":"post","link":"https:\/\/itftkd.sport\/es\/report-online-idc-march-2023\/","title":{"rendered":"Reporte: En l\u00ednea IDC marzo 2023"},"content":{"rendered":"\n<p>El Curso Internacional del Do (IDC) realizado el 4\/5 de marzo y el 18\/19 de marzo de 2023 fue el primer IDC realizado en l\u00ednea este a\u00f1o. Consisti\u00f3 en cuatro sesiones de 3 horas durante un per\u00edodo de 2 d\u00edas para un total de 12 horas. A diferencia de los anteriores IDC en l\u00ednea, este se program\u00f3 a una hora del d\u00eda m\u00e1s apropiada para los miembros de ITF de Ocean\u00eda (p. ej., Australia, Nueva Zelanda\u2026) y Asia (p. ej., China, Tailandia, Vietnam\u2026) que para los miembros de otras regiones del mundo.<\/p>\n\n\n\n<p>El muy esperado IDC reuni\u00f3 a 43 participantes registrados de 12 pa\u00edses, a saber (en orden alfab\u00e9tico): Argentina, Canad\u00e1, China, Estados Unidos, Etiop\u00eda, Finlandia, Gales, Inglaterra, Irlanda, Jamaica, Noruega y Nueva Zelanda. Entre ellos, contamos con la presencia de 9 Maestros, incluyendo un 8\u00ba Dan (el Maestro Vincent Affatigato de Estados Unidos) y 21 Instructores con 6\u00ba Dan.<\/p>\n\n\n\n<p>El curso fue impartido por el Presidente y dos miembros del Comit\u00e9 del Do y \u00c9tica. Los instructores fueron el Maestro Janel Gauthier (Presidente) y, en orden alfab\u00e9tico, el Maestro Mark Banicevich y la Maestra Joliette Tr\u00e2n.<\/p>\n\n\n\n<p>Durante el curso, los participantes tuvieron la oportunidad de aprender sobre una amplia gama de temas y reflexionar sobre muchos de ellos. Estos incluyeron, pero no se limitaron a, lo siguiente:<br>(1) la cultura moral del Taekwon-Do; <br>(2) el origen y el significado de la palabra \u201cDo\u201d; <br>(3) los Principios del Taekwon-Do (cortes\u00eda, integridad, perseverancia, autocontrol y esp\u00edritu indomable);<br>(4) el Juramento del Estudiante;<br>(5) el desarrollo del razonamiento moral desde la infancia hasta la edad adulta; <br>(6) las relaciones entre los determinantes psicosociales del comportamiento humano y c\u00f3mo el conocimiento psicol\u00f3gico puede ayudar a lograr los objetivos del Taekwon-Do; <br>(7) toma de decisiones \u00e9ticas y c\u00f3mo resolver dilemas o conflictos entre principios; <br>(8) motivaci\u00f3n y establecimiento de metas (c\u00f3mo establecer metas efectivas en el Taekwon-Do y en la vida cotidiana) y <br>(9) la integraci\u00f3n de la ense\u00f1anza del Do en la ense\u00f1anza del Taekwon-Do (gu\u00eda general y consejos).<\/p>\n\n\n\n<p>Se utiliz\u00f3 una amplia gama de actividades para captar y mantener la atenci\u00f3n de los participantes a lo largo de cada d\u00eda. Por ejemplo, los participantes fueron encuestados y puestos a prueba con preguntas durante las presentaciones. En otras ocasiones, los participantes se reunieron en peque\u00f1os grupos en salas de trabajo virtuales para discutir un tema en particular o encontrar formas de abordarlo antes de regresar a la sala de reuniones principal, para compartir algunas de sus ideas con todo el grupo. Tambi\u00e9n, en otras ocasiones, fueron desafiados con ejercicios de razonamiento, dise\u00f1ados para despertar su inter\u00e9s y curiosidad. Adem\u00e1s, se utilizaron presentaciones y demostraciones de PowerPoint para ayudar a los participantes a comprender mejor la informaci\u00f3n presentada durante el curso. Antes de cada d\u00eda del IDC, a los participantes se les proporcion\u00f3 un enlace a una p\u00e1gina web donde se pudieron descargar una copia en PDF del documento que mostraba las diapositivas que se presentar\u00edan durante las sesiones de ese d\u00eda.<\/p>\n\n\n\n<p>Desde el 1 de enero de 2023, los miembros de ITF que deseen solicitar su promoci\u00f3n a 7\u00ba Dan o superior deber\u00e1n asistir a un IDC para ser elegibles para examinarse.<\/p>\n\n\n\n<p>El pr\u00f3ximo IDC ser\u00e1 impartido en espa\u00f1ol de 2:00 pm\u00a0a 9:00 pm el 21 de mayo y el 28 de mayo de 2023 (hora UTC). Para m\u00e1s informaci\u00f3n, dir\u00edjanse a <a href=\"https:\/\/itftkd.sport\/events\/category\/international-do-course\/\" target=\"_blank\" aria-label=\"https:\/\/itftkd.sport\/events\/category\/international-do-course\/ (opens in a new tab)\" rel=\"noreferrer noopener\" class=\"ek-link\">https:\/\/itftkd.sport\/events\/category\/international-do-course\/<\/a><\/p>\n\n\n\n<p>Suyo en el Taekwon-Do,<\/p>\n\n\n\n<p>Maestro Janel Gauthier, Prof. Dr.<br>Presidente del Comit\u00e9 de Do y \u00c9tica de la ITF<\/p>\n\n\n\n<figure class=\"wp-block-gallery has-nested-images columns-2 wp-block-gallery-1 is-layout-flex wp-block-gallery-is-layout-flex\">\n<figure class=\"wp-block-image size-large\"><img loading=\"lazy\" decoding=\"async\" width=\"900\" height=\"600\" data-id=\"29514\" src=\"https:\/\/itftkd.sport\/es\/wp-content\/uploads\/sites\/7\/2023\/04\/IDC-03-2023-01.jpg\" alt=\"\" class=\"wp-image-29514\" srcset=\"https:\/\/itftkd.sport\/es\/wp-content\/uploads\/sites\/7\/2023\/04\/IDC-03-2023-01.jpg 900w, https:\/\/itftkd.sport\/es\/wp-content\/uploads\/sites\/7\/2023\/04\/IDC-03-2023-01-300x200.jpg 300w, https:\/\/itftkd.sport\/es\/wp-content\/uploads\/sites\/7\/2023\/04\/IDC-03-2023-01-768x512.jpg 768w, https:\/\/itftkd.sport\/es\/wp-content\/uploads\/sites\/7\/2023\/04\/IDC-03-2023-01-600x400.jpg 600w\" sizes=\"auto, (max-width: 900px) 100vw, 900px\" \/><\/figure>\n\n\n\n<figure class=\"wp-block-image size-large\"><img loading=\"lazy\" decoding=\"async\" width=\"900\" height=\"600\" data-id=\"29512\" src=\"https:\/\/itftkd.sport\/es\/wp-content\/uploads\/sites\/7\/2023\/04\/IDC-03-2023-03.jpg\" alt=\"\" class=\"wp-image-29512\" srcset=\"https:\/\/itftkd.sport\/es\/wp-content\/uploads\/sites\/7\/2023\/04\/IDC-03-2023-03.jpg 900w, https:\/\/itftkd.sport\/es\/wp-content\/uploads\/sites\/7\/2023\/04\/IDC-03-2023-03-300x200.jpg 300w, https:\/\/itftkd.sport\/es\/wp-content\/uploads\/sites\/7\/2023\/04\/IDC-03-2023-03-768x512.jpg 768w, https:\/\/itftkd.sport\/es\/wp-content\/uploads\/sites\/7\/2023\/04\/IDC-03-2023-03-600x400.jpg 600w\" sizes=\"auto, (max-width: 900px) 100vw, 900px\" \/><\/figure>\n\n\n\n<figure class=\"wp-block-image size-large\"><img loading=\"lazy\" decoding=\"async\" width=\"900\" height=\"600\" data-id=\"29510\" src=\"https:\/\/itftkd.sport\/es\/wp-content\/uploads\/sites\/7\/2023\/04\/IDC-03-2023-04.jpg\" alt=\"\" class=\"wp-image-29510\" srcset=\"https:\/\/itftkd.sport\/es\/wp-content\/uploads\/sites\/7\/2023\/04\/IDC-03-2023-04.jpg 900w, https:\/\/itftkd.sport\/es\/wp-content\/uploads\/sites\/7\/2023\/04\/IDC-03-2023-04-300x200.jpg 300w, https:\/\/itftkd.sport\/es\/wp-content\/uploads\/sites\/7\/2023\/04\/IDC-03-2023-04-768x512.jpg 768w, https:\/\/itftkd.sport\/es\/wp-content\/uploads\/sites\/7\/2023\/04\/IDC-03-2023-04-600x400.jpg 600w\" sizes=\"auto, (max-width: 900px) 100vw, 900px\" \/><\/figure>\n\n\n\n<figure class=\"wp-block-image size-large\"><img loading=\"lazy\" decoding=\"async\" width=\"900\" height=\"600\" data-id=\"29513\" src=\"https:\/\/itftkd.sport\/es\/wp-content\/uploads\/sites\/7\/2023\/04\/IDC-03-2023-05-2.jpg\" alt=\"\" class=\"wp-image-29513\" srcset=\"https:\/\/itftkd.sport\/es\/wp-content\/uploads\/sites\/7\/2023\/04\/IDC-03-2023-05-2.jpg 900w, https:\/\/itftkd.sport\/es\/wp-content\/uploads\/sites\/7\/2023\/04\/IDC-03-2023-05-2-300x200.jpg 300w, https:\/\/itftkd.sport\/es\/wp-content\/uploads\/sites\/7\/2023\/04\/IDC-03-2023-05-2-768x512.jpg 768w, https:\/\/itftkd.sport\/es\/wp-content\/uploads\/sites\/7\/2023\/04\/IDC-03-2023-05-2-600x400.jpg 600w\" sizes=\"auto, (max-width: 900px) 100vw, 900px\" \/><\/figure>\n\n\n\n<figure class=\"wp-block-image size-large\"><img loading=\"lazy\" decoding=\"async\" width=\"900\" height=\"518\" data-id=\"29511\" src=\"https:\/\/itftkd.sport\/es\/wp-content\/uploads\/sites\/7\/2023\/04\/IDC-03-2023-07.jpg\" alt=\"\" class=\"wp-image-29511\" srcset=\"https:\/\/itftkd.sport\/es\/wp-content\/uploads\/sites\/7\/2023\/04\/IDC-03-2023-07.jpg 900w, https:\/\/itftkd.sport\/es\/wp-content\/uploads\/sites\/7\/2023\/04\/IDC-03-2023-07-300x173.jpg 300w, https:\/\/itftkd.sport\/es\/wp-content\/uploads\/sites\/7\/2023\/04\/IDC-03-2023-07-768x442.jpg 768w\" sizes=\"auto, (max-width: 900px) 100vw, 900px\" \/><\/figure>\n\n\n\n<figure class=\"wp-block-image size-large\"><img loading=\"lazy\" decoding=\"async\" width=\"900\" height=\"514\" data-id=\"29515\" src=\"https:\/\/itftkd.sport\/es\/wp-content\/uploads\/sites\/7\/2023\/04\/IDC-03-2023-08.jpg\" alt=\"\" class=\"wp-image-29515\" srcset=\"https:\/\/itftkd.sport\/es\/wp-content\/uploads\/sites\/7\/2023\/04\/IDC-03-2023-08.jpg 900w, https:\/\/itftkd.sport\/es\/wp-content\/uploads\/sites\/7\/2023\/04\/IDC-03-2023-08-300x171.jpg 300w, https:\/\/itftkd.sport\/es\/wp-content\/uploads\/sites\/7\/2023\/04\/IDC-03-2023-08-768x439.jpg 768w\" sizes=\"auto, (max-width: 900px) 100vw, 900px\" \/><\/figure>\n<\/figure>\n","protected":false},"excerpt":{"rendered":"<p>El Curso Internacional del Do (IDC) realizado el 4\/5 de marzo y el 18\/19 de marzo de 2023 fue el primer IDC realizado en l\u00ednea este a\u00f1o. Consisti\u00f3 en cuatro &hellip;<\/p>\n","protected":false},"author":14,"featured_media":29508,"comment_status":"open","ping_status":"open","sticky":false,"template":"","format":"standard","meta":{"_tec_requires_first_save":true,"_uag_custom_page_level_css":"","_genesis_hide_title":false,"_genesis_hide_breadcrumbs":false,"_genesis_hide_singular_image":false,"_genesis_hide_footer_widgets":false,"_genesis_custom_body_class":"","_genesis_custom_post_class":"","_genesis_layout":"","_EventAllDay":false,"_EventTimezone":"","_EventStartDate":"","_EventEndDate":"","_EventStartDateUTC":"","_EventEndDateUTC":"","_EventShowMap":false,"_EventShowMapLink":false,"_EventURL":"","_EventCost":"","_EventCostDescription":"","_EventCurrencySymbol":"","_EventCurrencyCode":"","_EventCurrencyPosition":"","_EventDateTimeSeparator":"","_EventTimeRangeSeparator":"","_EventOrganizerID":[],"_EventVenueID":[],"_OrganizerEmail":"","_OrganizerPhone":"","_OrganizerWebsite":"","_VenueAddress":"","_VenueCity":"","_VenueCountry":"","_VenueProvince":"","_VenueState":"","_VenueZip":"","_VenuePhone":"","_VenueURL":"","_VenueStateProvince":"","_VenueLat":"","_VenueLng":"","_VenueShowMap":false,"_VenueShowMapLink":false,"_tribe_blocks_recurrence_rules":"","_tribe_blocks_recurrence_description":"","_tribe_blocks_recurrence_exclusions":"","editor_notices":[],"footnotes":""},"categories":[132,130],"tags":[],"class_list":["post-29506","post","type-post","status-publish","format-standard","has-post-thumbnail","category-destacadas","category-ultimas-noticias","entry"],"featured_image_src":"https:\/\/itftkd.sport\/es\/wp-content\/uploads\/sites\/7\/2023\/04\/Online-International-Do-Curse-March-2023-600x400.jpg","featured_image_src_square":"https:\/\/itftkd.sport\/es\/wp-content\/uploads\/sites\/7\/2023\/04\/Online-International-Do-Curse-March-2023-600x600.jpg","author_info":{"display_name":"Daniel Schmidt","author_link":"https:\/\/itftkd.sport\/es\/author\/daniel\/"},"uagb_featured_image_src":{"full":["https:\/\/itftkd.sport\/es\/wp-content\/uploads\/sites\/7\/2023\/04\/Online-International-Do-Curse-March-2023.jpg",1600,1200,false],"thumbnail":["https:\/\/itftkd.sport\/es\/wp-content\/uploads\/sites\/7\/2023\/04\/Online-International-Do-Curse-March-2023-150x150.jpg",150,150,true],"medium":["https:\/\/itftkd.sport\/es\/wp-content\/uploads\/sites\/7\/2023\/04\/Online-International-Do-Curse-March-2023-300x225.jpg",300,225,true],"medium_large":["https:\/\/itftkd.sport\/es\/wp-content\/uploads\/sites\/7\/2023\/04\/Online-International-Do-Curse-March-2023-768x576.jpg",768,576,true],"large":["https:\/\/itftkd.sport\/es\/wp-content\/uploads\/sites\/7\/2023\/04\/Online-International-Do-Curse-March-2023-1024x768.jpg",1024,768,true],"1536x1536":["https:\/\/itftkd.sport\/es\/wp-content\/uploads\/sites\/7\/2023\/04\/Online-International-Do-Curse-March-2023-1536x1152.jpg",1536,1152,true],"2048x2048":["https:\/\/itftkd.sport\/es\/wp-content\/uploads\/sites\/7\/2023\/04\/Online-International-Do-Curse-March-2023.jpg",1600,1200,false],"banner":["https:\/\/itftkd.sport\/es\/wp-content\/uploads\/sites\/7\/2023\/04\/Online-International-Do-Curse-March-2023-1600x533.jpg",1600,533,true],"section":["https:\/\/itftkd.sport\/es\/wp-content\/uploads\/sites\/7\/2023\/04\/Online-International-Do-Curse-March-2023-1600x900.jpg",1600,900,true],"full-width":["https:\/\/itftkd.sport\/es\/wp-content\/uploads\/sites\/7\/2023\/04\/Online-International-Do-Curse-March-2023-1248x832.jpg",1248,832,true],"featured":["https:\/\/itftkd.sport\/es\/wp-content\/uploads\/sites\/7\/2023\/04\/Online-International-Do-Curse-March-2023-800x600.jpg",800,600,true],"one-half":["https:\/\/itftkd.sport\/es\/wp-content\/uploads\/sites\/7\/2023\/04\/Online-International-Do-Curse-March-2023-550x413.jpg",550,413,true],"one-third":["https:\/\/itftkd.sport\/es\/wp-content\/uploads\/sites\/7\/2023\/04\/Online-International-Do-Curse-March-2023-350x263.jpg",350,263,true],"one-fourth":["https:\/\/itftkd.sport\/es\/wp-content\/uploads\/sites\/7\/2023\/04\/Online-International-Do-Curse-March-2023-260x195.jpg",260,195,true],"tiny":["https:\/\/itftkd.sport\/es\/wp-content\/uploads\/sites\/7\/2023\/04\/Online-International-Do-Curse-March-2023-80x80.jpg",80,80,true],"ab-block-post-grid-landscape":["https:\/\/itftkd.sport\/es\/wp-content\/uploads\/sites\/7\/2023\/04\/Online-International-Do-Curse-March-2023-600x400.jpg",600,400,true],"ab-block-post-grid-square":["https:\/\/itftkd.sport\/es\/wp-content\/uploads\/sites\/7\/2023\/04\/Online-International-Do-Curse-March-2023-600x600.jpg",600,600,true],"gform-image-choice-sm":["https:\/\/itftkd.sport\/es\/wp-content\/uploads\/sites\/7\/2023\/04\/Online-International-Do-Curse-March-2023.jpg",300,225,false],"gform-image-choice-md":["https:\/\/itftkd.sport\/es\/wp-content\/uploads\/sites\/7\/2023\/04\/Online-International-Do-Curse-March-2023.jpg",400,300,false],"gform-image-choice-lg":["https:\/\/itftkd.sport\/es\/wp-content\/uploads\/sites\/7\/2023\/04\/Online-International-Do-Curse-March-2023.jpg",600,450,false]},"uagb_author_info":{"display_name":"Daniel Schmidt","author_link":"https:\/\/itftkd.sport\/es\/author\/daniel\/"},"uagb_comment_info":0,"uagb_excerpt":"El Curso Internacional del Do (IDC) realizado el 4\/5 de marzo y el 18\/19 de marzo de 2023 fue el primer IDC realizado en l\u00ednea este a\u00f1o. Consisti\u00f3 en cuatro &hellip;","_links":{"self":[{"href":"https:\/\/itftkd.sport\/es\/wp-json\/wp\/v2\/posts\/29506","targetHints":{"allow":["GET"]}}],"collection":[{"href":"https:\/\/itftkd.sport\/es\/wp-json\/wp\/v2\/posts"}],"about":[{"href":"https:\/\/itftkd.sport\/es\/wp-json\/wp\/v2\/types\/post"}],"author":[{"embeddable":true,"href":"https:\/\/itftkd.sport\/es\/wp-json\/wp\/v2\/users\/14"}],"replies":[{"embeddable":true,"href":"https:\/\/itftkd.sport\/es\/wp-json\/wp\/v2\/comments?post=29506"}],"version-history":[{"count":2,"href":"https:\/\/itftkd.sport\/es\/wp-json\/wp\/v2\/posts\/29506\/revisions"}],"predecessor-version":[{"id":29517,"href":"https:\/\/itftkd.sport\/es\/wp-json\/wp\/v2\/posts\/29506\/revisions\/29517"}],"wp:featuredmedia":[{"embeddable":true,"href":"https:\/\/itftkd.sport\/es\/wp-json\/wp\/v2\/media\/29508"}],"wp:attachment":[{"href":"https:\/\/itftkd.sport\/es\/wp-json\/wp\/v2\/media?parent=29506"}],"wp:term":[{"taxonomy":"category","embeddable":true,"href":"https:\/\/itftkd.sport\/es\/wp-json\/wp\/v2\/categories?post=29506"},{"taxonomy":"post_tag","embeddable":true,"href":"https:\/\/itftkd.sport\/es\/wp-json\/wp\/v2\/tags?post=29506"}],"curies":[{"name":"wp","href":"https:\/\/api.w.org\/{rel}","templated":true}]}}