{"id":29497,"date":"2023-04-15T12:28:26","date_gmt":"2023-04-15T10:28:26","guid":{"rendered":"https:\/\/itftkd.sport\/es\/?p=29497"},"modified":"2023-04-15T12:28:28","modified_gmt":"2023-04-15T10:28:28","slug":"campeonato-del-mundo-2023-extension-de-la-fecha-limite-para-alojamiento","status":"publish","type":"post","link":"https:\/\/itftkd.sport\/es\/campeonato-del-mundo-2023-extension-de-la-fecha-limite-para-alojamiento\/","title":{"rendered":"Campeonato del Mundo 2023: extensi\u00f3n de la fecha l\u00edmite para alojamiento"},"content":{"rendered":"\n<p>Tanto la ITF como el comit\u00e9 organizador del Campeonato del Mundo han recibido muchas solicitudes para posponer la fecha l\u00edmite de reserva de alojamiento ya que en muchos pa\u00edses el proceso de selecci\u00f3n del equipo nacional a\u00fan est\u00e1 en curso.<\/p>\n\n\n\n<p>El comit\u00e9 organizador finland\u00e9s se ha puesto en contacto con todos los hoteles y el pasado 14 de abril, acaba de llegar  a un acuerdo para ampliar el plazo hasta el domingo 28 de mayo, tanto para realizar las reservas como para los pagos . En esa fecha, el comit\u00e9 organizador estar\u00e1 facturando el dep\u00f3sito del 50%.<\/p>\n\n\n\n<p>Tenga en cuenta que esta es la \u00faltima fecha l\u00edmite y despu\u00e9s de esto solo puede realizar cambios peque\u00f1os (m\u00e1x. 10%) en la reserva de alojamiento, hasta el 1 de agosto. Los organizadores liberar\u00e1n todas las habitaciones sin reservar a principios de junio, excluyendo una peque\u00f1a cuota para el cambios antes mencionados.<\/p>\n\n\n\n<p>Esta extensi\u00f3n del per\u00edodo de reserva de alojamiento solo es posible debido a los pa\u00edses que ya han completado su reserva. <\/p>\n\n\n\n<p>\u00a1Gracias a todos los que ayudaron a lograr este acuerdo!<\/p>\n\n\n\n<p>\u00a1Buena suerte a todos para las competiciones clasificatorias nacionales y continentales!<\/p>\n","protected":false},"excerpt":{"rendered":"<p>Tanto la ITF como el comit\u00e9 organizador del Campeonato del Mundo han recibido muchas solicitudes para posponer la fecha l\u00edmite de reserva de alojamiento ya que en muchos pa\u00edses el &hellip;<\/p>\n","protected":false},"author":14,"featured_media":29371,"comment_status":"open","ping_status":"open","sticky":false,"template":"","format":"standard","meta":{"_tec_requires_first_save":true,"_uag_custom_page_level_css":"","_genesis_hide_title":false,"_genesis_hide_breadcrumbs":false,"_genesis_hide_singular_image":false,"_genesis_hide_footer_widgets":false,"_genesis_custom_body_class":"","_genesis_custom_post_class":"","_genesis_layout":"","_EventAllDay":false,"_EventTimezone":"","_EventStartDate":"","_EventEndDate":"","_EventStartDateUTC":"","_EventEndDateUTC":"","_EventShowMap":false,"_EventShowMapLink":false,"_EventURL":"","_EventCost":"","_EventCostDescription":"","_EventCurrencySymbol":"","_EventCurrencyCode":"","_EventCurrencyPosition":"","_EventDateTimeSeparator":"","_EventTimeRangeSeparator":"","_EventOrganizerID":[],"_EventVenueID":[],"_OrganizerEmail":"","_OrganizerPhone":"","_OrganizerWebsite":"","_VenueAddress":"","_VenueCity":"","_VenueCountry":"","_VenueProvince":"","_VenueState":"","_VenueZip":"","_VenuePhone":"","_VenueURL":"","_VenueStateProvince":"","_VenueLat":"","_VenueLng":"","_VenueShowMap":false,"_VenueShowMapLink":false,"_tribe_blocks_recurrence_rules":"","_tribe_blocks_recurrence_description":"","_tribe_blocks_recurrence_exclusions":"","editor_notices":[],"footnotes":""},"categories":[132,130],"tags":[],"class_list":["post-29497","post","type-post","status-publish","format-standard","has-post-thumbnail","category-destacadas","category-ultimas-noticias","entry"],"featured_image_src":"https:\/\/itftkd.sport\/es\/wp-content\/uploads\/sites\/7\/2023\/03\/WC2023_Finland_800x600_feature-600x400.jpg","featured_image_src_square":"https:\/\/itftkd.sport\/es\/wp-content\/uploads\/sites\/7\/2023\/03\/WC2023_Finland_800x600_feature-600x600.jpg","author_info":{"display_name":"Daniel Schmidt","author_link":"https:\/\/itftkd.sport\/es\/author\/daniel\/"},"uagb_featured_image_src":{"full":["https:\/\/itftkd.sport\/es\/wp-content\/uploads\/sites\/7\/2023\/03\/WC2023_Finland_800x600_feature.jpg",800,600,false],"thumbnail":["https:\/\/itftkd.sport\/es\/wp-content\/uploads\/sites\/7\/2023\/03\/WC2023_Finland_800x600_feature-150x150.jpg",150,150,true],"medium":["https:\/\/itftkd.sport\/es\/wp-content\/uploads\/sites\/7\/2023\/03\/WC2023_Finland_800x600_feature-300x225.jpg",300,225,true],"medium_large":["https:\/\/itftkd.sport\/es\/wp-content\/uploads\/sites\/7\/2023\/03\/WC2023_Finland_800x600_feature-768x576.jpg",768,576,true],"large":["https:\/\/itftkd.sport\/es\/wp-content\/uploads\/sites\/7\/2023\/03\/WC2023_Finland_800x600_feature.jpg",800,600,false],"1536x1536":["https:\/\/itftkd.sport\/es\/wp-content\/uploads\/sites\/7\/2023\/03\/WC2023_Finland_800x600_feature.jpg",800,600,false],"2048x2048":["https:\/\/itftkd.sport\/es\/wp-content\/uploads\/sites\/7\/2023\/03\/WC2023_Finland_800x600_feature.jpg",800,600,false],"banner":["https:\/\/itftkd.sport\/es\/wp-content\/uploads\/sites\/7\/2023\/03\/WC2023_Finland_800x600_feature-800x533.jpg",800,533,true],"section":["https:\/\/itftkd.sport\/es\/wp-content\/uploads\/sites\/7\/2023\/03\/WC2023_Finland_800x600_feature.jpg",800,600,false],"full-width":["https:\/\/itftkd.sport\/es\/wp-content\/uploads\/sites\/7\/2023\/03\/WC2023_Finland_800x600_feature.jpg",800,600,false],"featured":["https:\/\/itftkd.sport\/es\/wp-content\/uploads\/sites\/7\/2023\/03\/WC2023_Finland_800x600_feature.jpg",800,600,false],"one-half":["https:\/\/itftkd.sport\/es\/wp-content\/uploads\/sites\/7\/2023\/03\/WC2023_Finland_800x600_feature-550x413.jpg",550,413,true],"one-third":["https:\/\/itftkd.sport\/es\/wp-content\/uploads\/sites\/7\/2023\/03\/WC2023_Finland_800x600_feature-350x263.jpg",350,263,true],"one-fourth":["https:\/\/itftkd.sport\/es\/wp-content\/uploads\/sites\/7\/2023\/03\/WC2023_Finland_800x600_feature-260x195.jpg",260,195,true],"tiny":["https:\/\/itftkd.sport\/es\/wp-content\/uploads\/sites\/7\/2023\/03\/WC2023_Finland_800x600_feature-80x80.jpg",80,80,true],"ab-block-post-grid-landscape":["https:\/\/itftkd.sport\/es\/wp-content\/uploads\/sites\/7\/2023\/03\/WC2023_Finland_800x600_feature-600x400.jpg",600,400,true],"ab-block-post-grid-square":["https:\/\/itftkd.sport\/es\/wp-content\/uploads\/sites\/7\/2023\/03\/WC2023_Finland_800x600_feature-600x600.jpg",600,600,true],"gform-image-choice-sm":["https:\/\/itftkd.sport\/es\/wp-content\/uploads\/sites\/7\/2023\/03\/WC2023_Finland_800x600_feature.jpg",300,225,false],"gform-image-choice-md":["https:\/\/itftkd.sport\/es\/wp-content\/uploads\/sites\/7\/2023\/03\/WC2023_Finland_800x600_feature.jpg",400,300,false],"gform-image-choice-lg":["https:\/\/itftkd.sport\/es\/wp-content\/uploads\/sites\/7\/2023\/03\/WC2023_Finland_800x600_feature.jpg",600,450,false]},"uagb_author_info":{"display_name":"Daniel Schmidt","author_link":"https:\/\/itftkd.sport\/es\/author\/daniel\/"},"uagb_comment_info":0,"uagb_excerpt":"Tanto la ITF como el comit\u00e9 organizador del Campeonato del Mundo han recibido muchas solicitudes para posponer la fecha l\u00edmite de reserva de alojamiento ya que en muchos pa\u00edses el &hellip;","_links":{"self":[{"href":"https:\/\/itftkd.sport\/es\/wp-json\/wp\/v2\/posts\/29497","targetHints":{"allow":["GET"]}}],"collection":[{"href":"https:\/\/itftkd.sport\/es\/wp-json\/wp\/v2\/posts"}],"about":[{"href":"https:\/\/itftkd.sport\/es\/wp-json\/wp\/v2\/types\/post"}],"author":[{"embeddable":true,"href":"https:\/\/itftkd.sport\/es\/wp-json\/wp\/v2\/users\/14"}],"replies":[{"embeddable":true,"href":"https:\/\/itftkd.sport\/es\/wp-json\/wp\/v2\/comments?post=29497"}],"version-history":[{"count":1,"href":"https:\/\/itftkd.sport\/es\/wp-json\/wp\/v2\/posts\/29497\/revisions"}],"predecessor-version":[{"id":29499,"href":"https:\/\/itftkd.sport\/es\/wp-json\/wp\/v2\/posts\/29497\/revisions\/29499"}],"wp:featuredmedia":[{"embeddable":true,"href":"https:\/\/itftkd.sport\/es\/wp-json\/wp\/v2\/media\/29371"}],"wp:attachment":[{"href":"https:\/\/itftkd.sport\/es\/wp-json\/wp\/v2\/media?parent=29497"}],"wp:term":[{"taxonomy":"category","embeddable":true,"href":"https:\/\/itftkd.sport\/es\/wp-json\/wp\/v2\/categories?post=29497"},{"taxonomy":"post_tag","embeddable":true,"href":"https:\/\/itftkd.sport\/es\/wp-json\/wp\/v2\/tags?post=29497"}],"curies":[{"name":"wp","href":"https:\/\/api.w.org\/{rel}","templated":true}]}}