{"id":29372,"date":"2023-03-18T15:44:00","date_gmt":"2023-03-18T14:44:00","guid":{"rendered":"https:\/\/itftkd.sport\/es\/?p=29372"},"modified":"2023-03-20T15:47:37","modified_gmt":"2023-03-20T14:47:37","slug":"campeonato-mundial-2023-15-de-abril-fecha-limite-para-reserva-de-alojamiento","status":"publish","type":"post","link":"https:\/\/itftkd.sport\/es\/campeonato-mundial-2023-15-de-abril-fecha-limite-para-reserva-de-alojamiento\/","title":{"rendered":"Campeonato Mundial 2023 &#8211; 15 de abril, fecha l\u00edmite para reserva de alojamiento"},"content":{"rendered":"\n<p>The deadline for booking the accommodation is April 15.<\/p>\n\n\n\n<h4 class=\"wp-block-heading\">Disfrute de su estancia en Tampere<\/h4>\n\n\n\n<p>Queremos recordar a todos los responsables de equipo que se acerca la fecha l\u00edmite de reserva de alojamiento del 15 de abril. Para esta fecha, deber\u00e1 tener una reserva de alojamiento para el n\u00famero requerido de habitaciones y pagar el 50 % de prepago de acuerdo con la factura proforma enviada por el comit\u00e9 organizador. La reserva de alojamiento se puede realizar en nuestro sistema en l\u00ednea TKDMAN para el cual se pueden solicitar credenciales a\u00a0Lasse Kuusisto\u00a0(<a href=\"mailto:lasse.kuusisto@itf2023.fi\" target=\"_blank\" aria-label=\"lasse.kuusisto@itf2023.fi (opens in a new tab)\" rel=\"noreferrer noopener\" class=\"ek-link\">lasse.kuusisto@itf2023.fi<\/a>).<\/p>\n\n\n\n<p>Permitimos cambios menores en la reserva (m\u00e1ximo 10 % de cambio en el n\u00famero de personas) hasta el\u00a01 de agosto de 2023, y luego facturaremos el saldo restante.<\/p>\n\n\n\n<p>\u00a1Importante! No es posible posponer la fecha l\u00edmite de reserva y pago ya que como organizadores estamos obligados a liberar la mayor\u00eda de las habitaciones no reservadas de nuestra cuota durante el mes de abril y pagar el 50% de nuestras reservas a los hoteles. Esperamos que todos los equipos entiendan esto y hagan su reserva dentro del plazo establecido. No necesitamos saber los nombres de las personas en la reserva en esta etapa, la cantidad requerida de habitaciones y el prepago son las cosas m\u00e1s importantes.<\/p>\n\n\n\n<p>Para obtener m\u00e1s informaci\u00f3n sobre alojamiento y transporte, comun\u00edquese con Laura Nikkola-Kuusisto<strong>\u00a0<\/strong>(<a href=\"mailto:bookings@itf2023.fi\" target=\"_blank\" aria-label=\" (opens in a new tab)\" rel=\"noreferrer noopener\" class=\"ek-link\">bookings@itf2023.fi<\/a>).<\/p>\n\n\n\n<p>\u00a1Gracias por su cooperaci\u00f3n!<\/p>\n","protected":false},"excerpt":{"rendered":"<p>The deadline for booking the accommodation is April 15. Disfrute de su estancia en Tampere Queremos recordar a todos los responsables de equipo que se acerca la fecha l\u00edmite de &hellip;<\/p>\n","protected":false},"author":14,"featured_media":29371,"comment_status":"open","ping_status":"open","sticky":false,"template":"","format":"standard","meta":{"_tec_requires_first_save":true,"_uag_custom_page_level_css":"","_genesis_hide_title":false,"_genesis_hide_breadcrumbs":false,"_genesis_hide_singular_image":false,"_genesis_hide_footer_widgets":false,"_genesis_custom_body_class":"","_genesis_custom_post_class":"","_genesis_layout":"","_EventAllDay":false,"_EventTimezone":"","_EventStartDate":"","_EventEndDate":"","_EventStartDateUTC":"","_EventEndDateUTC":"","_EventShowMap":false,"_EventShowMapLink":false,"_EventURL":"","_EventCost":"","_EventCostDescription":"","_EventCurrencySymbol":"","_EventCurrencyCode":"","_EventCurrencyPosition":"","_EventDateTimeSeparator":"","_EventTimeRangeSeparator":"","_EventOrganizerID":[],"_EventVenueID":[],"_OrganizerEmail":"","_OrganizerPhone":"","_OrganizerWebsite":"","_VenueAddress":"","_VenueCity":"","_VenueCountry":"","_VenueProvince":"","_VenueState":"","_VenueZip":"","_VenuePhone":"","_VenueURL":"","_VenueStateProvince":"","_VenueLat":"","_VenueLng":"","_VenueShowMap":false,"_VenueShowMapLink":false,"_tribe_blocks_recurrence_rules":"","_tribe_blocks_recurrence_description":"","_tribe_blocks_recurrence_exclusions":"","editor_notices":[],"footnotes":""},"categories":[132,130],"tags":[],"class_list":["post-29372","post","type-post","status-publish","format-standard","has-post-thumbnail","category-destacadas","category-ultimas-noticias","entry"],"featured_image_src":"https:\/\/itftkd.sport\/es\/wp-content\/uploads\/sites\/7\/2023\/03\/WC2023_Finland_800x600_feature-600x400.jpg","featured_image_src_square":"https:\/\/itftkd.sport\/es\/wp-content\/uploads\/sites\/7\/2023\/03\/WC2023_Finland_800x600_feature-600x600.jpg","author_info":{"display_name":"Daniel Schmidt","author_link":"https:\/\/itftkd.sport\/es\/author\/daniel\/"},"uagb_featured_image_src":{"full":["https:\/\/itftkd.sport\/es\/wp-content\/uploads\/sites\/7\/2023\/03\/WC2023_Finland_800x600_feature.jpg",800,600,false],"thumbnail":["https:\/\/itftkd.sport\/es\/wp-content\/uploads\/sites\/7\/2023\/03\/WC2023_Finland_800x600_feature-150x150.jpg",150,150,true],"medium":["https:\/\/itftkd.sport\/es\/wp-content\/uploads\/sites\/7\/2023\/03\/WC2023_Finland_800x600_feature-300x225.jpg",300,225,true],"medium_large":["https:\/\/itftkd.sport\/es\/wp-content\/uploads\/sites\/7\/2023\/03\/WC2023_Finland_800x600_feature-768x576.jpg",768,576,true],"large":["https:\/\/itftkd.sport\/es\/wp-content\/uploads\/sites\/7\/2023\/03\/WC2023_Finland_800x600_feature.jpg",800,600,false],"1536x1536":["https:\/\/itftkd.sport\/es\/wp-content\/uploads\/sites\/7\/2023\/03\/WC2023_Finland_800x600_feature.jpg",800,600,false],"2048x2048":["https:\/\/itftkd.sport\/es\/wp-content\/uploads\/sites\/7\/2023\/03\/WC2023_Finland_800x600_feature.jpg",800,600,false],"banner":["https:\/\/itftkd.sport\/es\/wp-content\/uploads\/sites\/7\/2023\/03\/WC2023_Finland_800x600_feature-800x533.jpg",800,533,true],"section":["https:\/\/itftkd.sport\/es\/wp-content\/uploads\/sites\/7\/2023\/03\/WC2023_Finland_800x600_feature.jpg",800,600,false],"full-width":["https:\/\/itftkd.sport\/es\/wp-content\/uploads\/sites\/7\/2023\/03\/WC2023_Finland_800x600_feature.jpg",800,600,false],"featured":["https:\/\/itftkd.sport\/es\/wp-content\/uploads\/sites\/7\/2023\/03\/WC2023_Finland_800x600_feature.jpg",800,600,false],"one-half":["https:\/\/itftkd.sport\/es\/wp-content\/uploads\/sites\/7\/2023\/03\/WC2023_Finland_800x600_feature-550x413.jpg",550,413,true],"one-third":["https:\/\/itftkd.sport\/es\/wp-content\/uploads\/sites\/7\/2023\/03\/WC2023_Finland_800x600_feature-350x263.jpg",350,263,true],"one-fourth":["https:\/\/itftkd.sport\/es\/wp-content\/uploads\/sites\/7\/2023\/03\/WC2023_Finland_800x600_feature-260x195.jpg",260,195,true],"tiny":["https:\/\/itftkd.sport\/es\/wp-content\/uploads\/sites\/7\/2023\/03\/WC2023_Finland_800x600_feature-80x80.jpg",80,80,true],"ab-block-post-grid-landscape":["https:\/\/itftkd.sport\/es\/wp-content\/uploads\/sites\/7\/2023\/03\/WC2023_Finland_800x600_feature-600x400.jpg",600,400,true],"ab-block-post-grid-square":["https:\/\/itftkd.sport\/es\/wp-content\/uploads\/sites\/7\/2023\/03\/WC2023_Finland_800x600_feature-600x600.jpg",600,600,true],"gform-image-choice-sm":["https:\/\/itftkd.sport\/es\/wp-content\/uploads\/sites\/7\/2023\/03\/WC2023_Finland_800x600_feature.jpg",300,225,false],"gform-image-choice-md":["https:\/\/itftkd.sport\/es\/wp-content\/uploads\/sites\/7\/2023\/03\/WC2023_Finland_800x600_feature.jpg",400,300,false],"gform-image-choice-lg":["https:\/\/itftkd.sport\/es\/wp-content\/uploads\/sites\/7\/2023\/03\/WC2023_Finland_800x600_feature.jpg",600,450,false]},"uagb_author_info":{"display_name":"Daniel Schmidt","author_link":"https:\/\/itftkd.sport\/es\/author\/daniel\/"},"uagb_comment_info":0,"uagb_excerpt":"The deadline for booking the accommodation is April 15. Disfrute de su estancia en Tampere Queremos recordar a todos los responsables de equipo que se acerca la fecha l\u00edmite de &hellip;","_links":{"self":[{"href":"https:\/\/itftkd.sport\/es\/wp-json\/wp\/v2\/posts\/29372","targetHints":{"allow":["GET"]}}],"collection":[{"href":"https:\/\/itftkd.sport\/es\/wp-json\/wp\/v2\/posts"}],"about":[{"href":"https:\/\/itftkd.sport\/es\/wp-json\/wp\/v2\/types\/post"}],"author":[{"embeddable":true,"href":"https:\/\/itftkd.sport\/es\/wp-json\/wp\/v2\/users\/14"}],"replies":[{"embeddable":true,"href":"https:\/\/itftkd.sport\/es\/wp-json\/wp\/v2\/comments?post=29372"}],"version-history":[{"count":2,"href":"https:\/\/itftkd.sport\/es\/wp-json\/wp\/v2\/posts\/29372\/revisions"}],"predecessor-version":[{"id":29375,"href":"https:\/\/itftkd.sport\/es\/wp-json\/wp\/v2\/posts\/29372\/revisions\/29375"}],"wp:featuredmedia":[{"embeddable":true,"href":"https:\/\/itftkd.sport\/es\/wp-json\/wp\/v2\/media\/29371"}],"wp:attachment":[{"href":"https:\/\/itftkd.sport\/es\/wp-json\/wp\/v2\/media?parent=29372"}],"wp:term":[{"taxonomy":"category","embeddable":true,"href":"https:\/\/itftkd.sport\/es\/wp-json\/wp\/v2\/categories?post=29372"},{"taxonomy":"post_tag","embeddable":true,"href":"https:\/\/itftkd.sport\/es\/wp-json\/wp\/v2\/tags?post=29372"}],"curies":[{"name":"wp","href":"https:\/\/api.w.org\/{rel}","templated":true}]}}