{"id":29284,"date":"2023-02-10T17:59:45","date_gmt":"2023-02-10T16:59:45","guid":{"rendered":"https:\/\/itftkd.sport\/es\/?p=29284"},"modified":"2023-02-10T18:03:41","modified_gmt":"2023-02-10T17:03:41","slug":"una-nueva-edicion-del-abierto-holandes","status":"publish","type":"post","link":"https:\/\/itftkd.sport\/es\/una-nueva-edicion-del-abierto-holandes\/","title":{"rendered":"Una nueva edici\u00f3n del Abierto Holand\u00e9s"},"content":{"rendered":"\n<p>La edici\u00f3n Open Dutch 2023 se llev\u00f3 a cabo el s\u00e1bado 28 de enero en nuestra ciudad natal de Helmond una vez m\u00e1s. Aunque el registro comenz\u00f3 relativamente lento, terminamos con aproximadamente 650 competidores, m\u00e1s de 1.200 registros, de 88 equipos provenientes de 18 pa\u00edses de todo el mundo. Debido a la alta calidad de los competidores, muchos lo describieron como un mini Campeonato de Europa, \u00a1con la expresi\u00f3n \u00abmini\u00bb nos referimos al hecho de que es un torneo de 1 d\u00eda!<\/p>\n\n\n\n<p>El ambiente fue muy agradable durante todo el d\u00eda, \u00a1aunque presenciamos algunos combates extremadamente competitivos! Como siempre, el jefe de \u00e1rbitros fue el GM Coos van den Heuvel y el sabum Emiel Kloor. El GM Harry Vones fue responsable del sistema Sportdata. Por supuesto, tuvimos muchos voluntarios, \u00e1rbitros, equipo de primeros auxilios y patrocinadores, que contribuyeron en gran medida al \u00e9xito del torneo, y queremos agradecerles por eso, \u00a1ya que no podr\u00edamos haberlo hecho sin su ayuda!<\/p>\n\n\n\n<p>Hemos visto demasiados grandes combates y finales para nombrarlos a todos, pero algunos se destacaron, por lo que queremos mencionarlos. El ganador de la \u00abmejor clase A general\u00bb fue el equipo Solovey de Ucrania, seguido de cerca por el equipo West Norway. El ganador de la \u00abmejor clase B general\u00bb fue el equipo Dolny Slask de Polonia, seguido de cerca por NE-Sports de Gales. En Formas, los competidores de Noruega brillaron, mientras que en el combate Escocia obtuvo muy buenos resultados en la categor\u00eda senior.<\/p>\n\n\n<div class=\"wp-block-image\">\n<figure class=\"aligncenter size-full is-resized\"><a href=\"https:\/\/itftkd.sport\/wp-content\/uploads\/2023\/02\/05-Open-Dutch.jpg\"><img loading=\"lazy\" decoding=\"async\" src=\"https:\/\/itftkd.sport\/wp-content\/uploads\/2023\/02\/05-Open-Dutch.jpg\" alt=\"05-Open-Dutch\" class=\"wp-image-33367\" width=\"617\" height=\"323\" \/><\/a><\/figure>\n<\/div>\n\n\n<p>Otra cosa que se destac\u00f3 fue el hecho de que las competidoras s\u00e9nior de los Pa\u00edses Bajos lograron ganar 4 clases:<\/p>\n\n\n\n<p>Yra Labrie (-56), Sam Delrock (-62), Maartje Gubbels (-68), and Nina Meppelder (+68).<\/p>\n\n\n\n<p>Filippos Filippidis del equipo Dolny Slask (Polonia) logr\u00f3 ganar tanto en individual como la clase general, lo mismo ocurre con Sam Delrock, Nina Meppelder y Kayden Lingers. Este es un gran logro, y una vez m\u00e1s, \u00a1felicidades de nuestra parte!<\/p>\n\n\n\n<p>Antes de que se me olvide, como muchos de ustedes ya han preguntado, \u00a1la pr\u00f3xima edici\u00f3n est\u00e1 prevista para el s\u00e1bado 27 de enero de 2024! \u00a1An\u00f3telo y comp\u00e1rtalo con sus compa\u00f1eros de equipo, ya que esperamos verlos a muchos de ustedes nuevamente el pr\u00f3ximo a\u00f1o!<\/p>\n\n\n\n<figure class=\"wp-block-gallery has-nested-images columns-default is-cropped wp-block-gallery-1 is-layout-flex wp-block-gallery-is-layout-flex\">\n<figure class=\"wp-block-image size-large\"><a href=\"https:\/\/itftkd.sport\/wp-content\/uploads\/2023\/02\/04-Open-Dutch.jpg\"><img decoding=\"async\" data-id=\"33366\" src=\"https:\/\/itftkd.sport\/wp-content\/uploads\/2023\/02\/04-Open-Dutch.jpg\" alt=\"04-Open-Dutch\" class=\"wp-image-33366\" \/><\/a><\/figure>\n\n\n\n<figure class=\"wp-block-image size-large\"><a href=\"https:\/\/itftkd.sport\/wp-content\/uploads\/2023\/02\/03-Open-Dutch.jpg\"><img decoding=\"async\" data-id=\"33365\" src=\"https:\/\/itftkd.sport\/wp-content\/uploads\/2023\/02\/03-Open-Dutch.jpg\" alt=\"03-Open-Dutch\" class=\"wp-image-33365\" \/><\/a><\/figure>\n\n\n\n<figure class=\"wp-block-image size-large\"><a href=\"https:\/\/itftkd.sport\/wp-content\/uploads\/2023\/02\/02-Open-Dutch.jpg\"><img decoding=\"async\" data-id=\"33364\" src=\"https:\/\/itftkd.sport\/wp-content\/uploads\/2023\/02\/02-Open-Dutch.jpg\" alt=\"02-Open-Dutch\" class=\"wp-image-33364\" \/><\/a><\/figure>\n\n\n\n<figure class=\"wp-block-image size-large\"><a href=\"https:\/\/itftkd.sport\/wp-content\/uploads\/2023\/02\/01-Open-Dutch.jpg\"><img decoding=\"async\" data-id=\"33363\" src=\"https:\/\/itftkd.sport\/wp-content\/uploads\/2023\/02\/01-Open-Dutch.jpg\" alt=\"01-Open-Dutch\" class=\"wp-image-33363\" \/><\/a><\/figure>\n<\/figure>\n","protected":false},"excerpt":{"rendered":"<p>La edici\u00f3n Open Dutch 2023 se llev\u00f3 a cabo el s\u00e1bado 28 de enero en nuestra ciudad natal de Helmond una vez m\u00e1s. Aunque el registro comenz\u00f3 relativamente lento, terminamos &hellip;<\/p>\n","protected":false},"author":4,"featured_media":29285,"comment_status":"open","ping_status":"open","sticky":false,"template":"","format":"standard","meta":{"_tec_requires_first_save":true,"_uag_custom_page_level_css":"","_genesis_hide_title":false,"_genesis_hide_breadcrumbs":false,"_genesis_hide_singular_image":false,"_genesis_hide_footer_widgets":false,"_genesis_custom_body_class":"","_genesis_custom_post_class":"","_genesis_layout":"","_EventAllDay":false,"_EventTimezone":"","_EventStartDate":"","_EventEndDate":"","_EventStartDateUTC":"","_EventEndDateUTC":"","_EventShowMap":false,"_EventShowMapLink":false,"_EventURL":"","_EventCost":"","_EventCostDescription":"","_EventCurrencySymbol":"","_EventCurrencyCode":"","_EventCurrencyPosition":"","_EventDateTimeSeparator":"","_EventTimeRangeSeparator":"","_EventOrganizerID":[],"_EventVenueID":[0],"_OrganizerEmail":"","_OrganizerPhone":"","_OrganizerWebsite":"","_VenueAddress":"","_VenueCity":"","_VenueCountry":"","_VenueProvince":"","_VenueState":"","_VenueZip":"","_VenuePhone":"","_VenueURL":"","_VenueStateProvince":"","_VenueLat":"","_VenueLng":"","_VenueShowMap":false,"_VenueShowMapLink":false,"_tribe_blocks_recurrence_rules":"","_tribe_blocks_recurrence_description":"","_tribe_blocks_recurrence_exclusions":"","editor_notices":[],"footnotes":""},"categories":[6,130],"tags":[],"class_list":["post-29284","post","type-post","status-publish","format-standard","has-post-thumbnail","category-noticias-regionales","category-ultimas-noticias","entry"],"featured_image_src":"https:\/\/itftkd.sport\/es\/wp-content\/uploads\/sites\/7\/2023\/02\/Featured-image-Open-Dutch-600x400.jpg","featured_image_src_square":"https:\/\/itftkd.sport\/es\/wp-content\/uploads\/sites\/7\/2023\/02\/Featured-image-Open-Dutch-600x600.jpg","author_info":{"display_name":"FABIAN ITF","author_link":"https:\/\/itftkd.sport\/es\/author\/fabian-itf\/"},"uagb_featured_image_src":{"full":["https:\/\/itftkd.sport\/es\/wp-content\/uploads\/sites\/7\/2023\/02\/Featured-image-Open-Dutch.jpg",800,600,false],"thumbnail":["https:\/\/itftkd.sport\/es\/wp-content\/uploads\/sites\/7\/2023\/02\/Featured-image-Open-Dutch-150x150.jpg",150,150,true],"medium":["https:\/\/itftkd.sport\/es\/wp-content\/uploads\/sites\/7\/2023\/02\/Featured-image-Open-Dutch-300x225.jpg",300,225,true],"medium_large":["https:\/\/itftkd.sport\/es\/wp-content\/uploads\/sites\/7\/2023\/02\/Featured-image-Open-Dutch-768x576.jpg",768,576,true],"large":["https:\/\/itftkd.sport\/es\/wp-content\/uploads\/sites\/7\/2023\/02\/Featured-image-Open-Dutch.jpg",800,600,false],"1536x1536":["https:\/\/itftkd.sport\/es\/wp-content\/uploads\/sites\/7\/2023\/02\/Featured-image-Open-Dutch.jpg",800,600,false],"2048x2048":["https:\/\/itftkd.sport\/es\/wp-content\/uploads\/sites\/7\/2023\/02\/Featured-image-Open-Dutch.jpg",800,600,false],"banner":["https:\/\/itftkd.sport\/es\/wp-content\/uploads\/sites\/7\/2023\/02\/Featured-image-Open-Dutch-800x533.jpg",800,533,true],"section":["https:\/\/itftkd.sport\/es\/wp-content\/uploads\/sites\/7\/2023\/02\/Featured-image-Open-Dutch.jpg",800,600,false],"full-width":["https:\/\/itftkd.sport\/es\/wp-content\/uploads\/sites\/7\/2023\/02\/Featured-image-Open-Dutch.jpg",800,600,false],"featured":["https:\/\/itftkd.sport\/es\/wp-content\/uploads\/sites\/7\/2023\/02\/Featured-image-Open-Dutch.jpg",800,600,false],"one-half":["https:\/\/itftkd.sport\/es\/wp-content\/uploads\/sites\/7\/2023\/02\/Featured-image-Open-Dutch-550x413.jpg",550,413,true],"one-third":["https:\/\/itftkd.sport\/es\/wp-content\/uploads\/sites\/7\/2023\/02\/Featured-image-Open-Dutch-350x263.jpg",350,263,true],"one-fourth":["https:\/\/itftkd.sport\/es\/wp-content\/uploads\/sites\/7\/2023\/02\/Featured-image-Open-Dutch-260x195.jpg",260,195,true],"tiny":["https:\/\/itftkd.sport\/es\/wp-content\/uploads\/sites\/7\/2023\/02\/Featured-image-Open-Dutch-80x80.jpg",80,80,true],"ab-block-post-grid-landscape":["https:\/\/itftkd.sport\/es\/wp-content\/uploads\/sites\/7\/2023\/02\/Featured-image-Open-Dutch-600x400.jpg",600,400,true],"ab-block-post-grid-square":["https:\/\/itftkd.sport\/es\/wp-content\/uploads\/sites\/7\/2023\/02\/Featured-image-Open-Dutch-600x600.jpg",600,600,true],"gform-image-choice-sm":["https:\/\/itftkd.sport\/es\/wp-content\/uploads\/sites\/7\/2023\/02\/Featured-image-Open-Dutch.jpg",300,225,false],"gform-image-choice-md":["https:\/\/itftkd.sport\/es\/wp-content\/uploads\/sites\/7\/2023\/02\/Featured-image-Open-Dutch.jpg",400,300,false],"gform-image-choice-lg":["https:\/\/itftkd.sport\/es\/wp-content\/uploads\/sites\/7\/2023\/02\/Featured-image-Open-Dutch.jpg",600,450,false]},"uagb_author_info":{"display_name":"FABIAN ITF","author_link":"https:\/\/itftkd.sport\/es\/author\/fabian-itf\/"},"uagb_comment_info":0,"uagb_excerpt":"La edici\u00f3n Open Dutch 2023 se llev\u00f3 a cabo el s\u00e1bado 28 de enero en nuestra ciudad natal de Helmond una vez m\u00e1s. Aunque el registro comenz\u00f3 relativamente lento, terminamos &hellip;","_links":{"self":[{"href":"https:\/\/itftkd.sport\/es\/wp-json\/wp\/v2\/posts\/29284","targetHints":{"allow":["GET"]}}],"collection":[{"href":"https:\/\/itftkd.sport\/es\/wp-json\/wp\/v2\/posts"}],"about":[{"href":"https:\/\/itftkd.sport\/es\/wp-json\/wp\/v2\/types\/post"}],"author":[{"embeddable":true,"href":"https:\/\/itftkd.sport\/es\/wp-json\/wp\/v2\/users\/4"}],"replies":[{"embeddable":true,"href":"https:\/\/itftkd.sport\/es\/wp-json\/wp\/v2\/comments?post=29284"}],"version-history":[{"count":3,"href":"https:\/\/itftkd.sport\/es\/wp-json\/wp\/v2\/posts\/29284\/revisions"}],"predecessor-version":[{"id":29289,"href":"https:\/\/itftkd.sport\/es\/wp-json\/wp\/v2\/posts\/29284\/revisions\/29289"}],"wp:featuredmedia":[{"embeddable":true,"href":"https:\/\/itftkd.sport\/es\/wp-json\/wp\/v2\/media\/29285"}],"wp:attachment":[{"href":"https:\/\/itftkd.sport\/es\/wp-json\/wp\/v2\/media?parent=29284"}],"wp:term":[{"taxonomy":"category","embeddable":true,"href":"https:\/\/itftkd.sport\/es\/wp-json\/wp\/v2\/categories?post=29284"},{"taxonomy":"post_tag","embeddable":true,"href":"https:\/\/itftkd.sport\/es\/wp-json\/wp\/v2\/tags?post=29284"}],"curies":[{"name":"wp","href":"https:\/\/api.w.org\/{rel}","templated":true}]}}