{"id":29260,"date":"2023-01-30T15:43:13","date_gmt":"2023-01-30T14:43:13","guid":{"rendered":"https:\/\/itftkd.sport\/es\/?p=29260"},"modified":"2023-01-31T02:01:26","modified_gmt":"2023-01-31T01:01:26","slug":"el-campeonato-mundial-en-finlandia","status":"publish","type":"post","link":"https:\/\/itftkd.sport\/es\/el-campeonato-mundial-en-finlandia\/","title":{"rendered":"El Campeonato Mundial en Finlandia"},"content":{"rendered":"\n<p>Despu\u00e9s de una preparaci\u00f3n intensiva a trav\u00e9s de muchas reuniones de Zoom y correspondencia alternada entre el CO = Comit\u00e9 Organizador y el Comit\u00e9 TUI (Torneos, \u00c1rbitros y Tecnolog\u00eda de la Informaci\u00f3n), la versi\u00f3n final de la invitaci\u00f3n para el evento deportivo m\u00e1s importante de la ITF se complet\u00f3 y public\u00f3 hace unos d\u00edas. Me gustar\u00eda aprovechar esta oportunidad para agradecer a todos los involucrados por sus esfuerzos.<\/p>\n\n\n\n<p>1.587 d\u00edas o 4 a\u00f1os y medio despu\u00e9s de las competiciones en Inzell, los Campeonatos del Mundo de TKD en Tampere (Finlandia) volver\u00e1n a tener lugar de forma f\u00edsica por primera vez (despu\u00e9s del Campeonato del Mundo Online 2021) y, por tanto, las expectativas son muy altas tras haber tenido que posponerse de 2021 a 2023 por razones bien conocidas. <\/p>\n\n\n\n<p>El tiempo apremia ya que solo quedan unos 7 meses para el comienzo de este gran evento, pero estamos al d\u00eda en todos los tiempos y totalmente motivados.<\/p>\n\n\n\n<p>Como probablemente ya habr\u00e1n notado, el evento se llevar\u00e1 a cabo de acuerdo con las reglas de competencia extendidas que se probaron el a\u00f1o pasado. Esto significa que, por primera vez, el evento se llevar\u00e1 a cabo y puntuar\u00e1 en tres categor\u00edas = Ganador general: Seniors = 22 WC, Juniors = 16 WC y Pre-Juniors = 1 WC. <\/p>\n\n\n\n<p>\u00a1Tenga esto en cuenta al enviar sus trabajos a los comit\u00e9s!<\/p>\n\n\n\n<p>Les deseo a todos una preparaci\u00f3n exitosa en todos los aspectos y espero verlos nuevamente en el Campeonato Mundial en Finlandia.<\/p>\n\n\n\n<p>Con los mejores deseos.<\/p>\n\n\n\n<p><strong>GM Paul Weiler<\/strong>.<\/p>\n\n\n\n<p><em>Presidente de la <em>ITF<\/em><\/em><\/p>\n","protected":false},"excerpt":{"rendered":"<p>Despu\u00e9s de una preparaci\u00f3n intensiva a trav\u00e9s de muchas reuniones de Zoom y correspondencia alternada entre el CO = Comit\u00e9 Organizador y el Comit\u00e9 TUI (Torneos, \u00c1rbitros y Tecnolog\u00eda de &hellip;<\/p>\n","protected":false},"author":4,"featured_media":29262,"comment_status":"open","ping_status":"open","sticky":false,"template":"","format":"standard","meta":{"_tec_requires_first_save":true,"_uag_custom_page_level_css":"","_genesis_hide_title":false,"_genesis_hide_breadcrumbs":false,"_genesis_hide_singular_image":false,"_genesis_hide_footer_widgets":false,"_genesis_custom_body_class":"","_genesis_custom_post_class":"","_genesis_layout":"","_EventAllDay":false,"_EventTimezone":"","_EventStartDate":"","_EventEndDate":"","_EventStartDateUTC":"","_EventEndDateUTC":"","_EventShowMap":false,"_EventShowMapLink":false,"_EventURL":"","_EventCost":"","_EventCostDescription":"","_EventCurrencySymbol":"","_EventCurrencyCode":"","_EventCurrencyPosition":"","_EventDateTimeSeparator":"","_EventTimeRangeSeparator":"","_EventOrganizerID":[],"_EventVenueID":[0],"_OrganizerEmail":"","_OrganizerPhone":"","_OrganizerWebsite":"","_VenueAddress":"","_VenueCity":"","_VenueCountry":"","_VenueProvince":"","_VenueState":"","_VenueZip":"","_VenuePhone":"","_VenueURL":"","_VenueStateProvince":"","_VenueLat":"","_VenueLng":"","_VenueShowMap":false,"_VenueShowMapLink":false,"_tribe_blocks_recurrence_rules":"","_tribe_blocks_recurrence_description":"","_tribe_blocks_recurrence_exclusions":"","editor_notices":[],"footnotes":""},"categories":[132,7],"tags":[],"class_list":["post-29260","post","type-post","status-publish","format-standard","has-post-thumbnail","category-destacadas","category-mensajes-del-presidente","entry"],"featured_image_src":"https:\/\/itftkd.sport\/es\/wp-content\/uploads\/sites\/7\/2023\/01\/Mensaje-del-Presidente-600x400.jpeg","featured_image_src_square":"https:\/\/itftkd.sport\/es\/wp-content\/uploads\/sites\/7\/2023\/01\/Mensaje-del-Presidente-600x600.jpeg","author_info":{"display_name":"FABIAN ITF","author_link":"https:\/\/itftkd.sport\/es\/author\/fabian-itf\/"},"uagb_featured_image_src":{"full":["https:\/\/itftkd.sport\/es\/wp-content\/uploads\/sites\/7\/2023\/01\/Mensaje-del-Presidente.jpeg",800,600,false],"thumbnail":["https:\/\/itftkd.sport\/es\/wp-content\/uploads\/sites\/7\/2023\/01\/Mensaje-del-Presidente-150x150.jpeg",150,150,true],"medium":["https:\/\/itftkd.sport\/es\/wp-content\/uploads\/sites\/7\/2023\/01\/Mensaje-del-Presidente-300x225.jpeg",300,225,true],"medium_large":["https:\/\/itftkd.sport\/es\/wp-content\/uploads\/sites\/7\/2023\/01\/Mensaje-del-Presidente-768x576.jpeg",768,576,true],"large":["https:\/\/itftkd.sport\/es\/wp-content\/uploads\/sites\/7\/2023\/01\/Mensaje-del-Presidente.jpeg",800,600,false],"1536x1536":["https:\/\/itftkd.sport\/es\/wp-content\/uploads\/sites\/7\/2023\/01\/Mensaje-del-Presidente.jpeg",800,600,false],"2048x2048":["https:\/\/itftkd.sport\/es\/wp-content\/uploads\/sites\/7\/2023\/01\/Mensaje-del-Presidente.jpeg",800,600,false],"banner":["https:\/\/itftkd.sport\/es\/wp-content\/uploads\/sites\/7\/2023\/01\/Mensaje-del-Presidente-800x533.jpeg",800,533,true],"section":["https:\/\/itftkd.sport\/es\/wp-content\/uploads\/sites\/7\/2023\/01\/Mensaje-del-Presidente.jpeg",800,600,false],"full-width":["https:\/\/itftkd.sport\/es\/wp-content\/uploads\/sites\/7\/2023\/01\/Mensaje-del-Presidente.jpeg",800,600,false],"featured":["https:\/\/itftkd.sport\/es\/wp-content\/uploads\/sites\/7\/2023\/01\/Mensaje-del-Presidente.jpeg",800,600,false],"one-half":["https:\/\/itftkd.sport\/es\/wp-content\/uploads\/sites\/7\/2023\/01\/Mensaje-del-Presidente-550x413.jpeg",550,413,true],"one-third":["https:\/\/itftkd.sport\/es\/wp-content\/uploads\/sites\/7\/2023\/01\/Mensaje-del-Presidente-350x263.jpeg",350,263,true],"one-fourth":["https:\/\/itftkd.sport\/es\/wp-content\/uploads\/sites\/7\/2023\/01\/Mensaje-del-Presidente-260x195.jpeg",260,195,true],"tiny":["https:\/\/itftkd.sport\/es\/wp-content\/uploads\/sites\/7\/2023\/01\/Mensaje-del-Presidente-80x80.jpeg",80,80,true],"ab-block-post-grid-landscape":["https:\/\/itftkd.sport\/es\/wp-content\/uploads\/sites\/7\/2023\/01\/Mensaje-del-Presidente-600x400.jpeg",600,400,true],"ab-block-post-grid-square":["https:\/\/itftkd.sport\/es\/wp-content\/uploads\/sites\/7\/2023\/01\/Mensaje-del-Presidente-600x600.jpeg",600,600,true],"gform-image-choice-sm":["https:\/\/itftkd.sport\/es\/wp-content\/uploads\/sites\/7\/2023\/01\/Mensaje-del-Presidente.jpeg",300,225,false],"gform-image-choice-md":["https:\/\/itftkd.sport\/es\/wp-content\/uploads\/sites\/7\/2023\/01\/Mensaje-del-Presidente.jpeg",400,300,false],"gform-image-choice-lg":["https:\/\/itftkd.sport\/es\/wp-content\/uploads\/sites\/7\/2023\/01\/Mensaje-del-Presidente.jpeg",600,450,false]},"uagb_author_info":{"display_name":"FABIAN ITF","author_link":"https:\/\/itftkd.sport\/es\/author\/fabian-itf\/"},"uagb_comment_info":0,"uagb_excerpt":"Despu\u00e9s de una preparaci\u00f3n intensiva a trav\u00e9s de muchas reuniones de Zoom y correspondencia alternada entre el CO = Comit\u00e9 Organizador y el Comit\u00e9 TUI (Torneos, \u00c1rbitros y Tecnolog\u00eda de &hellip;","_links":{"self":[{"href":"https:\/\/itftkd.sport\/es\/wp-json\/wp\/v2\/posts\/29260","targetHints":{"allow":["GET"]}}],"collection":[{"href":"https:\/\/itftkd.sport\/es\/wp-json\/wp\/v2\/posts"}],"about":[{"href":"https:\/\/itftkd.sport\/es\/wp-json\/wp\/v2\/types\/post"}],"author":[{"embeddable":true,"href":"https:\/\/itftkd.sport\/es\/wp-json\/wp\/v2\/users\/4"}],"replies":[{"embeddable":true,"href":"https:\/\/itftkd.sport\/es\/wp-json\/wp\/v2\/comments?post=29260"}],"version-history":[{"count":2,"href":"https:\/\/itftkd.sport\/es\/wp-json\/wp\/v2\/posts\/29260\/revisions"}],"predecessor-version":[{"id":29263,"href":"https:\/\/itftkd.sport\/es\/wp-json\/wp\/v2\/posts\/29260\/revisions\/29263"}],"wp:featuredmedia":[{"embeddable":true,"href":"https:\/\/itftkd.sport\/es\/wp-json\/wp\/v2\/media\/29262"}],"wp:attachment":[{"href":"https:\/\/itftkd.sport\/es\/wp-json\/wp\/v2\/media?parent=29260"}],"wp:term":[{"taxonomy":"category","embeddable":true,"href":"https:\/\/itftkd.sport\/es\/wp-json\/wp\/v2\/categories?post=29260"},{"taxonomy":"post_tag","embeddable":true,"href":"https:\/\/itftkd.sport\/es\/wp-json\/wp\/v2\/tags?post=29260"}],"curies":[{"name":"wp","href":"https:\/\/api.w.org\/{rel}","templated":true}]}}