{"id":28990,"date":"2022-11-13T15:24:00","date_gmt":"2022-11-13T14:24:00","guid":{"rendered":"https:\/\/itftkd.sport\/es\/?p=28990"},"modified":"2022-11-18T16:59:51","modified_gmt":"2022-11-18T15:59:51","slug":"exito-al-fin-reconocimiento-oficial-de-la-federacion-africana-de-taekwon-do","status":"publish","type":"post","link":"https:\/\/itftkd.sport\/es\/exito-al-fin-reconocimiento-oficial-de-la-federacion-africana-de-taekwon-do\/","title":{"rendered":"\u00c9xito al fin: reconocimiento oficial de la Federaci\u00f3n Africana de Taekwon-Do"},"content":{"rendered":"\n<p><strong><em>Carta personal del presidente de la ITF, Gran Maestro Paul Weiler<\/em><\/strong><\/p>\n\n\n\n<p>La ITF trabaja en el continente africano desde junio de 2008 para difundir el Taekwon-Do ITF del General Choi. El primer pa\u00eds en el que ense\u00f1\u00e9 fue Etiop\u00eda y, por lo tanto, tengo una relaci\u00f3n especial y personal con este pa\u00eds y su gente. En Etiop\u00eda se organizaron m\u00e1s de 20 seminarios y cursos de formaci\u00f3n, cinco IIC, hasta cuatro Copas Africanas y dos Campeonatos Africanos. Durante ese tiempo, todas las actividades de Taekwon-Do se llevaron a otros pa\u00edses del este y sureste de \u00c1frica, como Kenia, Madagascar, Mozambique, Sud\u00e1frica y Zimbabue, por nombrar solo algunos.<\/p>\n\n\n\n<p>En 2016, se fund\u00f3 la Federaci\u00f3n Africana de Taekwon-Do y con la lista de un total de 9 miembros fundadores (Yibuti, Etiop\u00eda, Kenia, Madagascar, Mozambique, Sud\u00e1frica, Tanzania, Uganda y Zimbabue) y cinco miembros de la Junta, la Constituci\u00f3n se present\u00f3 para su registro en Addis Abeba, Etiop\u00eda. <\/p>\n\n\n\n<p>Desafortunadamente, varios cambios en la oficina del Ministerio de Cultura y Deportes de Etiop\u00eda llevaron a que el registro se pospusiera repetidamente. Aunque la esperanza de tener \u00e9xito disminu\u00eda de a\u00f1o en a\u00f1o, nunca renunciamos a nuestros esfuerzos comunes. Finalmente, nuestra perseverancia ha llevado al \u00e9xito y hoy he recibido la confirmaci\u00f3n por escrito de que la Federaci\u00f3n Africana de Taekwon-Do fue registrada y reconocida con \u00e9xito por el Ministerio de Cultura y Deporte de Etiop\u00eda.<\/p>\n\n\n\n<p>Tal vez puedan imaginar lo feliz que estoy por esta gran noticia. Finalmente, el arduo trabajo durante muchos a\u00f1os ha sido recompensado.<\/p>\n\n\n\n<p>Me gustar\u00eda agradecer a todos aquellos que contribuyeron al \u00e9xito, en particular a todos los Grandes Maestros, Maestros e Instructores que nos apoyaron, la Junta Directiva de la Federaci\u00f3n Internacional Et\u00edope de Taekwon-Do (EITF) y los Miembros del Equipo de Desarrollo de \u00c1frica de la ITF. Un agradecimiento muy especial al actual Ministro de Deportes, Su Excelencia el Embajador Mesfin Chennet, y al Secretario General de la EITF, el Sr. Yimer Haile Tesfaye.<\/p>\n\n\n\n<p>GM Paul Weiler<br>Presidente de la ITF<br>12 de Noviembre de 2022<\/p>\n\n\n<div class=\"wp-block-image\">\n<figure class=\"aligncenter size-full is-resized\"><a href=\"https:\/\/itftkd.sport\/es\/wp-content\/uploads\/sites\/7\/2022\/11\/African-TKD-Federation-Recognition.jpg\"><img loading=\"lazy\" decoding=\"async\" src=\"https:\/\/itftkd.sport\/es\/wp-content\/uploads\/sites\/7\/2022\/11\/African-TKD-Federation-Recognition.jpg\" alt=\"African-TKD-Federation-Recognition\" class=\"wp-image-28995\" width=\"386\" height=\"532\" srcset=\"https:\/\/itftkd.sport\/es\/wp-content\/uploads\/sites\/7\/2022\/11\/African-TKD-Federation-Recognition.jpg 515w, https:\/\/itftkd.sport\/es\/wp-content\/uploads\/sites\/7\/2022\/11\/African-TKD-Federation-Recognition-218x300.jpg 218w\" sizes=\"auto, (max-width: 386px) 100vw, 386px\" \/><\/a><\/figure>\n<\/div>\n\n\n<figure class=\"wp-block-gallery aligncenter has-nested-images columns-default is-cropped wp-block-gallery-1 is-layout-flex wp-block-gallery-is-layout-flex\">\n<figure class=\"wp-block-image size-large\"><a href=\"https:\/\/itftkd.sport\/es\/wp-content\/uploads\/sites\/7\/2022\/11\/African-TKD-Federation-Recognition-GM-Weiler.jpg\"><img loading=\"lazy\" decoding=\"async\" width=\"595\" height=\"396\" data-id=\"28996\" src=\"https:\/\/itftkd.sport\/es\/wp-content\/uploads\/sites\/7\/2022\/11\/African-TKD-Federation-Recognition-GM-Weiler.jpg\" alt=\"\" class=\"wp-image-28996\" srcset=\"https:\/\/itftkd.sport\/es\/wp-content\/uploads\/sites\/7\/2022\/11\/African-TKD-Federation-Recognition-GM-Weiler.jpg 595w, https:\/\/itftkd.sport\/es\/wp-content\/uploads\/sites\/7\/2022\/11\/African-TKD-Federation-Recognition-GM-Weiler-300x200.jpg 300w\" sizes=\"auto, (max-width: 595px) 100vw, 595px\" \/><\/a><\/figure>\n\n\n\n<figure class=\"wp-block-image size-large\"><a href=\"https:\/\/itftkd.sport\/es\/wp-content\/uploads\/sites\/7\/2022\/11\/African-TKD-Federation-Recognition-Groupal.jpg\"><img loading=\"lazy\" decoding=\"async\" width=\"737\" height=\"411\" data-id=\"28997\" src=\"https:\/\/itftkd.sport\/es\/wp-content\/uploads\/sites\/7\/2022\/11\/African-TKD-Federation-Recognition-Groupal.jpg\" alt=\"African-TKD-Federation-Recognition-Groupal\" class=\"wp-image-28997\" srcset=\"https:\/\/itftkd.sport\/es\/wp-content\/uploads\/sites\/7\/2022\/11\/African-TKD-Federation-Recognition-Groupal.jpg 737w, https:\/\/itftkd.sport\/es\/wp-content\/uploads\/sites\/7\/2022\/11\/African-TKD-Federation-Recognition-Groupal-300x167.jpg 300w\" sizes=\"auto, (max-width: 737px) 100vw, 737px\" \/><\/a><\/figure>\n<\/figure>\n","protected":false},"excerpt":{"rendered":"<p>Carta personal del presidente de la ITF, Gran Maestro Paul Weiler La ITF trabaja en el continente africano desde junio de 2008 para difundir el Taekwon-Do ITF del General Choi. &hellip;<\/p>\n","protected":false},"author":4,"featured_media":28991,"comment_status":"open","ping_status":"open","sticky":false,"template":"","format":"standard","meta":{"_tec_requires_first_save":true,"_uag_custom_page_level_css":"","_genesis_hide_title":false,"_genesis_hide_breadcrumbs":false,"_genesis_hide_singular_image":false,"_genesis_hide_footer_widgets":false,"_genesis_custom_body_class":"","_genesis_custom_post_class":"","_genesis_layout":"","_EventAllDay":false,"_EventTimezone":"","_EventStartDate":"","_EventEndDate":"","_EventStartDateUTC":"","_EventEndDateUTC":"","_EventShowMap":false,"_EventShowMapLink":false,"_EventURL":"","_EventCost":"","_EventCostDescription":"","_EventCurrencySymbol":"","_EventCurrencyCode":"","_EventCurrencyPosition":"","_EventDateTimeSeparator":"","_EventTimeRangeSeparator":"","_EventOrganizerID":[],"_EventVenueID":[],"_OrganizerEmail":"","_OrganizerPhone":"","_OrganizerWebsite":"","_VenueAddress":"","_VenueCity":"","_VenueCountry":"","_VenueProvince":"","_VenueState":"","_VenueZip":"","_VenuePhone":"","_VenueURL":"","_VenueStateProvince":"","_VenueLat":"","_VenueLng":"","_VenueShowMap":false,"_VenueShowMapLink":false,"_tribe_blocks_recurrence_rules":"","_tribe_blocks_recurrence_description":"","_tribe_blocks_recurrence_exclusions":"","editor_notices":[],"footnotes":""},"categories":[132,131,6,130],"tags":[],"class_list":["post-28990","post","type-post","status-publish","format-standard","has-post-thumbnail","category-destacadas","category-noticias-institucionales","category-noticias-regionales","category-ultimas-noticias","entry"],"featured_image_src":"https:\/\/itftkd.sport\/es\/wp-content\/uploads\/sites\/7\/2022\/11\/africa_crop-e1668326555810.jpg","featured_image_src_square":"https:\/\/itftkd.sport\/es\/wp-content\/uploads\/sites\/7\/2022\/11\/africa_crop-e1668326555810.jpg","author_info":{"display_name":"FABIAN ITF","author_link":"https:\/\/itftkd.sport\/es\/author\/fabian-itf\/"},"uagb_featured_image_src":{"full":["https:\/\/itftkd.sport\/es\/wp-content\/uploads\/sites\/7\/2022\/11\/africa_crop-e1668326555810.jpg",516,386,false],"thumbnail":["https:\/\/itftkd.sport\/es\/wp-content\/uploads\/sites\/7\/2022\/11\/africa_crop-e1668326555810-150x150.jpg",150,150,true],"medium":["https:\/\/itftkd.sport\/es\/wp-content\/uploads\/sites\/7\/2022\/11\/africa_crop-e1668326555810-300x224.jpg",300,224,true],"medium_large":["https:\/\/itftkd.sport\/es\/wp-content\/uploads\/sites\/7\/2022\/11\/africa_crop-e1668326555810.jpg",516,386,false],"large":["https:\/\/itftkd.sport\/es\/wp-content\/uploads\/sites\/7\/2022\/11\/africa_crop-e1668326555810.jpg",516,386,false],"1536x1536":["https:\/\/itftkd.sport\/es\/wp-content\/uploads\/sites\/7\/2022\/11\/africa_crop-e1668326555810.jpg",516,386,false],"2048x2048":["https:\/\/itftkd.sport\/es\/wp-content\/uploads\/sites\/7\/2022\/11\/africa_crop-e1668326555810.jpg",516,386,false],"banner":["https:\/\/itftkd.sport\/es\/wp-content\/uploads\/sites\/7\/2022\/11\/africa_crop-e1668326555810.jpg",516,386,false],"section":["https:\/\/itftkd.sport\/es\/wp-content\/uploads\/sites\/7\/2022\/11\/africa_crop-e1668326555810.jpg",516,386,false],"full-width":["https:\/\/itftkd.sport\/es\/wp-content\/uploads\/sites\/7\/2022\/11\/africa_crop-e1668326555810.jpg",516,386,false],"featured":["https:\/\/itftkd.sport\/es\/wp-content\/uploads\/sites\/7\/2022\/11\/africa_crop-e1668326555810.jpg",516,386,false],"one-half":["https:\/\/itftkd.sport\/es\/wp-content\/uploads\/sites\/7\/2022\/11\/africa_crop-e1668326555810.jpg",516,386,false],"one-third":["https:\/\/itftkd.sport\/es\/wp-content\/uploads\/sites\/7\/2022\/11\/africa_crop-e1668326555810-350x263.jpg",350,263,true],"one-fourth":["https:\/\/itftkd.sport\/es\/wp-content\/uploads\/sites\/7\/2022\/11\/africa_crop-e1668326555810-260x195.jpg",260,195,true],"tiny":["https:\/\/itftkd.sport\/es\/wp-content\/uploads\/sites\/7\/2022\/11\/africa_crop-e1668326555810-80x80.jpg",80,80,true],"ab-block-post-grid-landscape":["https:\/\/itftkd.sport\/es\/wp-content\/uploads\/sites\/7\/2022\/11\/africa_crop-e1668326555810.jpg",516,386,false],"ab-block-post-grid-square":["https:\/\/itftkd.sport\/es\/wp-content\/uploads\/sites\/7\/2022\/11\/africa_crop-e1668326555810.jpg",516,386,false],"gform-image-choice-sm":["https:\/\/itftkd.sport\/es\/wp-content\/uploads\/sites\/7\/2022\/11\/africa_crop-e1668326555810.jpg",300,224,false],"gform-image-choice-md":["https:\/\/itftkd.sport\/es\/wp-content\/uploads\/sites\/7\/2022\/11\/africa_crop-e1668326555810.jpg",400,299,false],"gform-image-choice-lg":["https:\/\/itftkd.sport\/es\/wp-content\/uploads\/sites\/7\/2022\/11\/africa_crop-e1668326555810.jpg",516,386,false]},"uagb_author_info":{"display_name":"FABIAN ITF","author_link":"https:\/\/itftkd.sport\/es\/author\/fabian-itf\/"},"uagb_comment_info":0,"uagb_excerpt":"Carta personal del presidente de la ITF, Gran Maestro Paul Weiler La ITF trabaja en el continente africano desde junio de 2008 para difundir el Taekwon-Do ITF del General Choi. &hellip;","_links":{"self":[{"href":"https:\/\/itftkd.sport\/es\/wp-json\/wp\/v2\/posts\/28990","targetHints":{"allow":["GET"]}}],"collection":[{"href":"https:\/\/itftkd.sport\/es\/wp-json\/wp\/v2\/posts"}],"about":[{"href":"https:\/\/itftkd.sport\/es\/wp-json\/wp\/v2\/types\/post"}],"author":[{"embeddable":true,"href":"https:\/\/itftkd.sport\/es\/wp-json\/wp\/v2\/users\/4"}],"replies":[{"embeddable":true,"href":"https:\/\/itftkd.sport\/es\/wp-json\/wp\/v2\/comments?post=28990"}],"version-history":[{"count":3,"href":"https:\/\/itftkd.sport\/es\/wp-json\/wp\/v2\/posts\/28990\/revisions"}],"predecessor-version":[{"id":28999,"href":"https:\/\/itftkd.sport\/es\/wp-json\/wp\/v2\/posts\/28990\/revisions\/28999"}],"wp:featuredmedia":[{"embeddable":true,"href":"https:\/\/itftkd.sport\/es\/wp-json\/wp\/v2\/media\/28991"}],"wp:attachment":[{"href":"https:\/\/itftkd.sport\/es\/wp-json\/wp\/v2\/media?parent=28990"}],"wp:term":[{"taxonomy":"category","embeddable":true,"href":"https:\/\/itftkd.sport\/es\/wp-json\/wp\/v2\/categories?post=28990"},{"taxonomy":"post_tag","embeddable":true,"href":"https:\/\/itftkd.sport\/es\/wp-json\/wp\/v2\/tags?post=28990"}],"curies":[{"name":"wp","href":"https:\/\/api.w.org\/{rel}","templated":true}]}}