{"id":28855,"date":"2022-10-07T09:40:00","date_gmt":"2022-10-07T07:40:00","guid":{"rendered":"https:\/\/itftkd.sport\/es\/?p=28855"},"modified":"2022-10-08T16:00:13","modified_gmt":"2022-10-08T14:00:13","slug":"una-guia-tras-bambalinas-de-otro-dia-en-la-copa-del-mundo-thisiskoper","status":"publish","type":"post","link":"https:\/\/itftkd.sport\/es\/una-guia-tras-bambalinas-de-otro-dia-en-la-copa-del-mundo-thisiskoper\/","title":{"rendered":"Una gu\u00eda tras bambalinas de otro d\u00eda en la Copa del Mundo #ThisIsKoper"},"content":{"rendered":"\n<p>Como de costumbre, los Comit\u00e9s de la ITF comenzaron el nuevo d\u00eda con una revisi\u00f3n del d\u00eda anterior.<\/p>\n\n\n\n<p>Los Comit\u00e9s de Torneos y IT prepararon la sala y cada ring para las tareas del d\u00eda, y el comit\u00e9 de comunicaciones plane\u00f3 el registro de todo lo que acontecer\u00eda durante la jornada.<\/p>\n\n\n\n<p>Los \u00e1rbitros comenzaron con una reuni\u00f3n en la que compartieron sus experiencias del d\u00eda anterior. El oficial de conmociones cerebrales inform\u00f3 los resultados m\u00e9dicos de los competidores afectados: todos fueron revisados en el hospital y en perfecto estado. Sin embargo, la Pol\u00edtica de conmociones cerebrales de la ITF proh\u00edbe que esos competidores compitan por el resto de la Copa del Mundo con el objetivo de mantener su integridad.<\/p>\n\n\n\n<p>Aproximadamente una hora despu\u00e9s, los competidores comenzaron a calentar el Bonifika Arena de Koper y comenzaron las actividades.<\/p>\n\n\n\n<p>A lo largo de la jornada, los competencias de alta intensidad mantuvieron en pie a los m\u00e1s de 1.000 espectadores animando a sus equipos.<\/p>\n\n\n\n<p>Entre los eventos m\u00e1s destacados del d\u00eda estuvieron las categor\u00edas de formas Senior Avanzado (36-45 a\u00f1os) y Veterano (46+ a\u00f1os) en 4 \u2013 6 dan. Los competidores de esta categor\u00eda normalmente no se ven en los Campeonatos del Mundo debido a la gran cantidad de categor\u00edas y competidores.<\/p>\n\n\n\n<p>Como invitado principal el d\u00eda de hoy, contamos con la presencia especial del Honorable Gran Maestro Tom MacCallum, una verdadera leyenda viva del Taekwon-Do y uno de los colaboradores m\u00e1s cercanos del General Choi durante 40 a\u00f1os.<\/p>\n\n\n\n<p>El excelente timing de la organizaci\u00f3n consigui\u00f3 cumplir a la perfecci\u00f3n el calendario previsto, que ha sido muy valorado tanto por los \u00e1rbitros como por los competidores.<\/p>\n\n\n\n<p>Como siempre, todos los resultados y la agenda completa de la competencia se pueden encontrar en\u00a0<a rel=\"noreferrer noopener\" href=\"http:\/\/sportdata.com\/\" target=\"_blank\" class=\"ek-link\">sportdata.com<\/a>.<\/p>\n\n\n\n<p>Y en nuestras redes y web todo el esp\u00edritu de un Mundial que ya est\u00e1 haciendo historia.<\/p>\n","protected":false},"excerpt":{"rendered":"<p>Como de costumbre, los Comit\u00e9s de la ITF comenzaron el nuevo d\u00eda con una revisi\u00f3n del d\u00eda anterior. Los Comit\u00e9s de Torneos y IT prepararon la sala y cada ring &hellip;<\/p>\n","protected":false},"author":14,"featured_media":28856,"comment_status":"open","ping_status":"open","sticky":false,"template":"","format":"standard","meta":{"_tec_requires_first_save":true,"_uag_custom_page_level_css":"","_genesis_hide_title":false,"_genesis_hide_breadcrumbs":false,"_genesis_hide_singular_image":false,"_genesis_hide_footer_widgets":false,"_genesis_custom_body_class":"","_genesis_custom_post_class":"","_genesis_layout":"","_EventAllDay":false,"_EventTimezone":"","_EventStartDate":"","_EventEndDate":"","_EventStartDateUTC":"","_EventEndDateUTC":"","_EventShowMap":false,"_EventShowMapLink":false,"_EventURL":"","_EventCost":"","_EventCostDescription":"","_EventCurrencySymbol":"","_EventCurrencyCode":"","_EventCurrencyPosition":"","_EventDateTimeSeparator":"","_EventTimeRangeSeparator":"","_EventOrganizerID":[],"_EventVenueID":[0],"_OrganizerEmail":"","_OrganizerPhone":"","_OrganizerWebsite":"","_VenueAddress":"","_VenueCity":"","_VenueCountry":"","_VenueProvince":"","_VenueState":"","_VenueZip":"","_VenuePhone":"","_VenueURL":"","_VenueStateProvince":"","_VenueLat":"","_VenueLng":"","_VenueShowMap":false,"_VenueShowMapLink":false,"_tribe_blocks_recurrence_rules":"","_tribe_blocks_recurrence_description":"","_tribe_blocks_recurrence_exclusions":"","editor_notices":[],"footnotes":""},"categories":[130,190],"tags":[],"class_list":["post-28855","post","type-post","status-publish","format-standard","has-post-thumbnail","category-ultimas-noticias","category-viii-copa-del-mundo","entry"],"featured_image_src":"https:\/\/itftkd.sport\/es\/wp-content\/uploads\/sites\/7\/2022\/10\/WC-Koper-Impressions-third-day-5-510x400.jpg","featured_image_src_square":"https:\/\/itftkd.sport\/es\/wp-content\/uploads\/sites\/7\/2022\/10\/WC-Koper-Impressions-third-day-5.jpg","author_info":{"display_name":"Daniel Schmidt","author_link":"https:\/\/itftkd.sport\/es\/author\/daniel\/"},"uagb_featured_image_src":{"full":["https:\/\/itftkd.sport\/es\/wp-content\/uploads\/sites\/7\/2022\/10\/WC-Koper-Impressions-third-day-5.jpg",510,510,false],"thumbnail":["https:\/\/itftkd.sport\/es\/wp-content\/uploads\/sites\/7\/2022\/10\/WC-Koper-Impressions-third-day-5-150x150.jpg",150,150,true],"medium":["https:\/\/itftkd.sport\/es\/wp-content\/uploads\/sites\/7\/2022\/10\/WC-Koper-Impressions-third-day-5-300x300.jpg",300,300,true],"medium_large":["https:\/\/itftkd.sport\/es\/wp-content\/uploads\/sites\/7\/2022\/10\/WC-Koper-Impressions-third-day-5.jpg",510,510,false],"large":["https:\/\/itftkd.sport\/es\/wp-content\/uploads\/sites\/7\/2022\/10\/WC-Koper-Impressions-third-day-5.jpg",510,510,false],"1536x1536":["https:\/\/itftkd.sport\/es\/wp-content\/uploads\/sites\/7\/2022\/10\/WC-Koper-Impressions-third-day-5.jpg",510,510,false],"2048x2048":["https:\/\/itftkd.sport\/es\/wp-content\/uploads\/sites\/7\/2022\/10\/WC-Koper-Impressions-third-day-5.jpg",510,510,false],"banner":["https:\/\/itftkd.sport\/es\/wp-content\/uploads\/sites\/7\/2022\/10\/WC-Koper-Impressions-third-day-5.jpg",510,510,false],"section":["https:\/\/itftkd.sport\/es\/wp-content\/uploads\/sites\/7\/2022\/10\/WC-Koper-Impressions-third-day-5.jpg",510,510,false],"full-width":["https:\/\/itftkd.sport\/es\/wp-content\/uploads\/sites\/7\/2022\/10\/WC-Koper-Impressions-third-day-5.jpg",510,510,false],"featured":["https:\/\/itftkd.sport\/es\/wp-content\/uploads\/sites\/7\/2022\/10\/WC-Koper-Impressions-third-day-5.jpg",510,510,false],"one-half":["https:\/\/itftkd.sport\/es\/wp-content\/uploads\/sites\/7\/2022\/10\/WC-Koper-Impressions-third-day-5-510x413.jpg",510,413,true],"one-third":["https:\/\/itftkd.sport\/es\/wp-content\/uploads\/sites\/7\/2022\/10\/WC-Koper-Impressions-third-day-5-350x263.jpg",350,263,true],"one-fourth":["https:\/\/itftkd.sport\/es\/wp-content\/uploads\/sites\/7\/2022\/10\/WC-Koper-Impressions-third-day-5-260x195.jpg",260,195,true],"tiny":["https:\/\/itftkd.sport\/es\/wp-content\/uploads\/sites\/7\/2022\/10\/WC-Koper-Impressions-third-day-5-80x80.jpg",80,80,true],"ab-block-post-grid-landscape":["https:\/\/itftkd.sport\/es\/wp-content\/uploads\/sites\/7\/2022\/10\/WC-Koper-Impressions-third-day-5-510x400.jpg",510,400,true],"ab-block-post-grid-square":["https:\/\/itftkd.sport\/es\/wp-content\/uploads\/sites\/7\/2022\/10\/WC-Koper-Impressions-third-day-5.jpg",510,510,false],"gform-image-choice-sm":["https:\/\/itftkd.sport\/es\/wp-content\/uploads\/sites\/7\/2022\/10\/WC-Koper-Impressions-third-day-5.jpg",300,300,false],"gform-image-choice-md":["https:\/\/itftkd.sport\/es\/wp-content\/uploads\/sites\/7\/2022\/10\/WC-Koper-Impressions-third-day-5.jpg",400,400,false],"gform-image-choice-lg":["https:\/\/itftkd.sport\/es\/wp-content\/uploads\/sites\/7\/2022\/10\/WC-Koper-Impressions-third-day-5.jpg",510,510,false]},"uagb_author_info":{"display_name":"Daniel Schmidt","author_link":"https:\/\/itftkd.sport\/es\/author\/daniel\/"},"uagb_comment_info":0,"uagb_excerpt":"Como de costumbre, los Comit\u00e9s de la ITF comenzaron el nuevo d\u00eda con una revisi\u00f3n del d\u00eda anterior. Los Comit\u00e9s de Torneos y IT prepararon la sala y cada ring &hellip;","_links":{"self":[{"href":"https:\/\/itftkd.sport\/es\/wp-json\/wp\/v2\/posts\/28855","targetHints":{"allow":["GET"]}}],"collection":[{"href":"https:\/\/itftkd.sport\/es\/wp-json\/wp\/v2\/posts"}],"about":[{"href":"https:\/\/itftkd.sport\/es\/wp-json\/wp\/v2\/types\/post"}],"author":[{"embeddable":true,"href":"https:\/\/itftkd.sport\/es\/wp-json\/wp\/v2\/users\/14"}],"replies":[{"embeddable":true,"href":"https:\/\/itftkd.sport\/es\/wp-json\/wp\/v2\/comments?post=28855"}],"version-history":[{"count":1,"href":"https:\/\/itftkd.sport\/es\/wp-json\/wp\/v2\/posts\/28855\/revisions"}],"predecessor-version":[{"id":28858,"href":"https:\/\/itftkd.sport\/es\/wp-json\/wp\/v2\/posts\/28855\/revisions\/28858"}],"wp:featuredmedia":[{"embeddable":true,"href":"https:\/\/itftkd.sport\/es\/wp-json\/wp\/v2\/media\/28856"}],"wp:attachment":[{"href":"https:\/\/itftkd.sport\/es\/wp-json\/wp\/v2\/media?parent=28855"}],"wp:term":[{"taxonomy":"category","embeddable":true,"href":"https:\/\/itftkd.sport\/es\/wp-json\/wp\/v2\/categories?post=28855"},{"taxonomy":"post_tag","embeddable":true,"href":"https:\/\/itftkd.sport\/es\/wp-json\/wp\/v2\/tags?post=28855"}],"curies":[{"name":"wp","href":"https:\/\/api.w.org\/{rel}","templated":true}]}}