{"id":28850,"date":"2022-10-08T14:55:00","date_gmt":"2022-10-08T12:55:00","guid":{"rendered":"https:\/\/itftkd.sport\/es\/?p=28850"},"modified":"2022-10-08T14:55:59","modified_gmt":"2022-10-08T12:55:59","slug":"una-final-perdida-y-un-triunfo-compartido","status":"publish","type":"post","link":"https:\/\/itftkd.sport\/es\/una-final-perdida-y-un-triunfo-compartido\/","title":{"rendered":"#ThisIsKoper: Una final perdida y un triunfo compartido"},"content":{"rendered":"\n<p>El pen\u00faltimo d\u00eda de competici\u00f3n nos regal\u00f3 una vez m\u00e1s un sinf\u00edn de momentos memorables. Por un lado la competici\u00f3n de juveniles con \u00edmpetu y ansiedad por la victoria y por otro lado la competici\u00f3n de los adultos con certeza y experiencia.<\/p>\n\n\n\n<p>Como todos los d\u00edas, nos llegan muchas historias llenas de emoci\u00f3n. Uno de ellos la protagonizaron los finalistas de 36 a 45 a\u00f1os en t\u00e9cnicas especiales.<\/p>\n\n\n\n<p>Vladimir Gonchar y Aleksandr Tarasenko practican juntos en Ucrania. Vinieron juntos con el mismo sue\u00f1o, sabiendo que en el mejor de los casos solo uno de ellos podr\u00eda lograrlo.<\/p>\n\n\n\n<p>Sus propios talentos los llevaron hasta la final que promet\u00eda ser \u00e9pica.&nbsp;<br>Y lo fue.<br>Como cuarto desempate tuvieron que saltar con Twimyo Nomo Yop Cha Jirugi a una altura de 1,55m. Aleksandr corre primero, como en las rondas anteriores, para dar el salto que lo puede llevar a la gloria.&nbsp;<br>Sin embargo, esta vez algo no funcion\u00f3 y su intento no fue v\u00e1lido.<\/p>\n\n\n\n<p>Aleksandr queda expectante a un lado de \u00e1rea. Y mientras muchos pensar\u00edan que su deseo ser\u00eda tener una oportunidad m\u00e1s, Aleksandr comenz\u00f3 a animar a Vladimir a convertirse en quien cumpliera su propio sue\u00f1o.<\/p>\n\n\n\n<p>Entre la sorpresa de unos y la complicidad de otros, Vladimir caminaba hacia la victoria. Con el pu\u00f1o cerrado y el coraz\u00f3n en llamas, toda Ucrania y el mundo contuvieron la respiraci\u00f3n durante unos eternos segundos.<\/p>\n\n\n\n<p>Decir que solo 1,55 m no fue un obst\u00e1culo har\u00eda injusto su triunfo: tambi\u00e9n tuvo que vencer la ansiedad de que su amigo quedara segundo.<\/p>\n\n\n\n<p>El coraz\u00f3n de un pueblo gigante pudo m\u00e1s que la rivalidad, y el \u00e9xito de uno era el \u00e9xito de todos.&nbsp;<br>Un podio compartido y una historia inolvidable fueron las razones de un evento espectacular.<\/p>\n","protected":false},"excerpt":{"rendered":"<p>El pen\u00faltimo d\u00eda de competici\u00f3n nos regal\u00f3 una vez m\u00e1s un sinf\u00edn de momentos memorables. Por un lado la competici\u00f3n de juveniles con \u00edmpetu y ansiedad por la victoria y &hellip;<\/p>\n","protected":false},"author":14,"featured_media":28851,"comment_status":"open","ping_status":"open","sticky":false,"template":"","format":"standard","meta":{"_tec_requires_first_save":true,"_uag_custom_page_level_css":"","_genesis_hide_title":false,"_genesis_hide_breadcrumbs":false,"_genesis_hide_singular_image":false,"_genesis_hide_footer_widgets":false,"_genesis_custom_body_class":"","_genesis_custom_post_class":"","_genesis_layout":"","_EventAllDay":false,"_EventTimezone":"","_EventStartDate":"","_EventEndDate":"","_EventStartDateUTC":"","_EventEndDateUTC":"","_EventShowMap":false,"_EventShowMapLink":false,"_EventURL":"","_EventCost":"","_EventCostDescription":"","_EventCurrencySymbol":"","_EventCurrencyCode":"","_EventCurrencyPosition":"","_EventDateTimeSeparator":"","_EventTimeRangeSeparator":"","_EventOrganizerID":[],"_EventVenueID":[0],"_OrganizerEmail":"","_OrganizerPhone":"","_OrganizerWebsite":"","_VenueAddress":"","_VenueCity":"","_VenueCountry":"","_VenueProvince":"","_VenueState":"","_VenueZip":"","_VenuePhone":"","_VenueURL":"","_VenueStateProvince":"","_VenueLat":"","_VenueLng":"","_VenueShowMap":false,"_VenueShowMapLink":false,"_tribe_blocks_recurrence_rules":"","_tribe_blocks_recurrence_description":"","_tribe_blocks_recurrence_exclusions":"","editor_notices":[],"footnotes":""},"categories":[130,190],"tags":[],"class_list":["post-28850","post","type-post","status-publish","format-standard","has-post-thumbnail","category-ultimas-noticias","category-viii-copa-del-mundo","entry"],"featured_image_src":"https:\/\/itftkd.sport\/es\/wp-content\/uploads\/sites\/7\/2022\/10\/Featured-Image-WC-a-lost-final-and-a-shared-triumph-600x400.jpg","featured_image_src_square":"https:\/\/itftkd.sport\/es\/wp-content\/uploads\/sites\/7\/2022\/10\/Featured-Image-WC-a-lost-final-and-a-shared-triumph-600x600.jpg","author_info":{"display_name":"Daniel Schmidt","author_link":"https:\/\/itftkd.sport\/es\/author\/daniel\/"},"uagb_featured_image_src":{"full":["https:\/\/itftkd.sport\/es\/wp-content\/uploads\/sites\/7\/2022\/10\/Featured-Image-WC-a-lost-final-and-a-shared-triumph.jpg",800,600,false],"thumbnail":["https:\/\/itftkd.sport\/es\/wp-content\/uploads\/sites\/7\/2022\/10\/Featured-Image-WC-a-lost-final-and-a-shared-triumph-150x150.jpg",150,150,true],"medium":["https:\/\/itftkd.sport\/es\/wp-content\/uploads\/sites\/7\/2022\/10\/Featured-Image-WC-a-lost-final-and-a-shared-triumph-300x225.jpg",300,225,true],"medium_large":["https:\/\/itftkd.sport\/es\/wp-content\/uploads\/sites\/7\/2022\/10\/Featured-Image-WC-a-lost-final-and-a-shared-triumph-768x576.jpg",768,576,true],"large":["https:\/\/itftkd.sport\/es\/wp-content\/uploads\/sites\/7\/2022\/10\/Featured-Image-WC-a-lost-final-and-a-shared-triumph.jpg",800,600,false],"1536x1536":["https:\/\/itftkd.sport\/es\/wp-content\/uploads\/sites\/7\/2022\/10\/Featured-Image-WC-a-lost-final-and-a-shared-triumph.jpg",800,600,false],"2048x2048":["https:\/\/itftkd.sport\/es\/wp-content\/uploads\/sites\/7\/2022\/10\/Featured-Image-WC-a-lost-final-and-a-shared-triumph.jpg",800,600,false],"banner":["https:\/\/itftkd.sport\/es\/wp-content\/uploads\/sites\/7\/2022\/10\/Featured-Image-WC-a-lost-final-and-a-shared-triumph-800x533.jpg",800,533,true],"section":["https:\/\/itftkd.sport\/es\/wp-content\/uploads\/sites\/7\/2022\/10\/Featured-Image-WC-a-lost-final-and-a-shared-triumph.jpg",800,600,false],"full-width":["https:\/\/itftkd.sport\/es\/wp-content\/uploads\/sites\/7\/2022\/10\/Featured-Image-WC-a-lost-final-and-a-shared-triumph.jpg",800,600,false],"featured":["https:\/\/itftkd.sport\/es\/wp-content\/uploads\/sites\/7\/2022\/10\/Featured-Image-WC-a-lost-final-and-a-shared-triumph.jpg",800,600,false],"one-half":["https:\/\/itftkd.sport\/es\/wp-content\/uploads\/sites\/7\/2022\/10\/Featured-Image-WC-a-lost-final-and-a-shared-triumph-550x413.jpg",550,413,true],"one-third":["https:\/\/itftkd.sport\/es\/wp-content\/uploads\/sites\/7\/2022\/10\/Featured-Image-WC-a-lost-final-and-a-shared-triumph-350x263.jpg",350,263,true],"one-fourth":["https:\/\/itftkd.sport\/es\/wp-content\/uploads\/sites\/7\/2022\/10\/Featured-Image-WC-a-lost-final-and-a-shared-triumph-260x195.jpg",260,195,true],"tiny":["https:\/\/itftkd.sport\/es\/wp-content\/uploads\/sites\/7\/2022\/10\/Featured-Image-WC-a-lost-final-and-a-shared-triumph-80x80.jpg",80,80,true],"ab-block-post-grid-landscape":["https:\/\/itftkd.sport\/es\/wp-content\/uploads\/sites\/7\/2022\/10\/Featured-Image-WC-a-lost-final-and-a-shared-triumph-600x400.jpg",600,400,true],"ab-block-post-grid-square":["https:\/\/itftkd.sport\/es\/wp-content\/uploads\/sites\/7\/2022\/10\/Featured-Image-WC-a-lost-final-and-a-shared-triumph-600x600.jpg",600,600,true],"gform-image-choice-sm":["https:\/\/itftkd.sport\/es\/wp-content\/uploads\/sites\/7\/2022\/10\/Featured-Image-WC-a-lost-final-and-a-shared-triumph.jpg",300,225,false],"gform-image-choice-md":["https:\/\/itftkd.sport\/es\/wp-content\/uploads\/sites\/7\/2022\/10\/Featured-Image-WC-a-lost-final-and-a-shared-triumph.jpg",400,300,false],"gform-image-choice-lg":["https:\/\/itftkd.sport\/es\/wp-content\/uploads\/sites\/7\/2022\/10\/Featured-Image-WC-a-lost-final-and-a-shared-triumph.jpg",600,450,false]},"uagb_author_info":{"display_name":"Daniel Schmidt","author_link":"https:\/\/itftkd.sport\/es\/author\/daniel\/"},"uagb_comment_info":0,"uagb_excerpt":"El pen\u00faltimo d\u00eda de competici\u00f3n nos regal\u00f3 una vez m\u00e1s un sinf\u00edn de momentos memorables. Por un lado la competici\u00f3n de juveniles con \u00edmpetu y ansiedad por la victoria y &hellip;","_links":{"self":[{"href":"https:\/\/itftkd.sport\/es\/wp-json\/wp\/v2\/posts\/28850","targetHints":{"allow":["GET"]}}],"collection":[{"href":"https:\/\/itftkd.sport\/es\/wp-json\/wp\/v2\/posts"}],"about":[{"href":"https:\/\/itftkd.sport\/es\/wp-json\/wp\/v2\/types\/post"}],"author":[{"embeddable":true,"href":"https:\/\/itftkd.sport\/es\/wp-json\/wp\/v2\/users\/14"}],"replies":[{"embeddable":true,"href":"https:\/\/itftkd.sport\/es\/wp-json\/wp\/v2\/comments?post=28850"}],"version-history":[{"count":2,"href":"https:\/\/itftkd.sport\/es\/wp-json\/wp\/v2\/posts\/28850\/revisions"}],"predecessor-version":[{"id":28854,"href":"https:\/\/itftkd.sport\/es\/wp-json\/wp\/v2\/posts\/28850\/revisions\/28854"}],"wp:featuredmedia":[{"embeddable":true,"href":"https:\/\/itftkd.sport\/es\/wp-json\/wp\/v2\/media\/28851"}],"wp:attachment":[{"href":"https:\/\/itftkd.sport\/es\/wp-json\/wp\/v2\/media?parent=28850"}],"wp:term":[{"taxonomy":"category","embeddable":true,"href":"https:\/\/itftkd.sport\/es\/wp-json\/wp\/v2\/categories?post=28850"},{"taxonomy":"post_tag","embeddable":true,"href":"https:\/\/itftkd.sport\/es\/wp-json\/wp\/v2\/tags?post=28850"}],"curies":[{"name":"wp","href":"https:\/\/api.w.org\/{rel}","templated":true}]}}