{"id":28833,"date":"2022-10-07T16:51:17","date_gmt":"2022-10-07T14:51:17","guid":{"rendered":"https:\/\/itftkd.sport\/es\/?p=28833"},"modified":"2022-10-07T16:52:20","modified_gmt":"2022-10-07T14:52:20","slug":"koper-se-viste-de-fiesta","status":"publish","type":"post","link":"https:\/\/itftkd.sport\/es\/koper-se-viste-de-fiesta\/","title":{"rendered":"Koper se viste de fiesta"},"content":{"rendered":"\n<p>Las noches de hoy y de ma\u00f1ana s\u00e1bado est\u00e1n reservadas para los buenos momentos. <\/p>\n\n\n\n<p>Los organizadores prepararon unas fiestas para los participantes. Las mismas se realizar\u00e1n en Monfort Hall en Portoroz. El ambiente paisaj\u00edstico los transportar\u00e1 al siglo XIX, cuando los salineros utilizaban este edificio como almac\u00e9n de sal. <\/p>\n\n\n\n<p>Lea m\u00e1s sobre la historia del edificio <strong><a href=\"https:\/\/www.portoroz.si\/en\/discover\/piran\/attractions\/663-object-razstavisce-monfort\" target=\"_blank\" aria-label=\" (opens in a new tab)\" rel=\"noreferrer noopener\" class=\"ek-link\">aqu\u00ed<\/a><\/strong>.<\/p>\n\n\n\n<p>Para m\u00e1s informaci\u00f3n acerca de entradas y transportes hasta el local donde se llevar\u00e1n a cabo ambas fiestas, por favor consulte el sitio oficial de la <strong><a href=\"https:\/\/itfworldcup2022.si\/friday-and-saturday-party-for-participants-at-imposing-monfort-hall-the-old-sea-salt-warehouse-in-portoroz\/\" target=\"_blank\" aria-label=\" (opens in a new tab)\" rel=\"noreferrer noopener\" class=\"ek-link\">Copa del Mundo en Koper<\/a><\/strong>.<\/p>\n\n\n<div class=\"wp-block-image\">\n<figure class=\"aligncenter size-full\"><img loading=\"lazy\" decoding=\"async\" width=\"709\" height=\"472\" src=\"https:\/\/itftkd.sport\/es\/wp-content\/uploads\/sites\/7\/2022\/10\/WC-Koper-Party.jpg\" alt=\"WC-Koper-Party\" class=\"wp-image-28835\" srcset=\"https:\/\/itftkd.sport\/es\/wp-content\/uploads\/sites\/7\/2022\/10\/WC-Koper-Party.jpg 709w, https:\/\/itftkd.sport\/es\/wp-content\/uploads\/sites\/7\/2022\/10\/WC-Koper-Party-300x200.jpg 300w, https:\/\/itftkd.sport\/es\/wp-content\/uploads\/sites\/7\/2022\/10\/WC-Koper-Party-600x400.jpg 600w\" sizes=\"auto, (max-width: 709px) 100vw, 709px\" \/><figcaption><a href=\"https:\/\/www.portoroz.si\/en\/discover\/piran\/attractions\/663-object-razstavisce-monfort\" target=\"_blank\" aria-label=\" (opens in a new tab)\" rel=\"noreferrer noopener\" class=\"ek-link\">https:\/\/www.portoroz.si\/en\/discover\/piran\/attractions\/663-object-razstavisce-monfort<\/a><\/figcaption><\/figure>\n<\/div>","protected":false},"excerpt":{"rendered":"<p>Las noches de hoy y de ma\u00f1ana s\u00e1bado est\u00e1n reservadas para los buenos momentos. Los organizadores prepararon unas fiestas para los participantes. Las mismas se realizar\u00e1n en Monfort Hall en &hellip;<\/p>\n","protected":false},"author":4,"featured_media":28834,"comment_status":"open","ping_status":"open","sticky":false,"template":"","format":"standard","meta":{"_tec_requires_first_save":true,"_uag_custom_page_level_css":"","_genesis_hide_title":false,"_genesis_hide_breadcrumbs":false,"_genesis_hide_singular_image":false,"_genesis_hide_footer_widgets":false,"_genesis_custom_body_class":"","_genesis_custom_post_class":"","_genesis_layout":"","_EventAllDay":false,"_EventTimezone":"","_EventStartDate":"","_EventEndDate":"","_EventStartDateUTC":"","_EventEndDateUTC":"","_EventShowMap":false,"_EventShowMapLink":false,"_EventURL":"","_EventCost":"","_EventCostDescription":"","_EventCurrencySymbol":"","_EventCurrencyCode":"","_EventCurrencyPosition":"","_EventDateTimeSeparator":"","_EventTimeRangeSeparator":"","_EventOrganizerID":[],"_EventVenueID":[0],"_OrganizerEmail":"","_OrganizerPhone":"","_OrganizerWebsite":"","_VenueAddress":"","_VenueCity":"","_VenueCountry":"","_VenueProvince":"","_VenueState":"","_VenueZip":"","_VenuePhone":"","_VenueURL":"","_VenueStateProvince":"","_VenueLat":"","_VenueLng":"","_VenueShowMap":false,"_VenueShowMapLink":false,"_tribe_blocks_recurrence_rules":"","_tribe_blocks_recurrence_description":"","_tribe_blocks_recurrence_exclusions":"","editor_notices":[],"footnotes":""},"categories":[130,190],"tags":[],"class_list":["post-28833","post","type-post","status-publish","format-standard","has-post-thumbnail","category-ultimas-noticias","category-viii-copa-del-mundo","entry"],"featured_image_src":"https:\/\/itftkd.sport\/es\/wp-content\/uploads\/sites\/7\/2022\/10\/Featured-Image-WC-Koper-Party-600x400.jpg","featured_image_src_square":"https:\/\/itftkd.sport\/es\/wp-content\/uploads\/sites\/7\/2022\/10\/Featured-Image-WC-Koper-Party-600x600.jpg","author_info":{"display_name":"FABIAN ITF","author_link":"https:\/\/itftkd.sport\/es\/author\/fabian-itf\/"},"uagb_featured_image_src":{"full":["https:\/\/itftkd.sport\/es\/wp-content\/uploads\/sites\/7\/2022\/10\/Featured-Image-WC-Koper-Party.jpg",800,600,false],"thumbnail":["https:\/\/itftkd.sport\/es\/wp-content\/uploads\/sites\/7\/2022\/10\/Featured-Image-WC-Koper-Party-150x150.jpg",150,150,true],"medium":["https:\/\/itftkd.sport\/es\/wp-content\/uploads\/sites\/7\/2022\/10\/Featured-Image-WC-Koper-Party-300x225.jpg",300,225,true],"medium_large":["https:\/\/itftkd.sport\/es\/wp-content\/uploads\/sites\/7\/2022\/10\/Featured-Image-WC-Koper-Party-768x576.jpg",768,576,true],"large":["https:\/\/itftkd.sport\/es\/wp-content\/uploads\/sites\/7\/2022\/10\/Featured-Image-WC-Koper-Party.jpg",800,600,false],"1536x1536":["https:\/\/itftkd.sport\/es\/wp-content\/uploads\/sites\/7\/2022\/10\/Featured-Image-WC-Koper-Party.jpg",800,600,false],"2048x2048":["https:\/\/itftkd.sport\/es\/wp-content\/uploads\/sites\/7\/2022\/10\/Featured-Image-WC-Koper-Party.jpg",800,600,false],"banner":["https:\/\/itftkd.sport\/es\/wp-content\/uploads\/sites\/7\/2022\/10\/Featured-Image-WC-Koper-Party-800x533.jpg",800,533,true],"section":["https:\/\/itftkd.sport\/es\/wp-content\/uploads\/sites\/7\/2022\/10\/Featured-Image-WC-Koper-Party.jpg",800,600,false],"full-width":["https:\/\/itftkd.sport\/es\/wp-content\/uploads\/sites\/7\/2022\/10\/Featured-Image-WC-Koper-Party.jpg",800,600,false],"featured":["https:\/\/itftkd.sport\/es\/wp-content\/uploads\/sites\/7\/2022\/10\/Featured-Image-WC-Koper-Party.jpg",800,600,false],"one-half":["https:\/\/itftkd.sport\/es\/wp-content\/uploads\/sites\/7\/2022\/10\/Featured-Image-WC-Koper-Party-550x413.jpg",550,413,true],"one-third":["https:\/\/itftkd.sport\/es\/wp-content\/uploads\/sites\/7\/2022\/10\/Featured-Image-WC-Koper-Party-350x263.jpg",350,263,true],"one-fourth":["https:\/\/itftkd.sport\/es\/wp-content\/uploads\/sites\/7\/2022\/10\/Featured-Image-WC-Koper-Party-260x195.jpg",260,195,true],"tiny":["https:\/\/itftkd.sport\/es\/wp-content\/uploads\/sites\/7\/2022\/10\/Featured-Image-WC-Koper-Party-80x80.jpg",80,80,true],"ab-block-post-grid-landscape":["https:\/\/itftkd.sport\/es\/wp-content\/uploads\/sites\/7\/2022\/10\/Featured-Image-WC-Koper-Party-600x400.jpg",600,400,true],"ab-block-post-grid-square":["https:\/\/itftkd.sport\/es\/wp-content\/uploads\/sites\/7\/2022\/10\/Featured-Image-WC-Koper-Party-600x600.jpg",600,600,true],"gform-image-choice-sm":["https:\/\/itftkd.sport\/es\/wp-content\/uploads\/sites\/7\/2022\/10\/Featured-Image-WC-Koper-Party.jpg",300,225,false],"gform-image-choice-md":["https:\/\/itftkd.sport\/es\/wp-content\/uploads\/sites\/7\/2022\/10\/Featured-Image-WC-Koper-Party.jpg",400,300,false],"gform-image-choice-lg":["https:\/\/itftkd.sport\/es\/wp-content\/uploads\/sites\/7\/2022\/10\/Featured-Image-WC-Koper-Party.jpg",600,450,false]},"uagb_author_info":{"display_name":"FABIAN ITF","author_link":"https:\/\/itftkd.sport\/es\/author\/fabian-itf\/"},"uagb_comment_info":0,"uagb_excerpt":"Las noches de hoy y de ma\u00f1ana s\u00e1bado est\u00e1n reservadas para los buenos momentos. Los organizadores prepararon unas fiestas para los participantes. Las mismas se realizar\u00e1n en Monfort Hall en &hellip;","_links":{"self":[{"href":"https:\/\/itftkd.sport\/es\/wp-json\/wp\/v2\/posts\/28833","targetHints":{"allow":["GET"]}}],"collection":[{"href":"https:\/\/itftkd.sport\/es\/wp-json\/wp\/v2\/posts"}],"about":[{"href":"https:\/\/itftkd.sport\/es\/wp-json\/wp\/v2\/types\/post"}],"author":[{"embeddable":true,"href":"https:\/\/itftkd.sport\/es\/wp-json\/wp\/v2\/users\/4"}],"replies":[{"embeddable":true,"href":"https:\/\/itftkd.sport\/es\/wp-json\/wp\/v2\/comments?post=28833"}],"version-history":[{"count":1,"href":"https:\/\/itftkd.sport\/es\/wp-json\/wp\/v2\/posts\/28833\/revisions"}],"predecessor-version":[{"id":28836,"href":"https:\/\/itftkd.sport\/es\/wp-json\/wp\/v2\/posts\/28833\/revisions\/28836"}],"wp:featuredmedia":[{"embeddable":true,"href":"https:\/\/itftkd.sport\/es\/wp-json\/wp\/v2\/media\/28834"}],"wp:attachment":[{"href":"https:\/\/itftkd.sport\/es\/wp-json\/wp\/v2\/media?parent=28833"}],"wp:term":[{"taxonomy":"category","embeddable":true,"href":"https:\/\/itftkd.sport\/es\/wp-json\/wp\/v2\/categories?post=28833"},{"taxonomy":"post_tag","embeddable":true,"href":"https:\/\/itftkd.sport\/es\/wp-json\/wp\/v2\/tags?post=28833"}],"curies":[{"name":"wp","href":"https:\/\/api.w.org\/{rel}","templated":true}]}}