{"id":28744,"date":"2022-10-02T23:44:27","date_gmt":"2022-10-02T21:44:27","guid":{"rendered":"https:\/\/itftkd.sport\/es\/?p=28744"},"modified":"2022-10-02T23:45:34","modified_gmt":"2022-10-02T21:45:34","slug":"reunion-oficial-de-coaches","status":"publish","type":"post","link":"https:\/\/itftkd.sport\/es\/reunion-oficial-de-coaches\/","title":{"rendered":"Reuni\u00f3n oficial de Coaches"},"content":{"rendered":"\n<p>El Comit\u00e9 Organizador inform\u00f3 que la reuni\u00f3n oficial de entrenadores tendr\u00e1 lugar en el Grand Hotel Bernardin Portoroz, ma\u00f1ana lunes 3 de octubre a las 10:30 am (horario local).<\/p>\n\n\n\n<p>El lugar de la reuni\u00f3n ser\u00e1 el sal\u00f3n <a href=\"https:\/\/www.hoteli-bernardin.si\/mice\/bernardin\/congress-halls\/emerald-ballroom\" class=\"ek-link\">Emerald Ballroom<\/a>.<\/p>\n\n\n<div class=\"wp-block-image\">\n<figure class=\"aligncenter size-full\"><a href=\"https:\/\/itftkd.sport\/wp-content\/uploads\/2022\/10\/WC-Koper-Coach-Meeting-venue.jpg\"><img decoding=\"async\" src=\"https:\/\/itftkd.sport\/wp-content\/uploads\/2022\/10\/WC-Koper-Coach-Meeting-venue.jpg\" alt=\"WC-Koper-Coach-Meeting-venue\" class=\"wp-image-31505\" \/><\/a><\/figure>\n<\/div>\n\n\n<figure class=\"wp-block-gallery has-nested-images columns-default is-cropped wp-block-gallery-1 is-layout-flex wp-block-gallery-is-layout-flex\">\n<figure class=\"wp-block-image size-large\"><a href=\"https:\/\/itftkd.sport\/wp-content\/uploads\/2022\/10\/WC-Koper-Coach-Meeting-Emerald-Ballroom.jpg\"><img decoding=\"async\" data-id=\"31506\" src=\"https:\/\/itftkd.sport\/wp-content\/uploads\/2022\/10\/WC-Koper-Coach-Meeting-Emerald-Ballroom.jpg\" alt=\"WC-Koper-Coach-Meeting-Emerald-Ballroom\" class=\"wp-image-31506\" \/><\/a><\/figure>\n\n\n\n<figure class=\"wp-block-image size-large\"><a href=\"https:\/\/itftkd.sport\/wp-content\/uploads\/2022\/10\/WC-Koper-Coach-Meeting-Emerald-Ballroom-1.jpg\"><img decoding=\"async\" data-id=\"31507\" src=\"https:\/\/itftkd.sport\/wp-content\/uploads\/2022\/10\/WC-Koper-Coach-Meeting-Emerald-Ballroom-1.jpg\" alt=\"WC-Koper-Coach-Meeting-Emerald-Ballroom-1\" class=\"wp-image-31507\" \/><\/a><\/figure>\n<\/figure>\n","protected":false},"excerpt":{"rendered":"<p>El Comit\u00e9 Organizador inform\u00f3 que la reuni\u00f3n oficial de entrenadores tendr\u00e1 lugar en el Grand Hotel Bernardin Portoroz, ma\u00f1ana lunes 3 de octubre a las 10:30 am (horario local). El &hellip;<\/p>\n","protected":false},"author":4,"featured_media":28745,"comment_status":"open","ping_status":"open","sticky":false,"template":"","format":"standard","meta":{"_tec_requires_first_save":true,"_uag_custom_page_level_css":"","_genesis_hide_title":false,"_genesis_hide_breadcrumbs":false,"_genesis_hide_singular_image":false,"_genesis_hide_footer_widgets":false,"_genesis_custom_body_class":"","_genesis_custom_post_class":"","_genesis_layout":"","_EventAllDay":false,"_EventTimezone":"","_EventStartDate":"","_EventEndDate":"","_EventStartDateUTC":"","_EventEndDateUTC":"","_EventShowMap":false,"_EventShowMapLink":false,"_EventURL":"","_EventCost":"","_EventCostDescription":"","_EventCurrencySymbol":"","_EventCurrencyCode":"","_EventCurrencyPosition":"","_EventDateTimeSeparator":"","_EventTimeRangeSeparator":"","_EventOrganizerID":[],"_EventVenueID":[0],"_OrganizerEmail":"","_OrganizerPhone":"","_OrganizerWebsite":"","_VenueAddress":"","_VenueCity":"","_VenueCountry":"","_VenueProvince":"","_VenueState":"","_VenueZip":"","_VenuePhone":"","_VenueURL":"","_VenueStateProvince":"","_VenueLat":"","_VenueLng":"","_VenueShowMap":false,"_VenueShowMapLink":false,"_tribe_blocks_recurrence_rules":"","_tribe_blocks_recurrence_description":"","_tribe_blocks_recurrence_exclusions":"","editor_notices":[],"footnotes":""},"categories":[130,190],"tags":[],"class_list":["post-28744","post","type-post","status-publish","format-standard","has-post-thumbnail","category-ultimas-noticias","category-viii-copa-del-mundo","entry"],"featured_image_src":"https:\/\/itftkd.sport\/es\/wp-content\/uploads\/sites\/7\/2022\/10\/Featured-image-WC-Koper-Coach-Meeting-venue-600x400.jpg","featured_image_src_square":"https:\/\/itftkd.sport\/es\/wp-content\/uploads\/sites\/7\/2022\/10\/Featured-image-WC-Koper-Coach-Meeting-venue-600x600.jpg","author_info":{"display_name":"FABIAN ITF","author_link":"https:\/\/itftkd.sport\/es\/author\/fabian-itf\/"},"uagb_featured_image_src":{"full":["https:\/\/itftkd.sport\/es\/wp-content\/uploads\/sites\/7\/2022\/10\/Featured-image-WC-Koper-Coach-Meeting-venue.jpg",800,600,false],"thumbnail":["https:\/\/itftkd.sport\/es\/wp-content\/uploads\/sites\/7\/2022\/10\/Featured-image-WC-Koper-Coach-Meeting-venue-150x150.jpg",150,150,true],"medium":["https:\/\/itftkd.sport\/es\/wp-content\/uploads\/sites\/7\/2022\/10\/Featured-image-WC-Koper-Coach-Meeting-venue-300x225.jpg",300,225,true],"medium_large":["https:\/\/itftkd.sport\/es\/wp-content\/uploads\/sites\/7\/2022\/10\/Featured-image-WC-Koper-Coach-Meeting-venue-768x576.jpg",768,576,true],"large":["https:\/\/itftkd.sport\/es\/wp-content\/uploads\/sites\/7\/2022\/10\/Featured-image-WC-Koper-Coach-Meeting-venue.jpg",800,600,false],"1536x1536":["https:\/\/itftkd.sport\/es\/wp-content\/uploads\/sites\/7\/2022\/10\/Featured-image-WC-Koper-Coach-Meeting-venue.jpg",800,600,false],"2048x2048":["https:\/\/itftkd.sport\/es\/wp-content\/uploads\/sites\/7\/2022\/10\/Featured-image-WC-Koper-Coach-Meeting-venue.jpg",800,600,false],"banner":["https:\/\/itftkd.sport\/es\/wp-content\/uploads\/sites\/7\/2022\/10\/Featured-image-WC-Koper-Coach-Meeting-venue-800x533.jpg",800,533,true],"section":["https:\/\/itftkd.sport\/es\/wp-content\/uploads\/sites\/7\/2022\/10\/Featured-image-WC-Koper-Coach-Meeting-venue.jpg",800,600,false],"full-width":["https:\/\/itftkd.sport\/es\/wp-content\/uploads\/sites\/7\/2022\/10\/Featured-image-WC-Koper-Coach-Meeting-venue.jpg",800,600,false],"featured":["https:\/\/itftkd.sport\/es\/wp-content\/uploads\/sites\/7\/2022\/10\/Featured-image-WC-Koper-Coach-Meeting-venue.jpg",800,600,false],"one-half":["https:\/\/itftkd.sport\/es\/wp-content\/uploads\/sites\/7\/2022\/10\/Featured-image-WC-Koper-Coach-Meeting-venue-550x413.jpg",550,413,true],"one-third":["https:\/\/itftkd.sport\/es\/wp-content\/uploads\/sites\/7\/2022\/10\/Featured-image-WC-Koper-Coach-Meeting-venue-350x263.jpg",350,263,true],"one-fourth":["https:\/\/itftkd.sport\/es\/wp-content\/uploads\/sites\/7\/2022\/10\/Featured-image-WC-Koper-Coach-Meeting-venue-260x195.jpg",260,195,true],"tiny":["https:\/\/itftkd.sport\/es\/wp-content\/uploads\/sites\/7\/2022\/10\/Featured-image-WC-Koper-Coach-Meeting-venue-80x80.jpg",80,80,true],"ab-block-post-grid-landscape":["https:\/\/itftkd.sport\/es\/wp-content\/uploads\/sites\/7\/2022\/10\/Featured-image-WC-Koper-Coach-Meeting-venue-600x400.jpg",600,400,true],"ab-block-post-grid-square":["https:\/\/itftkd.sport\/es\/wp-content\/uploads\/sites\/7\/2022\/10\/Featured-image-WC-Koper-Coach-Meeting-venue-600x600.jpg",600,600,true],"gform-image-choice-sm":["https:\/\/itftkd.sport\/es\/wp-content\/uploads\/sites\/7\/2022\/10\/Featured-image-WC-Koper-Coach-Meeting-venue.jpg",300,225,false],"gform-image-choice-md":["https:\/\/itftkd.sport\/es\/wp-content\/uploads\/sites\/7\/2022\/10\/Featured-image-WC-Koper-Coach-Meeting-venue.jpg",400,300,false],"gform-image-choice-lg":["https:\/\/itftkd.sport\/es\/wp-content\/uploads\/sites\/7\/2022\/10\/Featured-image-WC-Koper-Coach-Meeting-venue.jpg",600,450,false]},"uagb_author_info":{"display_name":"FABIAN ITF","author_link":"https:\/\/itftkd.sport\/es\/author\/fabian-itf\/"},"uagb_comment_info":0,"uagb_excerpt":"El Comit\u00e9 Organizador inform\u00f3 que la reuni\u00f3n oficial de entrenadores tendr\u00e1 lugar en el Grand Hotel Bernardin Portoroz, ma\u00f1ana lunes 3 de octubre a las 10:30 am (horario local). El &hellip;","_links":{"self":[{"href":"https:\/\/itftkd.sport\/es\/wp-json\/wp\/v2\/posts\/28744","targetHints":{"allow":["GET"]}}],"collection":[{"href":"https:\/\/itftkd.sport\/es\/wp-json\/wp\/v2\/posts"}],"about":[{"href":"https:\/\/itftkd.sport\/es\/wp-json\/wp\/v2\/types\/post"}],"author":[{"embeddable":true,"href":"https:\/\/itftkd.sport\/es\/wp-json\/wp\/v2\/users\/4"}],"replies":[{"embeddable":true,"href":"https:\/\/itftkd.sport\/es\/wp-json\/wp\/v2\/comments?post=28744"}],"version-history":[{"count":2,"href":"https:\/\/itftkd.sport\/es\/wp-json\/wp\/v2\/posts\/28744\/revisions"}],"predecessor-version":[{"id":28748,"href":"https:\/\/itftkd.sport\/es\/wp-json\/wp\/v2\/posts\/28744\/revisions\/28748"}],"wp:featuredmedia":[{"embeddable":true,"href":"https:\/\/itftkd.sport\/es\/wp-json\/wp\/v2\/media\/28745"}],"wp:attachment":[{"href":"https:\/\/itftkd.sport\/es\/wp-json\/wp\/v2\/media?parent=28744"}],"wp:term":[{"taxonomy":"category","embeddable":true,"href":"https:\/\/itftkd.sport\/es\/wp-json\/wp\/v2\/categories?post=28744"},{"taxonomy":"post_tag","embeddable":true,"href":"https:\/\/itftkd.sport\/es\/wp-json\/wp\/v2\/tags?post=28744"}],"curies":[{"name":"wp","href":"https:\/\/api.w.org\/{rel}","templated":true}]}}