{"id":28502,"date":"2022-08-23T13:33:18","date_gmt":"2022-08-23T11:33:18","guid":{"rendered":"https:\/\/itftkd.sport\/es\/?p=28502"},"modified":"2022-08-28T09:07:13","modified_gmt":"2022-08-28T07:07:13","slug":"deadline-for-registration-of-participants","status":"publish","type":"post","link":"https:\/\/itftkd.sport\/es\/deadline-for-registration-of-participants\/","title":{"rendered":"Fecha l\u00edmite para la inscripci\u00f3n de los participantes"},"content":{"rendered":"\n<p><em>Estimados miembros de ITF,Espero que este mail los encuentre bien.<\/em><\/p>\n\n\n\n<p><em>Con este correo electr\u00f3nico nos gustar\u00eda recordarle que<strong>&nbsp;en 10 d\u00edas, el jueves 1 de septiembre de 2022,<\/strong>&nbsp;es la fecha l\u00edmite para el registro de participantes para la VIII Copa Mundial de Taekwon-Do 2022 de ITF que se llevar\u00e1 a cabo del 3 al 9 de octubre de 2022 en Koper, Eslovenia.<\/em><\/p>\n\n\n\n<p><em>Esto se refiere tanto a SportData como al alojamiento.<\/em><\/p>\n\n\n\n<p><em>Para<strong>\u00a0el 1 de septiembre de 2022<\/strong>\u00a0su escuela debe:<\/em><br><em>a. Agregar o cambiar participantes en SportData <strong>(pospuesto al 4 de septiembre de 2022, 21:59 UTC)<\/strong>.<\/em> <br><em>b. Solicite peque\u00f1os cambios\/correcciones en su formulario de reserva de hotel.<\/em><br><em>c. Pagar el saldo del alojamiento en el hotel.<\/em><br><em>d. Pago del dep\u00f3sito del 50% para los competidores: entrenadores y cuotas de inscripci\u00f3n del equipo.<\/em><\/p>\n\n\n\n<p><em>Tenga en cuenta que el saldo restante (50 %) de las tarifas de registro debe pagarse en efectivo a la llegada en el mostrador de registro ubicado en el Grand Hotel Bernardin, Obala 2, SI 6320 Portoro\u017e &#8211; Portorose, Eslovenia.<\/em><\/p>\n\n\n\n<p><em>Si lo desea, podr\u00e1 transferir la totalidad del importe antes del 1 de septiembre de 2022.<\/em><\/p>\n\n\n\n<p><em>Le pedimos amablemente que proceda a tiempo con el registro de sus equipos, as\u00ed como con la reserva del alojamiento y los pagos.<\/em><\/p>\n\n\n\n<p><em>Por favor proporcione informaci\u00f3n a todos los clubes interesados \u200b\u200by participantes en la Copa del Mundo.M\u00e1s informaci\u00f3n sobre la Copa del Mundo:&nbsp;<a rel=\"noreferrer noopener\" href=\"https:\/\/itfworldcup2022.si\/\" target=\"_blank\">https:\/\/itfworldcup2022.si\/<\/a><\/em><\/p>\n\n\n\n<p><em>Sinceramente suyo,<br>Tadeusz Loboda<br>Secretario General de la ITF <\/em><\/p>\n","protected":false},"excerpt":{"rendered":"<p>Estimados miembros de ITF,Espero que este mail los encuentre bien. Con este correo electr\u00f3nico nos gustar\u00eda recordarle que&nbsp;en 10 d\u00edas, el jueves 1 de septiembre de 2022,&nbsp;es la fecha l\u00edmite &hellip;<\/p>\n","protected":false},"author":4,"featured_media":28503,"comment_status":"open","ping_status":"open","sticky":false,"template":"","format":"standard","meta":{"_tec_requires_first_save":true,"_uag_custom_page_level_css":"","_genesis_hide_title":false,"_genesis_hide_breadcrumbs":false,"_genesis_hide_singular_image":false,"_genesis_hide_footer_widgets":false,"_genesis_custom_body_class":"","_genesis_custom_post_class":"","_genesis_layout":"","_EventAllDay":false,"_EventTimezone":"","_EventStartDate":"","_EventEndDate":"","_EventStartDateUTC":"","_EventEndDateUTC":"","_EventShowMap":false,"_EventShowMapLink":false,"_EventURL":"","_EventCost":"","_EventCostDescription":"","_EventCurrencySymbol":"","_EventCurrencyCode":"","_EventCurrencyPosition":"","_EventDateTimeSeparator":"","_EventTimeRangeSeparator":"","_EventOrganizerID":[],"_EventVenueID":[0],"_OrganizerEmail":"","_OrganizerPhone":"","_OrganizerWebsite":"","_VenueAddress":"","_VenueCity":"","_VenueCountry":"","_VenueProvince":"","_VenueState":"","_VenueZip":"","_VenuePhone":"","_VenueURL":"","_VenueStateProvince":"","_VenueLat":"","_VenueLng":"","_VenueShowMap":false,"_VenueShowMapLink":false,"_tribe_blocks_recurrence_rules":"","_tribe_blocks_recurrence_description":"","_tribe_blocks_recurrence_exclusions":"","editor_notices":[],"footnotes":""},"categories":[132,130],"tags":[],"class_list":["post-28502","post","type-post","status-publish","format-standard","has-post-thumbnail","category-destacadas","category-ultimas-noticias","entry"],"featured_image_src":"https:\/\/itftkd.sport\/es\/wp-content\/uploads\/sites\/7\/2022\/08\/Featured-image-fecha-limite-para-la-inscripcion-de-los-participantes-Koper-600x400.jpg","featured_image_src_square":"https:\/\/itftkd.sport\/es\/wp-content\/uploads\/sites\/7\/2022\/08\/Featured-image-fecha-limite-para-la-inscripcion-de-los-participantes-Koper-600x600.jpg","author_info":{"display_name":"FABIAN ITF","author_link":"https:\/\/itftkd.sport\/es\/author\/fabian-itf\/"},"uagb_featured_image_src":{"full":["https:\/\/itftkd.sport\/es\/wp-content\/uploads\/sites\/7\/2022\/08\/Featured-image-fecha-limite-para-la-inscripcion-de-los-participantes-Koper.jpg",800,600,false],"thumbnail":["https:\/\/itftkd.sport\/es\/wp-content\/uploads\/sites\/7\/2022\/08\/Featured-image-fecha-limite-para-la-inscripcion-de-los-participantes-Koper-150x150.jpg",150,150,true],"medium":["https:\/\/itftkd.sport\/es\/wp-content\/uploads\/sites\/7\/2022\/08\/Featured-image-fecha-limite-para-la-inscripcion-de-los-participantes-Koper-300x225.jpg",300,225,true],"medium_large":["https:\/\/itftkd.sport\/es\/wp-content\/uploads\/sites\/7\/2022\/08\/Featured-image-fecha-limite-para-la-inscripcion-de-los-participantes-Koper-768x576.jpg",768,576,true],"large":["https:\/\/itftkd.sport\/es\/wp-content\/uploads\/sites\/7\/2022\/08\/Featured-image-fecha-limite-para-la-inscripcion-de-los-participantes-Koper.jpg",800,600,false],"1536x1536":["https:\/\/itftkd.sport\/es\/wp-content\/uploads\/sites\/7\/2022\/08\/Featured-image-fecha-limite-para-la-inscripcion-de-los-participantes-Koper.jpg",800,600,false],"2048x2048":["https:\/\/itftkd.sport\/es\/wp-content\/uploads\/sites\/7\/2022\/08\/Featured-image-fecha-limite-para-la-inscripcion-de-los-participantes-Koper.jpg",800,600,false],"banner":["https:\/\/itftkd.sport\/es\/wp-content\/uploads\/sites\/7\/2022\/08\/Featured-image-fecha-limite-para-la-inscripcion-de-los-participantes-Koper-800x533.jpg",800,533,true],"section":["https:\/\/itftkd.sport\/es\/wp-content\/uploads\/sites\/7\/2022\/08\/Featured-image-fecha-limite-para-la-inscripcion-de-los-participantes-Koper.jpg",800,600,false],"full-width":["https:\/\/itftkd.sport\/es\/wp-content\/uploads\/sites\/7\/2022\/08\/Featured-image-fecha-limite-para-la-inscripcion-de-los-participantes-Koper.jpg",800,600,false],"featured":["https:\/\/itftkd.sport\/es\/wp-content\/uploads\/sites\/7\/2022\/08\/Featured-image-fecha-limite-para-la-inscripcion-de-los-participantes-Koper.jpg",800,600,false],"one-half":["https:\/\/itftkd.sport\/es\/wp-content\/uploads\/sites\/7\/2022\/08\/Featured-image-fecha-limite-para-la-inscripcion-de-los-participantes-Koper-550x413.jpg",550,413,true],"one-third":["https:\/\/itftkd.sport\/es\/wp-content\/uploads\/sites\/7\/2022\/08\/Featured-image-fecha-limite-para-la-inscripcion-de-los-participantes-Koper-350x263.jpg",350,263,true],"one-fourth":["https:\/\/itftkd.sport\/es\/wp-content\/uploads\/sites\/7\/2022\/08\/Featured-image-fecha-limite-para-la-inscripcion-de-los-participantes-Koper-260x195.jpg",260,195,true],"tiny":["https:\/\/itftkd.sport\/es\/wp-content\/uploads\/sites\/7\/2022\/08\/Featured-image-fecha-limite-para-la-inscripcion-de-los-participantes-Koper-80x80.jpg",80,80,true],"ab-block-post-grid-landscape":["https:\/\/itftkd.sport\/es\/wp-content\/uploads\/sites\/7\/2022\/08\/Featured-image-fecha-limite-para-la-inscripcion-de-los-participantes-Koper-600x400.jpg",600,400,true],"ab-block-post-grid-square":["https:\/\/itftkd.sport\/es\/wp-content\/uploads\/sites\/7\/2022\/08\/Featured-image-fecha-limite-para-la-inscripcion-de-los-participantes-Koper-600x600.jpg",600,600,true],"gform-image-choice-sm":["https:\/\/itftkd.sport\/es\/wp-content\/uploads\/sites\/7\/2022\/08\/Featured-image-fecha-limite-para-la-inscripcion-de-los-participantes-Koper.jpg",300,225,false],"gform-image-choice-md":["https:\/\/itftkd.sport\/es\/wp-content\/uploads\/sites\/7\/2022\/08\/Featured-image-fecha-limite-para-la-inscripcion-de-los-participantes-Koper.jpg",400,300,false],"gform-image-choice-lg":["https:\/\/itftkd.sport\/es\/wp-content\/uploads\/sites\/7\/2022\/08\/Featured-image-fecha-limite-para-la-inscripcion-de-los-participantes-Koper.jpg",600,450,false]},"uagb_author_info":{"display_name":"FABIAN ITF","author_link":"https:\/\/itftkd.sport\/es\/author\/fabian-itf\/"},"uagb_comment_info":0,"uagb_excerpt":"Estimados miembros de ITF,Espero que este mail los encuentre bien. Con este correo electr\u00f3nico nos gustar\u00eda recordarle que&nbsp;en 10 d\u00edas, el jueves 1 de septiembre de 2022,&nbsp;es la fecha l\u00edmite &hellip;","_links":{"self":[{"href":"https:\/\/itftkd.sport\/es\/wp-json\/wp\/v2\/posts\/28502","targetHints":{"allow":["GET"]}}],"collection":[{"href":"https:\/\/itftkd.sport\/es\/wp-json\/wp\/v2\/posts"}],"about":[{"href":"https:\/\/itftkd.sport\/es\/wp-json\/wp\/v2\/types\/post"}],"author":[{"embeddable":true,"href":"https:\/\/itftkd.sport\/es\/wp-json\/wp\/v2\/users\/4"}],"replies":[{"embeddable":true,"href":"https:\/\/itftkd.sport\/es\/wp-json\/wp\/v2\/comments?post=28502"}],"version-history":[{"count":3,"href":"https:\/\/itftkd.sport\/es\/wp-json\/wp\/v2\/posts\/28502\/revisions"}],"predecessor-version":[{"id":28536,"href":"https:\/\/itftkd.sport\/es\/wp-json\/wp\/v2\/posts\/28502\/revisions\/28536"}],"wp:featuredmedia":[{"embeddable":true,"href":"https:\/\/itftkd.sport\/es\/wp-json\/wp\/v2\/media\/28503"}],"wp:attachment":[{"href":"https:\/\/itftkd.sport\/es\/wp-json\/wp\/v2\/media?parent=28502"}],"wp:term":[{"taxonomy":"category","embeddable":true,"href":"https:\/\/itftkd.sport\/es\/wp-json\/wp\/v2\/categories?post=28502"},{"taxonomy":"post_tag","embeddable":true,"href":"https:\/\/itftkd.sport\/es\/wp-json\/wp\/v2\/tags?post=28502"}],"curies":[{"name":"wp","href":"https:\/\/api.w.org\/{rel}","templated":true}]}}