{"id":28398,"date":"2022-07-30T02:36:42","date_gmt":"2022-07-30T00:36:42","guid":{"rendered":"https:\/\/itftkd.sport\/es\/?p=28398"},"modified":"2022-07-30T02:45:16","modified_gmt":"2022-07-30T00:45:16","slug":"copa-del-mundo-2022-reapertura-de-la-solicitud-de-arbitro","status":"publish","type":"post","link":"https:\/\/itftkd.sport\/es\/copa-del-mundo-2022-reapertura-de-la-solicitud-de-arbitro\/","title":{"rendered":"Copa del Mundo 2022: reapertura de la solicitud de \u00e1rbitro"},"content":{"rendered":"\n<p>Querida Asociaci\u00f3n Nacional,<\/p>\n\n\n\n<p>Estamos realizando una solicitud urgente relacionada con los \u00e1rbitros calificados dentro de su organizaci\u00f3n. Debido a que varios \u00e1rbitros tuvieron que retirarse de asistir a la Copa del Mundo, necesitamos reabrir las solicitudes para los \u00e1rbitros que deseen postularse para garantizar que se logre nuestra dotaci\u00f3n completa.<\/p>\n\n\n\n<p>El registro estar\u00e1 abierto desde el viernes 29 de julio hasta el domingo 7 de agosto.\u00a0Los solicitantes deben utilizar el formulario adjunto y enviarlo, a trav\u00e9s de su Representante de la Asociaci\u00f3n Nacional, al Maestro Abelardo Benzaquen, presidente del Comit\u00e9 de \u00c1rbitros de la ITF, a <a href=\"http:\/\/itfuc2021@gmail.com\" target=\"_blank\" aria-label=\" (opens in a new tab)\" rel=\"noreferrer noopener\" class=\"ek-link\">itfuc2021@gmail.com<\/a>. <\/p>\n\n\n\n<p>Por favor, deje claro que este formulario solo debe enviarse a trav\u00e9s del representante oficial de la Asociaci\u00f3n Nacional y no de manera individual por el solicitante. No se considerar\u00e1n solicitudes individuales.<\/p>\n\n\n\n<p>Saludos cordiales.<\/p>\n\n\n\n<p>Maestro Abelardo Benzaquen<br>presidente del Comit\u00e9 de \u00c1rbitros de la ITF<\/p>\n\n\n\n<div class=\"wp-block-file\"><a id=\"wp-block-file--media-d410a5e1-ef9e-4c95-8ca3-dd7daa4316d4\" href=\"https:\/\/itftkd.sport\/wp-content\/uploads\/2022\/07\/2022-World-Cup-Umpire-Application-V4.xlsx\">2022-World-Cup-Umpire-Application-V4<\/a><a href=\"https:\/\/itftkd.sport\/wp-content\/uploads\/2022\/07\/2022-World-Cup-Umpire-Application-V4.xlsx\" class=\"wp-block-file__button\" download aria-describedby=\"wp-block-file--media-d410a5e1-ef9e-4c95-8ca3-dd7daa4316d4\">Download<\/a><\/div>\n","protected":false},"excerpt":{"rendered":"<p>Querida Asociaci\u00f3n Nacional, Estamos realizando una solicitud urgente relacionada con los \u00e1rbitros calificados dentro de su organizaci\u00f3n. Debido a que varios \u00e1rbitros tuvieron que retirarse de asistir a la Copa &hellip;<\/p>\n","protected":false},"author":14,"featured_media":25011,"comment_status":"open","ping_status":"open","sticky":false,"template":"","format":"standard","meta":{"_tec_requires_first_save":true,"_uag_custom_page_level_css":"","_genesis_hide_title":false,"_genesis_hide_breadcrumbs":false,"_genesis_hide_singular_image":false,"_genesis_hide_footer_widgets":false,"_genesis_custom_body_class":"","_genesis_custom_post_class":"","_genesis_layout":"","_EventAllDay":false,"_EventTimezone":"","_EventStartDate":"","_EventEndDate":"","_EventStartDateUTC":"","_EventEndDateUTC":"","_EventShowMap":false,"_EventShowMapLink":false,"_EventURL":"","_EventCost":"","_EventCostDescription":"","_EventCurrencySymbol":"","_EventCurrencyCode":"","_EventCurrencyPosition":"","_EventDateTimeSeparator":"","_EventTimeRangeSeparator":"","_EventOrganizerID":[],"_EventVenueID":[0],"_OrganizerEmail":"","_OrganizerPhone":"","_OrganizerWebsite":"","_VenueAddress":"","_VenueCity":"","_VenueCountry":"","_VenueProvince":"","_VenueState":"","_VenueZip":"","_VenuePhone":"","_VenueURL":"","_VenueStateProvince":"","_VenueLat":"","_VenueLng":"","_VenueShowMap":false,"_VenueShowMapLink":false,"_tribe_blocks_recurrence_rules":"","_tribe_blocks_recurrence_description":"","_tribe_blocks_recurrence_exclusions":"","editor_notices":[],"footnotes":""},"categories":[132,131],"tags":[],"class_list":["post-28398","post","type-post","status-publish","format-standard","has-post-thumbnail","category-destacadas","category-noticias-institucionales","entry"],"featured_image_src":"https:\/\/itftkd.sport\/es\/wp-content\/uploads\/sites\/7\/2021\/03\/Featured-image-WC-2022-Koper-Slovenia-1-600x400.jpg","featured_image_src_square":"https:\/\/itftkd.sport\/es\/wp-content\/uploads\/sites\/7\/2021\/03\/Featured-image-WC-2022-Koper-Slovenia-1-600x600.jpg","author_info":{"display_name":"Daniel Schmidt","author_link":"https:\/\/itftkd.sport\/es\/author\/daniel\/"},"uagb_featured_image_src":{"full":["https:\/\/itftkd.sport\/es\/wp-content\/uploads\/sites\/7\/2021\/03\/Featured-image-WC-2022-Koper-Slovenia-1.jpg",800,600,false],"thumbnail":["https:\/\/itftkd.sport\/es\/wp-content\/uploads\/sites\/7\/2021\/03\/Featured-image-WC-2022-Koper-Slovenia-1-150x150.jpg",150,150,true],"medium":["https:\/\/itftkd.sport\/es\/wp-content\/uploads\/sites\/7\/2021\/03\/Featured-image-WC-2022-Koper-Slovenia-1-300x225.jpg",300,225,true],"medium_large":["https:\/\/itftkd.sport\/es\/wp-content\/uploads\/sites\/7\/2021\/03\/Featured-image-WC-2022-Koper-Slovenia-1-768x576.jpg",768,576,true],"large":["https:\/\/itftkd.sport\/es\/wp-content\/uploads\/sites\/7\/2021\/03\/Featured-image-WC-2022-Koper-Slovenia-1.jpg",800,600,false],"1536x1536":["https:\/\/itftkd.sport\/es\/wp-content\/uploads\/sites\/7\/2021\/03\/Featured-image-WC-2022-Koper-Slovenia-1.jpg",800,600,false],"2048x2048":["https:\/\/itftkd.sport\/es\/wp-content\/uploads\/sites\/7\/2021\/03\/Featured-image-WC-2022-Koper-Slovenia-1.jpg",800,600,false],"banner":["https:\/\/itftkd.sport\/es\/wp-content\/uploads\/sites\/7\/2021\/03\/Featured-image-WC-2022-Koper-Slovenia-1-800x533.jpg",800,533,true],"section":["https:\/\/itftkd.sport\/es\/wp-content\/uploads\/sites\/7\/2021\/03\/Featured-image-WC-2022-Koper-Slovenia-1.jpg",800,600,false],"full-width":["https:\/\/itftkd.sport\/es\/wp-content\/uploads\/sites\/7\/2021\/03\/Featured-image-WC-2022-Koper-Slovenia-1.jpg",800,600,false],"featured":["https:\/\/itftkd.sport\/es\/wp-content\/uploads\/sites\/7\/2021\/03\/Featured-image-WC-2022-Koper-Slovenia-1.jpg",800,600,false],"one-half":["https:\/\/itftkd.sport\/es\/wp-content\/uploads\/sites\/7\/2021\/03\/Featured-image-WC-2022-Koper-Slovenia-1-550x413.jpg",550,413,true],"one-third":["https:\/\/itftkd.sport\/es\/wp-content\/uploads\/sites\/7\/2021\/03\/Featured-image-WC-2022-Koper-Slovenia-1-350x263.jpg",350,263,true],"one-fourth":["https:\/\/itftkd.sport\/es\/wp-content\/uploads\/sites\/7\/2021\/03\/Featured-image-WC-2022-Koper-Slovenia-1-260x195.jpg",260,195,true],"tiny":["https:\/\/itftkd.sport\/es\/wp-content\/uploads\/sites\/7\/2021\/03\/Featured-image-WC-2022-Koper-Slovenia-1-80x80.jpg",80,80,true],"ab-block-post-grid-landscape":["https:\/\/itftkd.sport\/es\/wp-content\/uploads\/sites\/7\/2021\/03\/Featured-image-WC-2022-Koper-Slovenia-1-600x400.jpg",600,400,true],"ab-block-post-grid-square":["https:\/\/itftkd.sport\/es\/wp-content\/uploads\/sites\/7\/2021\/03\/Featured-image-WC-2022-Koper-Slovenia-1-600x600.jpg",600,600,true],"gform-image-choice-sm":["https:\/\/itftkd.sport\/es\/wp-content\/uploads\/sites\/7\/2021\/03\/Featured-image-WC-2022-Koper-Slovenia-1.jpg",300,225,false],"gform-image-choice-md":["https:\/\/itftkd.sport\/es\/wp-content\/uploads\/sites\/7\/2021\/03\/Featured-image-WC-2022-Koper-Slovenia-1.jpg",400,300,false],"gform-image-choice-lg":["https:\/\/itftkd.sport\/es\/wp-content\/uploads\/sites\/7\/2021\/03\/Featured-image-WC-2022-Koper-Slovenia-1.jpg",600,450,false]},"uagb_author_info":{"display_name":"Daniel Schmidt","author_link":"https:\/\/itftkd.sport\/es\/author\/daniel\/"},"uagb_comment_info":2,"uagb_excerpt":"Querida Asociaci\u00f3n Nacional, Estamos realizando una solicitud urgente relacionada con los \u00e1rbitros calificados dentro de su organizaci\u00f3n. Debido a que varios \u00e1rbitros tuvieron que retirarse de asistir a la Copa &hellip;","_links":{"self":[{"href":"https:\/\/itftkd.sport\/es\/wp-json\/wp\/v2\/posts\/28398","targetHints":{"allow":["GET"]}}],"collection":[{"href":"https:\/\/itftkd.sport\/es\/wp-json\/wp\/v2\/posts"}],"about":[{"href":"https:\/\/itftkd.sport\/es\/wp-json\/wp\/v2\/types\/post"}],"author":[{"embeddable":true,"href":"https:\/\/itftkd.sport\/es\/wp-json\/wp\/v2\/users\/14"}],"replies":[{"embeddable":true,"href":"https:\/\/itftkd.sport\/es\/wp-json\/wp\/v2\/comments?post=28398"}],"version-history":[{"count":4,"href":"https:\/\/itftkd.sport\/es\/wp-json\/wp\/v2\/posts\/28398\/revisions"}],"predecessor-version":[{"id":28404,"href":"https:\/\/itftkd.sport\/es\/wp-json\/wp\/v2\/posts\/28398\/revisions\/28404"}],"wp:featuredmedia":[{"embeddable":true,"href":"https:\/\/itftkd.sport\/es\/wp-json\/wp\/v2\/media\/25011"}],"wp:attachment":[{"href":"https:\/\/itftkd.sport\/es\/wp-json\/wp\/v2\/media?parent=28398"}],"wp:term":[{"taxonomy":"category","embeddable":true,"href":"https:\/\/itftkd.sport\/es\/wp-json\/wp\/v2\/categories?post=28398"},{"taxonomy":"post_tag","embeddable":true,"href":"https:\/\/itftkd.sport\/es\/wp-json\/wp\/v2\/tags?post=28398"}],"curies":[{"name":"wp","href":"https:\/\/api.w.org\/{rel}","templated":true}]}}