{"id":28374,"date":"2022-07-20T20:14:00","date_gmt":"2022-07-20T18:14:00","guid":{"rendered":"https:\/\/itftkd.sport\/es\/?p=28374"},"modified":"2022-07-20T20:26:16","modified_gmt":"2022-07-20T18:26:16","slug":"la-itf-sigue-trabajando-en-la-consolidacion-global-de-sus-marcas","status":"publish","type":"post","link":"https:\/\/itftkd.sport\/es\/la-itf-sigue-trabajando-en-la-consolidacion-global-de-sus-marcas\/","title":{"rendered":"La ITF sigue trabajando en la consolidaci\u00f3n global de sus marcas"},"content":{"rendered":"\n<p>Continuando con los objetivos planteados por el presidente GM Paul Weiler, el Tesorero Master Leonardo Oros Duek mantuvo diversas reuniones en Espa\u00f1a con los abogados de la ITF Blanca Mart\u00ednez, Ana Victoria Corte y Gonzalo Barboza con respecto al registro mundial de marcas de nuestra Federaci\u00f3n.<br>Este trabajo que, por la envergadura de su alcance, lleva ya dos a\u00f1os de gesti\u00f3n comienza a materializarse en un registro oficial a nivel global protegiendo no solo la propiedad intelectual de nuestras marcas sino tambi\u00e9n planteando reglas legales claras de uso para todas las organizaciones miembros.<br>De esta manera este trabajo silencioso pero constante se transformar\u00e1 seg\u00fan el Tesorero Oros Duek \u201cen un sello de garant\u00eda exclusivo para todos los instructores legalmente inscriptos en la ITF\u201d.<\/p>\n\n\n<style>.kb-gallery-id-_9d5a4a-15 .kadence-blocks-gallery-item .kb-gal-image-radius, .kb-gallery-id-_9d5a4a-15 .kb-slide-item .kb-gal-image-radius img{border-radius:0px 0px 0px 0px;;}.kb-gallery-wrap-id-_9d5a4a-15.wp-block-kadence-advancedgallery{overflow:visible;}.kb-gallery-wrap-id-_9d5a4a-15.wp-block-kadence-advancedgallery .kt-blocks-carousel{overflow:visible;}<\/style><div class=\"kb-gallery-wrap-id-_9d5a4a-15 alignnone wp-block-kadence-advancedgallery\"><div class=\"kb-gallery-ul kb-gallery-non-static kb-gallery-type-slider kb-gallery-id-_9d5a4a-15 kb-gallery-caption-style-bottom-hover kb-gallery-filter-none\" data-image-filter=\"none\" data-lightbox-caption=\"true\"><div class=\"kt-blocks-carousel splide kt-carousel-container-dotstyle-dark kt-carousel-arrowstyle-whiteondark kt-carousel-dotstyle-dark kb-slider-group-arrow kb-slider-arrow-position-center\" data-slider-anim-speed=\"400\" data-slider-scroll=\"1\" data-slider-arrows=\"true\" data-slider-fade=\"true\" data-slider-dots=\"true\" data-slider-type=\"slider\" data-slider-hover-pause=\"false\" data-slider-auto=\"\" data-slider-speed=\"7000\" data-show-pause-button=\"false\"><div class=\"splide__track\"><ul class=\"kt-blocks-carousel-init kb-blocks-slider splide__list\"><li class=\"kb-slide-item kb-gallery-slide-item splide__slide\"><div class=\"kadence-blocks-gallery-item\"><div class=\"kadence-blocks-gallery-item-inner\"><figure class=\"kb-gallery-figure kadence-blocks-gallery-item-hide-caption\"><div class=\"kb-gal-image-radius\"><div class=\"kb-gallery-image-contain kadence-blocks-gallery-intrinsic kb-gallery-image-ratio-land32 kb-has-image-ratio-land32\" ><img loading=\"lazy\" decoding=\"async\" src=\"https:\/\/itftkd.sport\/es\/wp-content\/uploads\/sites\/7\/2022\/07\/Consolidacion-de-Marcas-1024x768.jpeg\" width=\"1024\" height=\"768\" alt=\"\" data-full-image=\"https:\/\/itftkd.sport\/es\/wp-content\/uploads\/sites\/7\/2022\/07\/Consolidacion-de-Marcas.jpeg\" data-light-image=\"https:\/\/itftkd.sport\/es\/wp-content\/uploads\/sites\/7\/2022\/07\/Consolidacion-de-Marcas.jpeg\" data-id=\"28373\" class=\"wp-image-28373 skip-lazy\" srcset=\"https:\/\/itftkd.sport\/es\/wp-content\/uploads\/sites\/7\/2022\/07\/Consolidacion-de-Marcas-1024x768.jpeg 1024w, https:\/\/itftkd.sport\/es\/wp-content\/uploads\/sites\/7\/2022\/07\/Consolidacion-de-Marcas-300x225.jpeg 300w, https:\/\/itftkd.sport\/es\/wp-content\/uploads\/sites\/7\/2022\/07\/Consolidacion-de-Marcas-768x576.jpeg 768w, https:\/\/itftkd.sport\/es\/wp-content\/uploads\/sites\/7\/2022\/07\/Consolidacion-de-Marcas-800x600.jpeg 800w, https:\/\/itftkd.sport\/es\/wp-content\/uploads\/sites\/7\/2022\/07\/Consolidacion-de-Marcas-550x413.jpeg 550w, https:\/\/itftkd.sport\/es\/wp-content\/uploads\/sites\/7\/2022\/07\/Consolidacion-de-Marcas-350x263.jpeg 350w, https:\/\/itftkd.sport\/es\/wp-content\/uploads\/sites\/7\/2022\/07\/Consolidacion-de-Marcas-260x195.jpeg 260w\" sizes=\"auto, (max-width: 1024px) 100vw, 1024px\" \/><\/div><\/div><\/figure><\/div><\/div><\/li><li class=\"kb-slide-item kb-gallery-slide-item splide__slide\"><div class=\"kadence-blocks-gallery-item\"><div class=\"kadence-blocks-gallery-item-inner\"><figure class=\"kb-gallery-figure kadence-blocks-gallery-item-hide-caption\"><div class=\"kb-gal-image-radius\"><div class=\"kb-gallery-image-contain kadence-blocks-gallery-intrinsic kb-gallery-image-ratio-land32 kb-has-image-ratio-land32\" ><img loading=\"lazy\" decoding=\"async\" src=\"https:\/\/itftkd.sport\/es\/wp-content\/uploads\/sites\/7\/2022\/07\/Consolidacion-de-Marcas-2-1024x768.jpeg\" width=\"1024\" height=\"768\" alt=\"\" data-full-image=\"https:\/\/itftkd.sport\/es\/wp-content\/uploads\/sites\/7\/2022\/07\/Consolidacion-de-Marcas-2.jpeg\" data-light-image=\"https:\/\/itftkd.sport\/es\/wp-content\/uploads\/sites\/7\/2022\/07\/Consolidacion-de-Marcas-2.jpeg\" data-id=\"28372\" class=\"wp-image-28372 skip-lazy\" srcset=\"https:\/\/itftkd.sport\/es\/wp-content\/uploads\/sites\/7\/2022\/07\/Consolidacion-de-Marcas-2-1024x768.jpeg 1024w, https:\/\/itftkd.sport\/es\/wp-content\/uploads\/sites\/7\/2022\/07\/Consolidacion-de-Marcas-2-300x225.jpeg 300w, https:\/\/itftkd.sport\/es\/wp-content\/uploads\/sites\/7\/2022\/07\/Consolidacion-de-Marcas-2-768x576.jpeg 768w, https:\/\/itftkd.sport\/es\/wp-content\/uploads\/sites\/7\/2022\/07\/Consolidacion-de-Marcas-2-800x600.jpeg 800w, https:\/\/itftkd.sport\/es\/wp-content\/uploads\/sites\/7\/2022\/07\/Consolidacion-de-Marcas-2-550x413.jpeg 550w, https:\/\/itftkd.sport\/es\/wp-content\/uploads\/sites\/7\/2022\/07\/Consolidacion-de-Marcas-2-350x263.jpeg 350w, https:\/\/itftkd.sport\/es\/wp-content\/uploads\/sites\/7\/2022\/07\/Consolidacion-de-Marcas-2-260x195.jpeg 260w\" sizes=\"auto, (max-width: 1024px) 100vw, 1024px\" \/><\/div><\/div><\/figure><\/div><\/div><\/li><li class=\"kb-slide-item kb-gallery-slide-item splide__slide\"><div class=\"kadence-blocks-gallery-item\"><div class=\"kadence-blocks-gallery-item-inner\"><figure class=\"kb-gallery-figure kadence-blocks-gallery-item-hide-caption\"><div class=\"kb-gal-image-radius\"><div class=\"kb-gallery-image-contain kadence-blocks-gallery-intrinsic kb-gallery-image-ratio-land32 kb-has-image-ratio-land32\" ><img loading=\"lazy\" decoding=\"async\" src=\"https:\/\/itftkd.sport\/es\/wp-content\/uploads\/sites\/7\/2022\/07\/Consolidacion-de-Marcas-1-1024x768.jpeg\" width=\"1024\" height=\"768\" alt=\"\" data-full-image=\"https:\/\/itftkd.sport\/es\/wp-content\/uploads\/sites\/7\/2022\/07\/Consolidacion-de-Marcas-1.jpeg\" data-light-image=\"https:\/\/itftkd.sport\/es\/wp-content\/uploads\/sites\/7\/2022\/07\/Consolidacion-de-Marcas-1.jpeg\" data-id=\"28371\" class=\"wp-image-28371 skip-lazy\" srcset=\"https:\/\/itftkd.sport\/es\/wp-content\/uploads\/sites\/7\/2022\/07\/Consolidacion-de-Marcas-1-1024x768.jpeg 1024w, https:\/\/itftkd.sport\/es\/wp-content\/uploads\/sites\/7\/2022\/07\/Consolidacion-de-Marcas-1-300x225.jpeg 300w, https:\/\/itftkd.sport\/es\/wp-content\/uploads\/sites\/7\/2022\/07\/Consolidacion-de-Marcas-1-768x576.jpeg 768w, https:\/\/itftkd.sport\/es\/wp-content\/uploads\/sites\/7\/2022\/07\/Consolidacion-de-Marcas-1-800x600.jpeg 800w, https:\/\/itftkd.sport\/es\/wp-content\/uploads\/sites\/7\/2022\/07\/Consolidacion-de-Marcas-1-550x413.jpeg 550w, https:\/\/itftkd.sport\/es\/wp-content\/uploads\/sites\/7\/2022\/07\/Consolidacion-de-Marcas-1-350x263.jpeg 350w, https:\/\/itftkd.sport\/es\/wp-content\/uploads\/sites\/7\/2022\/07\/Consolidacion-de-Marcas-1-260x195.jpeg 260w\" sizes=\"auto, (max-width: 1024px) 100vw, 1024px\" \/><\/div><\/div><\/figure><\/div><\/div><\/li><\/ul><\/div><\/div><\/div><\/div>\n\n\n\n","protected":false},"excerpt":{"rendered":"<p>Continuando con los objetivos planteados por el presidente GM Paul Weiler, el Tesorero Master Leonardo Oros Duek mantuvo diversas reuniones en Espa\u00f1a con los abogados de la ITF <\/p>\n","protected":false},"author":10,"featured_media":28375,"comment_status":"open","ping_status":"open","sticky":false,"template":"","format":"standard","meta":{"_tec_requires_first_save":true,"_uag_custom_page_level_css":"","_genesis_hide_title":false,"_genesis_hide_breadcrumbs":false,"_genesis_hide_singular_image":false,"_genesis_hide_footer_widgets":false,"_genesis_custom_body_class":"","_genesis_custom_post_class":"","_genesis_layout":"","_EventAllDay":false,"_EventTimezone":"","_EventStartDate":"","_EventEndDate":"","_EventStartDateUTC":"","_EventEndDateUTC":"","_EventShowMap":false,"_EventShowMapLink":false,"_EventURL":"","_EventCost":"","_EventCostDescription":"","_EventCurrencySymbol":"","_EventCurrencyCode":"","_EventCurrencyPosition":"","_EventDateTimeSeparator":"","_EventTimeRangeSeparator":"","_EventOrganizerID":[],"_EventVenueID":[],"_OrganizerEmail":"","_OrganizerPhone":"","_OrganizerWebsite":"","_VenueAddress":"","_VenueCity":"","_VenueCountry":"","_VenueProvince":"","_VenueState":"","_VenueZip":"","_VenuePhone":"","_VenueURL":"","_VenueStateProvince":"","_VenueLat":"","_VenueLng":"","_VenueShowMap":false,"_VenueShowMapLink":false,"_tribe_blocks_recurrence_rules":"","_tribe_blocks_recurrence_description":"","_tribe_blocks_recurrence_exclusions":"","editor_notices":[],"footnotes":""},"categories":[132,130],"tags":[],"class_list":["post-28374","post","type-post","status-publish","format-standard","has-post-thumbnail","category-destacadas","category-ultimas-noticias","entry"],"featured_image_src":"https:\/\/itftkd.sport\/es\/wp-content\/uploads\/sites\/7\/2022\/07\/Destacado-Consolidacion-Marcas-ITF-600x400.jpg","featured_image_src_square":"https:\/\/itftkd.sport\/es\/wp-content\/uploads\/sites\/7\/2022\/07\/Destacado-Consolidacion-Marcas-ITF-600x600.jpg","author_info":{"display_name":"ivan","author_link":"https:\/\/itftkd.sport\/es\/author\/ivan\/"},"uagb_featured_image_src":{"full":["https:\/\/itftkd.sport\/es\/wp-content\/uploads\/sites\/7\/2022\/07\/Destacado-Consolidacion-Marcas-ITF.jpg",800,600,false],"thumbnail":["https:\/\/itftkd.sport\/es\/wp-content\/uploads\/sites\/7\/2022\/07\/Destacado-Consolidacion-Marcas-ITF-150x150.jpg",150,150,true],"medium":["https:\/\/itftkd.sport\/es\/wp-content\/uploads\/sites\/7\/2022\/07\/Destacado-Consolidacion-Marcas-ITF-300x225.jpg",300,225,true],"medium_large":["https:\/\/itftkd.sport\/es\/wp-content\/uploads\/sites\/7\/2022\/07\/Destacado-Consolidacion-Marcas-ITF-768x576.jpg",768,576,true],"large":["https:\/\/itftkd.sport\/es\/wp-content\/uploads\/sites\/7\/2022\/07\/Destacado-Consolidacion-Marcas-ITF.jpg",800,600,false],"1536x1536":["https:\/\/itftkd.sport\/es\/wp-content\/uploads\/sites\/7\/2022\/07\/Destacado-Consolidacion-Marcas-ITF.jpg",800,600,false],"2048x2048":["https:\/\/itftkd.sport\/es\/wp-content\/uploads\/sites\/7\/2022\/07\/Destacado-Consolidacion-Marcas-ITF.jpg",800,600,false],"banner":["https:\/\/itftkd.sport\/es\/wp-content\/uploads\/sites\/7\/2022\/07\/Destacado-Consolidacion-Marcas-ITF-800x533.jpg",800,533,true],"section":["https:\/\/itftkd.sport\/es\/wp-content\/uploads\/sites\/7\/2022\/07\/Destacado-Consolidacion-Marcas-ITF.jpg",800,600,false],"full-width":["https:\/\/itftkd.sport\/es\/wp-content\/uploads\/sites\/7\/2022\/07\/Destacado-Consolidacion-Marcas-ITF.jpg",800,600,false],"featured":["https:\/\/itftkd.sport\/es\/wp-content\/uploads\/sites\/7\/2022\/07\/Destacado-Consolidacion-Marcas-ITF.jpg",800,600,false],"one-half":["https:\/\/itftkd.sport\/es\/wp-content\/uploads\/sites\/7\/2022\/07\/Destacado-Consolidacion-Marcas-ITF-550x413.jpg",550,413,true],"one-third":["https:\/\/itftkd.sport\/es\/wp-content\/uploads\/sites\/7\/2022\/07\/Destacado-Consolidacion-Marcas-ITF-350x263.jpg",350,263,true],"one-fourth":["https:\/\/itftkd.sport\/es\/wp-content\/uploads\/sites\/7\/2022\/07\/Destacado-Consolidacion-Marcas-ITF-260x195.jpg",260,195,true],"tiny":["https:\/\/itftkd.sport\/es\/wp-content\/uploads\/sites\/7\/2022\/07\/Destacado-Consolidacion-Marcas-ITF-80x80.jpg",80,80,true],"ab-block-post-grid-landscape":["https:\/\/itftkd.sport\/es\/wp-content\/uploads\/sites\/7\/2022\/07\/Destacado-Consolidacion-Marcas-ITF-600x400.jpg",600,400,true],"ab-block-post-grid-square":["https:\/\/itftkd.sport\/es\/wp-content\/uploads\/sites\/7\/2022\/07\/Destacado-Consolidacion-Marcas-ITF-600x600.jpg",600,600,true],"gform-image-choice-sm":["https:\/\/itftkd.sport\/es\/wp-content\/uploads\/sites\/7\/2022\/07\/Destacado-Consolidacion-Marcas-ITF.jpg",300,225,false],"gform-image-choice-md":["https:\/\/itftkd.sport\/es\/wp-content\/uploads\/sites\/7\/2022\/07\/Destacado-Consolidacion-Marcas-ITF.jpg",400,300,false],"gform-image-choice-lg":["https:\/\/itftkd.sport\/es\/wp-content\/uploads\/sites\/7\/2022\/07\/Destacado-Consolidacion-Marcas-ITF.jpg",600,450,false]},"uagb_author_info":{"display_name":"ivan","author_link":"https:\/\/itftkd.sport\/es\/author\/ivan\/"},"uagb_comment_info":0,"uagb_excerpt":"Continuando con los objetivos planteados por el presidente GM Paul Weiler, el Tesorero Master Leonardo Oros Duek mantuvo diversas reuniones en Espa\u00f1a con los abogados de la ITF","_links":{"self":[{"href":"https:\/\/itftkd.sport\/es\/wp-json\/wp\/v2\/posts\/28374","targetHints":{"allow":["GET"]}}],"collection":[{"href":"https:\/\/itftkd.sport\/es\/wp-json\/wp\/v2\/posts"}],"about":[{"href":"https:\/\/itftkd.sport\/es\/wp-json\/wp\/v2\/types\/post"}],"author":[{"embeddable":true,"href":"https:\/\/itftkd.sport\/es\/wp-json\/wp\/v2\/users\/10"}],"replies":[{"embeddable":true,"href":"https:\/\/itftkd.sport\/es\/wp-json\/wp\/v2\/comments?post=28374"}],"version-history":[{"count":2,"href":"https:\/\/itftkd.sport\/es\/wp-json\/wp\/v2\/posts\/28374\/revisions"}],"predecessor-version":[{"id":28378,"href":"https:\/\/itftkd.sport\/es\/wp-json\/wp\/v2\/posts\/28374\/revisions\/28378"}],"wp:featuredmedia":[{"embeddable":true,"href":"https:\/\/itftkd.sport\/es\/wp-json\/wp\/v2\/media\/28375"}],"wp:attachment":[{"href":"https:\/\/itftkd.sport\/es\/wp-json\/wp\/v2\/media?parent=28374"}],"wp:term":[{"taxonomy":"category","embeddable":true,"href":"https:\/\/itftkd.sport\/es\/wp-json\/wp\/v2\/categories?post=28374"},{"taxonomy":"post_tag","embeddable":true,"href":"https:\/\/itftkd.sport\/es\/wp-json\/wp\/v2\/tags?post=28374"}],"curies":[{"name":"wp","href":"https:\/\/api.w.org\/{rel}","templated":true}]}}