{"id":28364,"date":"2022-07-20T04:36:00","date_gmt":"2022-07-20T02:36:00","guid":{"rendered":"https:\/\/itftkd.sport\/es\/?p=28364"},"modified":"2022-07-20T04:52:17","modified_gmt":"2022-07-20T02:52:17","slug":"protegiendo-a-los-competidores-presentacion-de-la-politica-sobre-conmociones-cerebrales-de-la-itf","status":"publish","type":"post","link":"https:\/\/itftkd.sport\/es\/protegiendo-a-los-competidores-presentacion-de-la-politica-sobre-conmociones-cerebrales-de-la-itf\/","title":{"rendered":"Protegiendo a los competidores &#8211; Presentaci\u00f3n de la Pol\u00edtica de la ITF sobre Conmociones Cerebrales"},"content":{"rendered":"\n<p>La ITF lo invita a participar en una presentaci\u00f3n de la Pol\u00edtica sobre conmociones cerebrales que se presentar\u00e1 en la VIII Copa del Mundo ITF en Koper, Eslovenia. Esta es una oportunidad para conocer la pol\u00edtica y los procedimientos que se est\u00e1n implementando para proteger a los competidores. Es esencial que todos los entrenadores, competidores y \u00e1rbitros entiendan completamente la importancia de la pol\u00edtica y c\u00f3mo protege a nuestros miembros. Que todos puedan trabajar juntos para garantizar un entorno de competencia seguro, reduciendo el riesgo de lesiones cerebrales a largo plazo.<\/p>\n\n\n\n<p>La pol\u00edtica ser\u00e1 presentada por el Sr. Kirk Lee, quien es el co-creador de la Pol\u00edtica de de la ITF sobre conmociones cerebrales. Explicar\u00e1 en detalle las razones por las que la ITF ha adoptado esta pol\u00edtica y dar\u00e1 ejemplos de situaciones que han surgido en el pasado que subrayan su importancia. El curso no durar\u00e1 m\u00e1s de 90 minutos y se recomienda para todos los que asisten a la Copa del Mundo ITF en Koper, Eslovenia. Podr\u00e1 hacer preguntas sobre la pol\u00edtica durante la presentaci\u00f3n. La presentaci\u00f3n es gratuita y se realiza por Zoom.<\/p>\n\n\n\n<p>Inscripci\u00f3n: Sesi\u00f3n 1 (presentado en ingl\u00e9s)<br>Hora: s\u00e1bado, 27 de agosto de 2022, 8:00 am UTC (especialmente para Europa, \u00c1frica, Asia y Ocean\u00eda). Reg\u00edstrese con anticipaci\u00f3n para esta reuni\u00f3n: <a href=\"https:\/\/us06web.zoom.us\/meeting\/register\/tZEvcuCqqDItGdWM-N0jULWLeZ_vexaTFBma\">https:\/\/us06web.zoom.us\/meeting\/register\/tZEvcuCqqDItGdWM-N0jULWLeZ_vexaTFBma<\/a><\/p>\n\n\n\n<p>Inscripci\u00f3n: Sesi\u00f3n 2 (presentada en ingl\u00e9s con traducci\u00f3n al espa\u00f1ol)<br>Hora: s\u00e1bado, 27 de agosto de 2022, 13:00 UTC (especialmente para Europa, Am\u00e9rica del Norte y Am\u00e9rica del Sur). Reg\u00edstrese con anticipaci\u00f3n para esta reuni\u00f3n: <a href=\"https:\/\/us06web.zoom.us\/meeting\/register\/tZMkfuipqzssGtVZwPCHyIHQcojoY-EU-fl2\">https:\/\/us06web.zoom.us\/meeting\/register\/tZMkfuipqzssGtVZwPCHyIHQcojoY-EU-fl2<\/a><\/p>\n\n\n\n<p>Inscripci\u00f3n: Espacio de reuni\u00f3n 3 (presentado en ingl\u00e9s)<br>Hora: s\u00e1bado, 10 de septiembre de 2022, 8:00 am UTC (especialmente para Europa, \u00c1frica, Asia y Ocean\u00eda). Reg\u00edstrese con anticipaci\u00f3n para esta reuni\u00f3n: <a href=\"https:\/\/us06web.zoom.us\/meeting\/register\/tZEvcuCqqDItGdWM-N0jULWLeZ_vexaTFBma\" class=\"ek-link\"><\/a><a href=\"https:\/\/us06web.zoom.us\/meeting\/register\/tZAkdO6rqjoiE9bsaaItO9CNTGEqY9JhSu3a\">https:\/\/us06web.zoom.us\/meeting\/register\/tZAkdO6rqjoiE9bsaaItO9CNTGEqY9JhSu3a<\/a><\/p>\n\n\n\n<p>Inscripci\u00f3n: Sesi\u00f3n 4 (presentada en ingl\u00e9s con traducci\u00f3n al espa\u00f1ol)<br>Hora: s\u00e1bado, 10 de septiembre de 2022, 13:00 UTC (especialmente para Europa, Am\u00e9rica del Norte y Am\u00e9rica del Sur). Reg\u00edstrese con anticipaci\u00f3n para esta reuni\u00f3n: <a href=\"https:\/\/us06web.zoom.us\/meeting\/register\/tZwkcOmhpjgvHdfdsXec1dqm8zlFFB_65oVg\">https:\/\/us06web.zoom.us\/meeting\/register\/tZwkcOmhpjgvHdfdsXec1dqm8zlFFB_65oVg<\/a><\/p>\n\n\n\n<p>Despu\u00e9s de registrarse, recibir\u00e1 un correo electr\u00f3nico de confirmaci\u00f3n con informaci\u00f3n sobre c\u00f3mo unirse a la reuni\u00f3n e informaci\u00f3n descargable sobre el contenido de la presentaci\u00f3n.<\/p>\n","protected":false},"excerpt":{"rendered":"<p>La ITF lo invita a participar en una presentaci\u00f3n de la Pol\u00edtica sobre conmociones cerebrales que se presentar\u00e1 en la VIII Copa del Mundo ITF en Koper, Eslovenia. Esta es &hellip;<\/p>\n","protected":false},"author":14,"featured_media":28365,"comment_status":"open","ping_status":"open","sticky":false,"template":"","format":"standard","meta":{"_tec_requires_first_save":true,"_uag_custom_page_level_css":"","_genesis_hide_title":false,"_genesis_hide_breadcrumbs":false,"_genesis_hide_singular_image":false,"_genesis_hide_footer_widgets":false,"_genesis_custom_body_class":"","_genesis_custom_post_class":"","_genesis_layout":"","_EventAllDay":false,"_EventTimezone":"","_EventStartDate":"","_EventEndDate":"","_EventStartDateUTC":"","_EventEndDateUTC":"","_EventShowMap":false,"_EventShowMapLink":false,"_EventURL":"","_EventCost":"","_EventCostDescription":"","_EventCurrencySymbol":"","_EventCurrencyCode":"","_EventCurrencyPosition":"","_EventDateTimeSeparator":"","_EventTimeRangeSeparator":"","_EventOrganizerID":[],"_EventVenueID":[0],"_OrganizerEmail":"","_OrganizerPhone":"","_OrganizerWebsite":"","_VenueAddress":"","_VenueCity":"","_VenueCountry":"","_VenueProvince":"","_VenueState":"","_VenueZip":"","_VenuePhone":"","_VenueURL":"","_VenueStateProvince":"","_VenueLat":"","_VenueLng":"","_VenueShowMap":false,"_VenueShowMapLink":false,"_tribe_blocks_recurrence_rules":"","_tribe_blocks_recurrence_description":"","_tribe_blocks_recurrence_exclusions":"","editor_notices":[],"footnotes":""},"categories":[132,131],"tags":[],"class_list":["post-28364","post","type-post","status-publish","format-standard","has-post-thumbnail","category-destacadas","category-noticias-institucionales","entry"],"featured_image_src":"https:\/\/itftkd.sport\/es\/wp-content\/uploads\/sites\/7\/2022\/07\/Concussion-Policy-2-5-600x400.jpg","featured_image_src_square":"https:\/\/itftkd.sport\/es\/wp-content\/uploads\/sites\/7\/2022\/07\/Concussion-Policy-2-5-600x600.jpg","author_info":{"display_name":"Daniel Schmidt","author_link":"https:\/\/itftkd.sport\/es\/author\/daniel\/"},"uagb_featured_image_src":{"full":["https:\/\/itftkd.sport\/es\/wp-content\/uploads\/sites\/7\/2022\/07\/Concussion-Policy-2-5.jpg",800,600,false],"thumbnail":["https:\/\/itftkd.sport\/es\/wp-content\/uploads\/sites\/7\/2022\/07\/Concussion-Policy-2-5-150x150.jpg",150,150,true],"medium":["https:\/\/itftkd.sport\/es\/wp-content\/uploads\/sites\/7\/2022\/07\/Concussion-Policy-2-5-300x225.jpg",300,225,true],"medium_large":["https:\/\/itftkd.sport\/es\/wp-content\/uploads\/sites\/7\/2022\/07\/Concussion-Policy-2-5-768x576.jpg",768,576,true],"large":["https:\/\/itftkd.sport\/es\/wp-content\/uploads\/sites\/7\/2022\/07\/Concussion-Policy-2-5.jpg",800,600,false],"1536x1536":["https:\/\/itftkd.sport\/es\/wp-content\/uploads\/sites\/7\/2022\/07\/Concussion-Policy-2-5.jpg",800,600,false],"2048x2048":["https:\/\/itftkd.sport\/es\/wp-content\/uploads\/sites\/7\/2022\/07\/Concussion-Policy-2-5.jpg",800,600,false],"banner":["https:\/\/itftkd.sport\/es\/wp-content\/uploads\/sites\/7\/2022\/07\/Concussion-Policy-2-5-800x533.jpg",800,533,true],"section":["https:\/\/itftkd.sport\/es\/wp-content\/uploads\/sites\/7\/2022\/07\/Concussion-Policy-2-5.jpg",800,600,false],"full-width":["https:\/\/itftkd.sport\/es\/wp-content\/uploads\/sites\/7\/2022\/07\/Concussion-Policy-2-5.jpg",800,600,false],"featured":["https:\/\/itftkd.sport\/es\/wp-content\/uploads\/sites\/7\/2022\/07\/Concussion-Policy-2-5.jpg",800,600,false],"one-half":["https:\/\/itftkd.sport\/es\/wp-content\/uploads\/sites\/7\/2022\/07\/Concussion-Policy-2-5-550x413.jpg",550,413,true],"one-third":["https:\/\/itftkd.sport\/es\/wp-content\/uploads\/sites\/7\/2022\/07\/Concussion-Policy-2-5-350x263.jpg",350,263,true],"one-fourth":["https:\/\/itftkd.sport\/es\/wp-content\/uploads\/sites\/7\/2022\/07\/Concussion-Policy-2-5-260x195.jpg",260,195,true],"tiny":["https:\/\/itftkd.sport\/es\/wp-content\/uploads\/sites\/7\/2022\/07\/Concussion-Policy-2-5-80x80.jpg",80,80,true],"ab-block-post-grid-landscape":["https:\/\/itftkd.sport\/es\/wp-content\/uploads\/sites\/7\/2022\/07\/Concussion-Policy-2-5-600x400.jpg",600,400,true],"ab-block-post-grid-square":["https:\/\/itftkd.sport\/es\/wp-content\/uploads\/sites\/7\/2022\/07\/Concussion-Policy-2-5-600x600.jpg",600,600,true],"gform-image-choice-sm":["https:\/\/itftkd.sport\/es\/wp-content\/uploads\/sites\/7\/2022\/07\/Concussion-Policy-2-5.jpg",300,225,false],"gform-image-choice-md":["https:\/\/itftkd.sport\/es\/wp-content\/uploads\/sites\/7\/2022\/07\/Concussion-Policy-2-5.jpg",400,300,false],"gform-image-choice-lg":["https:\/\/itftkd.sport\/es\/wp-content\/uploads\/sites\/7\/2022\/07\/Concussion-Policy-2-5.jpg",600,450,false]},"uagb_author_info":{"display_name":"Daniel Schmidt","author_link":"https:\/\/itftkd.sport\/es\/author\/daniel\/"},"uagb_comment_info":3,"uagb_excerpt":"La ITF lo invita a participar en una presentaci\u00f3n de la Pol\u00edtica sobre conmociones cerebrales que se presentar\u00e1 en la VIII Copa del Mundo ITF en Koper, Eslovenia. Esta es &hellip;","_links":{"self":[{"href":"https:\/\/itftkd.sport\/es\/wp-json\/wp\/v2\/posts\/28364","targetHints":{"allow":["GET"]}}],"collection":[{"href":"https:\/\/itftkd.sport\/es\/wp-json\/wp\/v2\/posts"}],"about":[{"href":"https:\/\/itftkd.sport\/es\/wp-json\/wp\/v2\/types\/post"}],"author":[{"embeddable":true,"href":"https:\/\/itftkd.sport\/es\/wp-json\/wp\/v2\/users\/14"}],"replies":[{"embeddable":true,"href":"https:\/\/itftkd.sport\/es\/wp-json\/wp\/v2\/comments?post=28364"}],"version-history":[{"count":3,"href":"https:\/\/itftkd.sport\/es\/wp-json\/wp\/v2\/posts\/28364\/revisions"}],"predecessor-version":[{"id":28369,"href":"https:\/\/itftkd.sport\/es\/wp-json\/wp\/v2\/posts\/28364\/revisions\/28369"}],"wp:featuredmedia":[{"embeddable":true,"href":"https:\/\/itftkd.sport\/es\/wp-json\/wp\/v2\/media\/28365"}],"wp:attachment":[{"href":"https:\/\/itftkd.sport\/es\/wp-json\/wp\/v2\/media?parent=28364"}],"wp:term":[{"taxonomy":"category","embeddable":true,"href":"https:\/\/itftkd.sport\/es\/wp-json\/wp\/v2\/categories?post=28364"},{"taxonomy":"post_tag","embeddable":true,"href":"https:\/\/itftkd.sport\/es\/wp-json\/wp\/v2\/tags?post=28364"}],"curies":[{"name":"wp","href":"https:\/\/api.w.org\/{rel}","templated":true}]}}