{"id":28329,"date":"2022-07-10T23:59:31","date_gmt":"2022-07-10T21:59:31","guid":{"rendered":"https:\/\/itftkd.sport\/es\/?p=28329"},"modified":"2022-07-11T02:35:06","modified_gmt":"2022-07-11T00:35:06","slug":"reporte-del-156o-iic-cluj-napoca-rumania","status":"publish","type":"post","link":"https:\/\/itftkd.sport\/es\/reporte-del-156o-iic-cluj-napoca-rumania\/","title":{"rendered":"Reporte del 156\u00ba IIC, Cluj-Napoca, Rumania"},"content":{"rendered":"\n<p>Despu\u00e9s de 8 a\u00f1os de crecimiento continuo, la Federaci\u00f3n Rumana de Taekwon-Do ITF aprovech\u00f3 la oportunidad para organizar el primer Curso Internacional de Instructores y el Curso Internacional Adaptado en Rumania, en la hermosa ciudad de Cluj-Napoca.<\/p>\n\n\n<div class=\"wp-block-image\">\n<figure class=\"aligncenter size-full is-resized\"><a href=\"https:\/\/itftkd.sport\/wp-content\/uploads\/2022\/07\/156th-IIC-Romania-2022-Groupal.jpg\"><img loading=\"lazy\" decoding=\"async\" src=\"https:\/\/itftkd.sport\/wp-content\/uploads\/2022\/07\/156th-IIC-Romania-2022-Groupal.jpg\" alt=\"156th-IIC-Romania-2022-Groupal\" class=\"wp-image-30569\" width=\"574\" height=\"323\" \/><\/a><\/figure>\n<\/div>\n\n\n<p>Del 8 al 10 de julio de 2022, el Polideportivo \u201cHoria Demian\u201d fue la sede del 156\u00b0 IIC, donde 130 instructores apasionados del Taekwon-Do de 12 pa\u00edses entrenaron juntos en nuestro maravilloso arte marcial, perfeccionando la t\u00e9cnica, aprendiendo nuevos ejercicios divertidos para ense\u00f1ar a los alumnos e introducirse en los m\u00e9todos adaptados para la ense\u00f1anza de personas con discapacidad.<\/p>\n\n\n\n<p>El IIC fue dirigido por el Presidente del Comit\u00e9 T\u00e9cnico de la ITF, el Gran Maestro H\u00e9ctor Marano de Argentina, asistido por los miembros del Comit\u00e9 T\u00e9cnico de la ITF, el Gran Maestro Ung Kim Lan de Alemania y el Maestro Jerzy Jedut de Polonia.<\/p>\n\n\n\n<p>Tuvimos el honor de tener como invitados especiales de Israel al Maestro Leo Oros-Duek, Presidente del Comit\u00e9 Adaptado de Taekwon-Do y Presidente de All Europe Taekwon-Do Federation, as\u00ed como al Sr. Yavor Tasev, Secretario General de All Europe Taekwon-Do Federaci\u00f3n.<\/p>\n\n\n\n<p>El evento tuvo un sabor especial con la presencia de una parte importante de los miembros de la Junta de AETF, nombrando a la Maestra Virginia Dionisi de B\u00e9lgica, Vicepresidenta de AETF, al Maestro Alexandru Mure\u0219an de Rumania y Saboom P\u00e9ter Sz\u00e1sz de Hungr\u00eda como miembros de la Junta.<\/p>\n\n\n<div class=\"wp-block-image\">\n<figure class=\"alignleft size-full is-resized\"><a href=\"https:\/\/itftkd.sport\/wp-content\/uploads\/2022\/07\/156th-IIC-Romania-2022-Dionisi.jpg\"><img loading=\"lazy\" decoding=\"async\" src=\"https:\/\/itftkd.sport\/wp-content\/uploads\/2022\/07\/156th-IIC-Romania-2022-Dionisi.jpg\" alt=\"156th-IIC-Romania-2022-Dionisi\" class=\"wp-image-30582\" width=\"270\" height=\"294\" \/><\/a><\/figure>\n<\/div>\n\n\n<p>El viernes por la tarde, el evento comenz\u00f3 recibiendo a nuestros distinguidos invitados en el lugar con la costumbre tradicional rumana, ofreciendo pan y sal como se\u00f1al de bienvenida y apertura.<\/p>\n\n\n\n<p>El Maestro Oros-Duek, como representante de la ITF, anunci\u00f3 oficialmente la apertura del evento, luego todos en el lugar rindieron homenaje a nuestro Fundador, el General Choi Hong Hi en un solemne momento de saludo.<\/p>\n\n\n\n<p>El Gran Maestro Marano aprovech\u00f3 la oportunidad para anunciar que en la ma\u00f1ana, el Maestro Alexandru Mure\u0219an fue examinado para el cintur\u00f3n negro de 8\u00ba grado, hubo un examen excelente y el Comit\u00e9 se complaci\u00f3 en otorgarle este importante t\u00edtulo.<\/p>\n\n\n\n<figure class=\"wp-block-gallery has-nested-images columns-default is-cropped wp-block-gallery-1 is-layout-flex wp-block-gallery-is-layout-flex\">\n<figure class=\"wp-block-image size-large\"><a href=\"https:\/\/itftkd.sport\/wp-content\/uploads\/2022\/07\/156th-IIC-Romania-2022-Exam1.jpg\"><img decoding=\"async\" data-id=\"30568\" src=\"https:\/\/itftkd.sport\/wp-content\/uploads\/2022\/07\/156th-IIC-Romania-2022-Exam1.jpg\" alt=\"156th-IIC-Romania-2022-Exam1\" class=\"wp-image-30568\" \/><\/a><\/figure>\n\n\n\n<figure class=\"wp-block-image size-medium\"><a href=\"https:\/\/itftkd.sport\/wp-content\/uploads\/2022\/07\/156th-IIC-Romania-2022-Exam.jpg\"><img decoding=\"async\" data-id=\"30567\" src=\"https:\/\/itftkd.sport\/wp-content\/uploads\/2022\/07\/156th-IIC-Romania-2022-Exam-300x200.jpg\" alt=\"156th-IIC-Romania-2022-Exam\" class=\"wp-image-30567\" \/><\/a><\/figure>\n<\/figure>\n\n\n\n<p>Luego de un en\u00e9rgico y divertido calentamiento conducido por el Maestro Jedut, la tarde continu\u00f3 con el repaso de las t\u00e9cnicas de formas de cinturones de color, recibiendo interesantes explicaciones sobre los movimientos de onda sinusoidal por parte del GM Marano. GM Lan guio a la audiencia a trav\u00e9s de reglas de combate de tres, dos y un paso, as\u00ed como formas de ense\u00f1anza.<\/p>\n\n\n\n<p>En la ma\u00f1ana del s\u00e1bado, el IIC continu\u00f3 con la revisi\u00f3n de las t\u00e9cnicas de las formas de 1\u00b0, 2\u00b0 y 3\u00b0 Dan, ocasi\u00f3n con la cual los asistentes pudieron perfeccionar el desempe\u00f1o de las formas y corregir eventuales errores en la ejecuci\u00f3n.<\/p>\n\n\n\n<figure class=\"wp-block-gallery has-nested-images columns-default is-cropped wp-block-gallery-2 is-layout-flex wp-block-gallery-is-layout-flex\">\n<figure class=\"wp-block-image size-large\"><a href=\"https:\/\/itftkd.sport\/wp-content\/uploads\/2022\/07\/156th-IIC-Romania-2022-Marano1.jpg\"><img decoding=\"async\" data-id=\"30577\" src=\"https:\/\/itftkd.sport\/wp-content\/uploads\/2022\/07\/156th-IIC-Romania-2022-Marano1.jpg\" alt=\"156th-IIC-Romania-2022-Marano1\" class=\"wp-image-30577\" \/><\/a><\/figure>\n\n\n\n<figure class=\"wp-block-image size-large\"><a href=\"https:\/\/itftkd.sport\/wp-content\/uploads\/2022\/07\/156th-IIC-Romania-2022-Marano.jpg\"><img decoding=\"async\" data-id=\"30576\" src=\"https:\/\/itftkd.sport\/wp-content\/uploads\/2022\/07\/156th-IIC-Romania-2022-Marano.jpg\" alt=\"156th-IIC-Romania-2022-Marano\" class=\"wp-image-30576\" \/><\/a><\/figure>\n<\/figure>\n\n\n\n<p>Toda la tarde se dedic\u00f3 al Curso Internacional Adaptado, en el que el Maestro Oros-Duek explic\u00f3 el prop\u00f3sito, el contexto y la necesidad de introducir un tema tan interesante a los instructores de Taekwon-Do, ofreci\u00f3 un libro a cada representante de pa\u00eds y continu\u00f3 despu\u00e9s con pr\u00e1cticas, m\u00e9todos de ense\u00f1anza y ejercicios divertidos.<\/p>\n\n\n<div class=\"wp-block-image\">\n<figure class=\"aligncenter size-full is-resized\"><a href=\"https:\/\/itftkd.sport\/wp-content\/uploads\/2022\/07\/156th-IIC-Romania-2022-Oros-Duek.jpg\"><img loading=\"lazy\" decoding=\"async\" src=\"https:\/\/itftkd.sport\/wp-content\/uploads\/2022\/07\/156th-IIC-Romania-2022-Oros-Duek.jpg\" alt=\"\" class=\"wp-image-30579\" width=\"461\" height=\"308\" \/><\/a><\/figure>\n<\/div>\n\n\n<p>El s\u00e1bado por la noche, la cena oficial fue la mejor oportunidad para que los asistentes celebraran junto con los Grandes Maestros y Maestros, para intercambiar impresiones en un ambiente formal pero amistoso y divertido.<\/p>\n\n\n<div class=\"wp-block-image\">\n<figure class=\"aligncenter size-large is-resized\"><img loading=\"lazy\" decoding=\"async\" src=\"https:\/\/itftkd.sport\/es\/wp-content\/uploads\/sites\/7\/2022\/07\/IIC-156-Gala-1024x768.jpeg\" alt=\"156th-IIC-Romania-2022-Gala\" class=\"wp-image-28334\" width=\"469\" height=\"352\" srcset=\"https:\/\/itftkd.sport\/es\/wp-content\/uploads\/sites\/7\/2022\/07\/IIC-156-Gala-1024x768.jpeg 1024w, https:\/\/itftkd.sport\/es\/wp-content\/uploads\/sites\/7\/2022\/07\/IIC-156-Gala-300x225.jpeg 300w, https:\/\/itftkd.sport\/es\/wp-content\/uploads\/sites\/7\/2022\/07\/IIC-156-Gala-350x263.jpeg 350w, https:\/\/itftkd.sport\/es\/wp-content\/uploads\/sites\/7\/2022\/07\/IIC-156-Gala-260x195.jpeg 260w\" sizes=\"auto, (max-width: 469px) 100vw, 469px\" \/><\/figure>\n<\/div>\n\n\n<p>El presidente de la Federaci\u00f3n Rumana de Taekwon-Do ITF, Saboom Cosmin Oprescu, en nombre de nuestra organizaci\u00f3n, ofreci\u00f3 con orgullo una placa especial al Maestro Alexandru Mure\u0219an por su promoci\u00f3n de octavo grado en se\u00f1al de reconocimiento a su dedicaci\u00f3n continua al desarrollo de la federaci\u00f3n, felicit\u00e1ndolo por ser el primer Maestro de Taekwon-Do de octavo grado en Rumania.<\/p>\n\n\n\n<p>El domingo comenz\u00f3 con una sesi\u00f3n de fotos grupales, continu\u00f3 con un calentamiento con cinturones donde todos disfrutaron de momentos divertidos mientras hac\u00edan movimientos realmente importantes para el cuerpo. Toda la ma\u00f1ana se dedic\u00f3 a refinar y explicar las t\u00e9cnicas complejas de las formas para 4\u00ba Dan y superiores, explicadas por GM Marano y GM Lan.<\/p>\n\n\n<div class=\"wp-block-image\">\n<figure class=\"aligncenter size-full is-resized\"><a href=\"https:\/\/itftkd.sport\/wp-content\/uploads\/2022\/07\/156th-IIC-Romania-2022-Lan.jpg\"><img loading=\"lazy\" decoding=\"async\" src=\"https:\/\/itftkd.sport\/wp-content\/uploads\/2022\/07\/156th-IIC-Romania-2022-Lan.jpg\" alt=\"156th-IIC-Romania-2022-Lan\" class=\"wp-image-30573\" width=\"461\" height=\"308\" \/><\/a><\/figure>\n<\/div>\n\n\n<p>Los cinturones negros hasta el 3er Dan tuvieron la oportunidad de practicar varios ejercicios presentados por el Maestro Jedut.<\/p>\n\n\n<div class=\"wp-block-image\">\n<figure class=\"aligncenter size-full is-resized\"><a href=\"https:\/\/itftkd.sport\/wp-content\/uploads\/2022\/07\/156th-IIC-Romania-2022-Jedut2.jpg\"><img loading=\"lazy\" decoding=\"async\" src=\"https:\/\/itftkd.sport\/wp-content\/uploads\/2022\/07\/156th-IIC-Romania-2022-Jedut2.jpg\" alt=\"156th-IIC-Romania-2022-Jedut2\" class=\"wp-image-30572\" width=\"461\" height=\"228\" \/><\/a><\/figure>\n<\/div>\n\n\n<p>Los Grandes Maestros ofrecieron una clase especial para todos los Maestros presentes en el curso.<\/p>\n\n\n\n<p>El evento continu\u00f3 con la entrega de certificados, agradeciendo a los organizadores por tan exitoso evento, el presidente Oprescu ofreci\u00f3 los obsequios a nuestros invitados y todo finalizando con sesiones de fotos individuales y \u201cpor pa\u00eds\u201d.<\/p>\n\n\n\n<p>Un agradecimiento especial a Emil Boc, alcalde de Cluj-Napoca, y su equipo de autoridades locales, a la Direcci\u00f3n de Deportes del condado de Cluj, a la Oficina de la ITF por el apoyo y a los miembros de la Junta de la Federaci\u00f3n Rumana de Taekwon-Do de la ITF que trabajaron arduamente para organizar y brindar a todos nuestros invitados las mejores condiciones para este Curso Internacional.<\/p>\n\n\n\n<p>Con ganas de comenzar a preparar el pr\u00f3ximo evento internacional importante de Taekwon-Do en Rumania, el Campeonato Europeo en abril de 2023, en nombre de nuestro presidente Cosmin Oprescu y todos los miembros de la junta rumana, env\u00edo a todos nuestros lectores nuestros mejores y c\u00e1lidos deseos.<\/p>\n\n\n\n<p>Suyo en Taekwon-Do,<\/p>\n\n\n\n<p>Cristian Popa<\/p>\n\n\n\n<p>Secretario de la Junta de la Federaci\u00f3n Rumana de Taekwon-Do ITF<\/p>\n\n\n\n<figure class=\"wp-block-gallery has-nested-images columns-default is-cropped wp-block-gallery-3 is-layout-flex wp-block-gallery-is-layout-flex\">\n<figure class=\"wp-block-image size-large\"><a href=\"https:\/\/itftkd.sport\/wp-content\/uploads\/2022\/07\/156th-IIC-Romania-2022-Women.jpg\"><img decoding=\"async\" data-id=\"30580\" src=\"https:\/\/itftkd.sport\/wp-content\/uploads\/2022\/07\/156th-IIC-Romania-2022-Women.jpg\" alt=\"156th-IIC-Romania-2022-Women\" class=\"wp-image-30580\" \/><\/a><\/figure>\n\n\n\n<figure class=\"wp-block-image size-large\"><a href=\"https:\/\/itftkd.sport\/wp-content\/uploads\/2022\/07\/156th-IIC-Romania-2022-Marano-Lan-Jedut.jpg\"><img decoding=\"async\" data-id=\"30578\" src=\"https:\/\/itftkd.sport\/wp-content\/uploads\/2022\/07\/156th-IIC-Romania-2022-Marano-Lan-Jedut.jpg\" alt=\"156th-IIC-Romania-2022-Marano-Lan-Jedut\" class=\"wp-image-30578\" \/><\/a><\/figure>\n\n\n\n<figure class=\"wp-block-image size-large\"><a href=\"https:\/\/itftkd.sport\/wp-content\/uploads\/2022\/07\/156th-IIC-Romania-2022-Lan2.jpg\"><img decoding=\"async\" data-id=\"30575\" src=\"https:\/\/itftkd.sport\/wp-content\/uploads\/2022\/07\/156th-IIC-Romania-2022-Lan2.jpg\" alt=\"156th-IIC-Romania-2022-Lan2\" class=\"wp-image-30575\" \/><\/a><\/figure>\n\n\n\n<figure class=\"wp-block-image size-large\"><a href=\"https:\/\/itftkd.sport\/wp-content\/uploads\/2022\/07\/156th-IIC-Romania-2022-Jedut1.jpg\"><img decoding=\"async\" data-id=\"30571\" src=\"https:\/\/itftkd.sport\/wp-content\/uploads\/2022\/07\/156th-IIC-Romania-2022-Jedut1.jpg\" alt=\"156th-IIC-Romania-2022-Jedut1\" class=\"wp-image-30571\" \/><\/a><\/figure>\n\n\n\n<figure class=\"wp-block-image size-large\"><a href=\"https:\/\/itftkd.sport\/wp-content\/uploads\/2022\/07\/156th-IIC-Romania-2022-Jedut.jpg\"><img decoding=\"async\" data-id=\"30570\" src=\"https:\/\/itftkd.sport\/wp-content\/uploads\/2022\/07\/156th-IIC-Romania-2022-Jedut.jpg\" alt=\"156th-IIC-Romania-2022-Jedut\" class=\"wp-image-30570\" \/><\/a><\/figure>\n\n\n\n<figure class=\"wp-block-image size-large\"><a href=\"https:\/\/itftkd.sport\/wp-content\/uploads\/2022\/07\/156th-IIC-Romania-2022-Adapted.jpg\"><img decoding=\"async\" data-id=\"30566\" src=\"https:\/\/itftkd.sport\/wp-content\/uploads\/2022\/07\/156th-IIC-Romania-2022-Adapted.jpg\" alt=\"156th-IIC-Romania-2022-Adapted\" class=\"wp-image-30566\" \/><\/a><\/figure>\n<\/figure>\n","protected":false},"excerpt":{"rendered":"<p>Despu\u00e9s de 8 a\u00f1os de crecimiento continuo, la Federaci\u00f3n Rumana de Taekwon-Do ITF aprovech\u00f3 la oportunidad para organizar el primer Curso Internacional de Instructores y el Curso Internacional Adaptado en Rumania, en la hermosa ciudad de Cluj-Napoca.<\/p>\n","protected":false},"author":10,"featured_media":28330,"comment_status":"open","ping_status":"open","sticky":false,"template":"","format":"standard","meta":{"_tec_requires_first_save":true,"_uag_custom_page_level_css":"","_genesis_hide_title":false,"_genesis_hide_breadcrumbs":false,"_genesis_hide_singular_image":false,"_genesis_hide_footer_widgets":false,"_genesis_custom_body_class":"","_genesis_custom_post_class":"","_genesis_layout":"","_EventAllDay":false,"_EventTimezone":"","_EventStartDate":"","_EventEndDate":"","_EventStartDateUTC":"","_EventEndDateUTC":"","_EventShowMap":false,"_EventShowMapLink":false,"_EventURL":"","_EventCost":"","_EventCostDescription":"","_EventCurrencySymbol":"","_EventCurrencyCode":"","_EventCurrencyPosition":"","_EventDateTimeSeparator":"","_EventTimeRangeSeparator":"","_EventOrganizerID":[],"_EventVenueID":[0],"_OrganizerEmail":"","_OrganizerPhone":"","_OrganizerWebsite":"","_VenueAddress":"","_VenueCity":"","_VenueCountry":"","_VenueProvince":"","_VenueState":"","_VenueZip":"","_VenuePhone":"","_VenueURL":"","_VenueStateProvince":"","_VenueLat":"","_VenueLng":"","_VenueShowMap":false,"_VenueShowMapLink":false,"_tribe_blocks_recurrence_rules":"","_tribe_blocks_recurrence_description":"","_tribe_blocks_recurrence_exclusions":"","editor_notices":[],"footnotes":""},"categories":[132,1,130],"tags":[],"class_list":["post-28329","post","type-post","status-publish","format-standard","has-post-thumbnail","category-destacadas","category-sin-categoria","category-ultimas-noticias","entry"],"featured_image_src":"https:\/\/itftkd.sport\/es\/wp-content\/uploads\/sites\/7\/2022\/07\/Featured-Image-156th-IIC-Romania-2022-600x400.jpg","featured_image_src_square":"https:\/\/itftkd.sport\/es\/wp-content\/uploads\/sites\/7\/2022\/07\/Featured-Image-156th-IIC-Romania-2022-600x600.jpg","author_info":{"display_name":"ivan","author_link":"https:\/\/itftkd.sport\/es\/author\/ivan\/"},"uagb_featured_image_src":{"full":["https:\/\/itftkd.sport\/es\/wp-content\/uploads\/sites\/7\/2022\/07\/Featured-Image-156th-IIC-Romania-2022.jpg",800,600,false],"thumbnail":["https:\/\/itftkd.sport\/es\/wp-content\/uploads\/sites\/7\/2022\/07\/Featured-Image-156th-IIC-Romania-2022-150x150.jpg",150,150,true],"medium":["https:\/\/itftkd.sport\/es\/wp-content\/uploads\/sites\/7\/2022\/07\/Featured-Image-156th-IIC-Romania-2022-300x225.jpg",300,225,true],"medium_large":["https:\/\/itftkd.sport\/es\/wp-content\/uploads\/sites\/7\/2022\/07\/Featured-Image-156th-IIC-Romania-2022-768x576.jpg",768,576,true],"large":["https:\/\/itftkd.sport\/es\/wp-content\/uploads\/sites\/7\/2022\/07\/Featured-Image-156th-IIC-Romania-2022.jpg",800,600,false],"1536x1536":["https:\/\/itftkd.sport\/es\/wp-content\/uploads\/sites\/7\/2022\/07\/Featured-Image-156th-IIC-Romania-2022.jpg",800,600,false],"2048x2048":["https:\/\/itftkd.sport\/es\/wp-content\/uploads\/sites\/7\/2022\/07\/Featured-Image-156th-IIC-Romania-2022.jpg",800,600,false],"banner":["https:\/\/itftkd.sport\/es\/wp-content\/uploads\/sites\/7\/2022\/07\/Featured-Image-156th-IIC-Romania-2022-800x533.jpg",800,533,true],"section":["https:\/\/itftkd.sport\/es\/wp-content\/uploads\/sites\/7\/2022\/07\/Featured-Image-156th-IIC-Romania-2022.jpg",800,600,false],"full-width":["https:\/\/itftkd.sport\/es\/wp-content\/uploads\/sites\/7\/2022\/07\/Featured-Image-156th-IIC-Romania-2022.jpg",800,600,false],"featured":["https:\/\/itftkd.sport\/es\/wp-content\/uploads\/sites\/7\/2022\/07\/Featured-Image-156th-IIC-Romania-2022.jpg",800,600,false],"one-half":["https:\/\/itftkd.sport\/es\/wp-content\/uploads\/sites\/7\/2022\/07\/Featured-Image-156th-IIC-Romania-2022-550x413.jpg",550,413,true],"one-third":["https:\/\/itftkd.sport\/es\/wp-content\/uploads\/sites\/7\/2022\/07\/Featured-Image-156th-IIC-Romania-2022-350x263.jpg",350,263,true],"one-fourth":["https:\/\/itftkd.sport\/es\/wp-content\/uploads\/sites\/7\/2022\/07\/Featured-Image-156th-IIC-Romania-2022-260x195.jpg",260,195,true],"tiny":["https:\/\/itftkd.sport\/es\/wp-content\/uploads\/sites\/7\/2022\/07\/Featured-Image-156th-IIC-Romania-2022-80x80.jpg",80,80,true],"ab-block-post-grid-landscape":["https:\/\/itftkd.sport\/es\/wp-content\/uploads\/sites\/7\/2022\/07\/Featured-Image-156th-IIC-Romania-2022-600x400.jpg",600,400,true],"ab-block-post-grid-square":["https:\/\/itftkd.sport\/es\/wp-content\/uploads\/sites\/7\/2022\/07\/Featured-Image-156th-IIC-Romania-2022-600x600.jpg",600,600,true],"gform-image-choice-sm":["https:\/\/itftkd.sport\/es\/wp-content\/uploads\/sites\/7\/2022\/07\/Featured-Image-156th-IIC-Romania-2022.jpg",300,225,false],"gform-image-choice-md":["https:\/\/itftkd.sport\/es\/wp-content\/uploads\/sites\/7\/2022\/07\/Featured-Image-156th-IIC-Romania-2022.jpg",400,300,false],"gform-image-choice-lg":["https:\/\/itftkd.sport\/es\/wp-content\/uploads\/sites\/7\/2022\/07\/Featured-Image-156th-IIC-Romania-2022.jpg",600,450,false]},"uagb_author_info":{"display_name":"ivan","author_link":"https:\/\/itftkd.sport\/es\/author\/ivan\/"},"uagb_comment_info":0,"uagb_excerpt":"Despu\u00e9s de 8 a\u00f1os de crecimiento continuo, la Federaci\u00f3n Rumana de Taekwon-Do ITF aprovech\u00f3 la oportunidad para organizar el primer Curso Internacional de Instructores y el Curso Internacional Adaptado en Rumania, en la hermosa ciudad de Cluj-Napoca.","_links":{"self":[{"href":"https:\/\/itftkd.sport\/es\/wp-json\/wp\/v2\/posts\/28329","targetHints":{"allow":["GET"]}}],"collection":[{"href":"https:\/\/itftkd.sport\/es\/wp-json\/wp\/v2\/posts"}],"about":[{"href":"https:\/\/itftkd.sport\/es\/wp-json\/wp\/v2\/types\/post"}],"author":[{"embeddable":true,"href":"https:\/\/itftkd.sport\/es\/wp-json\/wp\/v2\/users\/10"}],"replies":[{"embeddable":true,"href":"https:\/\/itftkd.sport\/es\/wp-json\/wp\/v2\/comments?post=28329"}],"version-history":[{"count":2,"href":"https:\/\/itftkd.sport\/es\/wp-json\/wp\/v2\/posts\/28329\/revisions"}],"predecessor-version":[{"id":28335,"href":"https:\/\/itftkd.sport\/es\/wp-json\/wp\/v2\/posts\/28329\/revisions\/28335"}],"wp:featuredmedia":[{"embeddable":true,"href":"https:\/\/itftkd.sport\/es\/wp-json\/wp\/v2\/media\/28330"}],"wp:attachment":[{"href":"https:\/\/itftkd.sport\/es\/wp-json\/wp\/v2\/media?parent=28329"}],"wp:term":[{"taxonomy":"category","embeddable":true,"href":"https:\/\/itftkd.sport\/es\/wp-json\/wp\/v2\/categories?post=28329"},{"taxonomy":"post_tag","embeddable":true,"href":"https:\/\/itftkd.sport\/es\/wp-json\/wp\/v2\/tags?post=28329"}],"curies":[{"name":"wp","href":"https:\/\/api.w.org\/{rel}","templated":true}]}}