{"id":28239,"date":"2022-06-13T17:16:38","date_gmt":"2022-06-13T15:16:38","guid":{"rendered":"https:\/\/itftkd.sport\/es\/?p=28239"},"modified":"2022-06-15T11:38:34","modified_gmt":"2022-06-15T09:38:34","slug":"15-06-2002","status":"publish","type":"post","link":"https:\/\/itftkd.sport\/es\/15-06-2002\/","title":{"rendered":"15\/06\/2002"},"content":{"rendered":"\n<p>Estos n\u00fameros significan, en primer lugar, solo una fecha, de la que hoy se cumplen 20 a\u00f1os; que, sin embargo, fue y es de enorme significado para el Taekwon-Do.<\/p>\n\n\n\n<p>En este d\u00eda falleci\u00f3 el General Choi, Hong-Hi, el fundador del Taekwon-Do, un arte marcial que no tiene igual en el mundo.<\/p>\n\n\n\n<p>Los esfuerzos de toda su vida estuvieron dirigidos a desarrollar un arte marcial que no solo se caracterice por el entrenamiento f\u00edsico, sino tambi\u00e9n por los principios morales (Tennets of Taekwon-Do) y que debe ser la base para una sociedad buena y moral (\u00abTaekwon-Do, a Way of life\u00bb).<\/p>\n\n\n\n<p>Nuestra tarea como miembros de la familia de ITF es preservar su legado y transmitirlo a las pr\u00f3ximas generaciones \u00a1sin modificar lo que el General Choi quer\u00eda que fuera!<\/p>\n\n\n\n<p>Uno de nuestros miembros, que fue uno de los confidentes m\u00e1s cercanos del General Choi durante m\u00e1s de veinte a\u00f1os, y lo visit\u00f3 en el hospital el d\u00eda antes de su muerte, es nuestro Honorable Gran Maestro MacCallum. \u00c9l nos describe una vez m\u00e1s en retrospectiva la situaci\u00f3n tal como la experiment\u00f3 en ese momento.<\/p>\n\n\n\n<p>GM Paul Weiler<\/p>\n\n\n\n<p>Presidente ITF<\/p>\n\n\n\n<div class=\"wp-block-image\"><figure class=\"aligncenter size-large is-resized\"><a href=\"https:\/\/itftkd.sport\/es\/wp-content\/uploads\/sites\/7\/2022\/06\/GenAndTKorea-001-scaled.jpg\"><img loading=\"lazy\" decoding=\"async\" src=\"https:\/\/itftkd.sport\/es\/wp-content\/uploads\/sites\/7\/2022\/06\/GenAndTKorea-001-1024x730.jpg\" alt=\"\" class=\"wp-image-28243\" width=\"512\" height=\"365\" srcset=\"https:\/\/itftkd.sport\/es\/wp-content\/uploads\/sites\/7\/2022\/06\/GenAndTKorea-001-1024x730.jpg 1024w, https:\/\/itftkd.sport\/es\/wp-content\/uploads\/sites\/7\/2022\/06\/GenAndTKorea-001-300x214.jpg 300w\" sizes=\"auto, (max-width: 512px) 100vw, 512px\" \/><\/a><\/figure><\/div>\n\n\n\n<p>En este 20\u00ba Aniversario del fallecimiento del General Choi Hong Hi, recuerdo mi visita a una habitaci\u00f3n de hospital junto con (seg\u00fan lo escrito por la RPD de Corea) el Sr. Rhee Ki Ha, Gran Master y Vicepresidente; el Sr. Leong Wai Meng, Maestro y Presidente del Comit\u00e9 Consultivo; el Sr. Hwang Kwang Sung, Gran Maestro, Portavoz y Asistente Especial; el Sr. Park Jong Soo, Gran Maestro y miembro del Consejo Consultivo; el Sr. Hwang Jin, Maestro y miembro del Consejo Consultivo; el Sr. Hwang Bong Yong, Presidente del Comit\u00e9 Coreano de Taekwon-Do; Sr. Jong Jae Hun Secretario General del Comit\u00e9 Internacional de Juegos de Artes Marciales; Sr. Ra Bong Man Secretario General del Comit\u00e9 Coreano de Taekwon-Do.<\/p>\n\n\n\n<p>\u00bfPor qu\u00e9 no se incluy\u00f3 al Sr. Chang Un?<\/p>\n\n\n\n<p>Fue una experiencia abrumadora entrar en esa habitaci\u00f3n. Todos nos dimos cuenta que nos desped\u00edamos del Padre del Taekwon-Do.<\/p>\n\n\n\n<p>Yo era consciente que solo hab\u00eda dos personas presentes que no eran coreanas y cu\u00e1ntas otras desear\u00edan estar all\u00ed para presentar sus respetos a un hombre tan grande en un entorno tan humilde.<\/p>\n\n\n\n<p>El General Choi mencion\u00f3 a todos por su nombre y dijo algo sobre ellos.<\/p>\n\n\n\n<p>De m\u00ed mismo, dijo: \u201cAmo a Tom MacCallum. Siempre me ha preocupado si \u00e9l podr\u00eda morir antes que yo. En caso de que muera primero, he estado pensando c\u00f3mo ayudar a su familia. \u00c9l ha dado contribuciones especiales a la ITF. No tengo secretos con \u00e9l. Muchas gracias por lo que has hecho. Te amo.\u00bb<\/p>\n\n\n\n<p>Esta fue una gran sorpresa y me hizo sentir muy humilde ante mis mayores. Esa es parte de la raz\u00f3n por la que dedico mi vida al Taekwon-Do y a la ITF.<\/p>\n\n\n\n<p>HGM Tom MacCallum<\/p>\n","protected":false},"excerpt":{"rendered":"<p>Estos n\u00fameros significan, en primer lugar, solo una fecha, de la que hoy se cumplen 20 a\u00f1os; que, sin embargo, fue y es de enorme significado para el Taekwon-Do. En &hellip;<\/p>\n","protected":false},"author":4,"featured_media":28242,"comment_status":"open","ping_status":"open","sticky":false,"template":"","format":"standard","meta":{"_tec_requires_first_save":true,"_uag_custom_page_level_css":"","_genesis_hide_title":false,"_genesis_hide_breadcrumbs":false,"_genesis_hide_singular_image":false,"_genesis_hide_footer_widgets":false,"_genesis_custom_body_class":"","_genesis_custom_post_class":"","_genesis_layout":"","_EventAllDay":false,"_EventTimezone":"","_EventStartDate":"","_EventEndDate":"","_EventStartDateUTC":"","_EventEndDateUTC":"","_EventShowMap":false,"_EventShowMapLink":false,"_EventURL":"","_EventCost":"","_EventCostDescription":"","_EventCurrencySymbol":"","_EventCurrencyCode":"","_EventCurrencyPosition":"","_EventDateTimeSeparator":"","_EventTimeRangeSeparator":"","_EventOrganizerID":[],"_EventVenueID":[0],"_OrganizerEmail":"","_OrganizerPhone":"","_OrganizerWebsite":"","_VenueAddress":"","_VenueCity":"","_VenueCountry":"","_VenueProvince":"","_VenueState":"","_VenueZip":"","_VenuePhone":"","_VenueURL":"","_VenueStateProvince":"","_VenueLat":"","_VenueLng":"","_VenueShowMap":false,"_VenueShowMapLink":false,"_tribe_blocks_recurrence_rules":"","_tribe_blocks_recurrence_description":"","_tribe_blocks_recurrence_exclusions":"","editor_notices":[],"footnotes":""},"categories":[132,131],"tags":[],"class_list":["post-28239","post","type-post","status-publish","format-standard","has-post-thumbnail","category-destacadas","category-noticias-institucionales","entry"],"featured_image_src":"https:\/\/itftkd.sport\/es\/wp-content\/uploads\/sites\/7\/2022\/06\/Featured-Image-20-anniversary-Choi-Hong-Hi-fallecimiento-600x400.jpeg","featured_image_src_square":"https:\/\/itftkd.sport\/es\/wp-content\/uploads\/sites\/7\/2022\/06\/Featured-Image-20-anniversary-Choi-Hong-Hi-fallecimiento-600x600.jpeg","author_info":{"display_name":"FABIAN ITF","author_link":"https:\/\/itftkd.sport\/es\/author\/fabian-itf\/"},"uagb_featured_image_src":{"full":["https:\/\/itftkd.sport\/es\/wp-content\/uploads\/sites\/7\/2022\/06\/Featured-Image-20-anniversary-Choi-Hong-Hi-fallecimiento.jpeg",800,600,false],"thumbnail":["https:\/\/itftkd.sport\/es\/wp-content\/uploads\/sites\/7\/2022\/06\/Featured-Image-20-anniversary-Choi-Hong-Hi-fallecimiento-150x150.jpeg",150,150,true],"medium":["https:\/\/itftkd.sport\/es\/wp-content\/uploads\/sites\/7\/2022\/06\/Featured-Image-20-anniversary-Choi-Hong-Hi-fallecimiento-300x225.jpeg",300,225,true],"medium_large":["https:\/\/itftkd.sport\/es\/wp-content\/uploads\/sites\/7\/2022\/06\/Featured-Image-20-anniversary-Choi-Hong-Hi-fallecimiento-768x576.jpeg",768,576,true],"large":["https:\/\/itftkd.sport\/es\/wp-content\/uploads\/sites\/7\/2022\/06\/Featured-Image-20-anniversary-Choi-Hong-Hi-fallecimiento.jpeg",800,600,false],"1536x1536":["https:\/\/itftkd.sport\/es\/wp-content\/uploads\/sites\/7\/2022\/06\/Featured-Image-20-anniversary-Choi-Hong-Hi-fallecimiento.jpeg",800,600,false],"2048x2048":["https:\/\/itftkd.sport\/es\/wp-content\/uploads\/sites\/7\/2022\/06\/Featured-Image-20-anniversary-Choi-Hong-Hi-fallecimiento.jpeg",800,600,false],"banner":["https:\/\/itftkd.sport\/es\/wp-content\/uploads\/sites\/7\/2022\/06\/Featured-Image-20-anniversary-Choi-Hong-Hi-fallecimiento-800x533.jpeg",800,533,true],"section":["https:\/\/itftkd.sport\/es\/wp-content\/uploads\/sites\/7\/2022\/06\/Featured-Image-20-anniversary-Choi-Hong-Hi-fallecimiento.jpeg",800,600,false],"full-width":["https:\/\/itftkd.sport\/es\/wp-content\/uploads\/sites\/7\/2022\/06\/Featured-Image-20-anniversary-Choi-Hong-Hi-fallecimiento.jpeg",800,600,false],"featured":["https:\/\/itftkd.sport\/es\/wp-content\/uploads\/sites\/7\/2022\/06\/Featured-Image-20-anniversary-Choi-Hong-Hi-fallecimiento.jpeg",800,600,false],"one-half":["https:\/\/itftkd.sport\/es\/wp-content\/uploads\/sites\/7\/2022\/06\/Featured-Image-20-anniversary-Choi-Hong-Hi-fallecimiento-550x413.jpeg",550,413,true],"one-third":["https:\/\/itftkd.sport\/es\/wp-content\/uploads\/sites\/7\/2022\/06\/Featured-Image-20-anniversary-Choi-Hong-Hi-fallecimiento-350x263.jpeg",350,263,true],"one-fourth":["https:\/\/itftkd.sport\/es\/wp-content\/uploads\/sites\/7\/2022\/06\/Featured-Image-20-anniversary-Choi-Hong-Hi-fallecimiento-260x195.jpeg",260,195,true],"tiny":["https:\/\/itftkd.sport\/es\/wp-content\/uploads\/sites\/7\/2022\/06\/Featured-Image-20-anniversary-Choi-Hong-Hi-fallecimiento-80x80.jpeg",80,80,true],"ab-block-post-grid-landscape":["https:\/\/itftkd.sport\/es\/wp-content\/uploads\/sites\/7\/2022\/06\/Featured-Image-20-anniversary-Choi-Hong-Hi-fallecimiento-600x400.jpeg",600,400,true],"ab-block-post-grid-square":["https:\/\/itftkd.sport\/es\/wp-content\/uploads\/sites\/7\/2022\/06\/Featured-Image-20-anniversary-Choi-Hong-Hi-fallecimiento-600x600.jpeg",600,600,true],"gform-image-choice-sm":["https:\/\/itftkd.sport\/es\/wp-content\/uploads\/sites\/7\/2022\/06\/Featured-Image-20-anniversary-Choi-Hong-Hi-fallecimiento.jpeg",300,225,false],"gform-image-choice-md":["https:\/\/itftkd.sport\/es\/wp-content\/uploads\/sites\/7\/2022\/06\/Featured-Image-20-anniversary-Choi-Hong-Hi-fallecimiento.jpeg",400,300,false],"gform-image-choice-lg":["https:\/\/itftkd.sport\/es\/wp-content\/uploads\/sites\/7\/2022\/06\/Featured-Image-20-anniversary-Choi-Hong-Hi-fallecimiento.jpeg",600,450,false]},"uagb_author_info":{"display_name":"FABIAN ITF","author_link":"https:\/\/itftkd.sport\/es\/author\/fabian-itf\/"},"uagb_comment_info":0,"uagb_excerpt":"Estos n\u00fameros significan, en primer lugar, solo una fecha, de la que hoy se cumplen 20 a\u00f1os; que, sin embargo, fue y es de enorme significado para el Taekwon-Do. En &hellip;","_links":{"self":[{"href":"https:\/\/itftkd.sport\/es\/wp-json\/wp\/v2\/posts\/28239","targetHints":{"allow":["GET"]}}],"collection":[{"href":"https:\/\/itftkd.sport\/es\/wp-json\/wp\/v2\/posts"}],"about":[{"href":"https:\/\/itftkd.sport\/es\/wp-json\/wp\/v2\/types\/post"}],"author":[{"embeddable":true,"href":"https:\/\/itftkd.sport\/es\/wp-json\/wp\/v2\/users\/4"}],"replies":[{"embeddable":true,"href":"https:\/\/itftkd.sport\/es\/wp-json\/wp\/v2\/comments?post=28239"}],"version-history":[{"count":3,"href":"https:\/\/itftkd.sport\/es\/wp-json\/wp\/v2\/posts\/28239\/revisions"}],"predecessor-version":[{"id":28253,"href":"https:\/\/itftkd.sport\/es\/wp-json\/wp\/v2\/posts\/28239\/revisions\/28253"}],"wp:featuredmedia":[{"embeddable":true,"href":"https:\/\/itftkd.sport\/es\/wp-json\/wp\/v2\/media\/28242"}],"wp:attachment":[{"href":"https:\/\/itftkd.sport\/es\/wp-json\/wp\/v2\/media?parent=28239"}],"wp:term":[{"taxonomy":"category","embeddable":true,"href":"https:\/\/itftkd.sport\/es\/wp-json\/wp\/v2\/categories?post=28239"},{"taxonomy":"post_tag","embeddable":true,"href":"https:\/\/itftkd.sport\/es\/wp-json\/wp\/v2\/tags?post=28239"}],"curies":[{"name":"wp","href":"https:\/\/api.w.org\/{rel}","templated":true}]}}