{"id":27573,"date":"2022-04-09T20:32:04","date_gmt":"2022-04-09T18:32:04","guid":{"rendered":"https:\/\/itftkd.sport\/es\/?p=27573"},"modified":"2022-04-09T20:32:27","modified_gmt":"2022-04-09T18:32:27","slug":"despues-de-cuatro-anos-informe-de-una-semana-intensa-en-addis-abeba","status":"publish","type":"post","link":"https:\/\/itftkd.sport\/es\/despues-de-cuatro-anos-informe-de-una-semana-intensa-en-addis-abeba\/","title":{"rendered":"Despu\u00e9s de cuatro a\u00f1os, informe de una semana intensa en Addis Abeba"},"content":{"rendered":"\n<div class=\"wp-block-image\"><figure class=\"alignleft size-full is-resized\"><img loading=\"lazy\" decoding=\"async\" src=\"https:\/\/itftkd.sport\/wp-content\/uploads\/2022\/04\/IIC-Ethiopia-opening.jpg\" alt=\"IIC-Ethiopia-opening\" class=\"wp-image-29527\" width=\"319\" height=\"239\" \/><figcaption><strong>Discurso de apertura de GM Weiler<\/strong><\/figcaption><\/figure><\/div>\n\n\n\n\n\n\n\n<p>Debido a la pandemia de Covid 19, que estuvo asociada con varias restricciones de entrada, y tambi\u00e9n debido a conflictos militares en el norte del pa\u00eds, solo fue posible volver a realizar un evento importante de la ITF en Etiop\u00eda despu\u00e9s de casi 4 a\u00f1os.<\/p>\n\n\n\n<p>En la ma\u00f1ana del lunes 04.04.22, el evento comenz\u00f3 con la apertura del 152 IIC para el cual se inscribieron 312 participantes.<\/p>\n\n\n\n<p><strong>12 pa\u00edses participantes<\/strong><\/p>\n\n\n\n<p>A pesar de los considerables problemas de visa y las regulaciones de la pandemia, se dio la bienvenida a participantes de los siguientes pa\u00edses: Burundi, Congo, Djibouti, Etiop\u00eda, Gambia, Costa de Marfil, Mozambique, Senegal, Somalilandia, Tanzania, Uganda, Zimbabue. Durante una hora siguieron las explicaciones y ejercicios del GM Weiler sobre c\u00f3mo evitar lesiones durante el calentamiento en TKD y c\u00f3mo entrenar los m\u00fasculos mediante ejercicios de estabilizaci\u00f3n. En la siguiente sesi\u00f3n de entrenamiento, GM Marano (Presidente del TC) explic\u00f3 los conceptos b\u00e1sicos y detalles de las formas Chon-Ji a Choong-Moo. Antes de finalizar la ma\u00f1ana con ejercicios para mejorar los estiramientos, se realiz\u00f3 una se\u00f1al por la paz en el mundo mediante una tarjeta blanca, apoyando as\u00ed la campa\u00f1a de la organizaci\u00f3n \u201cPaz y Deporte\u201d.<\/p>\n\n\n\n<figure class=\"wp-block-gallery has-nested-images columns-default is-cropped wp-block-gallery-1 is-layout-flex wp-block-gallery-is-layout-flex\">\n<figure class=\"wp-block-image size-large caption-align-center\"><img decoding=\"async\" data-id=\"29525\" src=\"https:\/\/itftkd.sport\/wp-content\/uploads\/2022\/04\/IIC-Ethiopia-GM-Marano-teaching.jpg\" alt=\"IIC-Ethiopia-GM-Marano-teaching\" class=\"wp-image-29525\" \/><figcaption><strong>GM Marano corrigiendo t\u00e9cnica \u00a0\u00a0\u00a0\u00a0\u00a0\u00a0\u00a0\u00a0<\/strong><\/figcaption><\/figure>\n\n\n\n<figure class=\"wp-block-image size-large caption-align-center\"><img decoding=\"async\" data-id=\"29528\" src=\"https:\/\/itftkd.sport\/wp-content\/uploads\/2022\/04\/IIC-Ethiopia-GM-Marano-teaching-a.jpg\" alt=\"IIC-Ethiopia-GM-Marano-teaching-a\" class=\"wp-image-29528\" \/><figcaption><strong>GM Weiler explicando ejercicios para entrenar los m\u00fasculos profundos de la espalda<\/strong><\/figcaption><\/figure>\n<\/figure>\n\n\n\n<p><strong>1er Curso Adaptado en \u00c1frica<\/strong><\/p>\n\n\n\n<div class=\"wp-block-image\"><figure class=\"alignleft size-full\"><img decoding=\"async\" src=\"https:\/\/itftkd.sport\/wp-content\/uploads\/2022\/04\/IIC-Ethiopia-Adapted-Course.jpg\" alt=\"IIC-Ethiopia-Adapted-Course\" class=\"wp-image-29529\" \/><figcaption><strong>Maestro Oros Duek en acci\u00f3n<\/strong><\/figcaption><\/figure><\/div>\n\n\n\n<p>Por la tarde, hab\u00eda llegado el momento. Por primera vez desde el inicio de los seminarios en 2021 para TKD Adaptado, se pudo iniciar un curso completo. Pronto qued\u00f3 claro que 300 participantes eran un desaf\u00edo especial, pero el Maestro Oros Duek lo manej\u00f3 muy bien. Los numerosos ejercicios pr\u00e1cticos, que fueron acompa\u00f1ados de breves explicaciones y demostraciones, fueron muy motivadores.<\/p>\n\n\n\n<p><strong>Martes, 05.04.22<\/strong><\/p>\n\n\n\n<p>La ma\u00f1ana del segundo d\u00eda comenz\u00f3 con las formas de Kwang-Gae a Ge-Baek (GM Ung), seguidas de explicaciones detalladas para el combate por pasos (GM Marano). Algunas t\u00e9cnicas de defensa personal (GM Ung) redondearon la ma\u00f1ana.<\/p>\n\n\n\n<p>La segunda parte del Curso Adaptado estuvo dedicada a ejercicios de coordinaci\u00f3n y equilibrio, que fueron en parte muy desafiantes, pero igualmente divertidos. El ex Embajador y actual Ministro de Cultura y Deportes de Etiop\u00eda, Su Excelencia Mesfin Chernet, logr\u00f3 asistir al seminario a pesar de la apretada agenda y qued\u00f3 muy impresionado por la diversidad del ITF Taekwon-Do. Despu\u00e9s de ver con sus propios ojos que el Taekwon-Do no se trata solo de competencia sino que puede hacer una gran contribuci\u00f3n al desarrollo social, prometi\u00f3 apoyar el proyecto \u00abTaekwon-Do e Inclusi\u00f3n\u00bb en Etiop\u00eda.<\/p>\n\n\n\n<div class=\"wp-block-image caption-align-center\"><figure class=\"aligncenter size-full\"><img decoding=\"async\" src=\"https:\/\/itftkd.sport\/wp-content\/uploads\/2022\/04\/IIC-Ethiopia.jpg\" alt=\"IIC-Ethiopia\" class=\"wp-image-29530\" \/><figcaption><strong>GM Ung ense\u00f1ando la forma Kwang-Gae<\/strong><\/figcaption><\/figure><\/div>\n\n\n\n<p><strong>Momento hist\u00f3rico para la ITF en \u00c1frica<\/strong><\/p>\n\n\n\n<p>A las 5:30pm comenz\u00f3 el examen de Dan para los candidatos de 5to, 6to y 7mo Dan y cuando el resultado del examen fue anunciado por el GM Marano, hubo escenas muy emotivas porque por primera vez en la historia de nuestra organizaci\u00f3n un atleta de \u00c1frica (Etiop\u00eda ) fue examinado para el 7\u00ba Dan. Wogayehu Behailu logr\u00f3 el t\u00edtulo de maestro luego de m\u00e1s de 35 a\u00f1os en Taekwon-Do.<\/p>\n\n\n\n<figure class=\"wp-block-image size-full\"><img decoding=\"async\" src=\"https:\/\/itftkd.sport\/wp-content\/uploads\/2022\/04\/IIC-Ethiopia-Master-Behailu.jpg\" alt=\"IIC-Ethiopia-Master-Behailu\" class=\"wp-image-29526\" \/><figcaption><strong>Momento muy especial para el Maestro Behailu (Etiop\u00eda)<\/strong><\/figcaption><\/figure>\n\n\n\n<p><strong>Mi\u00e9rcoles, 06.04.22<\/strong><\/p>\n\n\n\n<p>GM Ung comenz\u00f3 con Eui-Am Tul to Juche mientras que al mismo tiempo se llev\u00f3 a cabo la revisi\u00f3n de Tuls inferior con GM Weiler. El GM Marano luego ense\u00f1\u00f3 Sam-Il a Choi-Yong y el GM Ung Yon-Gae a Moon-Moo.<\/p>\n\n\n\n<p>Por la tarde tuvo lugar la tercera parte del Curso Adaptado, que volvi\u00f3 a centrarse en la parte pr\u00e1ctica y concluy\u00f3 con un bloque de preguntas.<\/p>\n\n\n\n<figure class=\"wp-block-image size-large\"><img decoding=\"async\" src=\"https:\/\/itftkd.sport\/wp-content\/uploads\/2022\/04\/Adapted-Course-Group-photo-2-1024x389.jpg\" alt=\"Adapted-Course-Group-photo-2\" class=\"wp-image-29523\" \/><\/figure>\n\n\n\n<p><strong>Jueves, 07.04.22<\/strong><\/p>\n\n\n\n<p>El GM Marano aprovech\u00f3 el \u00faltimo d\u00eda del IIC para ense\u00f1ar los tuls m\u00e1s altos con especial \u00e9nfasis en So-San Tul, mientras que en paralelo el GM Ung realiz\u00f3 algunos ejercicios de sparring y entrenamiento de defensa personal.<\/p>\n\n\n\n<p>Tras la obligada sesi\u00f3n de fotos y el discurso de clausura del IIC, a\u00fan quedaba el examen de graduaci\u00f3n para 4\u00ba Dan, para el que se hab\u00edan inscrito 18 candidatos. Despu\u00e9s de pasar la prueba en l\u00ednea con la ayuda del Maestro Enander, los candidatos se enfrentaron al comit\u00e9 de examen compuesto por el Maestro Vones (8\u00ba Dan), el Maestro Enander (7\u00ba Dan) y el Maestro Behailu (7\u00ba Dan). 15 candidatas felices pudieron pasar el examen, entre ellas dos mujeres que hicieron un gran trabajo.<\/p>\n\n\n\n<figure class=\"wp-block-image size-full\"><img decoding=\"async\" src=\"https:\/\/itftkd.sport\/wp-content\/uploads\/2022\/04\/IIC-Ethiopia-Group-photo.jpg\" alt=\"IIC-Ethiopia-Group-photo\" class=\"wp-image-29532\" \/><figcaption><strong>Participantes del 152 IIC<\/strong><\/figcaption><\/figure>\n\n\n\n<p><strong>Viernes, 08.04.22<\/strong><\/p>\n\n\n\n<p>La ma\u00f1ana comenz\u00f3 con una sesi\u00f3n informativa de los \u00e1rbitros a cargo del Maestro Vones (Presidente de TI), quien una vez m\u00e1s explic\u00f3 y demostr\u00f3 las reglas m\u00e1s importantes de la competencia, seguida de una reuni\u00f3n de entrenadores, con el consejo de seguir el horario establecido y llegar a tiempo y preparado a la zona de combate respectiva, de lo contrario existe la amenaza de exclusi\u00f3n del torneo.<\/p>\n\n\n\n<div class=\"wp-block-image\"><figure class=\"aligncenter size-full\"><img decoding=\"async\" src=\"https:\/\/itftkd.sport\/wp-content\/uploads\/2022\/04\/IIC-Ethiopia-Master-Vones-instructing.jpg\" alt=\"IIC-Ethiopia-Master-Vones-instructing\" class=\"wp-image-29533\" \/><\/figure><\/div>\n\n\n\n<p><strong>5to Congreso ATF en el Hotel Monarch<\/strong><\/p>\n\n\n\n<p>El Presidente de la Federaci\u00f3n Africana de TKD, Sr. Tamrat Feyessa, inaugur\u00f3 el 5\u00ba Congreso puntualmente a las 17:30 horas. y dio la bienvenida no solo a todos los representantes de los pa\u00edses, sino tambi\u00e9n al Secretario General de la Federaci\u00f3n Internacional de Taekwon-Do de Etiop\u00eda, el Sr. Yimer Haile Tesfaye. Tambi\u00e9n estuvieron presentes GM Marano y GM Weiler y Masters Vones, Enander y Behailu.<\/p>\n\n\n\n<p>Todos los representantes de los pa\u00edses informaron sobre los desaf\u00edos especiales (bloqueo) durante la pandemia y el desarrollo en su pa\u00eds.<\/p>\n\n\n\n<p>Las nuevas elecciones a la Junta de ATF resultaron en lo siguiente:<\/p>\n\n\n\n<p>Presidente: Sr. Tamrat Feyessa (Etiop\u00eda)<\/p>\n\n\n\n<p>Vice-Presidente: Sr. Daouda Diouf (Senegal)<\/p>\n\n\n\n<p>Secretario General: Sr. Alasser Hassan Abdi (Djibouti)<\/p>\n\n\n\n<p>Tesorero: Sr. Elias Kumel (Etiop\u00eda)<\/p>\n\n\n\n<p>Miembro: Sr. Adelar Mivumba (DR Congo)<\/p>\n\n\n\n<div class=\"wp-block-image caption-align-center\"><figure class=\"aligncenter size-full\"><img decoding=\"async\" src=\"https:\/\/itftkd.sport\/wp-content\/uploads\/2022\/04\/IIC-Ethiopia-African-Congress.jpg\" alt=\"IIC-Ethiopia-African-Congress\" class=\"wp-image-29534\" \/><figcaption><strong>Participantes del 5\u00ba Congreso de la Federaci\u00f3n Africana de TKD<\/strong><\/figcaption><\/figure><\/div>\n\n\n\n\n","protected":false},"excerpt":{"rendered":"<p>Debido a la pandemia de Covid 19, que estuvo asociada con varias restricciones de entrada, y tambi\u00e9n debido a conflictos militares en el norte del pa\u00eds, solo fue posible volver &hellip;<\/p>\n","protected":false},"author":4,"featured_media":27153,"comment_status":"open","ping_status":"open","sticky":false,"template":"","format":"standard","meta":{"_tec_requires_first_save":true,"_uag_custom_page_level_css":"","_genesis_hide_title":false,"_genesis_hide_breadcrumbs":false,"_genesis_hide_singular_image":false,"_genesis_hide_footer_widgets":false,"_genesis_custom_body_class":"","_genesis_custom_post_class":"","_genesis_layout":"","_EventAllDay":false,"_EventTimezone":"","_EventStartDate":"","_EventEndDate":"","_EventStartDateUTC":"","_EventEndDateUTC":"","_EventShowMap":false,"_EventShowMapLink":false,"_EventURL":"","_EventCost":"","_EventCostDescription":"","_EventCurrencySymbol":"","_EventCurrencyCode":"","_EventCurrencyPosition":"","_EventDateTimeSeparator":"","_EventTimeRangeSeparator":"","_EventOrganizerID":[],"_EventVenueID":[0],"_OrganizerEmail":"","_OrganizerPhone":"","_OrganizerWebsite":"","_VenueAddress":"","_VenueCity":"","_VenueCountry":"","_VenueProvince":"","_VenueState":"","_VenueZip":"","_VenuePhone":"","_VenueURL":"","_VenueStateProvince":"","_VenueLat":"","_VenueLng":"","_VenueShowMap":false,"_VenueShowMapLink":false,"_tribe_blocks_recurrence_rules":"","_tribe_blocks_recurrence_description":"","_tribe_blocks_recurrence_exclusions":"","editor_notices":[],"footnotes":""},"categories":[132,131,130],"tags":[],"class_list":["post-27573","post","type-post","status-publish","format-standard","has-post-thumbnail","category-destacadas","category-noticias-institucionales","category-ultimas-noticias","entry"],"featured_image_src":"https:\/\/itftkd.sport\/es\/wp-content\/uploads\/sites\/7\/2022\/01\/IIC-ETIOPIAabril22800x600-600x400.jpg","featured_image_src_square":"https:\/\/itftkd.sport\/es\/wp-content\/uploads\/sites\/7\/2022\/01\/IIC-ETIOPIAabril22800x600-600x600.jpg","author_info":{"display_name":"FABIAN ITF","author_link":"https:\/\/itftkd.sport\/es\/author\/fabian-itf\/"},"uagb_featured_image_src":{"full":["https:\/\/itftkd.sport\/es\/wp-content\/uploads\/sites\/7\/2022\/01\/IIC-ETIOPIAabril22800x600.jpg",800,600,false],"thumbnail":["https:\/\/itftkd.sport\/es\/wp-content\/uploads\/sites\/7\/2022\/01\/IIC-ETIOPIAabril22800x600-150x150.jpg",150,150,true],"medium":["https:\/\/itftkd.sport\/es\/wp-content\/uploads\/sites\/7\/2022\/01\/IIC-ETIOPIAabril22800x600-300x225.jpg",300,225,true],"medium_large":["https:\/\/itftkd.sport\/es\/wp-content\/uploads\/sites\/7\/2022\/01\/IIC-ETIOPIAabril22800x600-768x576.jpg",768,576,true],"large":["https:\/\/itftkd.sport\/es\/wp-content\/uploads\/sites\/7\/2022\/01\/IIC-ETIOPIAabril22800x600.jpg",800,600,false],"1536x1536":["https:\/\/itftkd.sport\/es\/wp-content\/uploads\/sites\/7\/2022\/01\/IIC-ETIOPIAabril22800x600.jpg",800,600,false],"2048x2048":["https:\/\/itftkd.sport\/es\/wp-content\/uploads\/sites\/7\/2022\/01\/IIC-ETIOPIAabril22800x600.jpg",800,600,false],"banner":["https:\/\/itftkd.sport\/es\/wp-content\/uploads\/sites\/7\/2022\/01\/IIC-ETIOPIAabril22800x600-800x533.jpg",800,533,true],"section":["https:\/\/itftkd.sport\/es\/wp-content\/uploads\/sites\/7\/2022\/01\/IIC-ETIOPIAabril22800x600.jpg",800,600,false],"full-width":["https:\/\/itftkd.sport\/es\/wp-content\/uploads\/sites\/7\/2022\/01\/IIC-ETIOPIAabril22800x600.jpg",800,600,false],"featured":["https:\/\/itftkd.sport\/es\/wp-content\/uploads\/sites\/7\/2022\/01\/IIC-ETIOPIAabril22800x600.jpg",800,600,false],"one-half":["https:\/\/itftkd.sport\/es\/wp-content\/uploads\/sites\/7\/2022\/01\/IIC-ETIOPIAabril22800x600-550x413.jpg",550,413,true],"one-third":["https:\/\/itftkd.sport\/es\/wp-content\/uploads\/sites\/7\/2022\/01\/IIC-ETIOPIAabril22800x600-350x263.jpg",350,263,true],"one-fourth":["https:\/\/itftkd.sport\/es\/wp-content\/uploads\/sites\/7\/2022\/01\/IIC-ETIOPIAabril22800x600-260x195.jpg",260,195,true],"tiny":["https:\/\/itftkd.sport\/es\/wp-content\/uploads\/sites\/7\/2022\/01\/IIC-ETIOPIAabril22800x600-80x80.jpg",80,80,true],"ab-block-post-grid-landscape":["https:\/\/itftkd.sport\/es\/wp-content\/uploads\/sites\/7\/2022\/01\/IIC-ETIOPIAabril22800x600-600x400.jpg",600,400,true],"ab-block-post-grid-square":["https:\/\/itftkd.sport\/es\/wp-content\/uploads\/sites\/7\/2022\/01\/IIC-ETIOPIAabril22800x600-600x600.jpg",600,600,true],"gform-image-choice-sm":["https:\/\/itftkd.sport\/es\/wp-content\/uploads\/sites\/7\/2022\/01\/IIC-ETIOPIAabril22800x600.jpg",300,225,false],"gform-image-choice-md":["https:\/\/itftkd.sport\/es\/wp-content\/uploads\/sites\/7\/2022\/01\/IIC-ETIOPIAabril22800x600.jpg",400,300,false],"gform-image-choice-lg":["https:\/\/itftkd.sport\/es\/wp-content\/uploads\/sites\/7\/2022\/01\/IIC-ETIOPIAabril22800x600.jpg",600,450,false]},"uagb_author_info":{"display_name":"FABIAN ITF","author_link":"https:\/\/itftkd.sport\/es\/author\/fabian-itf\/"},"uagb_comment_info":0,"uagb_excerpt":"Debido a la pandemia de Covid 19, que estuvo asociada con varias restricciones de entrada, y tambi\u00e9n debido a conflictos militares en el norte del pa\u00eds, solo fue posible volver &hellip;","_links":{"self":[{"href":"https:\/\/itftkd.sport\/es\/wp-json\/wp\/v2\/posts\/27573","targetHints":{"allow":["GET"]}}],"collection":[{"href":"https:\/\/itftkd.sport\/es\/wp-json\/wp\/v2\/posts"}],"about":[{"href":"https:\/\/itftkd.sport\/es\/wp-json\/wp\/v2\/types\/post"}],"author":[{"embeddable":true,"href":"https:\/\/itftkd.sport\/es\/wp-json\/wp\/v2\/users\/4"}],"replies":[{"embeddable":true,"href":"https:\/\/itftkd.sport\/es\/wp-json\/wp\/v2\/comments?post=27573"}],"version-history":[{"count":1,"href":"https:\/\/itftkd.sport\/es\/wp-json\/wp\/v2\/posts\/27573\/revisions"}],"predecessor-version":[{"id":27577,"href":"https:\/\/itftkd.sport\/es\/wp-json\/wp\/v2\/posts\/27573\/revisions\/27577"}],"wp:featuredmedia":[{"embeddable":true,"href":"https:\/\/itftkd.sport\/es\/wp-json\/wp\/v2\/media\/27153"}],"wp:attachment":[{"href":"https:\/\/itftkd.sport\/es\/wp-json\/wp\/v2\/media?parent=27573"}],"wp:term":[{"taxonomy":"category","embeddable":true,"href":"https:\/\/itftkd.sport\/es\/wp-json\/wp\/v2\/categories?post=27573"},{"taxonomy":"post_tag","embeddable":true,"href":"https:\/\/itftkd.sport\/es\/wp-json\/wp\/v2\/tags?post=27573"}],"curies":[{"name":"wp","href":"https:\/\/api.w.org\/{rel}","templated":true}]}}