{"id":27427,"date":"2022-03-08T13:42:48","date_gmt":"2022-03-08T12:42:48","guid":{"rendered":"https:\/\/itftkd.sport\/es\/?p=27427"},"modified":"2022-03-08T13:44:55","modified_gmt":"2022-03-08T12:44:55","slug":"declaracion-de-itf-sobre-la-participacion-de-miembros-de-rusia-y-bielorrusia-en-actividades-de-itf","status":"publish","type":"post","link":"https:\/\/itftkd.sport\/es\/declaracion-de-itf-sobre-la-participacion-de-miembros-de-rusia-y-bielorrusia-en-actividades-de-itf\/","title":{"rendered":"Declaraci\u00f3n sobre la participaci\u00f3n de miembros de Rusia y Bielorrusia en actividades ITF"},"content":{"rendered":"\n<p><em><em><em>Tras la Declaraci\u00f3n del 1 de marzo de 2022, la Junta Directiva de la Federaci\u00f3n Internacional de Taekwon-Do en una nueva y extensa reuni\u00f3n llevada a cabo el pasado 6 de marzo, con profunda preocupaci\u00f3n discuti\u00f3 a fondo la situaci\u00f3n en Ucrania y emiti\u00f3 la siguiente resoluci\u00f3n:<\/em><\/em><\/em><\/p>\n\n\n\n\n\n\n\n\n\n\n\n<div class=\"wp-block-file\"><a href=\"https:\/\/itftkd.sport\/es\/wp-content\/uploads\/sites\/7\/2022\/03\/2022.027.ITF-2nd-Statement-Ukraine-ESP.pdf\">2022.027.ITF 2\u00ba Comunicado &#8211; Ucrania<\/a><a href=\"https:\/\/itftkd.sport\/es\/wp-content\/uploads\/sites\/7\/2022\/03\/2022.027.ITF-2nd-Statement-Ukraine-ESP.pdf\" class=\"wp-block-file__button\" download>Descarga<\/a><\/div>\n\n\n\n\n","protected":false},"excerpt":{"rendered":"<p>Tras la Declaraci\u00f3n del 1 de marzo de 2022, la Junta Directiva de la Federaci\u00f3n Internacional de Taekwon-Do en una nueva y extensa reuni\u00f3n llevada a cabo el pasado 6 &hellip;<\/p>\n","protected":false},"author":4,"featured_media":23239,"comment_status":"open","ping_status":"open","sticky":false,"template":"","format":"standard","meta":{"_tec_requires_first_save":true,"_uag_custom_page_level_css":"","_genesis_hide_title":false,"_genesis_hide_breadcrumbs":false,"_genesis_hide_singular_image":false,"_genesis_hide_footer_widgets":false,"_genesis_custom_body_class":"","_genesis_custom_post_class":"","_genesis_layout":"","_EventAllDay":false,"_EventTimezone":"","_EventStartDate":"","_EventEndDate":"","_EventStartDateUTC":"","_EventEndDateUTC":"","_EventShowMap":false,"_EventShowMapLink":false,"_EventURL":"","_EventCost":"","_EventCostDescription":"","_EventCurrencySymbol":"","_EventCurrencyCode":"","_EventCurrencyPosition":"","_EventDateTimeSeparator":"","_EventTimeRangeSeparator":"","_EventOrganizerID":[],"_EventVenueID":[0],"_OrganizerEmail":"","_OrganizerPhone":"","_OrganizerWebsite":"","_VenueAddress":"","_VenueCity":"","_VenueCountry":"","_VenueProvince":"","_VenueState":"","_VenueZip":"","_VenuePhone":"","_VenueURL":"","_VenueStateProvince":"","_VenueLat":"","_VenueLng":"","_VenueShowMap":false,"_VenueShowMapLink":false,"_tribe_blocks_recurrence_rules":"","_tribe_blocks_recurrence_description":"","_tribe_blocks_recurrence_exclusions":"","editor_notices":[],"footnotes":""},"categories":[132,131,130],"tags":[],"class_list":["post-27427","post","type-post","status-publish","format-standard","has-post-thumbnail","category-destacadas","category-noticias-institucionales","category-ultimas-noticias","entry"],"featured_image_src":"https:\/\/itftkd.sport\/es\/wp-content\/uploads\/sites\/7\/2020\/08\/01-Comunicado-Institucional-600x400.jpeg","featured_image_src_square":"https:\/\/itftkd.sport\/es\/wp-content\/uploads\/sites\/7\/2020\/08\/01-Comunicado-Institucional-600x600.jpeg","author_info":{"display_name":"FABIAN ITF","author_link":"https:\/\/itftkd.sport\/es\/author\/fabian-itf\/"},"uagb_featured_image_src":{"full":["https:\/\/itftkd.sport\/es\/wp-content\/uploads\/sites\/7\/2020\/08\/01-Comunicado-Institucional.jpeg",800,600,false],"thumbnail":["https:\/\/itftkd.sport\/es\/wp-content\/uploads\/sites\/7\/2020\/08\/01-Comunicado-Institucional-150x150.jpeg",150,150,true],"medium":["https:\/\/itftkd.sport\/es\/wp-content\/uploads\/sites\/7\/2020\/08\/01-Comunicado-Institucional-300x225.jpeg",300,225,true],"medium_large":["https:\/\/itftkd.sport\/es\/wp-content\/uploads\/sites\/7\/2020\/08\/01-Comunicado-Institucional-768x576.jpeg",768,576,true],"large":["https:\/\/itftkd.sport\/es\/wp-content\/uploads\/sites\/7\/2020\/08\/01-Comunicado-Institucional.jpeg",800,600,false],"1536x1536":["https:\/\/itftkd.sport\/es\/wp-content\/uploads\/sites\/7\/2020\/08\/01-Comunicado-Institucional.jpeg",800,600,false],"2048x2048":["https:\/\/itftkd.sport\/es\/wp-content\/uploads\/sites\/7\/2020\/08\/01-Comunicado-Institucional.jpeg",800,600,false],"banner":["https:\/\/itftkd.sport\/es\/wp-content\/uploads\/sites\/7\/2020\/08\/01-Comunicado-Institucional-800x533.jpeg",800,533,true],"section":["https:\/\/itftkd.sport\/es\/wp-content\/uploads\/sites\/7\/2020\/08\/01-Comunicado-Institucional.jpeg",800,600,false],"full-width":["https:\/\/itftkd.sport\/es\/wp-content\/uploads\/sites\/7\/2020\/08\/01-Comunicado-Institucional.jpeg",800,600,false],"featured":["https:\/\/itftkd.sport\/es\/wp-content\/uploads\/sites\/7\/2020\/08\/01-Comunicado-Institucional.jpeg",800,600,false],"one-half":["https:\/\/itftkd.sport\/es\/wp-content\/uploads\/sites\/7\/2020\/08\/01-Comunicado-Institucional-550x413.jpeg",550,413,true],"one-third":["https:\/\/itftkd.sport\/es\/wp-content\/uploads\/sites\/7\/2020\/08\/01-Comunicado-Institucional-350x263.jpeg",350,263,true],"one-fourth":["https:\/\/itftkd.sport\/es\/wp-content\/uploads\/sites\/7\/2020\/08\/01-Comunicado-Institucional-260x195.jpeg",260,195,true],"tiny":["https:\/\/itftkd.sport\/es\/wp-content\/uploads\/sites\/7\/2020\/08\/01-Comunicado-Institucional-80x80.jpeg",80,80,true],"ab-block-post-grid-landscape":["https:\/\/itftkd.sport\/es\/wp-content\/uploads\/sites\/7\/2020\/08\/01-Comunicado-Institucional-600x400.jpeg",600,400,true],"ab-block-post-grid-square":["https:\/\/itftkd.sport\/es\/wp-content\/uploads\/sites\/7\/2020\/08\/01-Comunicado-Institucional-600x600.jpeg",600,600,true],"gform-image-choice-sm":["https:\/\/itftkd.sport\/es\/wp-content\/uploads\/sites\/7\/2020\/08\/01-Comunicado-Institucional.jpeg",300,225,false],"gform-image-choice-md":["https:\/\/itftkd.sport\/es\/wp-content\/uploads\/sites\/7\/2020\/08\/01-Comunicado-Institucional.jpeg",400,300,false],"gform-image-choice-lg":["https:\/\/itftkd.sport\/es\/wp-content\/uploads\/sites\/7\/2020\/08\/01-Comunicado-Institucional.jpeg",600,450,false]},"uagb_author_info":{"display_name":"FABIAN ITF","author_link":"https:\/\/itftkd.sport\/es\/author\/fabian-itf\/"},"uagb_comment_info":0,"uagb_excerpt":"Tras la Declaraci\u00f3n del 1 de marzo de 2022, la Junta Directiva de la Federaci\u00f3n Internacional de Taekwon-Do en una nueva y extensa reuni\u00f3n llevada a cabo el pasado 6 &hellip;","_links":{"self":[{"href":"https:\/\/itftkd.sport\/es\/wp-json\/wp\/v2\/posts\/27427","targetHints":{"allow":["GET"]}}],"collection":[{"href":"https:\/\/itftkd.sport\/es\/wp-json\/wp\/v2\/posts"}],"about":[{"href":"https:\/\/itftkd.sport\/es\/wp-json\/wp\/v2\/types\/post"}],"author":[{"embeddable":true,"href":"https:\/\/itftkd.sport\/es\/wp-json\/wp\/v2\/users\/4"}],"replies":[{"embeddable":true,"href":"https:\/\/itftkd.sport\/es\/wp-json\/wp\/v2\/comments?post=27427"}],"version-history":[{"count":2,"href":"https:\/\/itftkd.sport\/es\/wp-json\/wp\/v2\/posts\/27427\/revisions"}],"predecessor-version":[{"id":27430,"href":"https:\/\/itftkd.sport\/es\/wp-json\/wp\/v2\/posts\/27427\/revisions\/27430"}],"wp:featuredmedia":[{"embeddable":true,"href":"https:\/\/itftkd.sport\/es\/wp-json\/wp\/v2\/media\/23239"}],"wp:attachment":[{"href":"https:\/\/itftkd.sport\/es\/wp-json\/wp\/v2\/media?parent=27427"}],"wp:term":[{"taxonomy":"category","embeddable":true,"href":"https:\/\/itftkd.sport\/es\/wp-json\/wp\/v2\/categories?post=27427"},{"taxonomy":"post_tag","embeddable":true,"href":"https:\/\/itftkd.sport\/es\/wp-json\/wp\/v2\/tags?post=27427"}],"curies":[{"name":"wp","href":"https:\/\/api.w.org\/{rel}","templated":true}]}}