{"id":27337,"date":"2022-02-28T13:18:59","date_gmt":"2022-02-28T12:18:59","guid":{"rendered":"https:\/\/itftkd.sport\/es\/?p=27337"},"modified":"2022-02-28T15:03:02","modified_gmt":"2022-02-28T14:03:02","slug":"reporte-del-iic-151-en-irlanda","status":"publish","type":"post","link":"https:\/\/itftkd.sport\/es\/reporte-del-iic-151-en-irlanda\/","title":{"rendered":"Reporte del IIC 151 en Irlanda"},"content":{"rendered":"\n<p>El IIC 151 tuvo lugar en el Citywest Hotel &amp; Conference Center del 25 al 27 de febrero de 2022, organizado por la Asociaci\u00f3n Irlandesa de Taekwon-Do y dirigido por el Comit\u00e9 T\u00e9cnico de la ITF a trav\u00e9s de su presidente el Gran Maestro Marano y los miembros Gran Maestro Lan y el Maestro Jedut.\u00a0<\/p>\n\n\n\n\n\n\n\n<div class=\"wp-block-image\"><figure class=\"aligncenter size-full is-resized\"><a href=\"https:\/\/itftkd.sport\/wp-content\/uploads\/2022\/02\/IIC-151-Ireland-General.jpg\"><img loading=\"lazy\" decoding=\"async\" src=\"https:\/\/itftkd.sport\/wp-content\/uploads\/2022\/02\/IIC-151-Ireland-General.jpg\" alt=\"IIC-151-Ireland-General\" class=\"wp-image-28917\" width=\"680\" height=\"320\" \/><\/a><\/figure><\/div>\n\n\n\n<p>El IIC atrajo a m\u00e1s de 260 cinturones negros de 20 pa\u00edses y se llev\u00f3 a cabo en un ambiente maravilloso. Entre los participantes hab\u00eda m\u00e1s de 35 Maestros y 4 Grandes Maestros entrenando activamente en el curso (Grand Master Bos, Grand Master Vanberghen, Grand Master Becking y Grand Master Douglas).\u00a0<\/p>\n\n\n\n<div class=\"wp-block-image\"><figure class=\"alignleft size-full is-resized\"><a href=\"https:\/\/itftkd.sport\/wp-content\/uploads\/2022\/02\/IIC-151-Ireland-Mayor-Peter-Kavanagh-Weiler.jpg\"><img loading=\"lazy\" decoding=\"async\" src=\"https:\/\/itftkd.sport\/wp-content\/uploads\/2022\/02\/IIC-151-Ireland-Mayor-Peter-Kavanagh-Weiler.jpg\" alt=\"IIC-151-Ireland-Mayor-Peter-Kavanagh-Weiler\" class=\"wp-image-28927\" width=\"197\" height=\"268\" \/><\/a><\/figure><\/div>\n\n\n\n<p>El IIC abri\u00f3 el viernes a las 2 pm con la asistencia de invitados especiales que incluyeron al alcalde de South Country Dublin, Cllr. Peter Kavanagh, el Ministro de Deportes y Gaeltacht, el Sr. Jack Chambers TD y el Presidente de la Comisi\u00f3n Irlandesa de Artes Marciales, el Sr. Brendan Dowling. Se guard\u00f3 un minuto de silencio en solidaridad con los ciudadanos de Ucrania durante este momento tan dif\u00edcil para su naci\u00f3n.\u00a0<\/p>\n\n\n\n\n\n\n\n<p>Tambi\u00e9n fuimos honrados con la presencia en el IIC del Presidente de la ITF, el Gran Maestro Paul Weiler y el Presidente de la AETF, el Maestro Leonardo Oros Duek, quienes tambi\u00e9n hicieron una presentaci\u00f3n especial sobre el programa de Taekwon-Do Adaptado de la ITF.\u00a0<\/p>\n\n\n\n<p>Los comentarios de los participantes sobre el IIC fueron extremadamente positivos, y muchos comentaron sobre la amplia gama de temas cubiertos por el equipo t\u00e9cnico, el excelente nivel de conocimiento y lo evidente que era el trabajo en equipo. Los temas incluyeron correcciones detalladas y clases sobre las 24 Formas, defensa personal, combate con pasos, combate libre y una presentaci\u00f3n de GM Weiler sobre ejercicios seguros para el calentamiento, c\u00f3mo entrenar para proteger y fortalecer el cuerpo como as\u00ed tambi\u00e9n los m\u00fasculos estabilizadores y las articulaciones.\u00a0<\/p>\n\n\n\n<div class=\"wp-block-image\"><figure class=\"aligncenter size-large is-resized\"><img loading=\"lazy\" decoding=\"async\" src=\"https:\/\/itftkd.sport\/es\/wp-content\/uploads\/sites\/7\/2022\/02\/IIC-151-Dublin-Adapted-Pres-2022-1024x510.jpg\" alt=\"IIC-151-Dublin-Adapted-Pres-2022\" class=\"wp-image-27345\" width=\"706\" height=\"352\" srcset=\"https:\/\/itftkd.sport\/es\/wp-content\/uploads\/sites\/7\/2022\/02\/IIC-151-Dublin-Adapted-Pres-2022-1024x510.jpg 1024w, https:\/\/itftkd.sport\/es\/wp-content\/uploads\/sites\/7\/2022\/02\/IIC-151-Dublin-Adapted-Pres-2022-300x149.jpg 300w\" sizes=\"auto, (max-width: 706px) 100vw, 706px\" \/><\/figure><\/div>\n\n\n\n\n\n\n\n<p>Como asistieron tantos Maestros y Grandes Maestros, el GM Marano tambi\u00e9n se tom\u00f3 el tiempo para una clase especial para esos grados que se llev\u00f3 a cabo en un ambiente muy c\u00e1lido y colaborativo.\u00a0<\/p>\n\n\n\n<p>El banquete del s\u00e1bado por la noche se llev\u00f3 a cabo en el hermoso restaurante Lemongrass y fue un evento muy agradable ya que muchos de nosotros disfrutamos socializando con nuestros amigos de TKD despu\u00e9s de tanto tiempo.\u00a0<\/p>\n\n\n\n\n\n\n\n<div class=\"wp-block-image\"><figure class=\"aligncenter size-full is-resized\"><a href=\"https:\/\/itftkd.sport\/wp-content\/uploads\/2022\/02\/IIC-151-Ireland-GMs-1.jpg\"><img loading=\"lazy\" decoding=\"async\" src=\"https:\/\/itftkd.sport\/wp-content\/uploads\/2022\/02\/IIC-151-Ireland-GMs-1.jpg\" alt=\"IIC-151-Ireland-GMs\" class=\"wp-image-28919\" width=\"489\" height=\"323\" \/><\/a><\/figure><\/div>\n\n\n\n<p>Once candidatos avanzaron para la promoci\u00f3n en el IIC con el Gran Maestro Marano y el Gran Maestro Lan realizando la promoci\u00f3n de los siete candidatos de octavo grado y un panel con el Gran Maestro Bos, el Gran Maestro Vanberghen, el Gran Maestro Becking y el Gran Maestro Douglas dirigiendo el examen para los candidatos de 7\u00ba grado. Los examinadores comentaron sobre el alto nivel de las pruebas con todos los candidatos promovidos con \u00e9xito.\u00a0<\/p>\n\n\n\n\n\n\n\n<p>El IIC fue clausurado oficialmente el domingo por la tarde por el presidente de la ITF con breves discursos del comit\u00e9 t\u00e9cnico, los presidentes de la ITF y AETF, as\u00ed como la integrante de la junta de la ITF, la Maestra Annick Van Driessche. Todos agradecieron a la ITA por el alto nivel de organizaci\u00f3n del evento y tambi\u00e9n por la emoci\u00f3n de estar juntos disfrutando nuevamente de nuestra pasi\u00f3n por el Taekwon-Do ITF.\u00a0<\/p>\n\n\n\n<figure class=\"wp-block-gallery columns-3 is-cropped wp-block-gallery-1 is-layout-flex wp-block-gallery-is-layout-flex\"><ul class=\"blocks-gallery-grid\"><li class=\"blocks-gallery-item\"><figure><a href=\"https:\/\/itftkd.sport\/wp-content\/uploads\/2022\/02\/IIC-151-Ireland-Marano-2.jpg\"><img decoding=\"async\" src=\"https:\/\/itftkd.sport\/wp-content\/uploads\/2022\/02\/IIC-151-Ireland-Marano-2.jpg\" alt=\"IIC-151-Ireland-Marano-1\" data-id=\"28926\" data-full-url=\"https:\/\/itftkd.sport\/wp-content\/uploads\/2022\/02\/IIC-151-Ireland-Marano-2.jpg\" data-link=\"https:\/\/itftkd.sport\/?attachment_id=28926\" class=\"wp-image-28926\" \/><\/a><\/figure><\/li><li class=\"blocks-gallery-item\"><figure><a href=\"https:\/\/itftkd.sport\/wp-content\/uploads\/2022\/02\/IIC-151-Ireland-Weiler.jpg\"><img decoding=\"async\" src=\"https:\/\/itftkd.sport\/wp-content\/uploads\/2022\/02\/IIC-151-Ireland-Weiler.jpg\" alt=\"IIC-151-Ireland-Weiler\" data-id=\"28929\" data-full-url=\"https:\/\/itftkd.sport\/wp-content\/uploads\/2022\/02\/IIC-151-Ireland-Weiler.jpg\" data-link=\"https:\/\/itftkd.sport\/?attachment_id=28929\" class=\"wp-image-28929\" \/><\/a><\/figure><\/li><li class=\"blocks-gallery-item\"><figure><a href=\"https:\/\/itftkd.sport\/wp-content\/uploads\/2022\/02\/IIC-151-Ireland-Lan-2.jpg\"><img decoding=\"async\" src=\"https:\/\/itftkd.sport\/wp-content\/uploads\/2022\/02\/IIC-151-Ireland-Lan-2.jpg\" alt=\"IIC-151-Ireland-Lan-2\" data-id=\"28924\" data-full-url=\"https:\/\/itftkd.sport\/wp-content\/uploads\/2022\/02\/IIC-151-Ireland-Lan-2.jpg\" data-link=\"https:\/\/itftkd.sport\/?attachment_id=28924\" class=\"wp-image-28924\" \/><\/a><\/figure><\/li><li class=\"blocks-gallery-item\"><figure><a href=\"https:\/\/itftkd.sport\/wp-content\/uploads\/2022\/02\/IIC-151-Ireland-Jedut.jpg\"><img decoding=\"async\" src=\"https:\/\/itftkd.sport\/wp-content\/uploads\/2022\/02\/IIC-151-Ireland-Jedut.jpg\" alt=\"IIC-151-Ireland-Jedut\" data-id=\"28921\" data-full-url=\"https:\/\/itftkd.sport\/wp-content\/uploads\/2022\/02\/IIC-151-Ireland-Jedut.jpg\" data-link=\"https:\/\/itftkd.sport\/?attachment_id=28921\" class=\"wp-image-28921\" \/><\/a><\/figure><\/li><li class=\"blocks-gallery-item\"><figure><a href=\"https:\/\/itftkd.sport\/wp-content\/uploads\/2022\/02\/IIC-151-Ireland-Women.jpg\"><img decoding=\"async\" src=\"https:\/\/itftkd.sport\/wp-content\/uploads\/2022\/02\/IIC-151-Ireland-Women.jpg\" alt=\"IIC-151-Ireland-Women\" data-id=\"28930\" data-full-url=\"https:\/\/itftkd.sport\/wp-content\/uploads\/2022\/02\/IIC-151-Ireland-Women.jpg\" data-link=\"https:\/\/itftkd.sport\/?attachment_id=28930\" class=\"wp-image-28930\" \/><\/a><\/figure><\/li><li class=\"blocks-gallery-item\"><figure><a href=\"https:\/\/itftkd.sport\/wp-content\/uploads\/2022\/02\/IIC-151-Ireland-Oros-Duek.jpg\"><img decoding=\"async\" src=\"https:\/\/itftkd.sport\/wp-content\/uploads\/2022\/02\/IIC-151-Ireland-Oros-Duek.jpg\" alt=\"IIC-151-Ireland-Oros-Duek\" data-id=\"28928\" data-full-url=\"https:\/\/itftkd.sport\/wp-content\/uploads\/2022\/02\/IIC-151-Ireland-Oros-Duek.jpg\" data-link=\"https:\/\/itftkd.sport\/?attachment_id=28928\" class=\"wp-image-28928\" \/><\/a><\/figure><\/li><li class=\"blocks-gallery-item\"><figure><a href=\"https:\/\/itftkd.sport\/wp-content\/uploads\/2022\/02\/IIC-151-Ireland-Marano-1.jpg\"><img decoding=\"async\" src=\"https:\/\/itftkd.sport\/wp-content\/uploads\/2022\/02\/IIC-151-Ireland-Marano-1.jpg\" alt=\"IIC-151-Ireland-Marano-1\" data-id=\"28925\" data-full-url=\"https:\/\/itftkd.sport\/wp-content\/uploads\/2022\/02\/IIC-151-Ireland-Marano-1.jpg\" data-link=\"https:\/\/itftkd.sport\/?attachment_id=28925\" class=\"wp-image-28925\" \/><\/a><\/figure><\/li><li class=\"blocks-gallery-item\"><figure><a href=\"https:\/\/itftkd.sport\/wp-content\/uploads\/2022\/02\/IIC-151-Ireland-Lan.jpg\"><img decoding=\"async\" src=\"https:\/\/itftkd.sport\/wp-content\/uploads\/2022\/02\/IIC-151-Ireland-Lan.jpg\" alt=\"IIC-151-Ireland-Lan\" data-id=\"28923\" data-full-url=\"https:\/\/itftkd.sport\/wp-content\/uploads\/2022\/02\/IIC-151-Ireland-Lan.jpg\" data-link=\"https:\/\/itftkd.sport\/?attachment_id=28923\" class=\"wp-image-28923\" \/><\/a><\/figure><\/li><li class=\"blocks-gallery-item\"><figure><a href=\"https:\/\/itftkd.sport\/wp-content\/uploads\/2022\/02\/IIC-151-Ireland-Jedut-2.jpg\"><img decoding=\"async\" src=\"https:\/\/itftkd.sport\/wp-content\/uploads\/2022\/02\/IIC-151-Ireland-Jedut-2.jpg\" alt=\"IIC-151-Ireland-Jedut-2\" data-id=\"28922\" data-full-url=\"https:\/\/itftkd.sport\/wp-content\/uploads\/2022\/02\/IIC-151-Ireland-Jedut-2.jpg\" data-link=\"https:\/\/itftkd.sport\/?attachment_id=28922\" class=\"wp-image-28922\" \/><\/a><\/figure><\/li><li class=\"blocks-gallery-item\"><figure><a href=\"https:\/\/itftkd.sport\/wp-content\/uploads\/2022\/02\/IIC-151-Ireland-Group-1.jpg\"><img decoding=\"async\" src=\"https:\/\/itftkd.sport\/wp-content\/uploads\/2022\/02\/IIC-151-Ireland-Group-1-1024x274.jpg\" alt=\"IIC-151-Ireland-Group\" data-id=\"28920\" data-full-url=\"https:\/\/itftkd.sport\/wp-content\/uploads\/2022\/02\/IIC-151-Ireland-Group-1.jpg\" data-link=\"https:\/\/itftkd.sport\/?attachment_id=28920\" class=\"wp-image-28920\" \/><\/a><\/figure><\/li><li class=\"blocks-gallery-item\"><figure><a href=\"https:\/\/itftkd.sport\/wp-content\/uploads\/2022\/02\/IIC-151-Ireland-General.jpg\"><img decoding=\"async\" src=\"https:\/\/itftkd.sport\/wp-content\/uploads\/2022\/02\/IIC-151-Ireland-General.jpg\" alt=\"IIC-151-Ireland-General\" data-id=\"28917\" data-full-url=\"https:\/\/itftkd.sport\/wp-content\/uploads\/2022\/02\/IIC-151-Ireland-General.jpg\" data-link=\"https:\/\/itftkd.sport\/?attachment_id=28917\" class=\"wp-image-28917\" \/><\/a><\/figure><\/li><\/ul><\/figure>\n","protected":false},"excerpt":{"rendered":"<p>Reporte del IIC 151 en Irlanda que atrajo a m\u00e1s de 260 cinturones negros de 20 pa\u00edses.<\/p>\n","protected":false},"author":4,"featured_media":27339,"comment_status":"open","ping_status":"open","sticky":false,"template":"","format":"standard","meta":{"_tec_requires_first_save":true,"_uag_custom_page_level_css":"","_genesis_hide_title":false,"_genesis_hide_breadcrumbs":false,"_genesis_hide_singular_image":false,"_genesis_hide_footer_widgets":false,"_genesis_custom_body_class":"","_genesis_custom_post_class":"","_genesis_layout":"","_EventAllDay":false,"_EventTimezone":"","_EventStartDate":"","_EventEndDate":"","_EventStartDateUTC":"","_EventEndDateUTC":"","_EventShowMap":false,"_EventShowMapLink":false,"_EventURL":"","_EventCost":"","_EventCostDescription":"","_EventCurrencySymbol":"","_EventCurrencyCode":"","_EventCurrencyPosition":"","_EventDateTimeSeparator":"","_EventTimeRangeSeparator":"","_EventOrganizerID":[],"_EventVenueID":[0],"_OrganizerEmail":"","_OrganizerPhone":"","_OrganizerWebsite":"","_VenueAddress":"","_VenueCity":"","_VenueCountry":"","_VenueProvince":"","_VenueState":"","_VenueZip":"","_VenuePhone":"","_VenueURL":"","_VenueStateProvince":"","_VenueLat":"","_VenueLng":"","_VenueShowMap":false,"_VenueShowMapLink":false,"_tribe_blocks_recurrence_rules":"","_tribe_blocks_recurrence_description":"","_tribe_blocks_recurrence_exclusions":"","editor_notices":[],"footnotes":""},"categories":[132,131,130],"tags":[],"class_list":["post-27337","post","type-post","status-publish","format-standard","has-post-thumbnail","category-destacadas","category-noticias-institucionales","category-ultimas-noticias","entry"],"featured_image_src":"https:\/\/itftkd.sport\/es\/wp-content\/uploads\/sites\/7\/2022\/02\/IIC-151-Ireland-Featured-image-espanol-600x400.jpg","featured_image_src_square":"https:\/\/itftkd.sport\/es\/wp-content\/uploads\/sites\/7\/2022\/02\/IIC-151-Ireland-Featured-image-espanol-600x531.jpg","author_info":{"display_name":"FABIAN ITF","author_link":"https:\/\/itftkd.sport\/es\/author\/fabian-itf\/"},"uagb_featured_image_src":{"full":["https:\/\/itftkd.sport\/es\/wp-content\/uploads\/sites\/7\/2022\/02\/IIC-151-Ireland-Featured-image-espanol.jpg",709,531,false],"thumbnail":["https:\/\/itftkd.sport\/es\/wp-content\/uploads\/sites\/7\/2022\/02\/IIC-151-Ireland-Featured-image-espanol-150x150.jpg",150,150,true],"medium":["https:\/\/itftkd.sport\/es\/wp-content\/uploads\/sites\/7\/2022\/02\/IIC-151-Ireland-Featured-image-espanol-300x225.jpg",300,225,true],"medium_large":["https:\/\/itftkd.sport\/es\/wp-content\/uploads\/sites\/7\/2022\/02\/IIC-151-Ireland-Featured-image-espanol.jpg",709,531,false],"large":["https:\/\/itftkd.sport\/es\/wp-content\/uploads\/sites\/7\/2022\/02\/IIC-151-Ireland-Featured-image-espanol.jpg",709,531,false],"1536x1536":["https:\/\/itftkd.sport\/es\/wp-content\/uploads\/sites\/7\/2022\/02\/IIC-151-Ireland-Featured-image-espanol.jpg",709,531,false],"2048x2048":["https:\/\/itftkd.sport\/es\/wp-content\/uploads\/sites\/7\/2022\/02\/IIC-151-Ireland-Featured-image-espanol.jpg",709,531,false],"banner":["https:\/\/itftkd.sport\/es\/wp-content\/uploads\/sites\/7\/2022\/02\/IIC-151-Ireland-Featured-image-espanol.jpg",709,531,false],"section":["https:\/\/itftkd.sport\/es\/wp-content\/uploads\/sites\/7\/2022\/02\/IIC-151-Ireland-Featured-image-espanol.jpg",709,531,false],"full-width":["https:\/\/itftkd.sport\/es\/wp-content\/uploads\/sites\/7\/2022\/02\/IIC-151-Ireland-Featured-image-espanol.jpg",709,531,false],"featured":["https:\/\/itftkd.sport\/es\/wp-content\/uploads\/sites\/7\/2022\/02\/IIC-151-Ireland-Featured-image-espanol.jpg",709,531,false],"one-half":["https:\/\/itftkd.sport\/es\/wp-content\/uploads\/sites\/7\/2022\/02\/IIC-151-Ireland-Featured-image-espanol-550x413.jpg",550,413,true],"one-third":["https:\/\/itftkd.sport\/es\/wp-content\/uploads\/sites\/7\/2022\/02\/IIC-151-Ireland-Featured-image-espanol-350x263.jpg",350,263,true],"one-fourth":["https:\/\/itftkd.sport\/es\/wp-content\/uploads\/sites\/7\/2022\/02\/IIC-151-Ireland-Featured-image-espanol-260x195.jpg",260,195,true],"tiny":["https:\/\/itftkd.sport\/es\/wp-content\/uploads\/sites\/7\/2022\/02\/IIC-151-Ireland-Featured-image-espanol-80x80.jpg",80,80,true],"ab-block-post-grid-landscape":["https:\/\/itftkd.sport\/es\/wp-content\/uploads\/sites\/7\/2022\/02\/IIC-151-Ireland-Featured-image-espanol-600x400.jpg",600,400,true],"ab-block-post-grid-square":["https:\/\/itftkd.sport\/es\/wp-content\/uploads\/sites\/7\/2022\/02\/IIC-151-Ireland-Featured-image-espanol-600x531.jpg",600,531,true],"gform-image-choice-sm":["https:\/\/itftkd.sport\/es\/wp-content\/uploads\/sites\/7\/2022\/02\/IIC-151-Ireland-Featured-image-espanol.jpg",300,225,false],"gform-image-choice-md":["https:\/\/itftkd.sport\/es\/wp-content\/uploads\/sites\/7\/2022\/02\/IIC-151-Ireland-Featured-image-espanol.jpg",400,300,false],"gform-image-choice-lg":["https:\/\/itftkd.sport\/es\/wp-content\/uploads\/sites\/7\/2022\/02\/IIC-151-Ireland-Featured-image-espanol.jpg",600,449,false]},"uagb_author_info":{"display_name":"FABIAN ITF","author_link":"https:\/\/itftkd.sport\/es\/author\/fabian-itf\/"},"uagb_comment_info":0,"uagb_excerpt":"Reporte del IIC 151 en Irlanda que atrajo a m\u00e1s de 260 cinturones negros de 20 pa\u00edses.","_links":{"self":[{"href":"https:\/\/itftkd.sport\/es\/wp-json\/wp\/v2\/posts\/27337","targetHints":{"allow":["GET"]}}],"collection":[{"href":"https:\/\/itftkd.sport\/es\/wp-json\/wp\/v2\/posts"}],"about":[{"href":"https:\/\/itftkd.sport\/es\/wp-json\/wp\/v2\/types\/post"}],"author":[{"embeddable":true,"href":"https:\/\/itftkd.sport\/es\/wp-json\/wp\/v2\/users\/4"}],"replies":[{"embeddable":true,"href":"https:\/\/itftkd.sport\/es\/wp-json\/wp\/v2\/comments?post=27337"}],"version-history":[{"count":5,"href":"https:\/\/itftkd.sport\/es\/wp-json\/wp\/v2\/posts\/27337\/revisions"}],"predecessor-version":[{"id":27353,"href":"https:\/\/itftkd.sport\/es\/wp-json\/wp\/v2\/posts\/27337\/revisions\/27353"}],"wp:featuredmedia":[{"embeddable":true,"href":"https:\/\/itftkd.sport\/es\/wp-json\/wp\/v2\/media\/27339"}],"wp:attachment":[{"href":"https:\/\/itftkd.sport\/es\/wp-json\/wp\/v2\/media?parent=27337"}],"wp:term":[{"taxonomy":"category","embeddable":true,"href":"https:\/\/itftkd.sport\/es\/wp-json\/wp\/v2\/categories?post=27337"},{"taxonomy":"post_tag","embeddable":true,"href":"https:\/\/itftkd.sport\/es\/wp-json\/wp\/v2\/tags?post=27337"}],"curies":[{"name":"wp","href":"https:\/\/api.w.org\/{rel}","templated":true}]}}