{"id":27168,"date":"2022-01-17T15:55:15","date_gmt":"2022-01-17T14:55:15","guid":{"rendered":"https:\/\/itftkd.sport\/es\/?p=27168"},"modified":"2022-01-17T15:55:18","modified_gmt":"2022-01-17T14:55:18","slug":"itfitg-an-outstanding-alliance-to-start-the-year-espanol","status":"publish","type":"post","link":"https:\/\/itftkd.sport\/es\/itfitg-an-outstanding-alliance-to-start-the-year-espanol\/","title":{"rendered":"ITF+ITG: una gran alianza para comenzar el a\u00f1o"},"content":{"rendered":"\n<p>La <strong>ITF<\/strong> tiene el orgullo de anunciar la alianza recientemente firmada con <strong>insidethegames.biz<\/strong>, uno de los medios digitales m\u00e1s importantes del mundo del deporte.<\/p>\n\n\n\n<p>En 2016, 2017, 2018 y 2019, insidethegames.biz fue nombrada la organizaci\u00f3n de medios m\u00e1s seguida del mundo en TSE \/ Burson Cohn &amp; Wolfe Sport Olympic Rankings.<\/p>\n\n\n\n<p><strong>insidethegames.biz<\/strong> produce noticias las 24 horas del d\u00eda, los siete d\u00edas de la semana y su alerta electr\u00f3nica diaria se env\u00eda todas las ma\u00f1anas del a\u00f1o.<\/p>\n\n\n\n<div class=\"wp-block-image\"><figure class=\"alignright size-medium\"><img loading=\"lazy\" decoding=\"async\" width=\"300\" height=\"225\" src=\"https:\/\/itftkd.sport\/es\/wp-content\/uploads\/sites\/7\/2022\/01\/itfitg-300x225.png\" alt=\"itf+itg\" class=\"wp-image-27171\" srcset=\"https:\/\/itftkd.sport\/es\/wp-content\/uploads\/sites\/7\/2022\/01\/itfitg-300x225.png 300w, https:\/\/itftkd.sport\/es\/wp-content\/uploads\/sites\/7\/2022\/01\/itfitg-260x195.png 260w\" sizes=\"auto, (max-width: 300px) 100vw, 300px\" \/><\/figure><\/div>\n\n\n\n<p>Este convenio nos permitir\u00e1 contar con una plataforma global de difusi\u00f3n para todas las actividades de la ITF alcanzado tanto al p\u00fablico masivo como a los principales dirigentes y organizaciones deportivas del mundo.<\/p>\n\n\n\n<p>\u201cSin duda este es un acuerdo que nos permitir\u00e1 lograr un mayor nivel de exposici\u00f3n y valoraci\u00f3n de nuestra ITF\u201d, dijo el Secretario General Master Tadeusz Loboda.<\/p>\n\n\n\n<p>Por su parte, el Tesorero de la ITF, Master Leonardo Oros Duek, coment\u00f3 al respecto: \u201cLuego de un a\u00f1o de gesti\u00f3n y negociaciones logramos un acuerdo de alto valor agregado exclusivo para nuestra ITF\u201d.<\/p>\n\n\n\n<p>Desde el punto de vista institucional el presidente de la ITF GM Paul Weiler mencion\u00f3 que \u201c\u2026 la ITF lograr\u00e1 un grado de exposici\u00f3n de alto nivel colocando a nuestra Federaci\u00f3n tambi\u00e9n en la elite de la comunicaci\u00f3n de las grandes organizaciones del mundo deportivo\u201d.<\/p>\n\n\n\n<p>Los invitamos a visitar <a href=\"https:\/\/www.insidethegames.biz\">https:\/\/www.insidethegames.biz<\/a> y mantenerse actualizado de las principales noticias del mundo deportivo y de las artes marciales.<\/p>\n\n\n\n<p>Nuevos logros de la ITF para seguir creciendo.<\/p>\n","protected":false},"excerpt":{"rendered":"<p>La ITF tiene el orgullo de anunciar la alianza recientemente firmada con insidethegames.biz, uno de los medios digitales m\u00e1s importantes del mundo del deporte. En 2016, 2017, 2018 y 2019, &hellip;<\/p>\n","protected":false},"author":8,"featured_media":27171,"comment_status":"open","ping_status":"open","sticky":false,"template":"","format":"standard","meta":{"_tec_requires_first_save":true,"_uag_custom_page_level_css":"","_genesis_hide_title":false,"_genesis_hide_breadcrumbs":false,"_genesis_hide_singular_image":false,"_genesis_hide_footer_widgets":false,"_genesis_custom_body_class":"","_genesis_custom_post_class":"","_genesis_layout":"","_EventAllDay":false,"_EventTimezone":"","_EventStartDate":"","_EventEndDate":"","_EventStartDateUTC":"","_EventEndDateUTC":"","_EventShowMap":false,"_EventShowMapLink":false,"_EventURL":"","_EventCost":"","_EventCostDescription":"","_EventCurrencySymbol":"","_EventCurrencyCode":"","_EventCurrencyPosition":"","_EventDateTimeSeparator":"","_EventTimeRangeSeparator":"","_EventOrganizerID":[],"_EventVenueID":[0],"_OrganizerEmail":"","_OrganizerPhone":"","_OrganizerWebsite":"","_VenueAddress":"","_VenueCity":"","_VenueCountry":"","_VenueProvince":"","_VenueState":"","_VenueZip":"","_VenuePhone":"","_VenueURL":"","_VenueStateProvince":"","_VenueLat":"","_VenueLng":"","_VenueShowMap":false,"_VenueShowMapLink":false,"_tribe_blocks_recurrence_rules":"","_tribe_blocks_recurrence_description":"","_tribe_blocks_recurrence_exclusions":"","editor_notices":[],"footnotes":""},"categories":[132,131,130],"tags":[],"class_list":["post-27168","post","type-post","status-publish","format-standard","has-post-thumbnail","category-destacadas","category-noticias-institucionales","category-ultimas-noticias","entry"],"featured_image_src":"https:\/\/itftkd.sport\/es\/wp-content\/uploads\/sites\/7\/2022\/01\/itfitg-600x400.png","featured_image_src_square":"https:\/\/itftkd.sport\/es\/wp-content\/uploads\/sites\/7\/2022\/01\/itfitg-600x600.png","author_info":{"display_name":"grosi","author_link":"https:\/\/itftkd.sport\/es\/author\/grosi\/"},"uagb_featured_image_src":{"full":["https:\/\/itftkd.sport\/es\/wp-content\/uploads\/sites\/7\/2022\/01\/itfitg.png",800,600,false],"thumbnail":["https:\/\/itftkd.sport\/es\/wp-content\/uploads\/sites\/7\/2022\/01\/itfitg-150x150.png",150,150,true],"medium":["https:\/\/itftkd.sport\/es\/wp-content\/uploads\/sites\/7\/2022\/01\/itfitg-300x225.png",300,225,true],"medium_large":["https:\/\/itftkd.sport\/es\/wp-content\/uploads\/sites\/7\/2022\/01\/itfitg-768x576.png",768,576,true],"large":["https:\/\/itftkd.sport\/es\/wp-content\/uploads\/sites\/7\/2022\/01\/itfitg.png",800,600,false],"1536x1536":["https:\/\/itftkd.sport\/es\/wp-content\/uploads\/sites\/7\/2022\/01\/itfitg.png",800,600,false],"2048x2048":["https:\/\/itftkd.sport\/es\/wp-content\/uploads\/sites\/7\/2022\/01\/itfitg.png",800,600,false],"banner":["https:\/\/itftkd.sport\/es\/wp-content\/uploads\/sites\/7\/2022\/01\/itfitg-800x533.png",800,533,true],"section":["https:\/\/itftkd.sport\/es\/wp-content\/uploads\/sites\/7\/2022\/01\/itfitg.png",800,600,false],"full-width":["https:\/\/itftkd.sport\/es\/wp-content\/uploads\/sites\/7\/2022\/01\/itfitg.png",800,600,false],"featured":["https:\/\/itftkd.sport\/es\/wp-content\/uploads\/sites\/7\/2022\/01\/itfitg.png",800,600,false],"one-half":["https:\/\/itftkd.sport\/es\/wp-content\/uploads\/sites\/7\/2022\/01\/itfitg-550x413.png",550,413,true],"one-third":["https:\/\/itftkd.sport\/es\/wp-content\/uploads\/sites\/7\/2022\/01\/itfitg-350x263.png",350,263,true],"one-fourth":["https:\/\/itftkd.sport\/es\/wp-content\/uploads\/sites\/7\/2022\/01\/itfitg-260x195.png",260,195,true],"tiny":["https:\/\/itftkd.sport\/es\/wp-content\/uploads\/sites\/7\/2022\/01\/itfitg-80x80.png",80,80,true],"ab-block-post-grid-landscape":["https:\/\/itftkd.sport\/es\/wp-content\/uploads\/sites\/7\/2022\/01\/itfitg-600x400.png",600,400,true],"ab-block-post-grid-square":["https:\/\/itftkd.sport\/es\/wp-content\/uploads\/sites\/7\/2022\/01\/itfitg-600x600.png",600,600,true],"gform-image-choice-sm":["https:\/\/itftkd.sport\/es\/wp-content\/uploads\/sites\/7\/2022\/01\/itfitg.png",300,225,false],"gform-image-choice-md":["https:\/\/itftkd.sport\/es\/wp-content\/uploads\/sites\/7\/2022\/01\/itfitg.png",400,300,false],"gform-image-choice-lg":["https:\/\/itftkd.sport\/es\/wp-content\/uploads\/sites\/7\/2022\/01\/itfitg.png",600,450,false]},"uagb_author_info":{"display_name":"grosi","author_link":"https:\/\/itftkd.sport\/es\/author\/grosi\/"},"uagb_comment_info":0,"uagb_excerpt":"La ITF tiene el orgullo de anunciar la alianza recientemente firmada con insidethegames.biz, uno de los medios digitales m\u00e1s importantes del mundo del deporte. En 2016, 2017, 2018 y 2019, &hellip;","_links":{"self":[{"href":"https:\/\/itftkd.sport\/es\/wp-json\/wp\/v2\/posts\/27168","targetHints":{"allow":["GET"]}}],"collection":[{"href":"https:\/\/itftkd.sport\/es\/wp-json\/wp\/v2\/posts"}],"about":[{"href":"https:\/\/itftkd.sport\/es\/wp-json\/wp\/v2\/types\/post"}],"author":[{"embeddable":true,"href":"https:\/\/itftkd.sport\/es\/wp-json\/wp\/v2\/users\/8"}],"replies":[{"embeddable":true,"href":"https:\/\/itftkd.sport\/es\/wp-json\/wp\/v2\/comments?post=27168"}],"version-history":[{"count":3,"href":"https:\/\/itftkd.sport\/es\/wp-json\/wp\/v2\/posts\/27168\/revisions"}],"predecessor-version":[{"id":27172,"href":"https:\/\/itftkd.sport\/es\/wp-json\/wp\/v2\/posts\/27168\/revisions\/27172"}],"wp:featuredmedia":[{"embeddable":true,"href":"https:\/\/itftkd.sport\/es\/wp-json\/wp\/v2\/media\/27171"}],"wp:attachment":[{"href":"https:\/\/itftkd.sport\/es\/wp-json\/wp\/v2\/media?parent=27168"}],"wp:term":[{"taxonomy":"category","embeddable":true,"href":"https:\/\/itftkd.sport\/es\/wp-json\/wp\/v2\/categories?post=27168"},{"taxonomy":"post_tag","embeddable":true,"href":"https:\/\/itftkd.sport\/es\/wp-json\/wp\/v2\/tags?post=27168"}],"curies":[{"name":"wp","href":"https:\/\/api.w.org\/{rel}","templated":true}]}}