{"id":26386,"date":"2021-09-30T14:19:11","date_gmt":"2021-09-30T12:19:11","guid":{"rendered":"https:\/\/itftkd.sport\/es\/?p=26386"},"modified":"2021-09-30T14:19:17","modified_gmt":"2021-09-30T12:19:17","slug":"acerca-de-la-ultima-copa-de-ucrania","status":"publish","type":"post","link":"https:\/\/itftkd.sport\/es\/acerca-de-la-ultima-copa-de-ucrania\/","title":{"rendered":"Acerca de la \u00faltima Copa de Ucrania"},"content":{"rendered":"\n<p>Del 24 al 26 de septiembre en Lviv, Ucrania en el Palacio de Deportes \u00abGalychyna\u00bb bajo los auspicios del Ministerio de Juventud y Deportes de Ucrania se llev\u00f3 a cabo la Copa de Ucrania en Taekwon-Do entre adultos y la competencia de Ucrania en Taekwon-Do entre juniors, ni\u00f1os y ni\u00f1os peque\u00f1os.<\/p>\n\n\n\n<p>La competencia, que tuvo lugar al m\u00e1s alto nivel, reuni\u00f3 a m\u00e1s de 940 participantes de 50 clubes deportivos y 18 regiones de Ucrania.<\/p>\n\n\n\n<p>Las competencias se llevaron a cabo en competencias individuales y por equipos en cuatro tipos de programas: combate, patr\u00f3n, prueba de potencia, t\u00e9cnica especial.<\/p>\n\n\n\n<p>La competencia fue la etapa final en la selecci\u00f3n de miembros de la selecci\u00f3n nacional de Ucrania para participar en el Campeonato Europeo de Taekwon-Do ITF entre adultos y juveniles, que se celebrar\u00e1 del 22 al 28 de noviembre en Espa\u00f1a.<\/p>\n\n\n\n<figure class=\"wp-block-gallery columns-3 is-cropped wp-block-gallery-1 is-layout-flex wp-block-gallery-is-layout-flex\"><ul class=\"blocks-gallery-grid\"><li class=\"blocks-gallery-item\"><figure><a href=\"https:\/\/itftkd.sport\/wp-content\/uploads\/2021\/09\/Ukraine-cup-award.jpg\"><img decoding=\"async\" src=\"https:\/\/itftkd.sport\/wp-content\/uploads\/2021\/09\/Ukraine-cup-award.jpg\" alt=\"Ukraine-cup-award\" data-id=\"27432\" data-full-url=\"https:\/\/itftkd.sport\/wp-content\/uploads\/2021\/09\/Ukraine-cup-award.jpg\" data-link=\"https:\/\/itftkd.sport\/?attachment_id=27432\" class=\"wp-image-27432\" \/><\/a><\/figure><\/li><li class=\"blocks-gallery-item\"><figure><a href=\"https:\/\/itftkd.sport\/wp-content\/uploads\/2021\/09\/Ukraine-cup-competition.jpg\"><img decoding=\"async\" src=\"https:\/\/itftkd.sport\/wp-content\/uploads\/2021\/09\/Ukraine-cup-competition.jpg\" alt=\"Ukraine-cup-competition\" data-id=\"27433\" data-full-url=\"https:\/\/itftkd.sport\/wp-content\/uploads\/2021\/09\/Ukraine-cup-competition.jpg\" data-link=\"https:\/\/itftkd.sport\/?attachment_id=27433\" class=\"wp-image-27433\" \/><\/a><\/figure><\/li><li class=\"blocks-gallery-item\"><figure><a href=\"https:\/\/itftkd.sport\/wp-content\/uploads\/2021\/09\/Ukraine-cup-podium.jpg\"><img decoding=\"async\" src=\"https:\/\/itftkd.sport\/wp-content\/uploads\/2021\/09\/Ukraine-cup-podium.jpg\" alt=\"Ukraine-cup-podium\" data-id=\"27434\" data-full-url=\"https:\/\/itftkd.sport\/wp-content\/uploads\/2021\/09\/Ukraine-cup-podium.jpg\" data-link=\"https:\/\/itftkd.sport\/?attachment_id=27434\" class=\"wp-image-27434\" \/><\/a><\/figure><\/li><li class=\"blocks-gallery-item\"><figure><a href=\"https:\/\/itftkd.sport\/wp-content\/uploads\/2021\/09\/Ukraine-cup-stadium.jpg\"><img decoding=\"async\" src=\"https:\/\/itftkd.sport\/wp-content\/uploads\/2021\/09\/Ukraine-cup-stadium.jpg\" alt=\"Ukraine-cup-stadium\" data-id=\"27435\" data-full-url=\"https:\/\/itftkd.sport\/wp-content\/uploads\/2021\/09\/Ukraine-cup-stadium.jpg\" data-link=\"https:\/\/itftkd.sport\/?attachment_id=27435\" class=\"wp-image-27435\" \/><\/a><\/figure><\/li><li class=\"blocks-gallery-item\"><figure><a href=\"https:\/\/itftkd.sport\/wp-content\/uploads\/2021\/09\/Ukraine-cup-umpires.jpg\"><img decoding=\"async\" src=\"https:\/\/itftkd.sport\/wp-content\/uploads\/2021\/09\/Ukraine-cup-umpires.jpg\" alt=\"Ukraine-cup-umpires\" data-id=\"27436\" data-full-url=\"https:\/\/itftkd.sport\/wp-content\/uploads\/2021\/09\/Ukraine-cup-umpires.jpg\" data-link=\"https:\/\/itftkd.sport\/?attachment_id=27436\" class=\"wp-image-27436\" \/><\/a><\/figure><\/li><\/ul><\/figure>\n","protected":false},"excerpt":{"rendered":"<p>Del 24 al 26 de septiembre en Lviv, Ucrania en el Palacio de Deportes \u00abGalychyna\u00bb bajo los auspicios del Ministerio de Juventud y Deportes de Ucrania se llev\u00f3 a cabo &hellip;<\/p>\n","protected":false},"author":4,"featured_media":0,"comment_status":"open","ping_status":"open","sticky":false,"template":"","format":"standard","meta":{"_tec_requires_first_save":true,"_uag_custom_page_level_css":"","_genesis_hide_title":false,"_genesis_hide_breadcrumbs":false,"_genesis_hide_singular_image":false,"_genesis_hide_footer_widgets":false,"_genesis_custom_body_class":"","_genesis_custom_post_class":"","_genesis_layout":"","_EventAllDay":false,"_EventTimezone":"","_EventStartDate":"","_EventEndDate":"","_EventStartDateUTC":"","_EventEndDateUTC":"","_EventShowMap":false,"_EventShowMapLink":false,"_EventURL":"","_EventCost":"","_EventCostDescription":"","_EventCurrencySymbol":"","_EventCurrencyCode":"","_EventCurrencyPosition":"","_EventDateTimeSeparator":"","_EventTimeRangeSeparator":"","_EventOrganizerID":[],"_EventVenueID":[],"_OrganizerEmail":"","_OrganizerPhone":"","_OrganizerWebsite":"","_VenueAddress":"","_VenueCity":"","_VenueCountry":"","_VenueProvince":"","_VenueState":"","_VenueZip":"","_VenuePhone":"","_VenueURL":"","_VenueStateProvince":"","_VenueLat":"","_VenueLng":"","_VenueShowMap":false,"_VenueShowMapLink":false,"_tribe_blocks_recurrence_rules":"","_tribe_blocks_recurrence_description":"","_tribe_blocks_recurrence_exclusions":"","editor_notices":[],"footnotes":""},"categories":[6,130],"tags":[],"class_list":["post-26386","post","type-post","status-publish","format-standard","category-noticias-regionales","category-ultimas-noticias","entry"],"featured_image_src":null,"featured_image_src_square":null,"author_info":{"display_name":"FABIAN ITF","author_link":"https:\/\/itftkd.sport\/es\/author\/fabian-itf\/"},"uagb_featured_image_src":{"full":false,"thumbnail":false,"medium":false,"medium_large":false,"large":false,"1536x1536":false,"2048x2048":false,"banner":false,"section":false,"full-width":false,"featured":false,"one-half":false,"one-third":false,"one-fourth":false,"tiny":false,"ab-block-post-grid-landscape":false,"ab-block-post-grid-square":false,"gform-image-choice-sm":false,"gform-image-choice-md":false,"gform-image-choice-lg":false},"uagb_author_info":{"display_name":"FABIAN ITF","author_link":"https:\/\/itftkd.sport\/es\/author\/fabian-itf\/"},"uagb_comment_info":0,"uagb_excerpt":"Del 24 al 26 de septiembre en Lviv, Ucrania en el Palacio de Deportes \u00abGalychyna\u00bb bajo los auspicios del Ministerio de Juventud y Deportes de Ucrania se llev\u00f3 a cabo &hellip;","_links":{"self":[{"href":"https:\/\/itftkd.sport\/es\/wp-json\/wp\/v2\/posts\/26386","targetHints":{"allow":["GET"]}}],"collection":[{"href":"https:\/\/itftkd.sport\/es\/wp-json\/wp\/v2\/posts"}],"about":[{"href":"https:\/\/itftkd.sport\/es\/wp-json\/wp\/v2\/types\/post"}],"author":[{"embeddable":true,"href":"https:\/\/itftkd.sport\/es\/wp-json\/wp\/v2\/users\/4"}],"replies":[{"embeddable":true,"href":"https:\/\/itftkd.sport\/es\/wp-json\/wp\/v2\/comments?post=26386"}],"version-history":[{"count":3,"href":"https:\/\/itftkd.sport\/es\/wp-json\/wp\/v2\/posts\/26386\/revisions"}],"predecessor-version":[{"id":26390,"href":"https:\/\/itftkd.sport\/es\/wp-json\/wp\/v2\/posts\/26386\/revisions\/26390"}],"wp:attachment":[{"href":"https:\/\/itftkd.sport\/es\/wp-json\/wp\/v2\/media?parent=26386"}],"wp:term":[{"taxonomy":"category","embeddable":true,"href":"https:\/\/itftkd.sport\/es\/wp-json\/wp\/v2\/categories?post=26386"},{"taxonomy":"post_tag","embeddable":true,"href":"https:\/\/itftkd.sport\/es\/wp-json\/wp\/v2\/tags?post=26386"}],"curies":[{"name":"wp","href":"https:\/\/api.w.org\/{rel}","templated":true}]}}