{"id":26301,"date":"2021-09-20T13:05:26","date_gmt":"2021-09-20T11:05:26","guid":{"rendered":"https:\/\/itftkd.sport\/es\/?p=26301"},"modified":"2021-09-20T13:05:44","modified_gmt":"2021-09-20T11:05:44","slug":"declaracion-oficial-de-la-itf-2","status":"publish","type":"post","link":"https:\/\/itftkd.sport\/es\/declaracion-oficial-de-la-itf-2\/","title":{"rendered":"Declaraci\u00f3n oficial de la ITF"},"content":{"rendered":"\n<p>Desde las elecciones de la ITF en abril de 2019 en Inzell, la Junta de la ITF ha estado trabajando diligentemente, creando un plan estrat\u00e9gico, nuevos comit\u00e9s, pol\u00edticas, procedimientos y presupuestos para asegurar que los procesos en la ITF sean profesionales, cumpliendo con los est\u00e1ndares de gobernabilidad y transparencia que se esperan de una federaci\u00f3n deportiva internacional y llevar firmemente a la ITF al siglo XXI, para brindarnos todas las oportunidades de ser plenamente reconocidos por las organizaciones deportivas m\u00e1s importantes del mundo.<\/p>\n\n\n\n<p>Han surgido muchos problemas en los \u00faltimos 2 a\u00f1os, un n\u00famero significativo de estos problemas revel\u00f3 contrariedades e irregularidades en los niveles nacional e internacional de las actividades de la ITF, que requer\u00edan atenci\u00f3n inmediata ya que crearon graves preocupaciones que debieron ser abordadas.<\/p>\n\n\n\n<p>Por lo tanto, la Junta de la ITF desea agradecer a los pa\u00edses que contin\u00faan ayudando a la ITF a actualizar los datos, las aplicaciones y los pagos omitidos en los \u00faltimos a\u00f1os. Mientras continuamos trabajando de manera positiva, nuestros miembros notar\u00e1n el valor de su membres\u00eda en la ITF a medida que construimos una Federaci\u00f3n m\u00e1s fuerte para estar a la vanguardia como otros \u00f3rganos rectores del deporte y las artes marciales mundiales.<\/p>\n\n\n\n<p>Tras la implementaci\u00f3n de estos cambios sostenibles, muy importantes y esenciales en la gobernanza de nuestra federaci\u00f3n, desafortunadamente, unas pocas, muy pocas, de las personalidades que han sido l\u00edderes de la ITF en el pasado, han decidido dejar la federaci\u00f3n por sus propias razones personales.<\/p>\n\n\n\n<p>La Junta Directiva de la ITF, por supuesto, preferir\u00eda que estas personalidades permanezcan con nosotros y contin\u00faen contribuyendo al crecimiento y fortalecimiento de la ITF, sin embargo, han hecho su elecci\u00f3n y, por lo tanto, la ITF solo puede agradecerles su contribuci\u00f3n en el pasado y desear a todos ellos lo mejor.<\/p>\n\n\n\n<p>Agradecemos el apoyo que nuestros miembros contin\u00faan brindando por el arduo trabajo que el presidente de la ITF, GM Weiler, y la junta han comenzado y la cooperaci\u00f3n para lograr una ITF completamente abierta y transparente, mientras continuamos el legado de nuestro fundador, el General Choi Hong Hi, para promover a nivel global el Taekwon-Do de la ITF.<\/p>\n\n\n\n<p>La Junta quiere asegurarle a la ITF que a medida que nuestra membres\u00eda crezca y siga esta nueva direcci\u00f3n profesional, nuestra Federaci\u00f3n continuar\u00e1 expandi\u00e9ndose m\u00e1s fuerte, haci\u00e9ndose m\u00e1s eficiente a medida que nuestros eventos crezcan a\u00fan m\u00e1s en el escenario global, de la mano de los miembros altamente capacitados que tenemos, y brindar\u00e1 m\u00e1s oportunidades de las que ha habido en el pasado para ser plenamente reconocidos al m\u00e1s alto nivel.<\/p>\n\n\n\n<p>La funci\u00f3n y el deber del Consejo de Administraci\u00f3n es gobernar la ITF y sus organizaciones miembros en beneficio de todos los miembros. Por esa raz\u00f3n, la Junta de la ITF apoya a los Grandes Maestros con una estrategia y administraci\u00f3n eficientes, para que puedan liderar la ense\u00f1anza, la instrucci\u00f3n y la filosof\u00eda de nuestro Arte Marcial de acuerdo con el legado de nuestro fundador, el General Choi Hong Hi.<\/p>\n\n\n\n<p>Nos gustar\u00eda animarlos a que se pongan en contacto con nuestro Secretario General, el Maestro Loboda, si tiene alguna duda acerca de la direcci\u00f3n transparente y el Plan Estrat\u00e9gico para continuar la expansi\u00f3n de la ITF.<\/p>\n\n\n\n<p>Junta Directiva de la ITF<\/p>\n","protected":false},"excerpt":{"rendered":"<p>Desde las elecciones de la ITF en abril de 2019 en Inzell, la Junta de la ITF ha estado trabajando diligentemente, creando un plan estrat\u00e9gico, nuevos comit\u00e9s, pol\u00edticas, procedimientos y &hellip;<\/p>\n","protected":false},"author":4,"featured_media":23239,"comment_status":"open","ping_status":"open","sticky":false,"template":"","format":"standard","meta":{"_tec_requires_first_save":true,"_uag_custom_page_level_css":"","_genesis_hide_title":false,"_genesis_hide_breadcrumbs":false,"_genesis_hide_singular_image":false,"_genesis_hide_footer_widgets":false,"_genesis_custom_body_class":"","_genesis_custom_post_class":"","_genesis_layout":"","_EventAllDay":false,"_EventTimezone":"","_EventStartDate":"","_EventEndDate":"","_EventStartDateUTC":"","_EventEndDateUTC":"","_EventShowMap":false,"_EventShowMapLink":false,"_EventURL":"","_EventCost":"","_EventCostDescription":"","_EventCurrencySymbol":"","_EventCurrencyCode":"","_EventCurrencyPosition":"","_EventDateTimeSeparator":"","_EventTimeRangeSeparator":"","_EventOrganizerID":[],"_EventVenueID":[0],"_OrganizerEmail":"","_OrganizerPhone":"","_OrganizerWebsite":"","_VenueAddress":"","_VenueCity":"","_VenueCountry":"","_VenueProvince":"","_VenueState":"","_VenueZip":"","_VenuePhone":"","_VenueURL":"","_VenueStateProvince":"","_VenueLat":"","_VenueLng":"","_VenueShowMap":false,"_VenueShowMapLink":false,"_tribe_blocks_recurrence_rules":"","_tribe_blocks_recurrence_description":"","_tribe_blocks_recurrence_exclusions":"","editor_notices":[],"footnotes":""},"categories":[132,131,130],"tags":[],"class_list":["post-26301","post","type-post","status-publish","format-standard","has-post-thumbnail","category-destacadas","category-noticias-institucionales","category-ultimas-noticias","entry"],"featured_image_src":"https:\/\/itftkd.sport\/es\/wp-content\/uploads\/sites\/7\/2020\/08\/01-Comunicado-Institucional-600x400.jpeg","featured_image_src_square":"https:\/\/itftkd.sport\/es\/wp-content\/uploads\/sites\/7\/2020\/08\/01-Comunicado-Institucional-600x600.jpeg","author_info":{"display_name":"FABIAN ITF","author_link":"https:\/\/itftkd.sport\/es\/author\/fabian-itf\/"},"uagb_featured_image_src":{"full":["https:\/\/itftkd.sport\/es\/wp-content\/uploads\/sites\/7\/2020\/08\/01-Comunicado-Institucional.jpeg",800,600,false],"thumbnail":["https:\/\/itftkd.sport\/es\/wp-content\/uploads\/sites\/7\/2020\/08\/01-Comunicado-Institucional-150x150.jpeg",150,150,true],"medium":["https:\/\/itftkd.sport\/es\/wp-content\/uploads\/sites\/7\/2020\/08\/01-Comunicado-Institucional-300x225.jpeg",300,225,true],"medium_large":["https:\/\/itftkd.sport\/es\/wp-content\/uploads\/sites\/7\/2020\/08\/01-Comunicado-Institucional-768x576.jpeg",768,576,true],"large":["https:\/\/itftkd.sport\/es\/wp-content\/uploads\/sites\/7\/2020\/08\/01-Comunicado-Institucional.jpeg",800,600,false],"1536x1536":["https:\/\/itftkd.sport\/es\/wp-content\/uploads\/sites\/7\/2020\/08\/01-Comunicado-Institucional.jpeg",800,600,false],"2048x2048":["https:\/\/itftkd.sport\/es\/wp-content\/uploads\/sites\/7\/2020\/08\/01-Comunicado-Institucional.jpeg",800,600,false],"banner":["https:\/\/itftkd.sport\/es\/wp-content\/uploads\/sites\/7\/2020\/08\/01-Comunicado-Institucional-800x533.jpeg",800,533,true],"section":["https:\/\/itftkd.sport\/es\/wp-content\/uploads\/sites\/7\/2020\/08\/01-Comunicado-Institucional.jpeg",800,600,false],"full-width":["https:\/\/itftkd.sport\/es\/wp-content\/uploads\/sites\/7\/2020\/08\/01-Comunicado-Institucional.jpeg",800,600,false],"featured":["https:\/\/itftkd.sport\/es\/wp-content\/uploads\/sites\/7\/2020\/08\/01-Comunicado-Institucional.jpeg",800,600,false],"one-half":["https:\/\/itftkd.sport\/es\/wp-content\/uploads\/sites\/7\/2020\/08\/01-Comunicado-Institucional-550x413.jpeg",550,413,true],"one-third":["https:\/\/itftkd.sport\/es\/wp-content\/uploads\/sites\/7\/2020\/08\/01-Comunicado-Institucional-350x263.jpeg",350,263,true],"one-fourth":["https:\/\/itftkd.sport\/es\/wp-content\/uploads\/sites\/7\/2020\/08\/01-Comunicado-Institucional-260x195.jpeg",260,195,true],"tiny":["https:\/\/itftkd.sport\/es\/wp-content\/uploads\/sites\/7\/2020\/08\/01-Comunicado-Institucional-80x80.jpeg",80,80,true],"ab-block-post-grid-landscape":["https:\/\/itftkd.sport\/es\/wp-content\/uploads\/sites\/7\/2020\/08\/01-Comunicado-Institucional-600x400.jpeg",600,400,true],"ab-block-post-grid-square":["https:\/\/itftkd.sport\/es\/wp-content\/uploads\/sites\/7\/2020\/08\/01-Comunicado-Institucional-600x600.jpeg",600,600,true],"gform-image-choice-sm":["https:\/\/itftkd.sport\/es\/wp-content\/uploads\/sites\/7\/2020\/08\/01-Comunicado-Institucional.jpeg",300,225,false],"gform-image-choice-md":["https:\/\/itftkd.sport\/es\/wp-content\/uploads\/sites\/7\/2020\/08\/01-Comunicado-Institucional.jpeg",400,300,false],"gform-image-choice-lg":["https:\/\/itftkd.sport\/es\/wp-content\/uploads\/sites\/7\/2020\/08\/01-Comunicado-Institucional.jpeg",600,450,false]},"uagb_author_info":{"display_name":"FABIAN ITF","author_link":"https:\/\/itftkd.sport\/es\/author\/fabian-itf\/"},"uagb_comment_info":1,"uagb_excerpt":"Desde las elecciones de la ITF en abril de 2019 en Inzell, la Junta de la ITF ha estado trabajando diligentemente, creando un plan estrat\u00e9gico, nuevos comit\u00e9s, pol\u00edticas, procedimientos y &hellip;","_links":{"self":[{"href":"https:\/\/itftkd.sport\/es\/wp-json\/wp\/v2\/posts\/26301","targetHints":{"allow":["GET"]}}],"collection":[{"href":"https:\/\/itftkd.sport\/es\/wp-json\/wp\/v2\/posts"}],"about":[{"href":"https:\/\/itftkd.sport\/es\/wp-json\/wp\/v2\/types\/post"}],"author":[{"embeddable":true,"href":"https:\/\/itftkd.sport\/es\/wp-json\/wp\/v2\/users\/4"}],"replies":[{"embeddable":true,"href":"https:\/\/itftkd.sport\/es\/wp-json\/wp\/v2\/comments?post=26301"}],"version-history":[{"count":2,"href":"https:\/\/itftkd.sport\/es\/wp-json\/wp\/v2\/posts\/26301\/revisions"}],"predecessor-version":[{"id":26303,"href":"https:\/\/itftkd.sport\/es\/wp-json\/wp\/v2\/posts\/26301\/revisions\/26303"}],"wp:featuredmedia":[{"embeddable":true,"href":"https:\/\/itftkd.sport\/es\/wp-json\/wp\/v2\/media\/23239"}],"wp:attachment":[{"href":"https:\/\/itftkd.sport\/es\/wp-json\/wp\/v2\/media?parent=26301"}],"wp:term":[{"taxonomy":"category","embeddable":true,"href":"https:\/\/itftkd.sport\/es\/wp-json\/wp\/v2\/categories?post=26301"},{"taxonomy":"post_tag","embeddable":true,"href":"https:\/\/itftkd.sport\/es\/wp-json\/wp\/v2\/tags?post=26301"}],"curies":[{"name":"wp","href":"https:\/\/api.w.org\/{rel}","templated":true}]}}