{"id":25980,"date":"2021-08-01T22:03:01","date_gmt":"2021-08-01T20:03:01","guid":{"rendered":"https:\/\/itftkd.sport\/es\/?p=25980"},"modified":"2021-08-01T22:04:40","modified_gmt":"2021-08-01T20:04:40","slug":"primera-reunion-general-anual-de-la-federacion-de-taekwon-do-de-malasia-itf","status":"publish","type":"post","link":"https:\/\/itftkd.sport\/es\/primera-reunion-general-anual-de-la-federacion-de-taekwon-do-de-malasia-itf\/","title":{"rendered":"Primera Reuni\u00f3n General Anual de la Federaci\u00f3n de Taekwon-Do de Malasia (ITF)"},"content":{"rendered":"\n<p>24 DE JULIO DE 2021, MALASIA &#8211; La Federaci\u00f3n de Taekwon-Do de Malasia (ITF), tambi\u00e9n conocida como \u00abMTF\u00bb, llev\u00f3 a cabo con \u00e9xito su 1\u00aa Reuni\u00f3n General Anual (AGM). Aunque Malasia est\u00e1 luchando con las medidas de confinamiento extendidas y los casos de COVID-19 escalando hasta 15,000 por d\u00eda, esto no impidi\u00f3 que MTF realizara la AGM a trav\u00e9s de Zoom Meeting. Un total de 61 miembros afiliados y aliados de MTF y algunos observadores invitados asistieron a la reuni\u00f3n.<\/p>\n\n\n\n<figure class=\"wp-block-gallery aligncenter columns-2 is-cropped wp-block-gallery-1 is-layout-flex wp-block-gallery-is-layout-flex\"><ul class=\"blocks-gallery-grid\"><li class=\"blocks-gallery-item\"><figure><img decoding=\"async\" src=\"https:\/\/itftkd.sport\/wp-content\/uploads\/2021\/08\/MTF-AGM-Screenshot-1-1024x576.jpeg\" alt=\"\" data-id=\"26843\" data-full-url=\"https:\/\/itftkd.sport\/wp-content\/uploads\/2021\/08\/MTF-AGM-Screenshot-1.jpeg\" data-link=\"https:\/\/itftkd.sport\/mtf-agm-screenshot-1\/\" class=\"wp-image-26843\" \/><\/figure><\/li><li class=\"blocks-gallery-item\"><figure><img decoding=\"async\" src=\"https:\/\/itftkd.sport\/wp-content\/uploads\/2021\/08\/MTF-AGM-Screenshot-2-1024x576.jpeg\" alt=\"\" data-id=\"26844\" data-full-url=\"https:\/\/itftkd.sport\/wp-content\/uploads\/2021\/08\/MTF-AGM-Screenshot-2.jpeg\" data-link=\"https:\/\/itftkd.sport\/mtf-agm-screenshot-2\/\" class=\"wp-image-26844\" \/><\/figure><\/li><\/ul><\/figure>\n\n\n\n<p>A pesar de los diversos desaf\u00edos y limitaciones de los eventos en l\u00ednea, la Secretar\u00eda del MTF dirigida por Sabum Hj Saiful Nizam llev\u00f3 a cabo la AGM sistem\u00e1ticamente con un m\u00ednimo de fallas, incluida la votaci\u00f3n de las mociones y la elecci\u00f3n de los miembros del comit\u00e9 a trav\u00e9s de la funci\u00f3n de votaci\u00f3n electr\u00f3nica. Los asistentes a la reuni\u00f3n tambi\u00e9n mostraron un alto compromiso y disciplina al cumplir con el qu\u00f3rum y el protocolo de la reuni\u00f3n.<\/p>\n\n\n\n<p>Una de las mociones aprobadas durante la AGM fue invitar al Gran Maestro Low Koon Lim como el primer Miembro Honorario del MTF. Un hecho importante a tener en cuenta es que el Gran Maestro Low Koon Lim fue el primer alumno del General Choi en Malasia.<\/p>\n\n\n\n<p class=\"has-text-align-right\"><em>\u00abUn d\u00eda, un joven llamado Low Koon Lin vino a mi oficina y me pregunt\u00f3:\u00bb \u00bfCu\u00e1l es el ejercicio que Ud. practica?\u00bb<\/em><br>El General Choi en Taekwon-Do y yo: 2 La visi\u00f3n del exilio, p.26<\/p>\n\n\n\n<p>En 1989, el General Choi otorg\u00f3 al Gran Maestro Low Koon Lin el s\u00e9ptimo grado, convirti\u00e9ndolo en el primer Maestro de Taekwon-Do de la ITF de Malasia. M\u00e1s tarde, el general Choi le otorg\u00f3 el octavo grado en 1996 nuevamente para reconocer su dedicaci\u00f3n y contribuci\u00f3n al Taekwon-Do.<\/p>\n\n\n\n<p class=\"has-text-align-right\"><em>\u00ab\u2026 y mi alumno m\u00e1s leal y dedicado, Low Koon Lin, \u2026\u00bb<\/em><br>Gen. Choi Hong Hi 2do Campeonato de la Federaci\u00f3n de Taekwon-Do de Malasia 9 de mayo de 1978<\/p>\n\n\n\n<p>Como muchos saben, Malasia ocupa un lugar especial en la historia del Taekwon-Do. Adem\u00e1s de ser 1 de los 9 miembros fundadores de la ITF en 1966, tambi\u00e9n fue el lugar donde el General Choi cre\u00f3 16 de los 24 patrones cuando fue Embajador de Corea en Malasia (1962-1964).<\/p>\n\n\n\n<p>Otro hecho a tener en cuenta es que la Federaci\u00f3n de Taekwon-Do de Malasia fue el primer establecimiento de Taekwon-Do en Malasia en 1963 antes de un cambio de administraci\u00f3n en 1986. En 2020, el nombre se volvi\u00f3 a registrar bajo el liderazgo del Maestro Principal Najmi Abdullah para conmemorar el legado del General Choi y el Gran Maestro Low Koon Lim.<\/p>\n\n\n\n<p>Adem\u00e1s de eso, el Sr. Abdul Qadir Aros, un contador p\u00fablico en Malasia, tambi\u00e9n asisti\u00f3 a la AGM como observador. Alab\u00f3 la eficiencia de la reuni\u00f3n y expres\u00f3 su satisfacci\u00f3n por los estados financieros altamente estructurados y transparentes presentados por Sabum Jayasilen.<\/p>\n\n\n\n<p>Despu\u00e9s de presentar y aprobar las mociones, se disolvi\u00f3 el comit\u00e9 pro-temporal. Luego, el nuevo comit\u00e9 del MTF fue votado democr\u00e1ticamente por los 12 afiliados estatales. Los siguientes son los miembros del comit\u00e9 electos para el per\u00edodo 2021\/2023:<\/p>\n\n\n\n<figure class=\"wp-block-gallery aligncenter columns-1 is-cropped wp-block-gallery-2 is-layout-flex wp-block-gallery-is-layout-flex\"><ul class=\"blocks-gallery-grid\"><li class=\"blocks-gallery-item\"><figure><img decoding=\"async\" src=\"https:\/\/itftkd.sport\/wp-content\/uploads\/2021\/08\/Members-1.png\" alt=\"\" data-id=\"26846\" data-full-url=\"https:\/\/itftkd.sport\/wp-content\/uploads\/2021\/08\/Members-1.png\" data-link=\"https:\/\/itftkd.sport\/members-1\/\" class=\"wp-image-26846\" \/><\/figure><\/li><\/ul><\/figure>\n\n\n\n<figure class=\"wp-block-gallery aligncenter columns-1 is-cropped wp-block-gallery-3 is-layout-flex wp-block-gallery-is-layout-flex\"><ul class=\"blocks-gallery-grid\"><li class=\"blocks-gallery-item\"><figure><img decoding=\"async\" src=\"https:\/\/itftkd.sport\/wp-content\/uploads\/2021\/08\/Mambers-2.png\" alt=\"\" data-id=\"26847\" data-full-url=\"https:\/\/itftkd.sport\/wp-content\/uploads\/2021\/08\/Mambers-2.png\" data-link=\"https:\/\/itftkd.sport\/mambers-2\/\" class=\"wp-image-26847\" \/><\/figure><\/li><\/ul><\/figure>\n\n\n\n<p>El presidente electo de MTF para 2021\/2023, Senior Master Najmi, fue uno de los pioneros del Taekwon-Do de Malasia que comenz\u00f3 a entrenar en 1969 con el Gran Maestro Young Ku Yun. Luego, fue entrenado por el Sr. Christopher Lai de 1972 a 1973 y m\u00e1s tarde por el Sr. T. Thomas en 1977.<\/p>\n\n\n\n<p><br>En sus comentarios de clausura, el Maestro Senior Najmi mencion\u00f3 que est\u00e1 orgulloso tanto de los talentos Senior, como de los j\u00f3venes con s\u00f3lidos antecedentes acad\u00e9micos y profesionales en el comit\u00e9. Espera que este nuevo comit\u00e9 contin\u00fae comprometido con el avance del Taekwon-Do ITF en Malasia.<\/p>\n","protected":false},"excerpt":{"rendered":"<p>La Federaci\u00f3n de Taekwon-Do de Malasia (ITF), tambi\u00e9n conocida como \u00abMTF\u00bb, llev\u00f3 a cabo con \u00e9xito su 1\u00aa Reuni\u00f3n General Anual (AGM)<\/p>\n","protected":false},"author":10,"featured_media":25985,"comment_status":"open","ping_status":"open","sticky":false,"template":"","format":"standard","meta":{"_tec_requires_first_save":true,"_uag_custom_page_level_css":"","_genesis_hide_title":false,"_genesis_hide_breadcrumbs":false,"_genesis_hide_singular_image":false,"_genesis_hide_footer_widgets":false,"_genesis_custom_body_class":"","_genesis_custom_post_class":"","_genesis_layout":"","_EventAllDay":false,"_EventTimezone":"","_EventStartDate":"","_EventEndDate":"","_EventStartDateUTC":"","_EventEndDateUTC":"","_EventShowMap":false,"_EventShowMapLink":false,"_EventURL":"","_EventCost":"","_EventCostDescription":"","_EventCurrencySymbol":"","_EventCurrencyCode":"","_EventCurrencyPosition":"","_EventDateTimeSeparator":"","_EventTimeRangeSeparator":"","_EventOrganizerID":[],"_EventVenueID":[0],"_OrganizerEmail":"","_OrganizerPhone":"","_OrganizerWebsite":"","_VenueAddress":"","_VenueCity":"","_VenueCountry":"","_VenueProvince":"","_VenueState":"","_VenueZip":"","_VenuePhone":"","_VenueURL":"","_VenueStateProvince":"","_VenueLat":"","_VenueLng":"","_VenueShowMap":false,"_VenueShowMapLink":false,"_tribe_blocks_recurrence_rules":"","_tribe_blocks_recurrence_description":"","_tribe_blocks_recurrence_exclusions":"","editor_notices":[],"footnotes":""},"categories":[6],"tags":[],"class_list":["post-25980","post","type-post","status-publish","format-standard","has-post-thumbnail","category-noticias-regionales","entry"],"featured_image_src":"https:\/\/itftkd.sport\/es\/wp-content\/uploads\/sites\/7\/2021\/08\/Annual-General-Meeting-of-Malaysia-600x400.jpg","featured_image_src_square":"https:\/\/itftkd.sport\/es\/wp-content\/uploads\/sites\/7\/2021\/08\/Annual-General-Meeting-of-Malaysia-600x600.jpg","author_info":{"display_name":"ivan","author_link":"https:\/\/itftkd.sport\/es\/author\/ivan\/"},"uagb_featured_image_src":{"full":["https:\/\/itftkd.sport\/es\/wp-content\/uploads\/sites\/7\/2021\/08\/Annual-General-Meeting-of-Malaysia.jpg",800,600,false],"thumbnail":["https:\/\/itftkd.sport\/es\/wp-content\/uploads\/sites\/7\/2021\/08\/Annual-General-Meeting-of-Malaysia-150x150.jpg",150,150,true],"medium":["https:\/\/itftkd.sport\/es\/wp-content\/uploads\/sites\/7\/2021\/08\/Annual-General-Meeting-of-Malaysia-300x225.jpg",300,225,true],"medium_large":["https:\/\/itftkd.sport\/es\/wp-content\/uploads\/sites\/7\/2021\/08\/Annual-General-Meeting-of-Malaysia-768x576.jpg",768,576,true],"large":["https:\/\/itftkd.sport\/es\/wp-content\/uploads\/sites\/7\/2021\/08\/Annual-General-Meeting-of-Malaysia.jpg",800,600,false],"1536x1536":["https:\/\/itftkd.sport\/es\/wp-content\/uploads\/sites\/7\/2021\/08\/Annual-General-Meeting-of-Malaysia.jpg",800,600,false],"2048x2048":["https:\/\/itftkd.sport\/es\/wp-content\/uploads\/sites\/7\/2021\/08\/Annual-General-Meeting-of-Malaysia.jpg",800,600,false],"banner":["https:\/\/itftkd.sport\/es\/wp-content\/uploads\/sites\/7\/2021\/08\/Annual-General-Meeting-of-Malaysia-800x533.jpg",800,533,true],"section":["https:\/\/itftkd.sport\/es\/wp-content\/uploads\/sites\/7\/2021\/08\/Annual-General-Meeting-of-Malaysia.jpg",800,600,false],"full-width":["https:\/\/itftkd.sport\/es\/wp-content\/uploads\/sites\/7\/2021\/08\/Annual-General-Meeting-of-Malaysia.jpg",800,600,false],"featured":["https:\/\/itftkd.sport\/es\/wp-content\/uploads\/sites\/7\/2021\/08\/Annual-General-Meeting-of-Malaysia.jpg",800,600,false],"one-half":["https:\/\/itftkd.sport\/es\/wp-content\/uploads\/sites\/7\/2021\/08\/Annual-General-Meeting-of-Malaysia-550x413.jpg",550,413,true],"one-third":["https:\/\/itftkd.sport\/es\/wp-content\/uploads\/sites\/7\/2021\/08\/Annual-General-Meeting-of-Malaysia-350x263.jpg",350,263,true],"one-fourth":["https:\/\/itftkd.sport\/es\/wp-content\/uploads\/sites\/7\/2021\/08\/Annual-General-Meeting-of-Malaysia-260x195.jpg",260,195,true],"tiny":["https:\/\/itftkd.sport\/es\/wp-content\/uploads\/sites\/7\/2021\/08\/Annual-General-Meeting-of-Malaysia-80x80.jpg",80,80,true],"ab-block-post-grid-landscape":["https:\/\/itftkd.sport\/es\/wp-content\/uploads\/sites\/7\/2021\/08\/Annual-General-Meeting-of-Malaysia-600x400.jpg",600,400,true],"ab-block-post-grid-square":["https:\/\/itftkd.sport\/es\/wp-content\/uploads\/sites\/7\/2021\/08\/Annual-General-Meeting-of-Malaysia-600x600.jpg",600,600,true],"gform-image-choice-sm":["https:\/\/itftkd.sport\/es\/wp-content\/uploads\/sites\/7\/2021\/08\/Annual-General-Meeting-of-Malaysia.jpg",300,225,false],"gform-image-choice-md":["https:\/\/itftkd.sport\/es\/wp-content\/uploads\/sites\/7\/2021\/08\/Annual-General-Meeting-of-Malaysia.jpg",400,300,false],"gform-image-choice-lg":["https:\/\/itftkd.sport\/es\/wp-content\/uploads\/sites\/7\/2021\/08\/Annual-General-Meeting-of-Malaysia.jpg",600,450,false]},"uagb_author_info":{"display_name":"ivan","author_link":"https:\/\/itftkd.sport\/es\/author\/ivan\/"},"uagb_comment_info":0,"uagb_excerpt":"La Federaci\u00f3n de Taekwon-Do de Malasia (ITF), tambi\u00e9n conocida como \"MTF\", llev\u00f3 a cabo con \u00e9xito su 1\u00aa Reuni\u00f3n General Anual (AGM)","_links":{"self":[{"href":"https:\/\/itftkd.sport\/es\/wp-json\/wp\/v2\/posts\/25980","targetHints":{"allow":["GET"]}}],"collection":[{"href":"https:\/\/itftkd.sport\/es\/wp-json\/wp\/v2\/posts"}],"about":[{"href":"https:\/\/itftkd.sport\/es\/wp-json\/wp\/v2\/types\/post"}],"author":[{"embeddable":true,"href":"https:\/\/itftkd.sport\/es\/wp-json\/wp\/v2\/users\/10"}],"replies":[{"embeddable":true,"href":"https:\/\/itftkd.sport\/es\/wp-json\/wp\/v2\/comments?post=25980"}],"version-history":[{"count":3,"href":"https:\/\/itftkd.sport\/es\/wp-json\/wp\/v2\/posts\/25980\/revisions"}],"predecessor-version":[{"id":25986,"href":"https:\/\/itftkd.sport\/es\/wp-json\/wp\/v2\/posts\/25980\/revisions\/25986"}],"wp:featuredmedia":[{"embeddable":true,"href":"https:\/\/itftkd.sport\/es\/wp-json\/wp\/v2\/media\/25985"}],"wp:attachment":[{"href":"https:\/\/itftkd.sport\/es\/wp-json\/wp\/v2\/media?parent=25980"}],"wp:term":[{"taxonomy":"category","embeddable":true,"href":"https:\/\/itftkd.sport\/es\/wp-json\/wp\/v2\/categories?post=25980"},{"taxonomy":"post_tag","embeddable":true,"href":"https:\/\/itftkd.sport\/es\/wp-json\/wp\/v2\/tags?post=25980"}],"curies":[{"name":"wp","href":"https:\/\/api.w.org\/{rel}","templated":true}]}}